{"id":67589,"date":"2024-01-26T14:38:11","date_gmt":"2024-01-26T19:38:11","guid":{"rendered":"https:\/\/luchonoticias.com\/?p=67589"},"modified":"2024-01-26T14:38:12","modified_gmt":"2024-01-26T19:38:12","slug":"capturado-en-el-huila-hombre-requerido-para-cumplir-condena-por-delitos-ambientales-ocurridos-en-caqueta","status":"publish","type":"post","link":"https:\/\/luchonoticias.com\/editor\/capturado-en-el-huila-hombre-requerido-para-cumplir-condena-por-delitos-ambientales-ocurridos-en-caqueta\/","title":{"rendered":"Capturado en el Huila, hombre requerido para cumplir condena por delitos ambientales ocurridos en Caquet\u00e1"},"content":{"rendered":"\n<p>Un hombre, sobre quien pesaba una orden de captura para cumplir una condena de 6 a\u00f1os de prisi\u00f3n por el delito de explotaci\u00f3n il\u00edcita de yacimiento minero, fue sorprendido por la Polic\u00eda Nacional en zona urbana del centro poblado de San Adolfo en el municipio huilense de Acevedo.<\/p>\n\n\n\n<p>Se trata de Milton Benavides V\u00e1squez, requerido por un juzgado especializado de Caquet\u00e1, por hechos ocurridos el 3 de octubre del a\u00f1o 2019 en la vereda Bella Aurora del municipio caquete\u00f1o de Albania, donde Benavides V\u00e1squez y dos personas m\u00e1s, fueron descubiertas extrayendo minerales de la quebrada Las Margaritas, ocasionando con ello un da\u00f1o cr\u00edtico al medio ambiente.<\/p>\n\n\n\n<p>Al ser descubiertos en flagrancia se dio inicio a la respectiva investigaci\u00f3n donde se logr\u00f3 demostrar que el hoy encartado habr\u00eda desconocido la normatividad que rige esta actividad, ejerci\u00e9ndola sin el permiso que otorga el Estado a trav\u00e9s de entidades tales como Corpoamazon\u00eda.<\/p>\n\n\n\n<p>Su captura fue legalizada para darle cumplimiento a la pena impuesta en primera instancia.<\/p>\n","protected":false},"excerpt":{"rendered":"<p>Un hombre, sobre quien pesaba una orden de captura para cumplir una condena de 6 a\u00f1os de prisi\u00f3n por el delito de explotaci\u00f3n il\u00edcita de yacimiento minero, fue sorprendido por la Polic\u00eda Nacional en zona urbana del centro poblado de San Adolfo en el municipio huilense de Acevedo. Se trata de Milton Benavides V\u00e1squez, requerido [&hellip;]<\/p>\n","protected":false},"author":2,"featured_media":0,"comment_status":"open","ping_status":"open","sticky":false,"template":"","format":"standard","meta":{"footnotes":""},"categories":[36,29],"tags":[],"class_list":["post-67589","post","type-post","status-publish","format-standard","hentry","category-destacado","category-judicial"],"yoast_head":"<!-- This site is optimized with the Yoast SEO plugin v26.6 - https:\/\/yoast.com\/wordpress\/plugins\/seo\/ -->\n<title>Capturado en el Huila, hombre requerido para cumplir condena por delitos ambientales ocurridos en Caquet\u00e1 -<\/title>\n<meta name=\"robots\" content=\"index, follow, max-snippet:-1, max-image-preview:large, max-video-preview:-1\" \/>\n<link rel=\"canonical\" href=\"https:\/\/luchonoticias.com\/editor\/capturado-en-el-huila-hombre-requerido-para-cumplir-condena-por-delitos-ambientales-ocurridos-en-caqueta\/\" \/>\n<meta property=\"og:locale\" content=\"es_ES\" \/>\n<meta property=\"og:type\" content=\"article\" \/>\n<meta property=\"og:title\" content=\"Capturado en el Huila, hombre requerido para cumplir condena por delitos ambientales ocurridos en Caquet\u00e1 -\" \/>\n<meta property=\"og:url\" content=\"https:\/\/luchonoticias.com\/editor\/capturado-en-el-huila-hombre-requerido-para-cumplir-condena-por-delitos-ambientales-ocurridos-en-caqueta\/\" \/>\n<meta property=\"article:publisher\" content=\"https:\/\/www.facebook.com\/luchonoticiasneiva\" \/>\n<meta property=\"article:published_time\" content=\"2024-01-26T19:38:11+00:00\" \/>\n<meta property=\"article:modified_time\" content=\"2024-01-26T19:38:12+00:00\" \/>\n<meta name=\"author\" content=\"Editor General\" \/>\n<meta name=\"twitter:card\" content=\"summary_large_image\" \/>\n<meta name=\"twitter:label1\" content=\"Escrito por\" \/>\n\t<meta name=\"twitter:data1\" content=\"Editor General\" \/>\n\t<meta name=\"twitter:label2\" content=\"Tiempo de lectura\" \/>\n\t<meta name=\"twitter:data2\" content=\"1 minuto\" \/>\n<script type=\"application\/ld+json\" class=\"yoast-schema-graph\">{\"@context\":\"https:\/\/schema.org\",\"@graph\":[{\"@type\":\"Article\",\"@id\":\"https:\/\/luchonoticias.com\/editor\/capturado-en-el-huila-hombre-requerido-para-cumplir-condena-por-delitos-ambientales-ocurridos-en-caqueta\/#article\",\"isPartOf\":{\"@id\":\"https:\/\/luchonoticias.com\/editor\/capturado-en-el-huila-hombre-requerido-para-cumplir-condena-por-delitos-ambientales-ocurridos-en-caqueta\/\"},\"author\":{\"name\":\"Editor General\",\"@id\":\"https:\/\/luchonoticias.com\/editor\/#\/schema\/person\/29217990ddf6f14e35912b2866d591fb\"},\"headline\":\"Capturado en el Huila, hombre requerido para cumplir condena por delitos ambientales ocurridos en Caquet\u00e1\",\"datePublished\":\"2024-01-26T19:38:11+00:00\",\"dateModified\":\"2024-01-26T19:38:12+00:00\",\"mainEntityOfPage\":{\"@id\":\"https:\/\/luchonoticias.com\/editor\/capturado-en-el-huila-hombre-requerido-para-cumplir-condena-por-delitos-ambientales-ocurridos-en-caqueta\/\"},\"wordCount\":192,\"commentCount\":0,\"publisher\":{\"@id\":\"https:\/\/luchonoticias.com\/editor\/#\/schema\/person\/7a7fd911f58561fd056dbac7b55af9cd\"},\"articleSection\":[\"Destacado\",\"Judicial\"],\"inLanguage\":\"es\",\"potentialAction\":[{\"@type\":\"CommentAction\",\"name\":\"Comment\",\"target\":[\"https:\/\/luchonoticias.com\/editor\/capturado-en-el-huila-hombre-requerido-para-cumplir-condena-por-delitos-ambientales-ocurridos-en-caqueta\/#respond\"]}]},{\"@type\":\"WebPage\",\"@id\":\"https:\/\/luchonoticias.com\/editor\/capturado-en-el-huila-hombre-requerido-para-cumplir-condena-por-delitos-ambientales-ocurridos-en-caqueta\/\",\"url\":\"https:\/\/luchonoticias.com\/editor\/capturado-en-el-huila-hombre-requerido-para-cumplir-condena-por-delitos-ambientales-ocurridos-en-caqueta\/\",\"name\":\"Capturado en el Huila, hombre requerido para cumplir condena por delitos ambientales ocurridos en Caquet\u00e1 -\",\"isPartOf\":{\"@id\":\"https:\/\/luchonoticias.com\/editor\/#website\"},\"datePublished\":\"2024-01-26T19:38:11+00:00\",\"dateModified\":\"2024-01-26T19:38:12+00:00\",\"breadcrumb\":{\"@id\":\"https:\/\/luchonoticias.com\/editor\/capturado-en-el-huila-hombre-requerido-para-cumplir-condena-por-delitos-ambientales-ocurridos-en-caqueta\/#breadcrumb\"},\"inLanguage\":\"es\",\"potentialAction\":[{\"@type\":\"ReadAction\",\"target\":[\"https:\/\/luchonoticias.com\/editor\/capturado-en-el-huila-hombre-requerido-para-cumplir-condena-por-delitos-ambientales-ocurridos-en-caqueta\/\"]}]},{\"@type\":\"BreadcrumbList\",\"@id\":\"https:\/\/luchonoticias.com\/editor\/capturado-en-el-huila-hombre-requerido-para-cumplir-condena-por-delitos-ambientales-ocurridos-en-caqueta\/#breadcrumb\",\"itemListElement\":[{\"@type\":\"ListItem\",\"position\":1,\"name\":\"Portada\",\"item\":\"https:\/\/luchonoticias.com\/editor\/\"},{\"@type\":\"ListItem\",\"position\":2,\"name\":\"Capturado en el Huila, hombre requerido para cumplir condena por delitos ambientales ocurridos en Caquet\u00e1\"}]},{\"@type\":\"WebSite\",\"@id\":\"https:\/\/luchonoticias.com\/editor\/#website\",\"url\":\"https:\/\/luchonoticias.com\/editor\/\",\"name\":\"\",\"description\":\"\",\"publisher\":{\"@id\":\"https:\/\/luchonoticias.com\/editor\/#\/schema\/person\/7a7fd911f58561fd056dbac7b55af9cd\"},\"potentialAction\":[{\"@type\":\"SearchAction\",\"target\":{\"@type\":\"EntryPoint\",\"urlTemplate\":\"https:\/\/luchonoticias.com\/editor\/?s={search_term_string}\"},\"query-input\":{\"@type\":\"PropertyValueSpecification\",\"valueRequired\":true,\"valueName\":\"search_term_string\"}}],\"inLanguage\":\"es\"},{\"@type\":[\"Person\",\"Organization\"],\"@id\":\"https:\/\/luchonoticias.com\/editor\/#\/schema\/person\/7a7fd911f58561fd056dbac7b55af9cd\",\"name\":\"admin\",\"image\":{\"@type\":\"ImageObject\",\"inLanguage\":\"es\",\"@id\":\"https:\/\/luchonoticias.com\/editor\/#\/schema\/person\/image\/\",\"url\":\"https:\/\/luchonoticias.com\/editor\/wp-content\/uploads\/2024\/02\/cropped-cropped-logolu.webp\",\"contentUrl\":\"https:\/\/luchonoticias.com\/editor\/wp-content\/uploads\/2024\/02\/cropped-cropped-logolu.webp\",\"width\":382,\"height\":170,\"caption\":\"admin\"},\"logo\":{\"@id\":\"https:\/\/luchonoticias.com\/editor\/#\/schema\/person\/image\/\"},\"sameAs\":[\"https:\/\/www.facebook.com\/luchonoticiasneiva\"]},{\"@type\":\"Person\",\"@id\":\"https:\/\/luchonoticias.com\/editor\/#\/schema\/person\/29217990ddf6f14e35912b2866d591fb\",\"name\":\"Editor General\",\"image\":{\"@type\":\"ImageObject\",\"inLanguage\":\"es\",\"@id\":\"https:\/\/luchonoticias.com\/editor\/#\/schema\/person\/image\/\",\"url\":\"https:\/\/luchonoticias.com\/editor\/wp-content\/uploads\/2024\/02\/cropped-cropped-logolu-150x150.webp\",\"contentUrl\":\"https:\/\/luchonoticias.com\/editor\/wp-content\/uploads\/2024\/02\/cropped-cropped-logolu-150x150.webp\",\"caption\":\"Editor General\"},\"sameAs\":[\"https:\/\/luchonoticias.com\/\"],\"url\":\"https:\/\/luchonoticias.com\/editor\/author\/editor-general\/\"}]}<\/script>\n<!-- \/ Yoast SEO plugin. -->","yoast_head_json":{"title":"Capturado en el Huila, hombre requerido para cumplir condena por delitos ambientales ocurridos en Caquet\u00e1 -","robots":{"index":"index","follow":"follow","max-snippet":"max-snippet:-1","max-image-preview":"max-image-preview:large","max-video-preview":"max-video-preview:-1"},"canonical":"https:\/\/luchonoticias.com\/editor\/capturado-en-el-huila-hombre-requerido-para-cumplir-condena-por-delitos-ambientales-ocurridos-en-caqueta\/","og_locale":"es_ES","og_type":"article","og_title":"Capturado en el Huila, hombre requerido para cumplir condena por delitos ambientales ocurridos en Caquet\u00e1 -","og_url":"https:\/\/luchonoticias.com\/editor\/capturado-en-el-huila-hombre-requerido-para-cumplir-condena-por-delitos-ambientales-ocurridos-en-caqueta\/","article_publisher":"https:\/\/www.facebook.com\/luchonoticiasneiva","article_published_time":"2024-01-26T19:38:11+00:00","article_modified_time":"2024-01-26T19:38:12+00:00","author":"Editor General","twitter_card":"summary_large_image","twitter_misc":{"Escrito por":"Editor General","Tiempo de lectura":"1 minuto"},"schema":{"@context":"https:\/\/schema.org","@graph":[{"@type":"Article","@id":"https:\/\/luchonoticias.com\/editor\/capturado-en-el-huila-hombre-requerido-para-cumplir-condena-por-delitos-ambientales-ocurridos-en-caqueta\/#article","isPartOf":{"@id":"https:\/\/luchonoticias.com\/editor\/capturado-en-el-huila-hombre-requerido-para-cumplir-condena-por-delitos-ambientales-ocurridos-en-caqueta\/"},"author":{"name":"Editor General","@id":"https:\/\/luchonoticias.com\/editor\/#\/schema\/person\/29217990ddf6f14e35912b2866d591fb"},"headline":"Capturado en el Huila, hombre requerido para cumplir condena por delitos ambientales ocurridos en Caquet\u00e1","datePublished":"2024-01-26T19:38:11+00:00","dateModified":"2024-01-26T19:38:12+00:00","mainEntityOfPage":{"@id":"https:\/\/luchonoticias.com\/editor\/capturado-en-el-huila-hombre-requerido-para-cumplir-condena-por-delitos-ambientales-ocurridos-en-caqueta\/"},"wordCount":192,"commentCount":0,"publisher":{"@id":"https:\/\/luchonoticias.com\/editor\/#\/schema\/person\/7a7fd911f58561fd056dbac7b55af9cd"},"articleSection":["Destacado","Judicial"],"inLanguage":"es","potentialAction":[{"@type":"CommentAction","name":"Comment","target":["https:\/\/luchonoticias.com\/editor\/capturado-en-el-huila-hombre-requerido-para-cumplir-condena-por-delitos-ambientales-ocurridos-en-caqueta\/#respond"]}]},{"@type":"WebPage","@id":"https:\/\/luchonoticias.com\/editor\/capturado-en-el-huila-hombre-requerido-para-cumplir-condena-por-delitos-ambientales-ocurridos-en-caqueta\/","url":"https:\/\/luchonoticias.com\/editor\/capturado-en-el-huila-hombre-requerido-para-cumplir-condena-por-delitos-ambientales-ocurridos-en-caqueta\/","name":"Capturado en el Huila, hombre requerido para cumplir condena por delitos ambientales ocurridos en Caquet\u00e1 -","isPartOf":{"@id":"https:\/\/luchonoticias.com\/editor\/#website"},"datePublished":"2024-01-26T19:38:11+00:00","dateModified":"2024-01-26T19:38:12+00:00","breadcrumb":{"@id":"https:\/\/luchonoticias.com\/editor\/capturado-en-el-huila-hombre-requerido-para-cumplir-condena-por-delitos-ambientales-ocurridos-en-caqueta\/#breadcrumb"},"inLanguage":"es","potentialAction":[{"@type":"ReadAction","target":["https:\/\/luchonoticias.com\/editor\/capturado-en-el-huila-hombre-requerido-para-cumplir-condena-por-delitos-ambientales-ocurridos-en-caqueta\/"]}]},{"@type":"BreadcrumbList","@id":"https:\/\/luchonoticias.com\/editor\/capturado-en-el-huila-hombre-requerido-para-cumplir-condena-por-delitos-ambientales-ocurridos-en-caqueta\/#breadcrumb","itemListElement":[{"@type":"ListItem","position":1,"name":"Portada","item":"https:\/\/luchonoticias.com\/editor\/"},{"@type":"ListItem","position":2,"name":"Capturado en el Huila, hombre requerido para cumplir condena por delitos ambientales ocurridos en Caquet\u00e1"}]},{"@type":"WebSite","@id":"https:\/\/luchonoticias.com\/editor\/#website","url":"https:\/\/luchonoticias.com\/editor\/","name":"","description":"","publisher":{"@id":"https:\/\/luchonoticias.com\/editor\/#\/schema\/person\/7a7fd911f58561fd056dbac7b55af9cd"},"potentialAction":[{"@type":"SearchAction","target":{"@type":"EntryPoint","urlTemplate":"https:\/\/luchonoticias.com\/editor\/?s={search_term_string}"},"query-input":{"@type":"PropertyValueSpecification","valueRequired":true,"valueName":"search_term_string"}}],"inLanguage":"es"},{"@type":["Person","Organization"],"@id":"https:\/\/luchonoticias.com\/editor\/#\/schema\/person\/7a7fd911f58561fd056dbac7b55af9cd","name":"admin","image":{"@type":"ImageObject","inLanguage":"es","@id":"https:\/\/luchonoticias.com\/editor\/#\/schema\/person\/image\/","url":"https:\/\/luchonoticias.com\/editor\/wp-content\/uploads\/2024\/02\/cropped-cropped-logolu.webp","contentUrl":"https:\/\/luchonoticias.com\/editor\/wp-content\/uploads\/2024\/02\/cropped-cropped-logolu.webp","width":382,"height":170,"caption":"admin"},"logo":{"@id":"https:\/\/luchonoticias.com\/editor\/#\/schema\/person\/image\/"},"sameAs":["https:\/\/www.facebook.com\/luchonoticiasneiva"]},{"@type":"Person","@id":"https:\/\/luchonoticias.com\/editor\/#\/schema\/person\/29217990ddf6f14e35912b2866d591fb","name":"Editor General","image":{"@type":"ImageObject","inLanguage":"es","@id":"https:\/\/luchonoticias.com\/editor\/#\/schema\/person\/image\/","url":"https:\/\/luchonoticias.com\/editor\/wp-content\/uploads\/2024\/02\/cropped-cropped-logolu-150x150.webp","contentUrl":"https:\/\/luchonoticias.com\/editor\/wp-content\/uploads\/2024\/02\/cropped-cropped-logolu-150x150.webp","caption":"Editor General"},"sameAs":["https:\/\/luchonoticias.com\/"],"url":"https:\/\/luchonoticias.com\/editor\/author\/editor-general\/"}]}},"_links":{"self":[{"href":"https:\/\/luchonoticias.com\/editor\/wp-json\/wp\/v2\/posts\/67589","targetHints":{"allow":["GET"]}}],"collection":[{"href":"https:\/\/luchonoticias.com\/editor\/wp-json\/wp\/v2\/posts"}],"about":[{"href":"https:\/\/luchonoticias.com\/editor\/wp-json\/wp\/v2\/types\/post"}],"author":[{"embeddable":true,"href":"https:\/\/luchonoticias.com\/editor\/wp-json\/wp\/v2\/users\/2"}],"replies":[{"embeddable":true,"href":"https:\/\/luchonoticias.com\/editor\/wp-json\/wp\/v2\/comments?post=67589"}],"version-history":[{"count":0,"href":"https:\/\/luchonoticias.com\/editor\/wp-json\/wp\/v2\/posts\/67589\/revisions"}],"wp:attachment":[{"href":"https:\/\/luchonoticias.com\/editor\/wp-json\/wp\/v2\/media?parent=67589"}],"wp:term":[{"taxonomy":"category","embeddable":true,"href":"https:\/\/luchonoticias.com\/editor\/wp-json\/wp\/v2\/categories?post=67589"},{"taxonomy":"post_tag","embeddable":true,"href":"https:\/\/luchonoticias.com\/editor\/wp-json\/wp\/v2\/tags?post=67589"}],"curies":[{"name":"wp","href":"https:\/\/api.w.org\/{rel}","templated":true}]}}