{"id":67592,"date":"2024-01-26T14:40:18","date_gmt":"2024-01-26T19:40:18","guid":{"rendered":"https:\/\/luchonoticias.com\/?p=67592"},"modified":"2024-01-26T14:40:19","modified_gmt":"2024-01-26T19:40:19","slug":"a-la-carcel-alias-castor-senalado-por-el-homicidio-de-un-hombre-ocurrido-en-noviembre-del-ano-pasado-en-campoalegre-huila","status":"publish","type":"post","link":"https:\/\/luchonoticias.com\/editor\/a-la-carcel-alias-castor-senalado-por-el-homicidio-de-un-hombre-ocurrido-en-noviembre-del-ano-pasado-en-campoalegre-huila\/","title":{"rendered":"A la c\u00e1rcel alias \u2018Castor\u2019, se\u00f1alado por el homicidio de un hombre ocurrido en noviembre del a\u00f1o pasado en Campoalegre, Huila."},"content":{"rendered":"\n<p>Jan Carlos Ram\u00edrez Losada, un hombre de 19 a\u00f1os de edad, fue enviado a prisi\u00f3n como medida de aseguramiento preventiva, mientras la Fiscal\u00eda avanza en una investigaci\u00f3n en su contra por el homicidio de Hamilton Steven Avil\u00e9s Murcia ocurrido en noviembre del a\u00f1o pasado en Campoalegre, Huila.<\/p>\n\n\n\n<p>El procesado conocido como Castor, es se\u00f1alado por el ente acusador gracias a las actividades adelantadas por investigadores del CTI, de haberle disparado a quemarropa a la v\u00edctima cuando se desplazaba a pie mientras que el hoy privado de la libertad se movilizaba en una motocicleta como parrillero desde donde al parecer abri\u00f3 fuego en su contra.<\/p>\n\n\n\n<p>Debido a la gravedad de las heridas el joven de 22 a\u00f1os de edad muri\u00f3 en un centro asistencial del municipio en tanto que su agresor huy\u00f3.<\/p>\n\n\n\n<p>La Fiscal\u00eda tiene elementos materiales probatorios que dan cuenta que el ataque se habr\u00eda generado por problemas personales.<\/p>\n\n\n\n<p>El hombre detenido mediante allanamiento por parte de la Polic\u00eda Nacional no acept\u00f3 los cargos imputados por la delegada fiscal que lidera el proceso.<\/p>\n","protected":false},"excerpt":{"rendered":"<p>Jan Carlos Ram\u00edrez Losada, un hombre de 19 a\u00f1os de edad, fue enviado a prisi\u00f3n como medida de aseguramiento preventiva, mientras la Fiscal\u00eda avanza en una investigaci\u00f3n en su contra por el homicidio de Hamilton Steven Avil\u00e9s Murcia ocurrido en noviembre del a\u00f1o pasado en Campoalegre, Huila. El procesado conocido como Castor, es se\u00f1alado por [&hellip;]<\/p>\n","protected":false},"author":2,"featured_media":0,"comment_status":"open","ping_status":"open","sticky":false,"template":"","format":"standard","meta":{"footnotes":""},"categories":[36,29],"tags":[],"class_list":["post-67592","post","type-post","status-publish","format-standard","hentry","category-destacado","category-judicial"],"yoast_head":"<!-- This site is optimized with the Yoast SEO plugin v26.6 - https:\/\/yoast.com\/wordpress\/plugins\/seo\/ -->\n<title>A la c\u00e1rcel alias \u2018Castor\u2019, se\u00f1alado por el homicidio de un hombre ocurrido en noviembre del a\u00f1o pasado en Campoalegre, Huila. -<\/title>\n<meta name=\"robots\" content=\"index, follow, max-snippet:-1, max-image-preview:large, max-video-preview:-1\" \/>\n<link rel=\"canonical\" href=\"https:\/\/luchonoticias.com\/editor\/a-la-carcel-alias-castor-senalado-por-el-homicidio-de-un-hombre-ocurrido-en-noviembre-del-ano-pasado-en-campoalegre-huila\/\" \/>\n<meta property=\"og:locale\" content=\"es_ES\" \/>\n<meta property=\"og:type\" content=\"article\" \/>\n<meta property=\"og:title\" content=\"A la c\u00e1rcel alias \u2018Castor\u2019, se\u00f1alado por el homicidio de un hombre ocurrido en noviembre del a\u00f1o pasado en Campoalegre, Huila. -\" \/>\n<meta property=\"og:url\" content=\"https:\/\/luchonoticias.com\/editor\/a-la-carcel-alias-castor-senalado-por-el-homicidio-de-un-hombre-ocurrido-en-noviembre-del-ano-pasado-en-campoalegre-huila\/\" \/>\n<meta property=\"article:publisher\" content=\"https:\/\/www.facebook.com\/luchonoticiasneiva\" \/>\n<meta property=\"article:published_time\" content=\"2024-01-26T19:40:18+00:00\" \/>\n<meta property=\"article:modified_time\" content=\"2024-01-26T19:40:19+00:00\" \/>\n<meta name=\"author\" content=\"Editor General\" \/>\n<meta name=\"twitter:card\" content=\"summary_large_image\" \/>\n<meta name=\"twitter:label1\" content=\"Escrito por\" \/>\n\t<meta name=\"twitter:data1\" content=\"Editor General\" \/>\n\t<meta name=\"twitter:label2\" content=\"Tiempo de lectura\" \/>\n\t<meta name=\"twitter:data2\" content=\"1 minuto\" \/>\n<script type=\"application\/ld+json\" class=\"yoast-schema-graph\">{\"@context\":\"https:\/\/schema.org\",\"@graph\":[{\"@type\":\"Article\",\"@id\":\"https:\/\/luchonoticias.com\/editor\/a-la-carcel-alias-castor-senalado-por-el-homicidio-de-un-hombre-ocurrido-en-noviembre-del-ano-pasado-en-campoalegre-huila\/#article\",\"isPartOf\":{\"@id\":\"https:\/\/luchonoticias.com\/editor\/a-la-carcel-alias-castor-senalado-por-el-homicidio-de-un-hombre-ocurrido-en-noviembre-del-ano-pasado-en-campoalegre-huila\/\"},\"author\":{\"name\":\"Editor General\",\"@id\":\"https:\/\/luchonoticias.com\/editor\/#\/schema\/person\/29217990ddf6f14e35912b2866d591fb\"},\"headline\":\"A la c\u00e1rcel alias \u2018Castor\u2019, se\u00f1alado por el homicidio de un hombre ocurrido en noviembre del a\u00f1o pasado en Campoalegre, Huila.\",\"datePublished\":\"2024-01-26T19:40:18+00:00\",\"dateModified\":\"2024-01-26T19:40:19+00:00\",\"mainEntityOfPage\":{\"@id\":\"https:\/\/luchonoticias.com\/editor\/a-la-carcel-alias-castor-senalado-por-el-homicidio-de-un-hombre-ocurrido-en-noviembre-del-ano-pasado-en-campoalegre-huila\/\"},\"wordCount\":208,\"commentCount\":0,\"publisher\":{\"@id\":\"https:\/\/luchonoticias.com\/editor\/#\/schema\/person\/7a7fd911f58561fd056dbac7b55af9cd\"},\"articleSection\":[\"Destacado\",\"Judicial\"],\"inLanguage\":\"es\",\"potentialAction\":[{\"@type\":\"CommentAction\",\"name\":\"Comment\",\"target\":[\"https:\/\/luchonoticias.com\/editor\/a-la-carcel-alias-castor-senalado-por-el-homicidio-de-un-hombre-ocurrido-en-noviembre-del-ano-pasado-en-campoalegre-huila\/#respond\"]}]},{\"@type\":\"WebPage\",\"@id\":\"https:\/\/luchonoticias.com\/editor\/a-la-carcel-alias-castor-senalado-por-el-homicidio-de-un-hombre-ocurrido-en-noviembre-del-ano-pasado-en-campoalegre-huila\/\",\"url\":\"https:\/\/luchonoticias.com\/editor\/a-la-carcel-alias-castor-senalado-por-el-homicidio-de-un-hombre-ocurrido-en-noviembre-del-ano-pasado-en-campoalegre-huila\/\",\"name\":\"A la c\u00e1rcel alias \u2018Castor\u2019, se\u00f1alado por el homicidio de un hombre ocurrido en noviembre del a\u00f1o pasado en Campoalegre, Huila. -\",\"isPartOf\":{\"@id\":\"https:\/\/luchonoticias.com\/editor\/#website\"},\"datePublished\":\"2024-01-26T19:40:18+00:00\",\"dateModified\":\"2024-01-26T19:40:19+00:00\",\"breadcrumb\":{\"@id\":\"https:\/\/luchonoticias.com\/editor\/a-la-carcel-alias-castor-senalado-por-el-homicidio-de-un-hombre-ocurrido-en-noviembre-del-ano-pasado-en-campoalegre-huila\/#breadcrumb\"},\"inLanguage\":\"es\",\"potentialAction\":[{\"@type\":\"ReadAction\",\"target\":[\"https:\/\/luchonoticias.com\/editor\/a-la-carcel-alias-castor-senalado-por-el-homicidio-de-un-hombre-ocurrido-en-noviembre-del-ano-pasado-en-campoalegre-huila\/\"]}]},{\"@type\":\"BreadcrumbList\",\"@id\":\"https:\/\/luchonoticias.com\/editor\/a-la-carcel-alias-castor-senalado-por-el-homicidio-de-un-hombre-ocurrido-en-noviembre-del-ano-pasado-en-campoalegre-huila\/#breadcrumb\",\"itemListElement\":[{\"@type\":\"ListItem\",\"position\":1,\"name\":\"Portada\",\"item\":\"https:\/\/luchonoticias.com\/editor\/\"},{\"@type\":\"ListItem\",\"position\":2,\"name\":\"A la c\u00e1rcel alias \u2018Castor\u2019, se\u00f1alado por el homicidio de un hombre ocurrido en noviembre del a\u00f1o pasado en Campoalegre, Huila.\"}]},{\"@type\":\"WebSite\",\"@id\":\"https:\/\/luchonoticias.com\/editor\/#website\",\"url\":\"https:\/\/luchonoticias.com\/editor\/\",\"name\":\"\",\"description\":\"\",\"publisher\":{\"@id\":\"https:\/\/luchonoticias.com\/editor\/#\/schema\/person\/7a7fd911f58561fd056dbac7b55af9cd\"},\"potentialAction\":[{\"@type\":\"SearchAction\",\"target\":{\"@type\":\"EntryPoint\",\"urlTemplate\":\"https:\/\/luchonoticias.com\/editor\/?s={search_term_string}\"},\"query-input\":{\"@type\":\"PropertyValueSpecification\",\"valueRequired\":true,\"valueName\":\"search_term_string\"}}],\"inLanguage\":\"es\"},{\"@type\":[\"Person\",\"Organization\"],\"@id\":\"https:\/\/luchonoticias.com\/editor\/#\/schema\/person\/7a7fd911f58561fd056dbac7b55af9cd\",\"name\":\"admin\",\"image\":{\"@type\":\"ImageObject\",\"inLanguage\":\"es\",\"@id\":\"https:\/\/luchonoticias.com\/editor\/#\/schema\/person\/image\/\",\"url\":\"https:\/\/luchonoticias.com\/editor\/wp-content\/uploads\/2024\/02\/cropped-cropped-logolu.webp\",\"contentUrl\":\"https:\/\/luchonoticias.com\/editor\/wp-content\/uploads\/2024\/02\/cropped-cropped-logolu.webp\",\"width\":382,\"height\":170,\"caption\":\"admin\"},\"logo\":{\"@id\":\"https:\/\/luchonoticias.com\/editor\/#\/schema\/person\/image\/\"},\"sameAs\":[\"https:\/\/www.facebook.com\/luchonoticiasneiva\"]},{\"@type\":\"Person\",\"@id\":\"https:\/\/luchonoticias.com\/editor\/#\/schema\/person\/29217990ddf6f14e35912b2866d591fb\",\"name\":\"Editor General\",\"image\":{\"@type\":\"ImageObject\",\"inLanguage\":\"es\",\"@id\":\"https:\/\/luchonoticias.com\/editor\/#\/schema\/person\/image\/\",\"url\":\"https:\/\/luchonoticias.com\/editor\/wp-content\/uploads\/2024\/02\/cropped-cropped-logolu-150x150.webp\",\"contentUrl\":\"https:\/\/luchonoticias.com\/editor\/wp-content\/uploads\/2024\/02\/cropped-cropped-logolu-150x150.webp\",\"caption\":\"Editor General\"},\"sameAs\":[\"https:\/\/luchonoticias.com\/\"],\"url\":\"https:\/\/luchonoticias.com\/editor\/author\/editor-general\/\"}]}<\/script>\n<!-- \/ Yoast SEO plugin. -->","yoast_head_json":{"title":"A la c\u00e1rcel alias \u2018Castor\u2019, se\u00f1alado por el homicidio de un hombre ocurrido en noviembre del a\u00f1o pasado en Campoalegre, Huila. -","robots":{"index":"index","follow":"follow","max-snippet":"max-snippet:-1","max-image-preview":"max-image-preview:large","max-video-preview":"max-video-preview:-1"},"canonical":"https:\/\/luchonoticias.com\/editor\/a-la-carcel-alias-castor-senalado-por-el-homicidio-de-un-hombre-ocurrido-en-noviembre-del-ano-pasado-en-campoalegre-huila\/","og_locale":"es_ES","og_type":"article","og_title":"A la c\u00e1rcel alias \u2018Castor\u2019, se\u00f1alado por el homicidio de un hombre ocurrido en noviembre del a\u00f1o pasado en Campoalegre, Huila. -","og_url":"https:\/\/luchonoticias.com\/editor\/a-la-carcel-alias-castor-senalado-por-el-homicidio-de-un-hombre-ocurrido-en-noviembre-del-ano-pasado-en-campoalegre-huila\/","article_publisher":"https:\/\/www.facebook.com\/luchonoticiasneiva","article_published_time":"2024-01-26T19:40:18+00:00","article_modified_time":"2024-01-26T19:40:19+00:00","author":"Editor General","twitter_card":"summary_large_image","twitter_misc":{"Escrito por":"Editor General","Tiempo de lectura":"1 minuto"},"schema":{"@context":"https:\/\/schema.org","@graph":[{"@type":"Article","@id":"https:\/\/luchonoticias.com\/editor\/a-la-carcel-alias-castor-senalado-por-el-homicidio-de-un-hombre-ocurrido-en-noviembre-del-ano-pasado-en-campoalegre-huila\/#article","isPartOf":{"@id":"https:\/\/luchonoticias.com\/editor\/a-la-carcel-alias-castor-senalado-por-el-homicidio-de-un-hombre-ocurrido-en-noviembre-del-ano-pasado-en-campoalegre-huila\/"},"author":{"name":"Editor General","@id":"https:\/\/luchonoticias.com\/editor\/#\/schema\/person\/29217990ddf6f14e35912b2866d591fb"},"headline":"A la c\u00e1rcel alias \u2018Castor\u2019, se\u00f1alado por el homicidio de un hombre ocurrido en noviembre del a\u00f1o pasado en Campoalegre, Huila.","datePublished":"2024-01-26T19:40:18+00:00","dateModified":"2024-01-26T19:40:19+00:00","mainEntityOfPage":{"@id":"https:\/\/luchonoticias.com\/editor\/a-la-carcel-alias-castor-senalado-por-el-homicidio-de-un-hombre-ocurrido-en-noviembre-del-ano-pasado-en-campoalegre-huila\/"},"wordCount":208,"commentCount":0,"publisher":{"@id":"https:\/\/luchonoticias.com\/editor\/#\/schema\/person\/7a7fd911f58561fd056dbac7b55af9cd"},"articleSection":["Destacado","Judicial"],"inLanguage":"es","potentialAction":[{"@type":"CommentAction","name":"Comment","target":["https:\/\/luchonoticias.com\/editor\/a-la-carcel-alias-castor-senalado-por-el-homicidio-de-un-hombre-ocurrido-en-noviembre-del-ano-pasado-en-campoalegre-huila\/#respond"]}]},{"@type":"WebPage","@id":"https:\/\/luchonoticias.com\/editor\/a-la-carcel-alias-castor-senalado-por-el-homicidio-de-un-hombre-ocurrido-en-noviembre-del-ano-pasado-en-campoalegre-huila\/","url":"https:\/\/luchonoticias.com\/editor\/a-la-carcel-alias-castor-senalado-por-el-homicidio-de-un-hombre-ocurrido-en-noviembre-del-ano-pasado-en-campoalegre-huila\/","name":"A la c\u00e1rcel alias \u2018Castor\u2019, se\u00f1alado por el homicidio de un hombre ocurrido en noviembre del a\u00f1o pasado en Campoalegre, Huila. -","isPartOf":{"@id":"https:\/\/luchonoticias.com\/editor\/#website"},"datePublished":"2024-01-26T19:40:18+00:00","dateModified":"2024-01-26T19:40:19+00:00","breadcrumb":{"@id":"https:\/\/luchonoticias.com\/editor\/a-la-carcel-alias-castor-senalado-por-el-homicidio-de-un-hombre-ocurrido-en-noviembre-del-ano-pasado-en-campoalegre-huila\/#breadcrumb"},"inLanguage":"es","potentialAction":[{"@type":"ReadAction","target":["https:\/\/luchonoticias.com\/editor\/a-la-carcel-alias-castor-senalado-por-el-homicidio-de-un-hombre-ocurrido-en-noviembre-del-ano-pasado-en-campoalegre-huila\/"]}]},{"@type":"BreadcrumbList","@id":"https:\/\/luchonoticias.com\/editor\/a-la-carcel-alias-castor-senalado-por-el-homicidio-de-un-hombre-ocurrido-en-noviembre-del-ano-pasado-en-campoalegre-huila\/#breadcrumb","itemListElement":[{"@type":"ListItem","position":1,"name":"Portada","item":"https:\/\/luchonoticias.com\/editor\/"},{"@type":"ListItem","position":2,"name":"A la c\u00e1rcel alias \u2018Castor\u2019, se\u00f1alado por el homicidio de un hombre ocurrido en noviembre del a\u00f1o pasado en Campoalegre, Huila."}]},{"@type":"WebSite","@id":"https:\/\/luchonoticias.com\/editor\/#website","url":"https:\/\/luchonoticias.com\/editor\/","name":"","description":"","publisher":{"@id":"https:\/\/luchonoticias.com\/editor\/#\/schema\/person\/7a7fd911f58561fd056dbac7b55af9cd"},"potentialAction":[{"@type":"SearchAction","target":{"@type":"EntryPoint","urlTemplate":"https:\/\/luchonoticias.com\/editor\/?s={search_term_string}"},"query-input":{"@type":"PropertyValueSpecification","valueRequired":true,"valueName":"search_term_string"}}],"inLanguage":"es"},{"@type":["Person","Organization"],"@id":"https:\/\/luchonoticias.com\/editor\/#\/schema\/person\/7a7fd911f58561fd056dbac7b55af9cd","name":"admin","image":{"@type":"ImageObject","inLanguage":"es","@id":"https:\/\/luchonoticias.com\/editor\/#\/schema\/person\/image\/","url":"https:\/\/luchonoticias.com\/editor\/wp-content\/uploads\/2024\/02\/cropped-cropped-logolu.webp","contentUrl":"https:\/\/luchonoticias.com\/editor\/wp-content\/uploads\/2024\/02\/cropped-cropped-logolu.webp","width":382,"height":170,"caption":"admin"},"logo":{"@id":"https:\/\/luchonoticias.com\/editor\/#\/schema\/person\/image\/"},"sameAs":["https:\/\/www.facebook.com\/luchonoticiasneiva"]},{"@type":"Person","@id":"https:\/\/luchonoticias.com\/editor\/#\/schema\/person\/29217990ddf6f14e35912b2866d591fb","name":"Editor General","image":{"@type":"ImageObject","inLanguage":"es","@id":"https:\/\/luchonoticias.com\/editor\/#\/schema\/person\/image\/","url":"https:\/\/luchonoticias.com\/editor\/wp-content\/uploads\/2024\/02\/cropped-cropped-logolu-150x150.webp","contentUrl":"https:\/\/luchonoticias.com\/editor\/wp-content\/uploads\/2024\/02\/cropped-cropped-logolu-150x150.webp","caption":"Editor General"},"sameAs":["https:\/\/luchonoticias.com\/"],"url":"https:\/\/luchonoticias.com\/editor\/author\/editor-general\/"}]}},"_links":{"self":[{"href":"https:\/\/luchonoticias.com\/editor\/wp-json\/wp\/v2\/posts\/67592","targetHints":{"allow":["GET"]}}],"collection":[{"href":"https:\/\/luchonoticias.com\/editor\/wp-json\/wp\/v2\/posts"}],"about":[{"href":"https:\/\/luchonoticias.com\/editor\/wp-json\/wp\/v2\/types\/post"}],"author":[{"embeddable":true,"href":"https:\/\/luchonoticias.com\/editor\/wp-json\/wp\/v2\/users\/2"}],"replies":[{"embeddable":true,"href":"https:\/\/luchonoticias.com\/editor\/wp-json\/wp\/v2\/comments?post=67592"}],"version-history":[{"count":0,"href":"https:\/\/luchonoticias.com\/editor\/wp-json\/wp\/v2\/posts\/67592\/revisions"}],"wp:attachment":[{"href":"https:\/\/luchonoticias.com\/editor\/wp-json\/wp\/v2\/media?parent=67592"}],"wp:term":[{"taxonomy":"category","embeddable":true,"href":"https:\/\/luchonoticias.com\/editor\/wp-json\/wp\/v2\/categories?post=67592"},{"taxonomy":"post_tag","embeddable":true,"href":"https:\/\/luchonoticias.com\/editor\/wp-json\/wp\/v2\/tags?post=67592"}],"curies":[{"name":"wp","href":"https:\/\/api.w.org\/{rel}","templated":true}]}}