{"id":67595,"date":"2024-01-26T14:42:28","date_gmt":"2024-01-26T19:42:28","guid":{"rendered":"https:\/\/luchonoticias.com\/?p=67595"},"modified":"2024-01-26T14:42:29","modified_gmt":"2024-01-26T19:42:29","slug":"la-usco-tendra-un-predio-donado-por-la-sae","status":"publish","type":"post","link":"https:\/\/luchonoticias.com\/editor\/la-usco-tendra-un-predio-donado-por-la-sae\/","title":{"rendered":"La USCO tendr\u00e1 un predio donado por la SAE"},"content":{"rendered":"\n<p>La Universidad Surcolombiana tendr\u00e1 un espacio de 200 metros cuadrados, que ser\u00e1 donado por la Sociedad de Activos Especiales.<\/p>\n\n\n\n<p>Se trata del primer predio incautado al narcotr\u00e1fico, que la entidad del orden nacional le entregar\u00e1 a la USCO, como parte de una alianza entre las partes.<\/p>\n\n\n\n<p>Por ello, Juan Carlos Bol\u00edvar, gerente regional de la SAE para la regi\u00f3n Centro Oriente, anunci\u00f3 la disposici\u00f3n total del inventario de bienes incautados en el departamento del Huila para respaldar los objetivos misionales de la instituci\u00f3n de educaci\u00f3n superior. \u00abLa SAE ha tomado la decisi\u00f3n de que los bienes incautados de la mafia deben ser destinados para cumplir los objetivos m\u00e1ximos de la humanidad, entre ellos, la educaci\u00f3n\u00bb, destac\u00f3 Bol\u00edvar.<\/p>\n\n\n\n<p>En el marco de esta alianza, se busca crear escenarios que permitan a la Universidad Surcolombiana ampliar sus actividades acad\u00e9micas y de proyecci\u00f3n social.<\/p>\n\n\n\n<p>Nidia Guzm\u00e1n, Rectora de la USCO, agradeci\u00f3 al Gobierno Nacional y a la SAE por la oportunidad de concretar espacios que beneficiar\u00e1n a la poblaci\u00f3n vulnerable como los consultorios jur\u00eddicos, centros de conciliaci\u00f3n, la Unidad de Servicios de Atenci\u00f3n Psicol\u00f3gica y laboratorios contables.<\/p>\n\n\n\n<p>La Rectora tambi\u00e9n mencion\u00f3 la intenci\u00f3n de solicitar espacios adicionales a la SAE para las sedes de Pitalito, Garz\u00f3n y La Plata de la Universidad Surcolombiana. Adem\u00e1s, expres\u00f3 el inter\u00e9s en obtener en comodato algunos veh\u00edculos, incluyendo un bus, para fortalecer las pr\u00e1cticas de los estudiantes en toda la universidad.<\/p>\n\n\n\n<p>Gabriel Rond\u00f3n, l\u00edder del Sistema Nacional de Convivencia para la Vida y Asesor de Despacho del Ministro del Interior, acompa\u00f1\u00f3 este anuncio resaltando la importancia de la cooperaci\u00f3n entre el gobierno nacional y las universidades p\u00fablicas en el territorio. \u00abEl Gobierno Nacional busca fortalecer lo p\u00fablico, la educaci\u00f3n p\u00fablica y darle a las universidades p\u00fablicas el papel que necesitan y merecen en la construcci\u00f3n de una nueva Colombia con Paz Total\u00bb, expres\u00f3 Rond\u00f3n.<\/p>\n","protected":false},"excerpt":{"rendered":"<p>La Universidad Surcolombiana tendr\u00e1 un espacio de 200 metros cuadrados, que ser\u00e1 donado por la Sociedad de Activos Especiales. Se trata del primer predio incautado al narcotr\u00e1fico, que la entidad del orden nacional le entregar\u00e1 a la USCO, como parte de una alianza entre las partes. Por ello, Juan Carlos Bol\u00edvar, gerente regional de la [&hellip;]<\/p>\n","protected":false},"author":2,"featured_media":0,"comment_status":"open","ping_status":"open","sticky":false,"template":"","format":"standard","meta":{"footnotes":""},"categories":[36,31],"tags":[],"class_list":["post-67595","post","type-post","status-publish","format-standard","hentry","category-destacado","category-local"],"yoast_head":"<!-- This site is optimized with the Yoast SEO plugin v26.6 - https:\/\/yoast.com\/wordpress\/plugins\/seo\/ -->\n<title>La USCO tendr\u00e1 un predio donado por la SAE -<\/title>\n<meta name=\"robots\" content=\"index, follow, max-snippet:-1, max-image-preview:large, max-video-preview:-1\" \/>\n<link rel=\"canonical\" href=\"https:\/\/luchonoticias.com\/editor\/la-usco-tendra-un-predio-donado-por-la-sae\/\" \/>\n<meta property=\"og:locale\" content=\"es_ES\" \/>\n<meta property=\"og:type\" content=\"article\" \/>\n<meta property=\"og:title\" content=\"La USCO tendr\u00e1 un predio donado por la SAE -\" \/>\n<meta property=\"og:url\" content=\"https:\/\/luchonoticias.com\/editor\/la-usco-tendra-un-predio-donado-por-la-sae\/\" \/>\n<meta property=\"article:publisher\" content=\"https:\/\/www.facebook.com\/luchonoticiasneiva\" \/>\n<meta property=\"article:published_time\" content=\"2024-01-26T19:42:28+00:00\" \/>\n<meta property=\"article:modified_time\" content=\"2024-01-26T19:42:29+00:00\" \/>\n<meta name=\"author\" content=\"Editor General\" \/>\n<meta name=\"twitter:card\" content=\"summary_large_image\" \/>\n<meta name=\"twitter:label1\" content=\"Escrito por\" \/>\n\t<meta name=\"twitter:data1\" content=\"Editor General\" \/>\n\t<meta name=\"twitter:label2\" content=\"Tiempo de lectura\" \/>\n\t<meta name=\"twitter:data2\" content=\"2 minutos\" \/>\n<script type=\"application\/ld+json\" class=\"yoast-schema-graph\">{\"@context\":\"https:\/\/schema.org\",\"@graph\":[{\"@type\":\"Article\",\"@id\":\"https:\/\/luchonoticias.com\/editor\/la-usco-tendra-un-predio-donado-por-la-sae\/#article\",\"isPartOf\":{\"@id\":\"https:\/\/luchonoticias.com\/editor\/la-usco-tendra-un-predio-donado-por-la-sae\/\"},\"author\":{\"name\":\"Editor General\",\"@id\":\"https:\/\/luchonoticias.com\/editor\/#\/schema\/person\/29217990ddf6f14e35912b2866d591fb\"},\"headline\":\"La USCO tendr\u00e1 un predio donado por la SAE\",\"datePublished\":\"2024-01-26T19:42:28+00:00\",\"dateModified\":\"2024-01-26T19:42:29+00:00\",\"mainEntityOfPage\":{\"@id\":\"https:\/\/luchonoticias.com\/editor\/la-usco-tendra-un-predio-donado-por-la-sae\/\"},\"wordCount\":351,\"commentCount\":0,\"publisher\":{\"@id\":\"https:\/\/luchonoticias.com\/editor\/#\/schema\/person\/7a7fd911f58561fd056dbac7b55af9cd\"},\"articleSection\":[\"Destacado\",\"Local\"],\"inLanguage\":\"es\",\"potentialAction\":[{\"@type\":\"CommentAction\",\"name\":\"Comment\",\"target\":[\"https:\/\/luchonoticias.com\/editor\/la-usco-tendra-un-predio-donado-por-la-sae\/#respond\"]}]},{\"@type\":\"WebPage\",\"@id\":\"https:\/\/luchonoticias.com\/editor\/la-usco-tendra-un-predio-donado-por-la-sae\/\",\"url\":\"https:\/\/luchonoticias.com\/editor\/la-usco-tendra-un-predio-donado-por-la-sae\/\",\"name\":\"La USCO tendr\u00e1 un predio donado por la SAE -\",\"isPartOf\":{\"@id\":\"https:\/\/luchonoticias.com\/editor\/#website\"},\"datePublished\":\"2024-01-26T19:42:28+00:00\",\"dateModified\":\"2024-01-26T19:42:29+00:00\",\"breadcrumb\":{\"@id\":\"https:\/\/luchonoticias.com\/editor\/la-usco-tendra-un-predio-donado-por-la-sae\/#breadcrumb\"},\"inLanguage\":\"es\",\"potentialAction\":[{\"@type\":\"ReadAction\",\"target\":[\"https:\/\/luchonoticias.com\/editor\/la-usco-tendra-un-predio-donado-por-la-sae\/\"]}]},{\"@type\":\"BreadcrumbList\",\"@id\":\"https:\/\/luchonoticias.com\/editor\/la-usco-tendra-un-predio-donado-por-la-sae\/#breadcrumb\",\"itemListElement\":[{\"@type\":\"ListItem\",\"position\":1,\"name\":\"Portada\",\"item\":\"https:\/\/luchonoticias.com\/editor\/\"},{\"@type\":\"ListItem\",\"position\":2,\"name\":\"La USCO tendr\u00e1 un predio donado por la SAE\"}]},{\"@type\":\"WebSite\",\"@id\":\"https:\/\/luchonoticias.com\/editor\/#website\",\"url\":\"https:\/\/luchonoticias.com\/editor\/\",\"name\":\"\",\"description\":\"\",\"publisher\":{\"@id\":\"https:\/\/luchonoticias.com\/editor\/#\/schema\/person\/7a7fd911f58561fd056dbac7b55af9cd\"},\"potentialAction\":[{\"@type\":\"SearchAction\",\"target\":{\"@type\":\"EntryPoint\",\"urlTemplate\":\"https:\/\/luchonoticias.com\/editor\/?s={search_term_string}\"},\"query-input\":{\"@type\":\"PropertyValueSpecification\",\"valueRequired\":true,\"valueName\":\"search_term_string\"}}],\"inLanguage\":\"es\"},{\"@type\":[\"Person\",\"Organization\"],\"@id\":\"https:\/\/luchonoticias.com\/editor\/#\/schema\/person\/7a7fd911f58561fd056dbac7b55af9cd\",\"name\":\"admin\",\"image\":{\"@type\":\"ImageObject\",\"inLanguage\":\"es\",\"@id\":\"https:\/\/luchonoticias.com\/editor\/#\/schema\/person\/image\/\",\"url\":\"https:\/\/luchonoticias.com\/editor\/wp-content\/uploads\/2024\/02\/cropped-cropped-logolu.webp\",\"contentUrl\":\"https:\/\/luchonoticias.com\/editor\/wp-content\/uploads\/2024\/02\/cropped-cropped-logolu.webp\",\"width\":382,\"height\":170,\"caption\":\"admin\"},\"logo\":{\"@id\":\"https:\/\/luchonoticias.com\/editor\/#\/schema\/person\/image\/\"},\"sameAs\":[\"https:\/\/www.facebook.com\/luchonoticiasneiva\"]},{\"@type\":\"Person\",\"@id\":\"https:\/\/luchonoticias.com\/editor\/#\/schema\/person\/29217990ddf6f14e35912b2866d591fb\",\"name\":\"Editor General\",\"image\":{\"@type\":\"ImageObject\",\"inLanguage\":\"es\",\"@id\":\"https:\/\/luchonoticias.com\/editor\/#\/schema\/person\/image\/\",\"url\":\"https:\/\/luchonoticias.com\/editor\/wp-content\/uploads\/2024\/02\/cropped-cropped-logolu-150x150.webp\",\"contentUrl\":\"https:\/\/luchonoticias.com\/editor\/wp-content\/uploads\/2024\/02\/cropped-cropped-logolu-150x150.webp\",\"caption\":\"Editor General\"},\"sameAs\":[\"https:\/\/luchonoticias.com\/\"],\"url\":\"https:\/\/luchonoticias.com\/editor\/author\/editor-general\/\"}]}<\/script>\n<!-- \/ Yoast SEO plugin. -->","yoast_head_json":{"title":"La USCO tendr\u00e1 un predio donado por la SAE -","robots":{"index":"index","follow":"follow","max-snippet":"max-snippet:-1","max-image-preview":"max-image-preview:large","max-video-preview":"max-video-preview:-1"},"canonical":"https:\/\/luchonoticias.com\/editor\/la-usco-tendra-un-predio-donado-por-la-sae\/","og_locale":"es_ES","og_type":"article","og_title":"La USCO tendr\u00e1 un predio donado por la SAE -","og_url":"https:\/\/luchonoticias.com\/editor\/la-usco-tendra-un-predio-donado-por-la-sae\/","article_publisher":"https:\/\/www.facebook.com\/luchonoticiasneiva","article_published_time":"2024-01-26T19:42:28+00:00","article_modified_time":"2024-01-26T19:42:29+00:00","author":"Editor General","twitter_card":"summary_large_image","twitter_misc":{"Escrito por":"Editor General","Tiempo de lectura":"2 minutos"},"schema":{"@context":"https:\/\/schema.org","@graph":[{"@type":"Article","@id":"https:\/\/luchonoticias.com\/editor\/la-usco-tendra-un-predio-donado-por-la-sae\/#article","isPartOf":{"@id":"https:\/\/luchonoticias.com\/editor\/la-usco-tendra-un-predio-donado-por-la-sae\/"},"author":{"name":"Editor General","@id":"https:\/\/luchonoticias.com\/editor\/#\/schema\/person\/29217990ddf6f14e35912b2866d591fb"},"headline":"La USCO tendr\u00e1 un predio donado por la SAE","datePublished":"2024-01-26T19:42:28+00:00","dateModified":"2024-01-26T19:42:29+00:00","mainEntityOfPage":{"@id":"https:\/\/luchonoticias.com\/editor\/la-usco-tendra-un-predio-donado-por-la-sae\/"},"wordCount":351,"commentCount":0,"publisher":{"@id":"https:\/\/luchonoticias.com\/editor\/#\/schema\/person\/7a7fd911f58561fd056dbac7b55af9cd"},"articleSection":["Destacado","Local"],"inLanguage":"es","potentialAction":[{"@type":"CommentAction","name":"Comment","target":["https:\/\/luchonoticias.com\/editor\/la-usco-tendra-un-predio-donado-por-la-sae\/#respond"]}]},{"@type":"WebPage","@id":"https:\/\/luchonoticias.com\/editor\/la-usco-tendra-un-predio-donado-por-la-sae\/","url":"https:\/\/luchonoticias.com\/editor\/la-usco-tendra-un-predio-donado-por-la-sae\/","name":"La USCO tendr\u00e1 un predio donado por la SAE -","isPartOf":{"@id":"https:\/\/luchonoticias.com\/editor\/#website"},"datePublished":"2024-01-26T19:42:28+00:00","dateModified":"2024-01-26T19:42:29+00:00","breadcrumb":{"@id":"https:\/\/luchonoticias.com\/editor\/la-usco-tendra-un-predio-donado-por-la-sae\/#breadcrumb"},"inLanguage":"es","potentialAction":[{"@type":"ReadAction","target":["https:\/\/luchonoticias.com\/editor\/la-usco-tendra-un-predio-donado-por-la-sae\/"]}]},{"@type":"BreadcrumbList","@id":"https:\/\/luchonoticias.com\/editor\/la-usco-tendra-un-predio-donado-por-la-sae\/#breadcrumb","itemListElement":[{"@type":"ListItem","position":1,"name":"Portada","item":"https:\/\/luchonoticias.com\/editor\/"},{"@type":"ListItem","position":2,"name":"La USCO tendr\u00e1 un predio donado por la SAE"}]},{"@type":"WebSite","@id":"https:\/\/luchonoticias.com\/editor\/#website","url":"https:\/\/luchonoticias.com\/editor\/","name":"","description":"","publisher":{"@id":"https:\/\/luchonoticias.com\/editor\/#\/schema\/person\/7a7fd911f58561fd056dbac7b55af9cd"},"potentialAction":[{"@type":"SearchAction","target":{"@type":"EntryPoint","urlTemplate":"https:\/\/luchonoticias.com\/editor\/?s={search_term_string}"},"query-input":{"@type":"PropertyValueSpecification","valueRequired":true,"valueName":"search_term_string"}}],"inLanguage":"es"},{"@type":["Person","Organization"],"@id":"https:\/\/luchonoticias.com\/editor\/#\/schema\/person\/7a7fd911f58561fd056dbac7b55af9cd","name":"admin","image":{"@type":"ImageObject","inLanguage":"es","@id":"https:\/\/luchonoticias.com\/editor\/#\/schema\/person\/image\/","url":"https:\/\/luchonoticias.com\/editor\/wp-content\/uploads\/2024\/02\/cropped-cropped-logolu.webp","contentUrl":"https:\/\/luchonoticias.com\/editor\/wp-content\/uploads\/2024\/02\/cropped-cropped-logolu.webp","width":382,"height":170,"caption":"admin"},"logo":{"@id":"https:\/\/luchonoticias.com\/editor\/#\/schema\/person\/image\/"},"sameAs":["https:\/\/www.facebook.com\/luchonoticiasneiva"]},{"@type":"Person","@id":"https:\/\/luchonoticias.com\/editor\/#\/schema\/person\/29217990ddf6f14e35912b2866d591fb","name":"Editor General","image":{"@type":"ImageObject","inLanguage":"es","@id":"https:\/\/luchonoticias.com\/editor\/#\/schema\/person\/image\/","url":"https:\/\/luchonoticias.com\/editor\/wp-content\/uploads\/2024\/02\/cropped-cropped-logolu-150x150.webp","contentUrl":"https:\/\/luchonoticias.com\/editor\/wp-content\/uploads\/2024\/02\/cropped-cropped-logolu-150x150.webp","caption":"Editor General"},"sameAs":["https:\/\/luchonoticias.com\/"],"url":"https:\/\/luchonoticias.com\/editor\/author\/editor-general\/"}]}},"_links":{"self":[{"href":"https:\/\/luchonoticias.com\/editor\/wp-json\/wp\/v2\/posts\/67595","targetHints":{"allow":["GET"]}}],"collection":[{"href":"https:\/\/luchonoticias.com\/editor\/wp-json\/wp\/v2\/posts"}],"about":[{"href":"https:\/\/luchonoticias.com\/editor\/wp-json\/wp\/v2\/types\/post"}],"author":[{"embeddable":true,"href":"https:\/\/luchonoticias.com\/editor\/wp-json\/wp\/v2\/users\/2"}],"replies":[{"embeddable":true,"href":"https:\/\/luchonoticias.com\/editor\/wp-json\/wp\/v2\/comments?post=67595"}],"version-history":[{"count":0,"href":"https:\/\/luchonoticias.com\/editor\/wp-json\/wp\/v2\/posts\/67595\/revisions"}],"wp:attachment":[{"href":"https:\/\/luchonoticias.com\/editor\/wp-json\/wp\/v2\/media?parent=67595"}],"wp:term":[{"taxonomy":"category","embeddable":true,"href":"https:\/\/luchonoticias.com\/editor\/wp-json\/wp\/v2\/categories?post=67595"},{"taxonomy":"post_tag","embeddable":true,"href":"https:\/\/luchonoticias.com\/editor\/wp-json\/wp\/v2\/tags?post=67595"}],"curies":[{"name":"wp","href":"https:\/\/api.w.org\/{rel}","templated":true}]}}