{"id":67598,"date":"2024-01-26T14:44:21","date_gmt":"2024-01-26T19:44:21","guid":{"rendered":"https:\/\/luchonoticias.com\/?p=67598"},"modified":"2024-01-26T14:55:13","modified_gmt":"2024-01-26T19:55:13","slug":"alcaldes-de-tres-ciudades-portuarias-de-europa-visitaran-buenaventura-para-fortalecer-cooperacion-con-colombia","status":"publish","type":"post","link":"https:\/\/luchonoticias.com\/editor\/alcaldes-de-tres-ciudades-portuarias-de-europa-visitaran-buenaventura-para-fortalecer-cooperacion-con-colombia\/","title":{"rendered":"Alcaldes de tres ciudades portuarias de Europa visitar\u00e1n Buenaventura para fortalecer cooperaci\u00f3n con Colombia"},"content":{"rendered":"\n<p>Los alcaldes de Hamburgo (Alemania), Amberes (B\u00e9lgica) y R\u00f3terdam (Pa\u00edses Bajos), tres de los puertos m\u00e1s importantes de Europa, realizar\u00e1n desde el pr\u00f3ximo lunes una visita a Colombia, que incluye a Buenaventura, para fortalecer la cooperaci\u00f3n en materia portuaria, aduanera y energ\u00e9tica, inform\u00f3 el Ministerio de Relaciones Exteriores.<\/p>\n\n\n\n<p>El alcalde de Hamburgo, Peter Tschentscher, el de Amberes, Bart De Wever, y el de R\u00f3terdam, Ahmed Aboutaleb, se reunir\u00e1n con funcionarios de gobiernos locales y nacionales de los sectores portuario, aduanero, de seguridad, de comercio y de energ\u00eda, precisaron la Canciller\u00eda y las embajadas de Alemania, B\u00e9lgica y los Pa\u00edses Bajos en Colombia, en un comunicado.<\/p>\n\n\n\n<p>La agenda de trabajo comenzar\u00e1 con una reuni\u00f3n en la Canciller\u00eda colombiana, encabezada por el ministro de Comercio, Industria y Turismo, Germ\u00e1n Uma\u00f1a, y el viceministro de Relaciones Exteriores, Francisco Coy.<\/p>\n\n\n\n<p>Participar\u00e1n delegados de los ministerios de Defensa y Justicia, la Armada Nacional, la Polic\u00eda Nacional, la Direcci\u00f3n General Mar\u00edtima y Portuaria (Dimar), la Direcci\u00f3n de Impuestos y Aduanas Nacionales (DIAN), y de gremios del sector agroindustrial.<\/p>\n\n\n\n<p>Posteriormente, los alcaldes de las tres ciudades de Europa sostendr\u00e1n una reuni\u00f3n con el ministro de Transporte, William Camargo, y representantes del Ministerio de Minas y Energ\u00eda, la Agencia Nacional de Infraestructura (ANI), Ecopetrol y el Departamento Nacional de Planeaci\u00f3n.<\/p>\n\n\n\n<p>Los acaldes se trasladar\u00e1n al puerto de Buenaventura, para conocer la principal terminal mar\u00edtima del Pac\u00edfico colombiano.<\/p>\n\n\n\n<p>Energ\u00edas renovables<\/p>\n\n\n\n<p>\u201cEsta visita es de un alto inter\u00e9s estrat\u00e9gico para Colombia, en virtud de la relevancia de estos puertos como destinos principales para las exportaciones colombianas a Europa, su papel como aliados en la lucha contra el problema mundial de las drogas y la delincuencia organizada trasnacional\u201d, declar\u00f3 el vicecanciller Coy.<\/p>\n\n\n\n<p>A\u00f1adi\u00f3 que \u201cla presencia de los alcaldes permitir\u00e1 resaltar las oportunidades que ofrece Colombia en temas de la transici\u00f3n energ\u00e9tica justa y a la pol\u00edtica de reindustrializaci\u00f3n con \u00e9nfasis en energ\u00edas renovables, en particular hidr\u00f3geno verde\u201d.<\/p>\n\n\n\n<p>Para preparar la visita de los tres alcaldes se celebr\u00f3 el mes pasado una reuni\u00f3n en Bogot\u00e1.<\/p>\n\n\n\n<p>El embajador de Colombia en Bruselas, Jorge Rojas Rodr\u00edguez, se\u00f1al\u00f3 que B\u00e9lgica, Alemania y Pa\u00edses Bajos son socios importantes de Colombia en temas comerciales, aduaneros y portuarios, con un gran potencial en la transici\u00f3n energ\u00e9tica justa.<\/p>\n\n\n\n<p>(Con informaci\u00f3n del Ministerio de Relaciones Exteriores)<\/p>\n\n\n\n<p>(Fin\/gta)<\/p>\n","protected":false},"excerpt":{"rendered":"<p>Los alcaldes de Hamburgo (Alemania), Amberes (B\u00e9lgica) y R\u00f3terdam (Pa\u00edses Bajos), tres de los puertos m\u00e1s importantes de Europa, realizar\u00e1n desde el pr\u00f3ximo lunes una visita a Colombia, que incluye a Buenaventura, para fortalecer la cooperaci\u00f3n en materia portuaria, aduanera y energ\u00e9tica, inform\u00f3 el Ministerio de Relaciones Exteriores. El alcalde de Hamburgo, Peter Tschentscher, el [&hellip;]<\/p>\n","protected":false},"author":2,"featured_media":0,"comment_status":"open","ping_status":"open","sticky":false,"template":"","format":"standard","meta":{"footnotes":""},"categories":[36,32],"tags":[],"class_list":["post-67598","post","type-post","status-publish","format-standard","hentry","category-destacado","category-nacional"],"yoast_head":"<!-- This site is optimized with the Yoast SEO plugin v26.6 - https:\/\/yoast.com\/wordpress\/plugins\/seo\/ -->\n<title>Alcaldes de tres ciudades portuarias de Europa visitar\u00e1n Buenaventura para fortalecer cooperaci\u00f3n con Colombia -<\/title>\n<meta name=\"robots\" content=\"index, follow, max-snippet:-1, max-image-preview:large, max-video-preview:-1\" \/>\n<link rel=\"canonical\" href=\"https:\/\/luchonoticias.com\/editor\/alcaldes-de-tres-ciudades-portuarias-de-europa-visitaran-buenaventura-para-fortalecer-cooperacion-con-colombia\/\" \/>\n<meta property=\"og:locale\" content=\"es_ES\" \/>\n<meta property=\"og:type\" content=\"article\" \/>\n<meta property=\"og:title\" content=\"Alcaldes de tres ciudades portuarias de Europa visitar\u00e1n Buenaventura para fortalecer cooperaci\u00f3n con Colombia -\" \/>\n<meta property=\"og:url\" content=\"https:\/\/luchonoticias.com\/editor\/alcaldes-de-tres-ciudades-portuarias-de-europa-visitaran-buenaventura-para-fortalecer-cooperacion-con-colombia\/\" \/>\n<meta property=\"article:publisher\" content=\"https:\/\/www.facebook.com\/luchonoticiasneiva\" \/>\n<meta property=\"article:published_time\" content=\"2024-01-26T19:44:21+00:00\" \/>\n<meta property=\"article:modified_time\" content=\"2024-01-26T19:55:13+00:00\" \/>\n<meta name=\"author\" content=\"Editor General\" \/>\n<meta name=\"twitter:card\" content=\"summary_large_image\" \/>\n<meta name=\"twitter:label1\" content=\"Escrito por\" \/>\n\t<meta name=\"twitter:data1\" content=\"Editor General\" \/>\n\t<meta name=\"twitter:label2\" content=\"Tiempo de lectura\" \/>\n\t<meta name=\"twitter:data2\" content=\"2 minutos\" \/>\n<script type=\"application\/ld+json\" class=\"yoast-schema-graph\">{\"@context\":\"https:\/\/schema.org\",\"@graph\":[{\"@type\":\"Article\",\"@id\":\"https:\/\/luchonoticias.com\/editor\/alcaldes-de-tres-ciudades-portuarias-de-europa-visitaran-buenaventura-para-fortalecer-cooperacion-con-colombia\/#article\",\"isPartOf\":{\"@id\":\"https:\/\/luchonoticias.com\/editor\/alcaldes-de-tres-ciudades-portuarias-de-europa-visitaran-buenaventura-para-fortalecer-cooperacion-con-colombia\/\"},\"author\":{\"name\":\"Editor General\",\"@id\":\"https:\/\/luchonoticias.com\/editor\/#\/schema\/person\/29217990ddf6f14e35912b2866d591fb\"},\"headline\":\"Alcaldes de tres ciudades portuarias de Europa visitar\u00e1n Buenaventura para fortalecer cooperaci\u00f3n con Colombia\",\"datePublished\":\"2024-01-26T19:44:21+00:00\",\"dateModified\":\"2024-01-26T19:55:13+00:00\",\"mainEntityOfPage\":{\"@id\":\"https:\/\/luchonoticias.com\/editor\/alcaldes-de-tres-ciudades-portuarias-de-europa-visitaran-buenaventura-para-fortalecer-cooperacion-con-colombia\/\"},\"wordCount\":443,\"commentCount\":0,\"publisher\":{\"@id\":\"https:\/\/luchonoticias.com\/editor\/#\/schema\/person\/7a7fd911f58561fd056dbac7b55af9cd\"},\"articleSection\":[\"Destacado\",\"Nacional\"],\"inLanguage\":\"es\",\"potentialAction\":[{\"@type\":\"CommentAction\",\"name\":\"Comment\",\"target\":[\"https:\/\/luchonoticias.com\/editor\/alcaldes-de-tres-ciudades-portuarias-de-europa-visitaran-buenaventura-para-fortalecer-cooperacion-con-colombia\/#respond\"]}]},{\"@type\":\"WebPage\",\"@id\":\"https:\/\/luchonoticias.com\/editor\/alcaldes-de-tres-ciudades-portuarias-de-europa-visitaran-buenaventura-para-fortalecer-cooperacion-con-colombia\/\",\"url\":\"https:\/\/luchonoticias.com\/editor\/alcaldes-de-tres-ciudades-portuarias-de-europa-visitaran-buenaventura-para-fortalecer-cooperacion-con-colombia\/\",\"name\":\"Alcaldes de tres ciudades portuarias de Europa visitar\u00e1n Buenaventura para fortalecer cooperaci\u00f3n con Colombia -\",\"isPartOf\":{\"@id\":\"https:\/\/luchonoticias.com\/editor\/#website\"},\"datePublished\":\"2024-01-26T19:44:21+00:00\",\"dateModified\":\"2024-01-26T19:55:13+00:00\",\"breadcrumb\":{\"@id\":\"https:\/\/luchonoticias.com\/editor\/alcaldes-de-tres-ciudades-portuarias-de-europa-visitaran-buenaventura-para-fortalecer-cooperacion-con-colombia\/#breadcrumb\"},\"inLanguage\":\"es\",\"potentialAction\":[{\"@type\":\"ReadAction\",\"target\":[\"https:\/\/luchonoticias.com\/editor\/alcaldes-de-tres-ciudades-portuarias-de-europa-visitaran-buenaventura-para-fortalecer-cooperacion-con-colombia\/\"]}]},{\"@type\":\"BreadcrumbList\",\"@id\":\"https:\/\/luchonoticias.com\/editor\/alcaldes-de-tres-ciudades-portuarias-de-europa-visitaran-buenaventura-para-fortalecer-cooperacion-con-colombia\/#breadcrumb\",\"itemListElement\":[{\"@type\":\"ListItem\",\"position\":1,\"name\":\"Portada\",\"item\":\"https:\/\/luchonoticias.com\/editor\/\"},{\"@type\":\"ListItem\",\"position\":2,\"name\":\"Alcaldes de tres ciudades portuarias de Europa visitar\u00e1n Buenaventura para fortalecer cooperaci\u00f3n con Colombia\"}]},{\"@type\":\"WebSite\",\"@id\":\"https:\/\/luchonoticias.com\/editor\/#website\",\"url\":\"https:\/\/luchonoticias.com\/editor\/\",\"name\":\"\",\"description\":\"\",\"publisher\":{\"@id\":\"https:\/\/luchonoticias.com\/editor\/#\/schema\/person\/7a7fd911f58561fd056dbac7b55af9cd\"},\"potentialAction\":[{\"@type\":\"SearchAction\",\"target\":{\"@type\":\"EntryPoint\",\"urlTemplate\":\"https:\/\/luchonoticias.com\/editor\/?s={search_term_string}\"},\"query-input\":{\"@type\":\"PropertyValueSpecification\",\"valueRequired\":true,\"valueName\":\"search_term_string\"}}],\"inLanguage\":\"es\"},{\"@type\":[\"Person\",\"Organization\"],\"@id\":\"https:\/\/luchonoticias.com\/editor\/#\/schema\/person\/7a7fd911f58561fd056dbac7b55af9cd\",\"name\":\"admin\",\"image\":{\"@type\":\"ImageObject\",\"inLanguage\":\"es\",\"@id\":\"https:\/\/luchonoticias.com\/editor\/#\/schema\/person\/image\/\",\"url\":\"https:\/\/luchonoticias.com\/editor\/wp-content\/uploads\/2024\/02\/cropped-cropped-logolu.webp\",\"contentUrl\":\"https:\/\/luchonoticias.com\/editor\/wp-content\/uploads\/2024\/02\/cropped-cropped-logolu.webp\",\"width\":382,\"height\":170,\"caption\":\"admin\"},\"logo\":{\"@id\":\"https:\/\/luchonoticias.com\/editor\/#\/schema\/person\/image\/\"},\"sameAs\":[\"https:\/\/www.facebook.com\/luchonoticiasneiva\"]},{\"@type\":\"Person\",\"@id\":\"https:\/\/luchonoticias.com\/editor\/#\/schema\/person\/29217990ddf6f14e35912b2866d591fb\",\"name\":\"Editor General\",\"image\":{\"@type\":\"ImageObject\",\"inLanguage\":\"es\",\"@id\":\"https:\/\/luchonoticias.com\/editor\/#\/schema\/person\/image\/\",\"url\":\"https:\/\/luchonoticias.com\/editor\/wp-content\/uploads\/2024\/02\/cropped-cropped-logolu-150x150.webp\",\"contentUrl\":\"https:\/\/luchonoticias.com\/editor\/wp-content\/uploads\/2024\/02\/cropped-cropped-logolu-150x150.webp\",\"caption\":\"Editor General\"},\"sameAs\":[\"https:\/\/luchonoticias.com\/\"],\"url\":\"https:\/\/luchonoticias.com\/editor\/author\/editor-general\/\"}]}<\/script>\n<!-- \/ Yoast SEO plugin. -->","yoast_head_json":{"title":"Alcaldes de tres ciudades portuarias de Europa visitar\u00e1n Buenaventura para fortalecer cooperaci\u00f3n con Colombia -","robots":{"index":"index","follow":"follow","max-snippet":"max-snippet:-1","max-image-preview":"max-image-preview:large","max-video-preview":"max-video-preview:-1"},"canonical":"https:\/\/luchonoticias.com\/editor\/alcaldes-de-tres-ciudades-portuarias-de-europa-visitaran-buenaventura-para-fortalecer-cooperacion-con-colombia\/","og_locale":"es_ES","og_type":"article","og_title":"Alcaldes de tres ciudades portuarias de Europa visitar\u00e1n Buenaventura para fortalecer cooperaci\u00f3n con Colombia -","og_url":"https:\/\/luchonoticias.com\/editor\/alcaldes-de-tres-ciudades-portuarias-de-europa-visitaran-buenaventura-para-fortalecer-cooperacion-con-colombia\/","article_publisher":"https:\/\/www.facebook.com\/luchonoticiasneiva","article_published_time":"2024-01-26T19:44:21+00:00","article_modified_time":"2024-01-26T19:55:13+00:00","author":"Editor General","twitter_card":"summary_large_image","twitter_misc":{"Escrito por":"Editor General","Tiempo de lectura":"2 minutos"},"schema":{"@context":"https:\/\/schema.org","@graph":[{"@type":"Article","@id":"https:\/\/luchonoticias.com\/editor\/alcaldes-de-tres-ciudades-portuarias-de-europa-visitaran-buenaventura-para-fortalecer-cooperacion-con-colombia\/#article","isPartOf":{"@id":"https:\/\/luchonoticias.com\/editor\/alcaldes-de-tres-ciudades-portuarias-de-europa-visitaran-buenaventura-para-fortalecer-cooperacion-con-colombia\/"},"author":{"name":"Editor General","@id":"https:\/\/luchonoticias.com\/editor\/#\/schema\/person\/29217990ddf6f14e35912b2866d591fb"},"headline":"Alcaldes de tres ciudades portuarias de Europa visitar\u00e1n Buenaventura para fortalecer cooperaci\u00f3n con Colombia","datePublished":"2024-01-26T19:44:21+00:00","dateModified":"2024-01-26T19:55:13+00:00","mainEntityOfPage":{"@id":"https:\/\/luchonoticias.com\/editor\/alcaldes-de-tres-ciudades-portuarias-de-europa-visitaran-buenaventura-para-fortalecer-cooperacion-con-colombia\/"},"wordCount":443,"commentCount":0,"publisher":{"@id":"https:\/\/luchonoticias.com\/editor\/#\/schema\/person\/7a7fd911f58561fd056dbac7b55af9cd"},"articleSection":["Destacado","Nacional"],"inLanguage":"es","potentialAction":[{"@type":"CommentAction","name":"Comment","target":["https:\/\/luchonoticias.com\/editor\/alcaldes-de-tres-ciudades-portuarias-de-europa-visitaran-buenaventura-para-fortalecer-cooperacion-con-colombia\/#respond"]}]},{"@type":"WebPage","@id":"https:\/\/luchonoticias.com\/editor\/alcaldes-de-tres-ciudades-portuarias-de-europa-visitaran-buenaventura-para-fortalecer-cooperacion-con-colombia\/","url":"https:\/\/luchonoticias.com\/editor\/alcaldes-de-tres-ciudades-portuarias-de-europa-visitaran-buenaventura-para-fortalecer-cooperacion-con-colombia\/","name":"Alcaldes de tres ciudades portuarias de Europa visitar\u00e1n Buenaventura para fortalecer cooperaci\u00f3n con Colombia -","isPartOf":{"@id":"https:\/\/luchonoticias.com\/editor\/#website"},"datePublished":"2024-01-26T19:44:21+00:00","dateModified":"2024-01-26T19:55:13+00:00","breadcrumb":{"@id":"https:\/\/luchonoticias.com\/editor\/alcaldes-de-tres-ciudades-portuarias-de-europa-visitaran-buenaventura-para-fortalecer-cooperacion-con-colombia\/#breadcrumb"},"inLanguage":"es","potentialAction":[{"@type":"ReadAction","target":["https:\/\/luchonoticias.com\/editor\/alcaldes-de-tres-ciudades-portuarias-de-europa-visitaran-buenaventura-para-fortalecer-cooperacion-con-colombia\/"]}]},{"@type":"BreadcrumbList","@id":"https:\/\/luchonoticias.com\/editor\/alcaldes-de-tres-ciudades-portuarias-de-europa-visitaran-buenaventura-para-fortalecer-cooperacion-con-colombia\/#breadcrumb","itemListElement":[{"@type":"ListItem","position":1,"name":"Portada","item":"https:\/\/luchonoticias.com\/editor\/"},{"@type":"ListItem","position":2,"name":"Alcaldes de tres ciudades portuarias de Europa visitar\u00e1n Buenaventura para fortalecer cooperaci\u00f3n con Colombia"}]},{"@type":"WebSite","@id":"https:\/\/luchonoticias.com\/editor\/#website","url":"https:\/\/luchonoticias.com\/editor\/","name":"","description":"","publisher":{"@id":"https:\/\/luchonoticias.com\/editor\/#\/schema\/person\/7a7fd911f58561fd056dbac7b55af9cd"},"potentialAction":[{"@type":"SearchAction","target":{"@type":"EntryPoint","urlTemplate":"https:\/\/luchonoticias.com\/editor\/?s={search_term_string}"},"query-input":{"@type":"PropertyValueSpecification","valueRequired":true,"valueName":"search_term_string"}}],"inLanguage":"es"},{"@type":["Person","Organization"],"@id":"https:\/\/luchonoticias.com\/editor\/#\/schema\/person\/7a7fd911f58561fd056dbac7b55af9cd","name":"admin","image":{"@type":"ImageObject","inLanguage":"es","@id":"https:\/\/luchonoticias.com\/editor\/#\/schema\/person\/image\/","url":"https:\/\/luchonoticias.com\/editor\/wp-content\/uploads\/2024\/02\/cropped-cropped-logolu.webp","contentUrl":"https:\/\/luchonoticias.com\/editor\/wp-content\/uploads\/2024\/02\/cropped-cropped-logolu.webp","width":382,"height":170,"caption":"admin"},"logo":{"@id":"https:\/\/luchonoticias.com\/editor\/#\/schema\/person\/image\/"},"sameAs":["https:\/\/www.facebook.com\/luchonoticiasneiva"]},{"@type":"Person","@id":"https:\/\/luchonoticias.com\/editor\/#\/schema\/person\/29217990ddf6f14e35912b2866d591fb","name":"Editor General","image":{"@type":"ImageObject","inLanguage":"es","@id":"https:\/\/luchonoticias.com\/editor\/#\/schema\/person\/image\/","url":"https:\/\/luchonoticias.com\/editor\/wp-content\/uploads\/2024\/02\/cropped-cropped-logolu-150x150.webp","contentUrl":"https:\/\/luchonoticias.com\/editor\/wp-content\/uploads\/2024\/02\/cropped-cropped-logolu-150x150.webp","caption":"Editor General"},"sameAs":["https:\/\/luchonoticias.com\/"],"url":"https:\/\/luchonoticias.com\/editor\/author\/editor-general\/"}]}},"_links":{"self":[{"href":"https:\/\/luchonoticias.com\/editor\/wp-json\/wp\/v2\/posts\/67598","targetHints":{"allow":["GET"]}}],"collection":[{"href":"https:\/\/luchonoticias.com\/editor\/wp-json\/wp\/v2\/posts"}],"about":[{"href":"https:\/\/luchonoticias.com\/editor\/wp-json\/wp\/v2\/types\/post"}],"author":[{"embeddable":true,"href":"https:\/\/luchonoticias.com\/editor\/wp-json\/wp\/v2\/users\/2"}],"replies":[{"embeddable":true,"href":"https:\/\/luchonoticias.com\/editor\/wp-json\/wp\/v2\/comments?post=67598"}],"version-history":[{"count":0,"href":"https:\/\/luchonoticias.com\/editor\/wp-json\/wp\/v2\/posts\/67598\/revisions"}],"wp:attachment":[{"href":"https:\/\/luchonoticias.com\/editor\/wp-json\/wp\/v2\/media?parent=67598"}],"wp:term":[{"taxonomy":"category","embeddable":true,"href":"https:\/\/luchonoticias.com\/editor\/wp-json\/wp\/v2\/categories?post=67598"},{"taxonomy":"post_tag","embeddable":true,"href":"https:\/\/luchonoticias.com\/editor\/wp-json\/wp\/v2\/tags?post=67598"}],"curies":[{"name":"wp","href":"https:\/\/api.w.org\/{rel}","templated":true}]}}