{"id":67601,"date":"2024-01-26T14:53:31","date_gmt":"2024-01-26T19:53:31","guid":{"rendered":"https:\/\/luchonoticias.com\/?p=67601"},"modified":"2024-01-26T14:53:32","modified_gmt":"2024-01-26T19:53:32","slug":"colombia-esta-lista-para-otra-pandemia","status":"publish","type":"post","link":"https:\/\/luchonoticias.com\/editor\/colombia-esta-lista-para-otra-pandemia\/","title":{"rendered":"\u00bfColombia esta lista para otra pandemia?"},"content":{"rendered":"\n<p>La alerta de la Organizaci\u00f3n Mundial de la Salud&nbsp;(OMS)&nbsp;frente a agentes pat\u00f3genos que pueden ser m\u00e1s peligrosos que el Covid 19 permanece actualmente, adem\u00e1s de pedirle a los gobiernos de todo el mundo que est\u00e9n preparados. El aviso tambi\u00e9n sirvi\u00f3&nbsp;para&nbsp;analizar la actual situaci\u00f3n del pa\u00eds en materia m\u00e9dica.<\/p>\n\n\n\n<p>\u201cColombia no est\u00e1 preparada en materia de salud para una nueva pandemia. Tendremos mayor experiencia con todo lo vivido, un sinn\u00famero de muertes durante la pandemia pasada y esa experiencia que ahora tiene el sector salud y los m\u00e9dicos podr\u00eda ayudar algo. Pero, yo siento que todav\u00eda no estamos preparados\u201d,&nbsp;manifest\u00f3el&nbsp;segundo&nbsp;vicepresidente&nbsp;del&nbsp;Senado Didier Lobo.<\/p>\n\n\n\n<p>En Colombia, seg\u00fan cifras del&nbsp;Instituto Nacional de Salud, hay m\u00e1s de seis millones trescientos mil (6\u2019300.000)casos&nbsp;confirmados de Covid&nbsp;19,experiencia que dej\u00f3 ense\u00f1anzas para aplicar en el sector salud y que muestra la importancia de fortalecer el sistema en todo el pa\u00eds.<\/p>\n\n\n\n<p>\u201cColombia no tuvo la suficiente capacidad de hacer prevenci\u00f3n, de evitar que la gente se enfermara. El sistema de salud de Colombia tiene que prepararse, tiene que cambiar en ese sentido\u201d agreg\u00f3&nbsp;Herm\u00e1n Bayona,&nbsp;vicepresidente&nbsp;de la&nbsp;Federaci\u00f3n M\u00e9dica Colombiana.<\/p>\n\n\n\n<p>\u201cSe hace necesario&nbsp;que,&nbsp;en los territorios de la Colombia profunda, se instalen y se generen capacidades que nos permitan hacerle frente a esta situaci\u00f3n\u201d&nbsp;a\u00f1adi\u00f3&nbsp;Omar de Jes\u00fas Restrepo, Senador&nbsp;del&nbsp;Partido Comunes.<\/p>\n\n\n\n<p>Mientras el pa\u00eds sigue trabajando en&nbsp;medidas&nbsp;para&nbsp;prepararse ante cualquier reto en materia de salud. Frente a la llegada de la&nbsp;cepa de&nbsp;\u201cCovidJN1\u201d&nbsp;las recomendaciones por parte de las autoridades, est\u00e1n direccionadas a la prevenci\u00f3n. El uso de tapabocas, lavado frecuente de manos, vacunaci\u00f3n,&nbsp;entre otras medidas que servir\u00e1n para que el impacto en la ciudadan\u00eda sea m\u00ednimo.<\/p>\n","protected":false},"excerpt":{"rendered":"<p>La alerta de la Organizaci\u00f3n Mundial de la Salud&nbsp;(OMS)&nbsp;frente a agentes pat\u00f3genos que pueden ser m\u00e1s peligrosos que el Covid 19 permanece actualmente, adem\u00e1s de pedirle a los gobiernos de todo el mundo que est\u00e9n preparados. El aviso tambi\u00e9n sirvi\u00f3&nbsp;para&nbsp;analizar la actual situaci\u00f3n del pa\u00eds en materia m\u00e9dica. \u201cColombia no est\u00e1 preparada en materia de [&hellip;]<\/p>\n","protected":false},"author":2,"featured_media":0,"comment_status":"open","ping_status":"open","sticky":false,"template":"","format":"standard","meta":{"footnotes":""},"categories":[28,36],"tags":[],"class_list":["post-67601","post","type-post","status-publish","format-standard","hentry","category-actualidad","category-destacado"],"yoast_head":"<!-- This site is optimized with the Yoast SEO plugin v26.6 - https:\/\/yoast.com\/wordpress\/plugins\/seo\/ -->\n<title>\u00bfColombia esta lista para otra pandemia? -<\/title>\n<meta name=\"robots\" content=\"index, follow, max-snippet:-1, max-image-preview:large, max-video-preview:-1\" \/>\n<link rel=\"canonical\" href=\"https:\/\/luchonoticias.com\/editor\/colombia-esta-lista-para-otra-pandemia\/\" \/>\n<meta property=\"og:locale\" content=\"es_ES\" \/>\n<meta property=\"og:type\" content=\"article\" \/>\n<meta property=\"og:title\" content=\"\u00bfColombia esta lista para otra pandemia? -\" \/>\n<meta property=\"og:url\" content=\"https:\/\/luchonoticias.com\/editor\/colombia-esta-lista-para-otra-pandemia\/\" \/>\n<meta property=\"article:publisher\" content=\"https:\/\/www.facebook.com\/luchonoticiasneiva\" \/>\n<meta property=\"article:published_time\" content=\"2024-01-26T19:53:31+00:00\" \/>\n<meta property=\"article:modified_time\" content=\"2024-01-26T19:53:32+00:00\" \/>\n<meta name=\"author\" content=\"Editor General\" \/>\n<meta name=\"twitter:card\" content=\"summary_large_image\" \/>\n<meta name=\"twitter:label1\" content=\"Escrito por\" \/>\n\t<meta name=\"twitter:data1\" content=\"Editor General\" \/>\n\t<meta name=\"twitter:label2\" content=\"Tiempo de lectura\" \/>\n\t<meta name=\"twitter:data2\" content=\"2 minutos\" \/>\n<script type=\"application\/ld+json\" class=\"yoast-schema-graph\">{\"@context\":\"https:\/\/schema.org\",\"@graph\":[{\"@type\":\"Article\",\"@id\":\"https:\/\/luchonoticias.com\/editor\/colombia-esta-lista-para-otra-pandemia\/#article\",\"isPartOf\":{\"@id\":\"https:\/\/luchonoticias.com\/editor\/colombia-esta-lista-para-otra-pandemia\/\"},\"author\":{\"name\":\"Editor General\",\"@id\":\"https:\/\/luchonoticias.com\/editor\/#\/schema\/person\/29217990ddf6f14e35912b2866d591fb\"},\"headline\":\"\u00bfColombia esta lista para otra pandemia?\",\"datePublished\":\"2024-01-26T19:53:31+00:00\",\"dateModified\":\"2024-01-26T19:53:32+00:00\",\"mainEntityOfPage\":{\"@id\":\"https:\/\/luchonoticias.com\/editor\/colombia-esta-lista-para-otra-pandemia\/\"},\"wordCount\":352,\"commentCount\":0,\"publisher\":{\"@id\":\"https:\/\/luchonoticias.com\/editor\/#\/schema\/person\/7a7fd911f58561fd056dbac7b55af9cd\"},\"articleSection\":[\"Actualidad\",\"Destacado\"],\"inLanguage\":\"es\",\"potentialAction\":[{\"@type\":\"CommentAction\",\"name\":\"Comment\",\"target\":[\"https:\/\/luchonoticias.com\/editor\/colombia-esta-lista-para-otra-pandemia\/#respond\"]}]},{\"@type\":\"WebPage\",\"@id\":\"https:\/\/luchonoticias.com\/editor\/colombia-esta-lista-para-otra-pandemia\/\",\"url\":\"https:\/\/luchonoticias.com\/editor\/colombia-esta-lista-para-otra-pandemia\/\",\"name\":\"\u00bfColombia esta lista para otra pandemia? -\",\"isPartOf\":{\"@id\":\"https:\/\/luchonoticias.com\/editor\/#website\"},\"datePublished\":\"2024-01-26T19:53:31+00:00\",\"dateModified\":\"2024-01-26T19:53:32+00:00\",\"breadcrumb\":{\"@id\":\"https:\/\/luchonoticias.com\/editor\/colombia-esta-lista-para-otra-pandemia\/#breadcrumb\"},\"inLanguage\":\"es\",\"potentialAction\":[{\"@type\":\"ReadAction\",\"target\":[\"https:\/\/luchonoticias.com\/editor\/colombia-esta-lista-para-otra-pandemia\/\"]}]},{\"@type\":\"BreadcrumbList\",\"@id\":\"https:\/\/luchonoticias.com\/editor\/colombia-esta-lista-para-otra-pandemia\/#breadcrumb\",\"itemListElement\":[{\"@type\":\"ListItem\",\"position\":1,\"name\":\"Portada\",\"item\":\"https:\/\/luchonoticias.com\/editor\/\"},{\"@type\":\"ListItem\",\"position\":2,\"name\":\"\u00bfColombia esta lista para otra pandemia?\"}]},{\"@type\":\"WebSite\",\"@id\":\"https:\/\/luchonoticias.com\/editor\/#website\",\"url\":\"https:\/\/luchonoticias.com\/editor\/\",\"name\":\"\",\"description\":\"\",\"publisher\":{\"@id\":\"https:\/\/luchonoticias.com\/editor\/#\/schema\/person\/7a7fd911f58561fd056dbac7b55af9cd\"},\"potentialAction\":[{\"@type\":\"SearchAction\",\"target\":{\"@type\":\"EntryPoint\",\"urlTemplate\":\"https:\/\/luchonoticias.com\/editor\/?s={search_term_string}\"},\"query-input\":{\"@type\":\"PropertyValueSpecification\",\"valueRequired\":true,\"valueName\":\"search_term_string\"}}],\"inLanguage\":\"es\"},{\"@type\":[\"Person\",\"Organization\"],\"@id\":\"https:\/\/luchonoticias.com\/editor\/#\/schema\/person\/7a7fd911f58561fd056dbac7b55af9cd\",\"name\":\"admin\",\"image\":{\"@type\":\"ImageObject\",\"inLanguage\":\"es\",\"@id\":\"https:\/\/luchonoticias.com\/editor\/#\/schema\/person\/image\/\",\"url\":\"https:\/\/luchonoticias.com\/editor\/wp-content\/uploads\/2024\/02\/cropped-cropped-logolu.webp\",\"contentUrl\":\"https:\/\/luchonoticias.com\/editor\/wp-content\/uploads\/2024\/02\/cropped-cropped-logolu.webp\",\"width\":382,\"height\":170,\"caption\":\"admin\"},\"logo\":{\"@id\":\"https:\/\/luchonoticias.com\/editor\/#\/schema\/person\/image\/\"},\"sameAs\":[\"https:\/\/www.facebook.com\/luchonoticiasneiva\"]},{\"@type\":\"Person\",\"@id\":\"https:\/\/luchonoticias.com\/editor\/#\/schema\/person\/29217990ddf6f14e35912b2866d591fb\",\"name\":\"Editor General\",\"image\":{\"@type\":\"ImageObject\",\"inLanguage\":\"es\",\"@id\":\"https:\/\/luchonoticias.com\/editor\/#\/schema\/person\/image\/\",\"url\":\"https:\/\/luchonoticias.com\/editor\/wp-content\/uploads\/2024\/02\/cropped-cropped-logolu-150x150.webp\",\"contentUrl\":\"https:\/\/luchonoticias.com\/editor\/wp-content\/uploads\/2024\/02\/cropped-cropped-logolu-150x150.webp\",\"caption\":\"Editor General\"},\"sameAs\":[\"https:\/\/luchonoticias.com\/\"],\"url\":\"https:\/\/luchonoticias.com\/editor\/author\/editor-general\/\"}]}<\/script>\n<!-- \/ Yoast SEO plugin. -->","yoast_head_json":{"title":"\u00bfColombia esta lista para otra pandemia? -","robots":{"index":"index","follow":"follow","max-snippet":"max-snippet:-1","max-image-preview":"max-image-preview:large","max-video-preview":"max-video-preview:-1"},"canonical":"https:\/\/luchonoticias.com\/editor\/colombia-esta-lista-para-otra-pandemia\/","og_locale":"es_ES","og_type":"article","og_title":"\u00bfColombia esta lista para otra pandemia? -","og_url":"https:\/\/luchonoticias.com\/editor\/colombia-esta-lista-para-otra-pandemia\/","article_publisher":"https:\/\/www.facebook.com\/luchonoticiasneiva","article_published_time":"2024-01-26T19:53:31+00:00","article_modified_time":"2024-01-26T19:53:32+00:00","author":"Editor General","twitter_card":"summary_large_image","twitter_misc":{"Escrito por":"Editor General","Tiempo de lectura":"2 minutos"},"schema":{"@context":"https:\/\/schema.org","@graph":[{"@type":"Article","@id":"https:\/\/luchonoticias.com\/editor\/colombia-esta-lista-para-otra-pandemia\/#article","isPartOf":{"@id":"https:\/\/luchonoticias.com\/editor\/colombia-esta-lista-para-otra-pandemia\/"},"author":{"name":"Editor General","@id":"https:\/\/luchonoticias.com\/editor\/#\/schema\/person\/29217990ddf6f14e35912b2866d591fb"},"headline":"\u00bfColombia esta lista para otra pandemia?","datePublished":"2024-01-26T19:53:31+00:00","dateModified":"2024-01-26T19:53:32+00:00","mainEntityOfPage":{"@id":"https:\/\/luchonoticias.com\/editor\/colombia-esta-lista-para-otra-pandemia\/"},"wordCount":352,"commentCount":0,"publisher":{"@id":"https:\/\/luchonoticias.com\/editor\/#\/schema\/person\/7a7fd911f58561fd056dbac7b55af9cd"},"articleSection":["Actualidad","Destacado"],"inLanguage":"es","potentialAction":[{"@type":"CommentAction","name":"Comment","target":["https:\/\/luchonoticias.com\/editor\/colombia-esta-lista-para-otra-pandemia\/#respond"]}]},{"@type":"WebPage","@id":"https:\/\/luchonoticias.com\/editor\/colombia-esta-lista-para-otra-pandemia\/","url":"https:\/\/luchonoticias.com\/editor\/colombia-esta-lista-para-otra-pandemia\/","name":"\u00bfColombia esta lista para otra pandemia? -","isPartOf":{"@id":"https:\/\/luchonoticias.com\/editor\/#website"},"datePublished":"2024-01-26T19:53:31+00:00","dateModified":"2024-01-26T19:53:32+00:00","breadcrumb":{"@id":"https:\/\/luchonoticias.com\/editor\/colombia-esta-lista-para-otra-pandemia\/#breadcrumb"},"inLanguage":"es","potentialAction":[{"@type":"ReadAction","target":["https:\/\/luchonoticias.com\/editor\/colombia-esta-lista-para-otra-pandemia\/"]}]},{"@type":"BreadcrumbList","@id":"https:\/\/luchonoticias.com\/editor\/colombia-esta-lista-para-otra-pandemia\/#breadcrumb","itemListElement":[{"@type":"ListItem","position":1,"name":"Portada","item":"https:\/\/luchonoticias.com\/editor\/"},{"@type":"ListItem","position":2,"name":"\u00bfColombia esta lista para otra pandemia?"}]},{"@type":"WebSite","@id":"https:\/\/luchonoticias.com\/editor\/#website","url":"https:\/\/luchonoticias.com\/editor\/","name":"","description":"","publisher":{"@id":"https:\/\/luchonoticias.com\/editor\/#\/schema\/person\/7a7fd911f58561fd056dbac7b55af9cd"},"potentialAction":[{"@type":"SearchAction","target":{"@type":"EntryPoint","urlTemplate":"https:\/\/luchonoticias.com\/editor\/?s={search_term_string}"},"query-input":{"@type":"PropertyValueSpecification","valueRequired":true,"valueName":"search_term_string"}}],"inLanguage":"es"},{"@type":["Person","Organization"],"@id":"https:\/\/luchonoticias.com\/editor\/#\/schema\/person\/7a7fd911f58561fd056dbac7b55af9cd","name":"admin","image":{"@type":"ImageObject","inLanguage":"es","@id":"https:\/\/luchonoticias.com\/editor\/#\/schema\/person\/image\/","url":"https:\/\/luchonoticias.com\/editor\/wp-content\/uploads\/2024\/02\/cropped-cropped-logolu.webp","contentUrl":"https:\/\/luchonoticias.com\/editor\/wp-content\/uploads\/2024\/02\/cropped-cropped-logolu.webp","width":382,"height":170,"caption":"admin"},"logo":{"@id":"https:\/\/luchonoticias.com\/editor\/#\/schema\/person\/image\/"},"sameAs":["https:\/\/www.facebook.com\/luchonoticiasneiva"]},{"@type":"Person","@id":"https:\/\/luchonoticias.com\/editor\/#\/schema\/person\/29217990ddf6f14e35912b2866d591fb","name":"Editor General","image":{"@type":"ImageObject","inLanguage":"es","@id":"https:\/\/luchonoticias.com\/editor\/#\/schema\/person\/image\/","url":"https:\/\/luchonoticias.com\/editor\/wp-content\/uploads\/2024\/02\/cropped-cropped-logolu-150x150.webp","contentUrl":"https:\/\/luchonoticias.com\/editor\/wp-content\/uploads\/2024\/02\/cropped-cropped-logolu-150x150.webp","caption":"Editor General"},"sameAs":["https:\/\/luchonoticias.com\/"],"url":"https:\/\/luchonoticias.com\/editor\/author\/editor-general\/"}]}},"_links":{"self":[{"href":"https:\/\/luchonoticias.com\/editor\/wp-json\/wp\/v2\/posts\/67601","targetHints":{"allow":["GET"]}}],"collection":[{"href":"https:\/\/luchonoticias.com\/editor\/wp-json\/wp\/v2\/posts"}],"about":[{"href":"https:\/\/luchonoticias.com\/editor\/wp-json\/wp\/v2\/types\/post"}],"author":[{"embeddable":true,"href":"https:\/\/luchonoticias.com\/editor\/wp-json\/wp\/v2\/users\/2"}],"replies":[{"embeddable":true,"href":"https:\/\/luchonoticias.com\/editor\/wp-json\/wp\/v2\/comments?post=67601"}],"version-history":[{"count":0,"href":"https:\/\/luchonoticias.com\/editor\/wp-json\/wp\/v2\/posts\/67601\/revisions"}],"wp:attachment":[{"href":"https:\/\/luchonoticias.com\/editor\/wp-json\/wp\/v2\/media?parent=67601"}],"wp:term":[{"taxonomy":"category","embeddable":true,"href":"https:\/\/luchonoticias.com\/editor\/wp-json\/wp\/v2\/categories?post=67601"},{"taxonomy":"post_tag","embeddable":true,"href":"https:\/\/luchonoticias.com\/editor\/wp-json\/wp\/v2\/tags?post=67601"}],"curies":[{"name":"wp","href":"https:\/\/api.w.org\/{rel}","templated":true}]}}