{"id":67604,"date":"2024-01-26T17:58:02","date_gmt":"2024-01-26T22:58:02","guid":{"rendered":"https:\/\/luchonoticias.com\/?p=67604"},"modified":"2024-01-26T17:58:03","modified_gmt":"2024-01-26T22:58:03","slug":"a-la-carcel-policia-en-garzon-por-ladron","status":"publish","type":"post","link":"https:\/\/luchonoticias.com\/editor\/a-la-carcel-policia-en-garzon-por-ladron\/","title":{"rendered":"A la c\u00e1rcel polic\u00eda en Garz\u00f3n por ladr\u00f3n"},"content":{"rendered":"\n<p>Tres personas, entre ellas un polic\u00eda activo en el municipio de Garz\u00f3n, fueron enviados a la c\u00e1rcel por los delitos de hurto calificado y agravado y lesiones personales, los cuales no aceptaron haber cometido.<\/p>\n\n\n\n<p>Se trata del patrullero Diego Fernando C\u00e1rdenas Lozano, Mar\u00eda del Carmen Calder\u00f3n Ortiz y Jos\u00e9 Luis Calder\u00f3n Ortiz, estos dos \u00faltimos hermanos, quienes est\u00e1n siendo investigados por hechos ocurridos en el a\u00f1o 2019 cuando al parecer planearon el hurto a una vivienda de Garz\u00f3n, de la cual ten\u00edan informaci\u00f3n hab\u00eda una caja fuerte con una importante suma de dinero.<\/p>\n\n\n\n<p><strong>Los hechos<\/strong><\/p>\n\n\n\n<p>&nbsp;La v\u00edctima era conocida de Calder\u00f3n Ortiz, por lo que sab\u00eda la informaci\u00f3n precisa y as\u00ed trat\u00f3 de distraerlo sac\u00e1ndolo de la casa para permitirle el ingreso a terceros contratados para cometer el hurto. Fue as\u00ed como llegaron al lugar dos personas, una de ellas vistiendo una chaqueta de la Sijin para as\u00ed ingresar bajo la excusa de que realizar\u00edan un procedimiento oficial.<\/p>\n\n\n\n<p>En el momento en que la v\u00edctima sal\u00eda de su casa, les pidi\u00f3 que se identificaran ante lo cual lo amenazaron con un cuchillo y un arma de fuego, le manifestaron pertenecer a las disidencias de las Farc y lo obligaron a ingresar de nuevo.<\/p>\n\n\n\n<p>En medio de amenazas con que le cortar\u00edan una oreja y un dedo, empezaron a pedirle que les dijera d\u00f3nde estaba la caja fuerte y al no tener respuesta la buscaron por su cuenta logrando finalmente su cometido. Cuando se dispon\u00edan a marcharse, el ciudadano afectado se lanz\u00f3 sobre uno de ellos y fue golpeado por el otro con una varilla en la cabeza sufriendo heridas y una deformidad f\u00edsica en el rostro de forma permanente. Las lesiones le generaron una incapacidad m\u00e9dico legal de 35 d\u00edas.<\/p>\n\n\n\n<p>Durante el ataque vecinos se alertaron y lograron intervenir mientras que los agresores huyeron del lugar con dinero en efectivo y otros elementos, todo avaluado en $5.000.000; minutos despu\u00e9s fue capturado en flagrancia uno de ellos.<\/p>\n\n\n\n<p>Posteriormente fue imputado el otro atacante, y de igual manera fue judicializado otro exfuncionario de la Sij\u00edn quien se encontraba privado de la libertad por otra investigaci\u00f3n.<\/p>\n\n\n\n<p>Gracias a las labores investigativas por cerca de cuatro a\u00f1os, se logr\u00f3 establecer que presuntamente la mujer fue la determinadora del hurto lo cual ejecut\u00f3 en compa\u00f1\u00eda de su hermano y para el entonces su pareja sentimental, el polic\u00eda C\u00e1rdenas Lozano.<\/p>\n\n\n\n<p>Mar\u00eda del Carmen Calder\u00f3n Ortiz fue cobijada con medida de aseguramiento en su domicilio mientras que su hermano Jos\u00e9 Luis y su expareja, Diego Fernando C\u00e1rdenas Lozano, fueron afectados con medida de aseguramiento intramuros.<\/p>\n","protected":false},"excerpt":{"rendered":"<p>Tres personas, entre ellas un polic\u00eda activo en el municipio de Garz\u00f3n, fueron enviados a la c\u00e1rcel por los delitos de hurto calificado y agravado y lesiones personales, los cuales no aceptaron haber cometido. Se trata del patrullero Diego Fernando C\u00e1rdenas Lozano, Mar\u00eda del Carmen Calder\u00f3n Ortiz y Jos\u00e9 Luis Calder\u00f3n Ortiz, estos dos \u00faltimos [&hellip;]<\/p>\n","protected":false},"author":2,"featured_media":0,"comment_status":"open","ping_status":"open","sticky":false,"template":"","format":"standard","meta":{"footnotes":""},"categories":[36,29],"tags":[],"class_list":["post-67604","post","type-post","status-publish","format-standard","hentry","category-destacado","category-judicial"],"yoast_head":"<!-- This site is optimized with the Yoast SEO plugin v26.6 - https:\/\/yoast.com\/wordpress\/plugins\/seo\/ -->\n<title>A la c\u00e1rcel polic\u00eda en Garz\u00f3n por ladr\u00f3n -<\/title>\n<meta name=\"robots\" content=\"index, follow, max-snippet:-1, max-image-preview:large, max-video-preview:-1\" \/>\n<link rel=\"canonical\" href=\"https:\/\/luchonoticias.com\/editor\/a-la-carcel-policia-en-garzon-por-ladron\/\" \/>\n<meta property=\"og:locale\" content=\"es_ES\" \/>\n<meta property=\"og:type\" content=\"article\" \/>\n<meta property=\"og:title\" content=\"A la c\u00e1rcel polic\u00eda en Garz\u00f3n por ladr\u00f3n -\" \/>\n<meta property=\"og:url\" content=\"https:\/\/luchonoticias.com\/editor\/a-la-carcel-policia-en-garzon-por-ladron\/\" \/>\n<meta property=\"article:publisher\" content=\"https:\/\/www.facebook.com\/luchonoticiasneiva\" \/>\n<meta property=\"article:published_time\" content=\"2024-01-26T22:58:02+00:00\" \/>\n<meta property=\"article:modified_time\" content=\"2024-01-26T22:58:03+00:00\" \/>\n<meta name=\"author\" content=\"Editor General\" \/>\n<meta name=\"twitter:card\" content=\"summary_large_image\" \/>\n<meta name=\"twitter:label1\" content=\"Escrito por\" \/>\n\t<meta name=\"twitter:data1\" content=\"Editor General\" \/>\n\t<meta name=\"twitter:label2\" content=\"Tiempo de lectura\" \/>\n\t<meta name=\"twitter:data2\" content=\"2 minutos\" \/>\n<script type=\"application\/ld+json\" class=\"yoast-schema-graph\">{\"@context\":\"https:\/\/schema.org\",\"@graph\":[{\"@type\":\"Article\",\"@id\":\"https:\/\/luchonoticias.com\/editor\/a-la-carcel-policia-en-garzon-por-ladron\/#article\",\"isPartOf\":{\"@id\":\"https:\/\/luchonoticias.com\/editor\/a-la-carcel-policia-en-garzon-por-ladron\/\"},\"author\":{\"name\":\"Editor General\",\"@id\":\"https:\/\/luchonoticias.com\/editor\/#\/schema\/person\/29217990ddf6f14e35912b2866d591fb\"},\"headline\":\"A la c\u00e1rcel polic\u00eda en Garz\u00f3n por ladr\u00f3n\",\"datePublished\":\"2024-01-26T22:58:02+00:00\",\"dateModified\":\"2024-01-26T22:58:03+00:00\",\"mainEntityOfPage\":{\"@id\":\"https:\/\/luchonoticias.com\/editor\/a-la-carcel-policia-en-garzon-por-ladron\/\"},\"wordCount\":475,\"commentCount\":0,\"publisher\":{\"@id\":\"https:\/\/luchonoticias.com\/editor\/#\/schema\/person\/7a7fd911f58561fd056dbac7b55af9cd\"},\"articleSection\":[\"Destacado\",\"Judicial\"],\"inLanguage\":\"es\",\"potentialAction\":[{\"@type\":\"CommentAction\",\"name\":\"Comment\",\"target\":[\"https:\/\/luchonoticias.com\/editor\/a-la-carcel-policia-en-garzon-por-ladron\/#respond\"]}]},{\"@type\":\"WebPage\",\"@id\":\"https:\/\/luchonoticias.com\/editor\/a-la-carcel-policia-en-garzon-por-ladron\/\",\"url\":\"https:\/\/luchonoticias.com\/editor\/a-la-carcel-policia-en-garzon-por-ladron\/\",\"name\":\"A la c\u00e1rcel polic\u00eda en Garz\u00f3n por ladr\u00f3n -\",\"isPartOf\":{\"@id\":\"https:\/\/luchonoticias.com\/editor\/#website\"},\"datePublished\":\"2024-01-26T22:58:02+00:00\",\"dateModified\":\"2024-01-26T22:58:03+00:00\",\"breadcrumb\":{\"@id\":\"https:\/\/luchonoticias.com\/editor\/a-la-carcel-policia-en-garzon-por-ladron\/#breadcrumb\"},\"inLanguage\":\"es\",\"potentialAction\":[{\"@type\":\"ReadAction\",\"target\":[\"https:\/\/luchonoticias.com\/editor\/a-la-carcel-policia-en-garzon-por-ladron\/\"]}]},{\"@type\":\"BreadcrumbList\",\"@id\":\"https:\/\/luchonoticias.com\/editor\/a-la-carcel-policia-en-garzon-por-ladron\/#breadcrumb\",\"itemListElement\":[{\"@type\":\"ListItem\",\"position\":1,\"name\":\"Portada\",\"item\":\"https:\/\/luchonoticias.com\/editor\/\"},{\"@type\":\"ListItem\",\"position\":2,\"name\":\"A la c\u00e1rcel polic\u00eda en Garz\u00f3n por ladr\u00f3n\"}]},{\"@type\":\"WebSite\",\"@id\":\"https:\/\/luchonoticias.com\/editor\/#website\",\"url\":\"https:\/\/luchonoticias.com\/editor\/\",\"name\":\"\",\"description\":\"\",\"publisher\":{\"@id\":\"https:\/\/luchonoticias.com\/editor\/#\/schema\/person\/7a7fd911f58561fd056dbac7b55af9cd\"},\"potentialAction\":[{\"@type\":\"SearchAction\",\"target\":{\"@type\":\"EntryPoint\",\"urlTemplate\":\"https:\/\/luchonoticias.com\/editor\/?s={search_term_string}\"},\"query-input\":{\"@type\":\"PropertyValueSpecification\",\"valueRequired\":true,\"valueName\":\"search_term_string\"}}],\"inLanguage\":\"es\"},{\"@type\":[\"Person\",\"Organization\"],\"@id\":\"https:\/\/luchonoticias.com\/editor\/#\/schema\/person\/7a7fd911f58561fd056dbac7b55af9cd\",\"name\":\"admin\",\"image\":{\"@type\":\"ImageObject\",\"inLanguage\":\"es\",\"@id\":\"https:\/\/luchonoticias.com\/editor\/#\/schema\/person\/image\/\",\"url\":\"https:\/\/luchonoticias.com\/editor\/wp-content\/uploads\/2024\/02\/cropped-cropped-logolu.webp\",\"contentUrl\":\"https:\/\/luchonoticias.com\/editor\/wp-content\/uploads\/2024\/02\/cropped-cropped-logolu.webp\",\"width\":382,\"height\":170,\"caption\":\"admin\"},\"logo\":{\"@id\":\"https:\/\/luchonoticias.com\/editor\/#\/schema\/person\/image\/\"},\"sameAs\":[\"https:\/\/www.facebook.com\/luchonoticiasneiva\"]},{\"@type\":\"Person\",\"@id\":\"https:\/\/luchonoticias.com\/editor\/#\/schema\/person\/29217990ddf6f14e35912b2866d591fb\",\"name\":\"Editor General\",\"image\":{\"@type\":\"ImageObject\",\"inLanguage\":\"es\",\"@id\":\"https:\/\/luchonoticias.com\/editor\/#\/schema\/person\/image\/\",\"url\":\"https:\/\/luchonoticias.com\/editor\/wp-content\/uploads\/2024\/02\/cropped-cropped-logolu-150x150.webp\",\"contentUrl\":\"https:\/\/luchonoticias.com\/editor\/wp-content\/uploads\/2024\/02\/cropped-cropped-logolu-150x150.webp\",\"caption\":\"Editor General\"},\"sameAs\":[\"https:\/\/luchonoticias.com\/\"],\"url\":\"https:\/\/luchonoticias.com\/editor\/author\/editor-general\/\"}]}<\/script>\n<!-- \/ Yoast SEO plugin. -->","yoast_head_json":{"title":"A la c\u00e1rcel polic\u00eda en Garz\u00f3n por ladr\u00f3n -","robots":{"index":"index","follow":"follow","max-snippet":"max-snippet:-1","max-image-preview":"max-image-preview:large","max-video-preview":"max-video-preview:-1"},"canonical":"https:\/\/luchonoticias.com\/editor\/a-la-carcel-policia-en-garzon-por-ladron\/","og_locale":"es_ES","og_type":"article","og_title":"A la c\u00e1rcel polic\u00eda en Garz\u00f3n por ladr\u00f3n -","og_url":"https:\/\/luchonoticias.com\/editor\/a-la-carcel-policia-en-garzon-por-ladron\/","article_publisher":"https:\/\/www.facebook.com\/luchonoticiasneiva","article_published_time":"2024-01-26T22:58:02+00:00","article_modified_time":"2024-01-26T22:58:03+00:00","author":"Editor General","twitter_card":"summary_large_image","twitter_misc":{"Escrito por":"Editor General","Tiempo de lectura":"2 minutos"},"schema":{"@context":"https:\/\/schema.org","@graph":[{"@type":"Article","@id":"https:\/\/luchonoticias.com\/editor\/a-la-carcel-policia-en-garzon-por-ladron\/#article","isPartOf":{"@id":"https:\/\/luchonoticias.com\/editor\/a-la-carcel-policia-en-garzon-por-ladron\/"},"author":{"name":"Editor General","@id":"https:\/\/luchonoticias.com\/editor\/#\/schema\/person\/29217990ddf6f14e35912b2866d591fb"},"headline":"A la c\u00e1rcel polic\u00eda en Garz\u00f3n por ladr\u00f3n","datePublished":"2024-01-26T22:58:02+00:00","dateModified":"2024-01-26T22:58:03+00:00","mainEntityOfPage":{"@id":"https:\/\/luchonoticias.com\/editor\/a-la-carcel-policia-en-garzon-por-ladron\/"},"wordCount":475,"commentCount":0,"publisher":{"@id":"https:\/\/luchonoticias.com\/editor\/#\/schema\/person\/7a7fd911f58561fd056dbac7b55af9cd"},"articleSection":["Destacado","Judicial"],"inLanguage":"es","potentialAction":[{"@type":"CommentAction","name":"Comment","target":["https:\/\/luchonoticias.com\/editor\/a-la-carcel-policia-en-garzon-por-ladron\/#respond"]}]},{"@type":"WebPage","@id":"https:\/\/luchonoticias.com\/editor\/a-la-carcel-policia-en-garzon-por-ladron\/","url":"https:\/\/luchonoticias.com\/editor\/a-la-carcel-policia-en-garzon-por-ladron\/","name":"A la c\u00e1rcel polic\u00eda en Garz\u00f3n por ladr\u00f3n -","isPartOf":{"@id":"https:\/\/luchonoticias.com\/editor\/#website"},"datePublished":"2024-01-26T22:58:02+00:00","dateModified":"2024-01-26T22:58:03+00:00","breadcrumb":{"@id":"https:\/\/luchonoticias.com\/editor\/a-la-carcel-policia-en-garzon-por-ladron\/#breadcrumb"},"inLanguage":"es","potentialAction":[{"@type":"ReadAction","target":["https:\/\/luchonoticias.com\/editor\/a-la-carcel-policia-en-garzon-por-ladron\/"]}]},{"@type":"BreadcrumbList","@id":"https:\/\/luchonoticias.com\/editor\/a-la-carcel-policia-en-garzon-por-ladron\/#breadcrumb","itemListElement":[{"@type":"ListItem","position":1,"name":"Portada","item":"https:\/\/luchonoticias.com\/editor\/"},{"@type":"ListItem","position":2,"name":"A la c\u00e1rcel polic\u00eda en Garz\u00f3n por ladr\u00f3n"}]},{"@type":"WebSite","@id":"https:\/\/luchonoticias.com\/editor\/#website","url":"https:\/\/luchonoticias.com\/editor\/","name":"","description":"","publisher":{"@id":"https:\/\/luchonoticias.com\/editor\/#\/schema\/person\/7a7fd911f58561fd056dbac7b55af9cd"},"potentialAction":[{"@type":"SearchAction","target":{"@type":"EntryPoint","urlTemplate":"https:\/\/luchonoticias.com\/editor\/?s={search_term_string}"},"query-input":{"@type":"PropertyValueSpecification","valueRequired":true,"valueName":"search_term_string"}}],"inLanguage":"es"},{"@type":["Person","Organization"],"@id":"https:\/\/luchonoticias.com\/editor\/#\/schema\/person\/7a7fd911f58561fd056dbac7b55af9cd","name":"admin","image":{"@type":"ImageObject","inLanguage":"es","@id":"https:\/\/luchonoticias.com\/editor\/#\/schema\/person\/image\/","url":"https:\/\/luchonoticias.com\/editor\/wp-content\/uploads\/2024\/02\/cropped-cropped-logolu.webp","contentUrl":"https:\/\/luchonoticias.com\/editor\/wp-content\/uploads\/2024\/02\/cropped-cropped-logolu.webp","width":382,"height":170,"caption":"admin"},"logo":{"@id":"https:\/\/luchonoticias.com\/editor\/#\/schema\/person\/image\/"},"sameAs":["https:\/\/www.facebook.com\/luchonoticiasneiva"]},{"@type":"Person","@id":"https:\/\/luchonoticias.com\/editor\/#\/schema\/person\/29217990ddf6f14e35912b2866d591fb","name":"Editor General","image":{"@type":"ImageObject","inLanguage":"es","@id":"https:\/\/luchonoticias.com\/editor\/#\/schema\/person\/image\/","url":"https:\/\/luchonoticias.com\/editor\/wp-content\/uploads\/2024\/02\/cropped-cropped-logolu-150x150.webp","contentUrl":"https:\/\/luchonoticias.com\/editor\/wp-content\/uploads\/2024\/02\/cropped-cropped-logolu-150x150.webp","caption":"Editor General"},"sameAs":["https:\/\/luchonoticias.com\/"],"url":"https:\/\/luchonoticias.com\/editor\/author\/editor-general\/"}]}},"_links":{"self":[{"href":"https:\/\/luchonoticias.com\/editor\/wp-json\/wp\/v2\/posts\/67604","targetHints":{"allow":["GET"]}}],"collection":[{"href":"https:\/\/luchonoticias.com\/editor\/wp-json\/wp\/v2\/posts"}],"about":[{"href":"https:\/\/luchonoticias.com\/editor\/wp-json\/wp\/v2\/types\/post"}],"author":[{"embeddable":true,"href":"https:\/\/luchonoticias.com\/editor\/wp-json\/wp\/v2\/users\/2"}],"replies":[{"embeddable":true,"href":"https:\/\/luchonoticias.com\/editor\/wp-json\/wp\/v2\/comments?post=67604"}],"version-history":[{"count":0,"href":"https:\/\/luchonoticias.com\/editor\/wp-json\/wp\/v2\/posts\/67604\/revisions"}],"wp:attachment":[{"href":"https:\/\/luchonoticias.com\/editor\/wp-json\/wp\/v2\/media?parent=67604"}],"wp:term":[{"taxonomy":"category","embeddable":true,"href":"https:\/\/luchonoticias.com\/editor\/wp-json\/wp\/v2\/categories?post=67604"},{"taxonomy":"post_tag","embeddable":true,"href":"https:\/\/luchonoticias.com\/editor\/wp-json\/wp\/v2\/tags?post=67604"}],"curies":[{"name":"wp","href":"https:\/\/api.w.org\/{rel}","templated":true}]}}