{"id":67613,"date":"2024-01-27T07:42:46","date_gmt":"2024-01-27T12:42:46","guid":{"rendered":"https:\/\/luchonoticias.com\/?p=67613"},"modified":"2024-01-27T07:42:48","modified_gmt":"2024-01-27T12:42:48","slug":"abierta-convocatoria-para-seleccionar-el-afiche-oficial-de-la-version-63-del-festival-del-bambuco-en-san-juan-y-san-pedro-2024","status":"publish","type":"post","link":"https:\/\/luchonoticias.com\/editor\/abierta-convocatoria-para-seleccionar-el-afiche-oficial-de-la-version-63-del-festival-del-bambuco-en-san-juan-y-san-pedro-2024\/","title":{"rendered":"Abierta convocatoria para seleccionar el afiche oficial de la versi\u00f3n 63 del Festival del Bambuco en San Juan y San Pedro \u2013 2024"},"content":{"rendered":"\n<p>La Secretar\u00eda de Cultura del Huila, la Secretar\u00eda de Cultura de Neiva y Corposanpedro se complacen en anunciar la apertura de la convocatoria para la selecci\u00f3n del Afiche Oficial de la 63\u00aa edici\u00f3n del Festival del Bambuco en San Juan y San Pedro.<\/p>\n\n\n\n<p><strong>Bases de la Convocatoria:<\/strong><\/p>\n\n\n\n<p><strong><em>Condiciones Generales:<\/em><\/strong><\/p>\n\n\n\n<p>1.&nbsp;&nbsp;&nbsp;&nbsp;&nbsp;&nbsp;&nbsp;&nbsp;&nbsp;&nbsp;&nbsp; Podr\u00e1n participar personas jur\u00eddicas o naturales, agencias de publicidad, dise\u00f1adores gr\u00e1ficos, artistas pl\u00e1sticos, publicistas, ilustradores y proponentes de disciplinas afines del departamento del Huila.<\/p>\n\n\n\n<p>2.&nbsp;&nbsp;&nbsp;&nbsp;&nbsp;&nbsp;&nbsp;&nbsp;&nbsp;&nbsp;&nbsp; No podr\u00e1n participar funcionarios, contratistas ni servidores p\u00fablicos vinculados a las Secretar\u00edas de Cultura convocantes y\/o sus familiares, miembros de la junta directiva, empleados o contratistas de la entidad operadora del Festival y\/o sus familiares, as\u00ed como miembros del jurado calificador y\/o sus familiares.<\/p>\n\n\n\n<p>3.&nbsp;&nbsp;&nbsp;&nbsp;&nbsp;&nbsp;&nbsp;&nbsp;&nbsp;&nbsp;&nbsp; Con la entrega del dise\u00f1o, el proponente acoge y acepta las bases de la convocatoria.<\/p>\n\n\n\n<p>4.&nbsp;&nbsp;&nbsp;&nbsp;&nbsp;&nbsp;&nbsp;&nbsp;&nbsp;&nbsp;&nbsp; Las propuestas deber\u00e1n ser enviadas al correo secretario.cultura@huila.gov.co.<\/p>\n\n\n\n<p>5.&nbsp;&nbsp;&nbsp;&nbsp;&nbsp;&nbsp;&nbsp;&nbsp;&nbsp;&nbsp;&nbsp; El trabajo seleccionado pasar\u00e1 a ser propiedad del Festival del Bambuco en San Juan y San Pedro.<\/p>\n\n\n\n<p><strong>Fases para Convocatoria y Selecci\u00f3n:<\/strong><\/p>\n\n\n\n<p>Fase 1: Convocatoria y Recepci\u00f3n de Propuestas (26 de enero al 09 de febrero de 2024):<\/p>\n\n\n\n<p>&#8211; Tema: 63 Festival del Bambuco en San Juan y San Pedro, con \u00e9nfasis en la Vor\u00e1gine, la Gaitana, el R\u00edo Magdalena, la mitolog\u00eda, la m\u00fasica y la danza huilense.<\/p>\n\n\n\n<p>&#8211; Conceptos claros de dise\u00f1o y composici\u00f3n.<\/p>\n\n\n\n<p>&#8211; Propuesta original e in\u00e9dita.<\/p>\n\n\n\n<p>&#8211; Inclusi\u00f3n de caracteres espec\u00edficos.<\/p>\n\n\n\n<p>&#8211; Logos de entidades colaboradoras.<\/p>\n\n\n\n<p>&#8211; Descripci\u00f3n t\u00e9cnica y conceptual del dise\u00f1o (m\u00e1ximo 350 palabras).<\/p>\n\n\n\n<p>Fase 2: Selecci\u00f3n del Dise\u00f1o Finalista por Jurado Especializado (12 al 13 de febrero de 2024):<\/p>\n\n\n\n<p>&#8211; Decisi\u00f3n inapelable por mesa de jurados conformada por tres profesionales acad\u00e9micos del nivel regional.<\/p>\n\n\n\n<p>Publicaci\u00f3n de Resultados (14 de febrero de 2024):<\/p>\n\n\n\n<p>&#8211; Resultados en www.huila.gov.co y www.alcaldianeiva.gov.co.<\/p>\n\n\n\n<p><strong>Consideraciones Finales:<\/strong><\/p>\n\n\n\n<p>&#8211; La presentaci\u00f3n de propuestas implica la aceptaci\u00f3n de los t\u00e9rminos anteriores.<\/p>\n\n\n\n<p>&#8211; La convocatoria podr\u00eda declararse desierta.<\/p>\n\n\n\n<p>&#8211; Cualquier aspecto no especificado ser\u00e1 resuelto por el jurado calificador designado.<\/p>\n\n\n\n<p>Fase 3: Entrega de Est\u00edmulo:<\/p>\n\n\n\n<p>&#8211; El autor del dise\u00f1o seleccionado recibir\u00e1 un est\u00edmulo econ\u00f3mico de OCHO MILLONES DE PESOS (8,000,000,00 COP).<\/p>\n\n\n\n<p>&#8211; Entrega en acto p\u00fablico dentro de la programaci\u00f3n del festival, sujeta al cumplimiento de requisitos dispuestos por la entidad operadora.<\/p>\n\n\n\n<p>Agradecemos la participaci\u00f3n activa de la comunidad art\u00edstica del Huila en esta convocatoria, que busca enaltecer la identidad cultural a trav\u00e9s del dise\u00f1o del afiche oficial del 63 Festival del Bambuco en San Juan y San Pedro.<\/p>\n","protected":false},"excerpt":{"rendered":"<p>La Secretar\u00eda de Cultura del Huila, la Secretar\u00eda de Cultura de Neiva y Corposanpedro se complacen en anunciar la apertura de la convocatoria para la selecci\u00f3n del Afiche Oficial de la 63\u00aa edici\u00f3n del Festival del Bambuco en San Juan y San Pedro. Bases de la Convocatoria: Condiciones Generales: 1.&nbsp;&nbsp;&nbsp;&nbsp;&nbsp;&nbsp;&nbsp;&nbsp;&nbsp;&nbsp;&nbsp; Podr\u00e1n participar personas jur\u00eddicas o [&hellip;]<\/p>\n","protected":false},"author":2,"featured_media":0,"comment_status":"open","ping_status":"open","sticky":false,"template":"","format":"standard","meta":{"footnotes":""},"categories":[36,35],"tags":[],"class_list":["post-67613","post","type-post","status-publish","format-standard","hentry","category-destacado","category-regional"],"yoast_head":"<!-- This site is optimized with the Yoast SEO plugin v26.6 - https:\/\/yoast.com\/wordpress\/plugins\/seo\/ -->\n<title>Abierta convocatoria para seleccionar el afiche oficial de la versi\u00f3n 63 del Festival del Bambuco en San Juan y San Pedro \u2013 2024 -<\/title>\n<meta name=\"robots\" content=\"index, follow, max-snippet:-1, max-image-preview:large, max-video-preview:-1\" \/>\n<link rel=\"canonical\" href=\"https:\/\/luchonoticias.com\/editor\/abierta-convocatoria-para-seleccionar-el-afiche-oficial-de-la-version-63-del-festival-del-bambuco-en-san-juan-y-san-pedro-2024\/\" \/>\n<meta property=\"og:locale\" content=\"es_ES\" \/>\n<meta property=\"og:type\" content=\"article\" \/>\n<meta property=\"og:title\" content=\"Abierta convocatoria para seleccionar el afiche oficial de la versi\u00f3n 63 del Festival del Bambuco en San Juan y San Pedro \u2013 2024 -\" \/>\n<meta property=\"og:url\" content=\"https:\/\/luchonoticias.com\/editor\/abierta-convocatoria-para-seleccionar-el-afiche-oficial-de-la-version-63-del-festival-del-bambuco-en-san-juan-y-san-pedro-2024\/\" \/>\n<meta property=\"article:publisher\" content=\"https:\/\/www.facebook.com\/luchonoticiasneiva\" \/>\n<meta property=\"article:published_time\" content=\"2024-01-27T12:42:46+00:00\" \/>\n<meta property=\"article:modified_time\" content=\"2024-01-27T12:42:48+00:00\" \/>\n<meta name=\"author\" content=\"Editor General\" \/>\n<meta name=\"twitter:card\" content=\"summary_large_image\" \/>\n<meta name=\"twitter:label1\" content=\"Escrito por\" \/>\n\t<meta name=\"twitter:data1\" content=\"Editor General\" \/>\n\t<meta name=\"twitter:label2\" content=\"Tiempo de lectura\" \/>\n\t<meta name=\"twitter:data2\" content=\"2 minutos\" \/>\n<script type=\"application\/ld+json\" class=\"yoast-schema-graph\">{\"@context\":\"https:\/\/schema.org\",\"@graph\":[{\"@type\":\"Article\",\"@id\":\"https:\/\/luchonoticias.com\/editor\/abierta-convocatoria-para-seleccionar-el-afiche-oficial-de-la-version-63-del-festival-del-bambuco-en-san-juan-y-san-pedro-2024\/#article\",\"isPartOf\":{\"@id\":\"https:\/\/luchonoticias.com\/editor\/abierta-convocatoria-para-seleccionar-el-afiche-oficial-de-la-version-63-del-festival-del-bambuco-en-san-juan-y-san-pedro-2024\/\"},\"author\":{\"name\":\"Editor General\",\"@id\":\"https:\/\/luchonoticias.com\/editor\/#\/schema\/person\/29217990ddf6f14e35912b2866d591fb\"},\"headline\":\"Abierta convocatoria para seleccionar el afiche oficial de la versi\u00f3n 63 del Festival del Bambuco en San Juan y San Pedro \u2013 2024\",\"datePublished\":\"2024-01-27T12:42:46+00:00\",\"dateModified\":\"2024-01-27T12:42:48+00:00\",\"mainEntityOfPage\":{\"@id\":\"https:\/\/luchonoticias.com\/editor\/abierta-convocatoria-para-seleccionar-el-afiche-oficial-de-la-version-63-del-festival-del-bambuco-en-san-juan-y-san-pedro-2024\/\"},\"wordCount\":518,\"commentCount\":0,\"publisher\":{\"@id\":\"https:\/\/luchonoticias.com\/editor\/#\/schema\/person\/7a7fd911f58561fd056dbac7b55af9cd\"},\"articleSection\":[\"Destacado\",\"Regional\"],\"inLanguage\":\"es\",\"potentialAction\":[{\"@type\":\"CommentAction\",\"name\":\"Comment\",\"target\":[\"https:\/\/luchonoticias.com\/editor\/abierta-convocatoria-para-seleccionar-el-afiche-oficial-de-la-version-63-del-festival-del-bambuco-en-san-juan-y-san-pedro-2024\/#respond\"]}]},{\"@type\":\"WebPage\",\"@id\":\"https:\/\/luchonoticias.com\/editor\/abierta-convocatoria-para-seleccionar-el-afiche-oficial-de-la-version-63-del-festival-del-bambuco-en-san-juan-y-san-pedro-2024\/\",\"url\":\"https:\/\/luchonoticias.com\/editor\/abierta-convocatoria-para-seleccionar-el-afiche-oficial-de-la-version-63-del-festival-del-bambuco-en-san-juan-y-san-pedro-2024\/\",\"name\":\"Abierta convocatoria para seleccionar el afiche oficial de la versi\u00f3n 63 del Festival del Bambuco en San Juan y San Pedro \u2013 2024 -\",\"isPartOf\":{\"@id\":\"https:\/\/luchonoticias.com\/editor\/#website\"},\"datePublished\":\"2024-01-27T12:42:46+00:00\",\"dateModified\":\"2024-01-27T12:42:48+00:00\",\"breadcrumb\":{\"@id\":\"https:\/\/luchonoticias.com\/editor\/abierta-convocatoria-para-seleccionar-el-afiche-oficial-de-la-version-63-del-festival-del-bambuco-en-san-juan-y-san-pedro-2024\/#breadcrumb\"},\"inLanguage\":\"es\",\"potentialAction\":[{\"@type\":\"ReadAction\",\"target\":[\"https:\/\/luchonoticias.com\/editor\/abierta-convocatoria-para-seleccionar-el-afiche-oficial-de-la-version-63-del-festival-del-bambuco-en-san-juan-y-san-pedro-2024\/\"]}]},{\"@type\":\"BreadcrumbList\",\"@id\":\"https:\/\/luchonoticias.com\/editor\/abierta-convocatoria-para-seleccionar-el-afiche-oficial-de-la-version-63-del-festival-del-bambuco-en-san-juan-y-san-pedro-2024\/#breadcrumb\",\"itemListElement\":[{\"@type\":\"ListItem\",\"position\":1,\"name\":\"Portada\",\"item\":\"https:\/\/luchonoticias.com\/editor\/\"},{\"@type\":\"ListItem\",\"position\":2,\"name\":\"Abierta convocatoria para seleccionar el afiche oficial de la versi\u00f3n 63 del Festival del Bambuco en San Juan y San Pedro \u2013 2024\"}]},{\"@type\":\"WebSite\",\"@id\":\"https:\/\/luchonoticias.com\/editor\/#website\",\"url\":\"https:\/\/luchonoticias.com\/editor\/\",\"name\":\"\",\"description\":\"\",\"publisher\":{\"@id\":\"https:\/\/luchonoticias.com\/editor\/#\/schema\/person\/7a7fd911f58561fd056dbac7b55af9cd\"},\"potentialAction\":[{\"@type\":\"SearchAction\",\"target\":{\"@type\":\"EntryPoint\",\"urlTemplate\":\"https:\/\/luchonoticias.com\/editor\/?s={search_term_string}\"},\"query-input\":{\"@type\":\"PropertyValueSpecification\",\"valueRequired\":true,\"valueName\":\"search_term_string\"}}],\"inLanguage\":\"es\"},{\"@type\":[\"Person\",\"Organization\"],\"@id\":\"https:\/\/luchonoticias.com\/editor\/#\/schema\/person\/7a7fd911f58561fd056dbac7b55af9cd\",\"name\":\"admin\",\"image\":{\"@type\":\"ImageObject\",\"inLanguage\":\"es\",\"@id\":\"https:\/\/luchonoticias.com\/editor\/#\/schema\/person\/image\/\",\"url\":\"https:\/\/luchonoticias.com\/editor\/wp-content\/uploads\/2024\/02\/cropped-cropped-logolu.webp\",\"contentUrl\":\"https:\/\/luchonoticias.com\/editor\/wp-content\/uploads\/2024\/02\/cropped-cropped-logolu.webp\",\"width\":382,\"height\":170,\"caption\":\"admin\"},\"logo\":{\"@id\":\"https:\/\/luchonoticias.com\/editor\/#\/schema\/person\/image\/\"},\"sameAs\":[\"https:\/\/www.facebook.com\/luchonoticiasneiva\"]},{\"@type\":\"Person\",\"@id\":\"https:\/\/luchonoticias.com\/editor\/#\/schema\/person\/29217990ddf6f14e35912b2866d591fb\",\"name\":\"Editor General\",\"image\":{\"@type\":\"ImageObject\",\"inLanguage\":\"es\",\"@id\":\"https:\/\/luchonoticias.com\/editor\/#\/schema\/person\/image\/\",\"url\":\"https:\/\/luchonoticias.com\/editor\/wp-content\/uploads\/2024\/02\/cropped-cropped-logolu-150x150.webp\",\"contentUrl\":\"https:\/\/luchonoticias.com\/editor\/wp-content\/uploads\/2024\/02\/cropped-cropped-logolu-150x150.webp\",\"caption\":\"Editor General\"},\"sameAs\":[\"https:\/\/luchonoticias.com\/\"],\"url\":\"https:\/\/luchonoticias.com\/editor\/author\/editor-general\/\"}]}<\/script>\n<!-- \/ Yoast SEO plugin. -->","yoast_head_json":{"title":"Abierta convocatoria para seleccionar el afiche oficial de la versi\u00f3n 63 del Festival del Bambuco en San Juan y San Pedro \u2013 2024 -","robots":{"index":"index","follow":"follow","max-snippet":"max-snippet:-1","max-image-preview":"max-image-preview:large","max-video-preview":"max-video-preview:-1"},"canonical":"https:\/\/luchonoticias.com\/editor\/abierta-convocatoria-para-seleccionar-el-afiche-oficial-de-la-version-63-del-festival-del-bambuco-en-san-juan-y-san-pedro-2024\/","og_locale":"es_ES","og_type":"article","og_title":"Abierta convocatoria para seleccionar el afiche oficial de la versi\u00f3n 63 del Festival del Bambuco en San Juan y San Pedro \u2013 2024 -","og_url":"https:\/\/luchonoticias.com\/editor\/abierta-convocatoria-para-seleccionar-el-afiche-oficial-de-la-version-63-del-festival-del-bambuco-en-san-juan-y-san-pedro-2024\/","article_publisher":"https:\/\/www.facebook.com\/luchonoticiasneiva","article_published_time":"2024-01-27T12:42:46+00:00","article_modified_time":"2024-01-27T12:42:48+00:00","author":"Editor General","twitter_card":"summary_large_image","twitter_misc":{"Escrito por":"Editor General","Tiempo de lectura":"2 minutos"},"schema":{"@context":"https:\/\/schema.org","@graph":[{"@type":"Article","@id":"https:\/\/luchonoticias.com\/editor\/abierta-convocatoria-para-seleccionar-el-afiche-oficial-de-la-version-63-del-festival-del-bambuco-en-san-juan-y-san-pedro-2024\/#article","isPartOf":{"@id":"https:\/\/luchonoticias.com\/editor\/abierta-convocatoria-para-seleccionar-el-afiche-oficial-de-la-version-63-del-festival-del-bambuco-en-san-juan-y-san-pedro-2024\/"},"author":{"name":"Editor General","@id":"https:\/\/luchonoticias.com\/editor\/#\/schema\/person\/29217990ddf6f14e35912b2866d591fb"},"headline":"Abierta convocatoria para seleccionar el afiche oficial de la versi\u00f3n 63 del Festival del Bambuco en San Juan y San Pedro \u2013 2024","datePublished":"2024-01-27T12:42:46+00:00","dateModified":"2024-01-27T12:42:48+00:00","mainEntityOfPage":{"@id":"https:\/\/luchonoticias.com\/editor\/abierta-convocatoria-para-seleccionar-el-afiche-oficial-de-la-version-63-del-festival-del-bambuco-en-san-juan-y-san-pedro-2024\/"},"wordCount":518,"commentCount":0,"publisher":{"@id":"https:\/\/luchonoticias.com\/editor\/#\/schema\/person\/7a7fd911f58561fd056dbac7b55af9cd"},"articleSection":["Destacado","Regional"],"inLanguage":"es","potentialAction":[{"@type":"CommentAction","name":"Comment","target":["https:\/\/luchonoticias.com\/editor\/abierta-convocatoria-para-seleccionar-el-afiche-oficial-de-la-version-63-del-festival-del-bambuco-en-san-juan-y-san-pedro-2024\/#respond"]}]},{"@type":"WebPage","@id":"https:\/\/luchonoticias.com\/editor\/abierta-convocatoria-para-seleccionar-el-afiche-oficial-de-la-version-63-del-festival-del-bambuco-en-san-juan-y-san-pedro-2024\/","url":"https:\/\/luchonoticias.com\/editor\/abierta-convocatoria-para-seleccionar-el-afiche-oficial-de-la-version-63-del-festival-del-bambuco-en-san-juan-y-san-pedro-2024\/","name":"Abierta convocatoria para seleccionar el afiche oficial de la versi\u00f3n 63 del Festival del Bambuco en San Juan y San Pedro \u2013 2024 -","isPartOf":{"@id":"https:\/\/luchonoticias.com\/editor\/#website"},"datePublished":"2024-01-27T12:42:46+00:00","dateModified":"2024-01-27T12:42:48+00:00","breadcrumb":{"@id":"https:\/\/luchonoticias.com\/editor\/abierta-convocatoria-para-seleccionar-el-afiche-oficial-de-la-version-63-del-festival-del-bambuco-en-san-juan-y-san-pedro-2024\/#breadcrumb"},"inLanguage":"es","potentialAction":[{"@type":"ReadAction","target":["https:\/\/luchonoticias.com\/editor\/abierta-convocatoria-para-seleccionar-el-afiche-oficial-de-la-version-63-del-festival-del-bambuco-en-san-juan-y-san-pedro-2024\/"]}]},{"@type":"BreadcrumbList","@id":"https:\/\/luchonoticias.com\/editor\/abierta-convocatoria-para-seleccionar-el-afiche-oficial-de-la-version-63-del-festival-del-bambuco-en-san-juan-y-san-pedro-2024\/#breadcrumb","itemListElement":[{"@type":"ListItem","position":1,"name":"Portada","item":"https:\/\/luchonoticias.com\/editor\/"},{"@type":"ListItem","position":2,"name":"Abierta convocatoria para seleccionar el afiche oficial de la versi\u00f3n 63 del Festival del Bambuco en San Juan y San Pedro \u2013 2024"}]},{"@type":"WebSite","@id":"https:\/\/luchonoticias.com\/editor\/#website","url":"https:\/\/luchonoticias.com\/editor\/","name":"","description":"","publisher":{"@id":"https:\/\/luchonoticias.com\/editor\/#\/schema\/person\/7a7fd911f58561fd056dbac7b55af9cd"},"potentialAction":[{"@type":"SearchAction","target":{"@type":"EntryPoint","urlTemplate":"https:\/\/luchonoticias.com\/editor\/?s={search_term_string}"},"query-input":{"@type":"PropertyValueSpecification","valueRequired":true,"valueName":"search_term_string"}}],"inLanguage":"es"},{"@type":["Person","Organization"],"@id":"https:\/\/luchonoticias.com\/editor\/#\/schema\/person\/7a7fd911f58561fd056dbac7b55af9cd","name":"admin","image":{"@type":"ImageObject","inLanguage":"es","@id":"https:\/\/luchonoticias.com\/editor\/#\/schema\/person\/image\/","url":"https:\/\/luchonoticias.com\/editor\/wp-content\/uploads\/2024\/02\/cropped-cropped-logolu.webp","contentUrl":"https:\/\/luchonoticias.com\/editor\/wp-content\/uploads\/2024\/02\/cropped-cropped-logolu.webp","width":382,"height":170,"caption":"admin"},"logo":{"@id":"https:\/\/luchonoticias.com\/editor\/#\/schema\/person\/image\/"},"sameAs":["https:\/\/www.facebook.com\/luchonoticiasneiva"]},{"@type":"Person","@id":"https:\/\/luchonoticias.com\/editor\/#\/schema\/person\/29217990ddf6f14e35912b2866d591fb","name":"Editor General","image":{"@type":"ImageObject","inLanguage":"es","@id":"https:\/\/luchonoticias.com\/editor\/#\/schema\/person\/image\/","url":"https:\/\/luchonoticias.com\/editor\/wp-content\/uploads\/2024\/02\/cropped-cropped-logolu-150x150.webp","contentUrl":"https:\/\/luchonoticias.com\/editor\/wp-content\/uploads\/2024\/02\/cropped-cropped-logolu-150x150.webp","caption":"Editor General"},"sameAs":["https:\/\/luchonoticias.com\/"],"url":"https:\/\/luchonoticias.com\/editor\/author\/editor-general\/"}]}},"_links":{"self":[{"href":"https:\/\/luchonoticias.com\/editor\/wp-json\/wp\/v2\/posts\/67613","targetHints":{"allow":["GET"]}}],"collection":[{"href":"https:\/\/luchonoticias.com\/editor\/wp-json\/wp\/v2\/posts"}],"about":[{"href":"https:\/\/luchonoticias.com\/editor\/wp-json\/wp\/v2\/types\/post"}],"author":[{"embeddable":true,"href":"https:\/\/luchonoticias.com\/editor\/wp-json\/wp\/v2\/users\/2"}],"replies":[{"embeddable":true,"href":"https:\/\/luchonoticias.com\/editor\/wp-json\/wp\/v2\/comments?post=67613"}],"version-history":[{"count":0,"href":"https:\/\/luchonoticias.com\/editor\/wp-json\/wp\/v2\/posts\/67613\/revisions"}],"wp:attachment":[{"href":"https:\/\/luchonoticias.com\/editor\/wp-json\/wp\/v2\/media?parent=67613"}],"wp:term":[{"taxonomy":"category","embeddable":true,"href":"https:\/\/luchonoticias.com\/editor\/wp-json\/wp\/v2\/categories?post=67613"},{"taxonomy":"post_tag","embeddable":true,"href":"https:\/\/luchonoticias.com\/editor\/wp-json\/wp\/v2\/tags?post=67613"}],"curies":[{"name":"wp","href":"https:\/\/api.w.org\/{rel}","templated":true}]}}