{"id":67617,"date":"2024-01-27T07:47:34","date_gmt":"2024-01-27T12:47:34","guid":{"rendered":"https:\/\/luchonoticias.com\/?p=67617"},"modified":"2024-01-27T07:47:35","modified_gmt":"2024-01-27T12:47:35","slug":"policia-nacional-entrego-utiles-escolares-a-ninos-de-campoalegre","status":"publish","type":"post","link":"https:\/\/luchonoticias.com\/editor\/policia-nacional-entrego-utiles-escolares-a-ninos-de-campoalegre\/","title":{"rendered":"Polic\u00eda Nacional entreg\u00f3 \u00fatiles escolares a ni\u00f1os de Campoalegre"},"content":{"rendered":"\n<p>En una tarde de recreaci\u00f3n, cultura y entretenimiento, los 150 ni\u00f1os y ni\u00f1as fueron beneficiados con los \u00fatiles escolares entregados para sus jornadas acad\u00e9micas que dieron inicio d\u00edas atr\u00e1s y otras que comenzar\u00e1n la pr\u00f3xima semana.<\/p>\n\n\n\n<p>El coronel William Javier Lara Avenda\u00f1o, comandante del Departamento de la Polic\u00eda, asegur\u00f3 que estos espacios de acercamiento y relacionamiento con la primera infancia son fundamentales para evitar que su ni\u00f1ez se vea afectada por factores que ponen en riesgo su desarrollo y crecimiento.<\/p>\n\n\n\n<p>Esta misma actividad se llev\u00f3 a cabo en Iquira, Teruel y Algeciras donde cerca de 600 ni\u00f1os y ni\u00f1as se beneficiaron de los elementos acad\u00e9micos.<\/p>\n\n\n\n<figure class=\"wp-block-gallery has-nested-images columns-default is-cropped wp-block-gallery-1 is-layout-flex wp-block-gallery-is-layout-flex\">\n<figure class=\"wp-block-image size-large\"><img decoding=\"async\" data-id=\"67619\" src=\"https:\/\/luchonoticias.com\/wp-content\/uploads\/2024\/01\/WhatsApp-Image-2024-01-26-at-4.35.57-PM-1024x461.jpeg\" alt=\"\" class=\"wp-image-67619\"\/><\/figure>\n\n\n\n<figure class=\"wp-block-image size-large\"><img decoding=\"async\" data-id=\"67621\" src=\"https:\/\/luchonoticias.com\/wp-content\/uploads\/2024\/01\/WhatsApp-Image-2024-01-26-at-4.35.56-PM-1-1024x461.jpeg\" alt=\"\" class=\"wp-image-67621\"\/><\/figure>\n\n\n\n<figure class=\"wp-block-image size-large\"><img decoding=\"async\" data-id=\"67620\" src=\"https:\/\/luchonoticias.com\/wp-content\/uploads\/2024\/01\/WhatsApp-Image-2024-01-26-at-4.35.56-PM-2-1024x461.jpeg\" alt=\"\" class=\"wp-image-67620\"\/><\/figure>\n<\/figure>\n","protected":false},"excerpt":{"rendered":"<p>En una tarde de recreaci\u00f3n, cultura y entretenimiento, los 150 ni\u00f1os y ni\u00f1as fueron beneficiados con los \u00fatiles escolares entregados para sus jornadas acad\u00e9micas que dieron inicio d\u00edas atr\u00e1s y otras que comenzar\u00e1n la pr\u00f3xima semana. El coronel William Javier Lara Avenda\u00f1o, comandante del Departamento de la Polic\u00eda, asegur\u00f3 que estos espacios de acercamiento y [&hellip;]<\/p>\n","protected":false},"author":2,"featured_media":0,"comment_status":"open","ping_status":"open","sticky":false,"template":"","format":"standard","meta":{"footnotes":""},"categories":[3961,36],"tags":[],"class_list":["post-67617","post","type-post","status-publish","format-standard","hentry","category-comunidad","category-destacado"],"yoast_head":"<!-- This site is optimized with the Yoast SEO plugin v26.6 - https:\/\/yoast.com\/wordpress\/plugins\/seo\/ -->\n<title>Polic\u00eda Nacional entreg\u00f3 \u00fatiles escolares a ni\u00f1os de Campoalegre -<\/title>\n<meta name=\"robots\" content=\"index, follow, max-snippet:-1, max-image-preview:large, max-video-preview:-1\" \/>\n<link rel=\"canonical\" href=\"https:\/\/luchonoticias.com\/editor\/policia-nacional-entrego-utiles-escolares-a-ninos-de-campoalegre\/\" \/>\n<meta property=\"og:locale\" content=\"es_ES\" \/>\n<meta property=\"og:type\" content=\"article\" \/>\n<meta property=\"og:title\" content=\"Polic\u00eda Nacional entreg\u00f3 \u00fatiles escolares a ni\u00f1os de Campoalegre -\" \/>\n<meta property=\"og:url\" content=\"https:\/\/luchonoticias.com\/editor\/policia-nacional-entrego-utiles-escolares-a-ninos-de-campoalegre\/\" \/>\n<meta property=\"article:publisher\" content=\"https:\/\/www.facebook.com\/luchonoticiasneiva\" \/>\n<meta property=\"article:published_time\" content=\"2024-01-27T12:47:34+00:00\" \/>\n<meta property=\"article:modified_time\" content=\"2024-01-27T12:47:35+00:00\" \/>\n<meta property=\"og:image\" content=\"https:\/\/luchonoticias.com\/wp-content\/uploads\/2024\/01\/WhatsApp-Image-2024-01-26-at-4.35.57-PM-1024x461.jpeg\" \/>\n<meta name=\"author\" content=\"Editor General\" \/>\n<meta name=\"twitter:card\" content=\"summary_large_image\" \/>\n<meta name=\"twitter:label1\" content=\"Escrito por\" \/>\n\t<meta name=\"twitter:data1\" content=\"Editor General\" \/>\n\t<meta name=\"twitter:label2\" content=\"Tiempo de lectura\" \/>\n\t<meta name=\"twitter:data2\" content=\"1 minuto\" \/>\n<script type=\"application\/ld+json\" class=\"yoast-schema-graph\">{\"@context\":\"https:\/\/schema.org\",\"@graph\":[{\"@type\":\"Article\",\"@id\":\"https:\/\/luchonoticias.com\/editor\/policia-nacional-entrego-utiles-escolares-a-ninos-de-campoalegre\/#article\",\"isPartOf\":{\"@id\":\"https:\/\/luchonoticias.com\/editor\/policia-nacional-entrego-utiles-escolares-a-ninos-de-campoalegre\/\"},\"author\":{\"name\":\"Editor General\",\"@id\":\"https:\/\/luchonoticias.com\/editor\/#\/schema\/person\/29217990ddf6f14e35912b2866d591fb\"},\"headline\":\"Polic\u00eda Nacional entreg\u00f3 \u00fatiles escolares a ni\u00f1os de Campoalegre\",\"datePublished\":\"2024-01-27T12:47:34+00:00\",\"dateModified\":\"2024-01-27T12:47:35+00:00\",\"mainEntityOfPage\":{\"@id\":\"https:\/\/luchonoticias.com\/editor\/policia-nacional-entrego-utiles-escolares-a-ninos-de-campoalegre\/\"},\"wordCount\":128,\"commentCount\":0,\"publisher\":{\"@id\":\"https:\/\/luchonoticias.com\/editor\/#\/schema\/person\/7a7fd911f58561fd056dbac7b55af9cd\"},\"image\":{\"@id\":\"https:\/\/luchonoticias.com\/editor\/policia-nacional-entrego-utiles-escolares-a-ninos-de-campoalegre\/#primaryimage\"},\"thumbnailUrl\":\"https:\/\/luchonoticias.com\/wp-content\/uploads\/2024\/01\/WhatsApp-Image-2024-01-26-at-4.35.57-PM-1024x461.jpeg\",\"articleSection\":[\"Comunidad\",\"Destacado\"],\"inLanguage\":\"es\",\"potentialAction\":[{\"@type\":\"CommentAction\",\"name\":\"Comment\",\"target\":[\"https:\/\/luchonoticias.com\/editor\/policia-nacional-entrego-utiles-escolares-a-ninos-de-campoalegre\/#respond\"]}]},{\"@type\":\"WebPage\",\"@id\":\"https:\/\/luchonoticias.com\/editor\/policia-nacional-entrego-utiles-escolares-a-ninos-de-campoalegre\/\",\"url\":\"https:\/\/luchonoticias.com\/editor\/policia-nacional-entrego-utiles-escolares-a-ninos-de-campoalegre\/\",\"name\":\"Polic\u00eda Nacional entreg\u00f3 \u00fatiles escolares a ni\u00f1os de Campoalegre -\",\"isPartOf\":{\"@id\":\"https:\/\/luchonoticias.com\/editor\/#website\"},\"primaryImageOfPage\":{\"@id\":\"https:\/\/luchonoticias.com\/editor\/policia-nacional-entrego-utiles-escolares-a-ninos-de-campoalegre\/#primaryimage\"},\"image\":{\"@id\":\"https:\/\/luchonoticias.com\/editor\/policia-nacional-entrego-utiles-escolares-a-ninos-de-campoalegre\/#primaryimage\"},\"thumbnailUrl\":\"https:\/\/luchonoticias.com\/wp-content\/uploads\/2024\/01\/WhatsApp-Image-2024-01-26-at-4.35.57-PM-1024x461.jpeg\",\"datePublished\":\"2024-01-27T12:47:34+00:00\",\"dateModified\":\"2024-01-27T12:47:35+00:00\",\"breadcrumb\":{\"@id\":\"https:\/\/luchonoticias.com\/editor\/policia-nacional-entrego-utiles-escolares-a-ninos-de-campoalegre\/#breadcrumb\"},\"inLanguage\":\"es\",\"potentialAction\":[{\"@type\":\"ReadAction\",\"target\":[\"https:\/\/luchonoticias.com\/editor\/policia-nacional-entrego-utiles-escolares-a-ninos-de-campoalegre\/\"]}]},{\"@type\":\"ImageObject\",\"inLanguage\":\"es\",\"@id\":\"https:\/\/luchonoticias.com\/editor\/policia-nacional-entrego-utiles-escolares-a-ninos-de-campoalegre\/#primaryimage\",\"url\":\"https:\/\/luchonoticias.com\/wp-content\/uploads\/2024\/01\/WhatsApp-Image-2024-01-26-at-4.35.57-PM-1024x461.jpeg\",\"contentUrl\":\"https:\/\/luchonoticias.com\/wp-content\/uploads\/2024\/01\/WhatsApp-Image-2024-01-26-at-4.35.57-PM-1024x461.jpeg\"},{\"@type\":\"BreadcrumbList\",\"@id\":\"https:\/\/luchonoticias.com\/editor\/policia-nacional-entrego-utiles-escolares-a-ninos-de-campoalegre\/#breadcrumb\",\"itemListElement\":[{\"@type\":\"ListItem\",\"position\":1,\"name\":\"Portada\",\"item\":\"https:\/\/luchonoticias.com\/editor\/\"},{\"@type\":\"ListItem\",\"position\":2,\"name\":\"Polic\u00eda Nacional entreg\u00f3 \u00fatiles escolares a ni\u00f1os de Campoalegre\"}]},{\"@type\":\"WebSite\",\"@id\":\"https:\/\/luchonoticias.com\/editor\/#website\",\"url\":\"https:\/\/luchonoticias.com\/editor\/\",\"name\":\"\",\"description\":\"\",\"publisher\":{\"@id\":\"https:\/\/luchonoticias.com\/editor\/#\/schema\/person\/7a7fd911f58561fd056dbac7b55af9cd\"},\"potentialAction\":[{\"@type\":\"SearchAction\",\"target\":{\"@type\":\"EntryPoint\",\"urlTemplate\":\"https:\/\/luchonoticias.com\/editor\/?s={search_term_string}\"},\"query-input\":{\"@type\":\"PropertyValueSpecification\",\"valueRequired\":true,\"valueName\":\"search_term_string\"}}],\"inLanguage\":\"es\"},{\"@type\":[\"Person\",\"Organization\"],\"@id\":\"https:\/\/luchonoticias.com\/editor\/#\/schema\/person\/7a7fd911f58561fd056dbac7b55af9cd\",\"name\":\"admin\",\"image\":{\"@type\":\"ImageObject\",\"inLanguage\":\"es\",\"@id\":\"https:\/\/luchonoticias.com\/editor\/#\/schema\/person\/image\/\",\"url\":\"https:\/\/luchonoticias.com\/editor\/wp-content\/uploads\/2024\/02\/cropped-cropped-logolu.webp\",\"contentUrl\":\"https:\/\/luchonoticias.com\/editor\/wp-content\/uploads\/2024\/02\/cropped-cropped-logolu.webp\",\"width\":382,\"height\":170,\"caption\":\"admin\"},\"logo\":{\"@id\":\"https:\/\/luchonoticias.com\/editor\/#\/schema\/person\/image\/\"},\"sameAs\":[\"https:\/\/www.facebook.com\/luchonoticiasneiva\"]},{\"@type\":\"Person\",\"@id\":\"https:\/\/luchonoticias.com\/editor\/#\/schema\/person\/29217990ddf6f14e35912b2866d591fb\",\"name\":\"Editor General\",\"image\":{\"@type\":\"ImageObject\",\"inLanguage\":\"es\",\"@id\":\"https:\/\/luchonoticias.com\/editor\/#\/schema\/person\/image\/\",\"url\":\"https:\/\/luchonoticias.com\/editor\/wp-content\/uploads\/2024\/02\/cropped-cropped-logolu-150x150.webp\",\"contentUrl\":\"https:\/\/luchonoticias.com\/editor\/wp-content\/uploads\/2024\/02\/cropped-cropped-logolu-150x150.webp\",\"caption\":\"Editor General\"},\"sameAs\":[\"https:\/\/luchonoticias.com\/\"],\"url\":\"https:\/\/luchonoticias.com\/editor\/author\/editor-general\/\"}]}<\/script>\n<!-- \/ Yoast SEO plugin. -->","yoast_head_json":{"title":"Polic\u00eda Nacional entreg\u00f3 \u00fatiles escolares a ni\u00f1os de Campoalegre -","robots":{"index":"index","follow":"follow","max-snippet":"max-snippet:-1","max-image-preview":"max-image-preview:large","max-video-preview":"max-video-preview:-1"},"canonical":"https:\/\/luchonoticias.com\/editor\/policia-nacional-entrego-utiles-escolares-a-ninos-de-campoalegre\/","og_locale":"es_ES","og_type":"article","og_title":"Polic\u00eda Nacional entreg\u00f3 \u00fatiles escolares a ni\u00f1os de Campoalegre -","og_url":"https:\/\/luchonoticias.com\/editor\/policia-nacional-entrego-utiles-escolares-a-ninos-de-campoalegre\/","article_publisher":"https:\/\/www.facebook.com\/luchonoticiasneiva","article_published_time":"2024-01-27T12:47:34+00:00","article_modified_time":"2024-01-27T12:47:35+00:00","og_image":[{"url":"https:\/\/luchonoticias.com\/wp-content\/uploads\/2024\/01\/WhatsApp-Image-2024-01-26-at-4.35.57-PM-1024x461.jpeg","type":"","width":"","height":""}],"author":"Editor General","twitter_card":"summary_large_image","twitter_misc":{"Escrito por":"Editor General","Tiempo de lectura":"1 minuto"},"schema":{"@context":"https:\/\/schema.org","@graph":[{"@type":"Article","@id":"https:\/\/luchonoticias.com\/editor\/policia-nacional-entrego-utiles-escolares-a-ninos-de-campoalegre\/#article","isPartOf":{"@id":"https:\/\/luchonoticias.com\/editor\/policia-nacional-entrego-utiles-escolares-a-ninos-de-campoalegre\/"},"author":{"name":"Editor General","@id":"https:\/\/luchonoticias.com\/editor\/#\/schema\/person\/29217990ddf6f14e35912b2866d591fb"},"headline":"Polic\u00eda Nacional entreg\u00f3 \u00fatiles escolares a ni\u00f1os de Campoalegre","datePublished":"2024-01-27T12:47:34+00:00","dateModified":"2024-01-27T12:47:35+00:00","mainEntityOfPage":{"@id":"https:\/\/luchonoticias.com\/editor\/policia-nacional-entrego-utiles-escolares-a-ninos-de-campoalegre\/"},"wordCount":128,"commentCount":0,"publisher":{"@id":"https:\/\/luchonoticias.com\/editor\/#\/schema\/person\/7a7fd911f58561fd056dbac7b55af9cd"},"image":{"@id":"https:\/\/luchonoticias.com\/editor\/policia-nacional-entrego-utiles-escolares-a-ninos-de-campoalegre\/#primaryimage"},"thumbnailUrl":"https:\/\/luchonoticias.com\/wp-content\/uploads\/2024\/01\/WhatsApp-Image-2024-01-26-at-4.35.57-PM-1024x461.jpeg","articleSection":["Comunidad","Destacado"],"inLanguage":"es","potentialAction":[{"@type":"CommentAction","name":"Comment","target":["https:\/\/luchonoticias.com\/editor\/policia-nacional-entrego-utiles-escolares-a-ninos-de-campoalegre\/#respond"]}]},{"@type":"WebPage","@id":"https:\/\/luchonoticias.com\/editor\/policia-nacional-entrego-utiles-escolares-a-ninos-de-campoalegre\/","url":"https:\/\/luchonoticias.com\/editor\/policia-nacional-entrego-utiles-escolares-a-ninos-de-campoalegre\/","name":"Polic\u00eda Nacional entreg\u00f3 \u00fatiles escolares a ni\u00f1os de Campoalegre -","isPartOf":{"@id":"https:\/\/luchonoticias.com\/editor\/#website"},"primaryImageOfPage":{"@id":"https:\/\/luchonoticias.com\/editor\/policia-nacional-entrego-utiles-escolares-a-ninos-de-campoalegre\/#primaryimage"},"image":{"@id":"https:\/\/luchonoticias.com\/editor\/policia-nacional-entrego-utiles-escolares-a-ninos-de-campoalegre\/#primaryimage"},"thumbnailUrl":"https:\/\/luchonoticias.com\/wp-content\/uploads\/2024\/01\/WhatsApp-Image-2024-01-26-at-4.35.57-PM-1024x461.jpeg","datePublished":"2024-01-27T12:47:34+00:00","dateModified":"2024-01-27T12:47:35+00:00","breadcrumb":{"@id":"https:\/\/luchonoticias.com\/editor\/policia-nacional-entrego-utiles-escolares-a-ninos-de-campoalegre\/#breadcrumb"},"inLanguage":"es","potentialAction":[{"@type":"ReadAction","target":["https:\/\/luchonoticias.com\/editor\/policia-nacional-entrego-utiles-escolares-a-ninos-de-campoalegre\/"]}]},{"@type":"ImageObject","inLanguage":"es","@id":"https:\/\/luchonoticias.com\/editor\/policia-nacional-entrego-utiles-escolares-a-ninos-de-campoalegre\/#primaryimage","url":"https:\/\/luchonoticias.com\/wp-content\/uploads\/2024\/01\/WhatsApp-Image-2024-01-26-at-4.35.57-PM-1024x461.jpeg","contentUrl":"https:\/\/luchonoticias.com\/wp-content\/uploads\/2024\/01\/WhatsApp-Image-2024-01-26-at-4.35.57-PM-1024x461.jpeg"},{"@type":"BreadcrumbList","@id":"https:\/\/luchonoticias.com\/editor\/policia-nacional-entrego-utiles-escolares-a-ninos-de-campoalegre\/#breadcrumb","itemListElement":[{"@type":"ListItem","position":1,"name":"Portada","item":"https:\/\/luchonoticias.com\/editor\/"},{"@type":"ListItem","position":2,"name":"Polic\u00eda Nacional entreg\u00f3 \u00fatiles escolares a ni\u00f1os de Campoalegre"}]},{"@type":"WebSite","@id":"https:\/\/luchonoticias.com\/editor\/#website","url":"https:\/\/luchonoticias.com\/editor\/","name":"","description":"","publisher":{"@id":"https:\/\/luchonoticias.com\/editor\/#\/schema\/person\/7a7fd911f58561fd056dbac7b55af9cd"},"potentialAction":[{"@type":"SearchAction","target":{"@type":"EntryPoint","urlTemplate":"https:\/\/luchonoticias.com\/editor\/?s={search_term_string}"},"query-input":{"@type":"PropertyValueSpecification","valueRequired":true,"valueName":"search_term_string"}}],"inLanguage":"es"},{"@type":["Person","Organization"],"@id":"https:\/\/luchonoticias.com\/editor\/#\/schema\/person\/7a7fd911f58561fd056dbac7b55af9cd","name":"admin","image":{"@type":"ImageObject","inLanguage":"es","@id":"https:\/\/luchonoticias.com\/editor\/#\/schema\/person\/image\/","url":"https:\/\/luchonoticias.com\/editor\/wp-content\/uploads\/2024\/02\/cropped-cropped-logolu.webp","contentUrl":"https:\/\/luchonoticias.com\/editor\/wp-content\/uploads\/2024\/02\/cropped-cropped-logolu.webp","width":382,"height":170,"caption":"admin"},"logo":{"@id":"https:\/\/luchonoticias.com\/editor\/#\/schema\/person\/image\/"},"sameAs":["https:\/\/www.facebook.com\/luchonoticiasneiva"]},{"@type":"Person","@id":"https:\/\/luchonoticias.com\/editor\/#\/schema\/person\/29217990ddf6f14e35912b2866d591fb","name":"Editor General","image":{"@type":"ImageObject","inLanguage":"es","@id":"https:\/\/luchonoticias.com\/editor\/#\/schema\/person\/image\/","url":"https:\/\/luchonoticias.com\/editor\/wp-content\/uploads\/2024\/02\/cropped-cropped-logolu-150x150.webp","contentUrl":"https:\/\/luchonoticias.com\/editor\/wp-content\/uploads\/2024\/02\/cropped-cropped-logolu-150x150.webp","caption":"Editor General"},"sameAs":["https:\/\/luchonoticias.com\/"],"url":"https:\/\/luchonoticias.com\/editor\/author\/editor-general\/"}]}},"_links":{"self":[{"href":"https:\/\/luchonoticias.com\/editor\/wp-json\/wp\/v2\/posts\/67617","targetHints":{"allow":["GET"]}}],"collection":[{"href":"https:\/\/luchonoticias.com\/editor\/wp-json\/wp\/v2\/posts"}],"about":[{"href":"https:\/\/luchonoticias.com\/editor\/wp-json\/wp\/v2\/types\/post"}],"author":[{"embeddable":true,"href":"https:\/\/luchonoticias.com\/editor\/wp-json\/wp\/v2\/users\/2"}],"replies":[{"embeddable":true,"href":"https:\/\/luchonoticias.com\/editor\/wp-json\/wp\/v2\/comments?post=67617"}],"version-history":[{"count":0,"href":"https:\/\/luchonoticias.com\/editor\/wp-json\/wp\/v2\/posts\/67617\/revisions"}],"wp:attachment":[{"href":"https:\/\/luchonoticias.com\/editor\/wp-json\/wp\/v2\/media?parent=67617"}],"wp:term":[{"taxonomy":"category","embeddable":true,"href":"https:\/\/luchonoticias.com\/editor\/wp-json\/wp\/v2\/categories?post=67617"},{"taxonomy":"post_tag","embeddable":true,"href":"https:\/\/luchonoticias.com\/editor\/wp-json\/wp\/v2\/tags?post=67617"}],"curies":[{"name":"wp","href":"https:\/\/api.w.org\/{rel}","templated":true}]}}