{"id":67623,"date":"2024-01-27T07:50:01","date_gmt":"2024-01-27T12:50:01","guid":{"rendered":"https:\/\/luchonoticias.com\/?p=67623"},"modified":"2024-01-27T07:50:02","modified_gmt":"2024-01-27T12:50:02","slug":"arremetida-contra-la-delincuencia-en-pitalito","status":"publish","type":"post","link":"https:\/\/luchonoticias.com\/editor\/arremetida-contra-la-delincuencia-en-pitalito\/","title":{"rendered":"Arremetida contra la delincuencia en Pitalito"},"content":{"rendered":"\n<p>Dura arremetida de la Polic\u00eda Nacional en el municipio de Pitalito contra la delincuencia, en las \u00faltimas horas fue capturado un sujeto en el barrio Agua Blanca momentos en que fue requerido por uniformados del UNDMO que se encuentran apoyando el valle de Laboyos, el sujeto llevaba consigo un rev\u00f3lver con un cartucho o munici\u00f3n de guerra.<\/p>\n\n\n\n<figure class=\"wp-block-gallery has-nested-images columns-default is-cropped wp-block-gallery-1 is-layout-flex wp-block-gallery-is-layout-flex\">\n<figure class=\"wp-block-image size-large\"><img decoding=\"async\" data-id=\"67625\" src=\"https:\/\/luchonoticias.com\/wp-content\/uploads\/2024\/01\/WhatsApp-Image-2024-01-26-at-9.15.26-PM-1-1024x870.jpeg\" alt=\"\" class=\"wp-image-67625\"\/><\/figure>\n\n\n\n<figure class=\"wp-block-image size-large\"><img decoding=\"async\" data-id=\"67626\" src=\"https:\/\/luchonoticias.com\/wp-content\/uploads\/2024\/01\/WhatsApp-Image-2024-01-26-at-9.15.26-PM-1024x1008.jpeg\" alt=\"\" class=\"wp-image-67626\"\/><\/figure>\n<\/figure>\n\n\n\n<p>Este individuo de 27 a\u00f1os de edad y oriundo de Oporapa, vereda El Carmen fue dejado a disposici\u00f3n de la autoridad judicial competente por el presunto delito de tr\u00e1fico fabricaci\u00f3n o porte de estupefacientes.<\/p>\n\n\n\n<p>As\u00ed mismo, en el parque principal del municipio fueron capturados dos sujetos momentos en que se agred\u00edan mutuamente producto de una ri\u00f1a, los dos hombres fueron conducidos a la estaci\u00f3n de polic\u00eda y puestos a disposici\u00f3n de la autoridad judicial competente por el delito de lesiones personales.<\/p>\n\n\n\n<figure class=\"wp-block-gallery has-nested-images columns-default is-cropped wp-block-gallery-2 is-layout-flex wp-block-gallery-is-layout-flex\">\n<figure class=\"wp-block-image size-large\"><img decoding=\"async\" data-id=\"67629\" src=\"https:\/\/luchonoticias.com\/wp-content\/uploads\/2024\/01\/WhatsApp-Image-2024-01-26-at-9.15.29-PM-1024x766.jpeg\" alt=\"\" class=\"wp-image-67629\"\/><\/figure>\n\n\n\n<figure class=\"wp-block-image size-large\"><img decoding=\"async\" data-id=\"67628\" src=\"https:\/\/luchonoticias.com\/wp-content\/uploads\/2024\/01\/WhatsApp-Image-2024-01-26-at-9.15.28-PM-1-1024x766.jpeg\" alt=\"\" class=\"wp-image-67628\"\/><\/figure>\n\n\n\n<figure class=\"wp-block-image size-large\"><img decoding=\"async\" data-id=\"67627\" src=\"https:\/\/luchonoticias.com\/wp-content\/uploads\/2024\/01\/WhatsApp-Image-2024-01-26-at-9.15.27-PM-1024x461.jpeg\" alt=\"\" class=\"wp-image-67627\"\/><\/figure>\n<\/figure>\n\n\n\n<p>El coronel William Javier Lara Avenda\u00f1o comandante del departamento de polic\u00eda Huila asegur\u00f3 que estas capturas registradas en Pitalito durante los \u00faltimos d\u00edas son producto de la acci\u00f3n policial contra el crimen com\u00fan y organizado.<\/p>\n","protected":false},"excerpt":{"rendered":"<p>Dura arremetida de la Polic\u00eda Nacional en el municipio de Pitalito contra la delincuencia, en las \u00faltimas horas fue capturado un sujeto en el barrio Agua Blanca momentos en que fue requerido por uniformados del UNDMO que se encuentran apoyando el valle de Laboyos, el sujeto llevaba consigo un rev\u00f3lver con un cartucho o munici\u00f3n [&hellip;]<\/p>\n","protected":false},"author":2,"featured_media":0,"comment_status":"open","ping_status":"open","sticky":false,"template":"","format":"standard","meta":{"footnotes":""},"categories":[36,29],"tags":[],"class_list":["post-67623","post","type-post","status-publish","format-standard","hentry","category-destacado","category-judicial"],"yoast_head":"<!-- This site is optimized with the Yoast SEO plugin v26.6 - https:\/\/yoast.com\/wordpress\/plugins\/seo\/ -->\n<title>Arremetida contra la delincuencia en Pitalito -<\/title>\n<meta name=\"robots\" content=\"index, follow, max-snippet:-1, max-image-preview:large, max-video-preview:-1\" \/>\n<link rel=\"canonical\" href=\"https:\/\/luchonoticias.com\/editor\/arremetida-contra-la-delincuencia-en-pitalito\/\" \/>\n<meta property=\"og:locale\" content=\"es_ES\" \/>\n<meta property=\"og:type\" content=\"article\" \/>\n<meta property=\"og:title\" content=\"Arremetida contra la delincuencia en Pitalito -\" \/>\n<meta property=\"og:url\" content=\"https:\/\/luchonoticias.com\/editor\/arremetida-contra-la-delincuencia-en-pitalito\/\" \/>\n<meta property=\"article:publisher\" content=\"https:\/\/www.facebook.com\/luchonoticiasneiva\" \/>\n<meta property=\"article:published_time\" content=\"2024-01-27T12:50:01+00:00\" \/>\n<meta property=\"article:modified_time\" content=\"2024-01-27T12:50:02+00:00\" \/>\n<meta property=\"og:image\" content=\"https:\/\/luchonoticias.com\/wp-content\/uploads\/2024\/01\/WhatsApp-Image-2024-01-26-at-9.15.26-PM-1-1024x870.jpeg\" \/>\n<meta name=\"author\" content=\"Editor General\" \/>\n<meta name=\"twitter:card\" content=\"summary_large_image\" \/>\n<meta name=\"twitter:label1\" content=\"Escrito por\" \/>\n\t<meta name=\"twitter:data1\" content=\"Editor General\" \/>\n\t<meta name=\"twitter:label2\" content=\"Tiempo de lectura\" \/>\n\t<meta name=\"twitter:data2\" content=\"1 minuto\" \/>\n<script type=\"application\/ld+json\" class=\"yoast-schema-graph\">{\"@context\":\"https:\/\/schema.org\",\"@graph\":[{\"@type\":\"Article\",\"@id\":\"https:\/\/luchonoticias.com\/editor\/arremetida-contra-la-delincuencia-en-pitalito\/#article\",\"isPartOf\":{\"@id\":\"https:\/\/luchonoticias.com\/editor\/arremetida-contra-la-delincuencia-en-pitalito\/\"},\"author\":{\"name\":\"Editor General\",\"@id\":\"https:\/\/luchonoticias.com\/editor\/#\/schema\/person\/29217990ddf6f14e35912b2866d591fb\"},\"headline\":\"Arremetida contra la delincuencia en Pitalito\",\"datePublished\":\"2024-01-27T12:50:01+00:00\",\"dateModified\":\"2024-01-27T12:50:02+00:00\",\"mainEntityOfPage\":{\"@id\":\"https:\/\/luchonoticias.com\/editor\/arremetida-contra-la-delincuencia-en-pitalito\/\"},\"wordCount\":195,\"commentCount\":0,\"publisher\":{\"@id\":\"https:\/\/luchonoticias.com\/editor\/#\/schema\/person\/7a7fd911f58561fd056dbac7b55af9cd\"},\"image\":{\"@id\":\"https:\/\/luchonoticias.com\/editor\/arremetida-contra-la-delincuencia-en-pitalito\/#primaryimage\"},\"thumbnailUrl\":\"https:\/\/luchonoticias.com\/wp-content\/uploads\/2024\/01\/WhatsApp-Image-2024-01-26-at-9.15.26-PM-1-1024x870.jpeg\",\"articleSection\":[\"Destacado\",\"Judicial\"],\"inLanguage\":\"es\",\"potentialAction\":[{\"@type\":\"CommentAction\",\"name\":\"Comment\",\"target\":[\"https:\/\/luchonoticias.com\/editor\/arremetida-contra-la-delincuencia-en-pitalito\/#respond\"]}]},{\"@type\":\"WebPage\",\"@id\":\"https:\/\/luchonoticias.com\/editor\/arremetida-contra-la-delincuencia-en-pitalito\/\",\"url\":\"https:\/\/luchonoticias.com\/editor\/arremetida-contra-la-delincuencia-en-pitalito\/\",\"name\":\"Arremetida contra la delincuencia en Pitalito -\",\"isPartOf\":{\"@id\":\"https:\/\/luchonoticias.com\/editor\/#website\"},\"primaryImageOfPage\":{\"@id\":\"https:\/\/luchonoticias.com\/editor\/arremetida-contra-la-delincuencia-en-pitalito\/#primaryimage\"},\"image\":{\"@id\":\"https:\/\/luchonoticias.com\/editor\/arremetida-contra-la-delincuencia-en-pitalito\/#primaryimage\"},\"thumbnailUrl\":\"https:\/\/luchonoticias.com\/wp-content\/uploads\/2024\/01\/WhatsApp-Image-2024-01-26-at-9.15.26-PM-1-1024x870.jpeg\",\"datePublished\":\"2024-01-27T12:50:01+00:00\",\"dateModified\":\"2024-01-27T12:50:02+00:00\",\"breadcrumb\":{\"@id\":\"https:\/\/luchonoticias.com\/editor\/arremetida-contra-la-delincuencia-en-pitalito\/#breadcrumb\"},\"inLanguage\":\"es\",\"potentialAction\":[{\"@type\":\"ReadAction\",\"target\":[\"https:\/\/luchonoticias.com\/editor\/arremetida-contra-la-delincuencia-en-pitalito\/\"]}]},{\"@type\":\"ImageObject\",\"inLanguage\":\"es\",\"@id\":\"https:\/\/luchonoticias.com\/editor\/arremetida-contra-la-delincuencia-en-pitalito\/#primaryimage\",\"url\":\"https:\/\/luchonoticias.com\/wp-content\/uploads\/2024\/01\/WhatsApp-Image-2024-01-26-at-9.15.26-PM-1-1024x870.jpeg\",\"contentUrl\":\"https:\/\/luchonoticias.com\/wp-content\/uploads\/2024\/01\/WhatsApp-Image-2024-01-26-at-9.15.26-PM-1-1024x870.jpeg\"},{\"@type\":\"BreadcrumbList\",\"@id\":\"https:\/\/luchonoticias.com\/editor\/arremetida-contra-la-delincuencia-en-pitalito\/#breadcrumb\",\"itemListElement\":[{\"@type\":\"ListItem\",\"position\":1,\"name\":\"Portada\",\"item\":\"https:\/\/luchonoticias.com\/editor\/\"},{\"@type\":\"ListItem\",\"position\":2,\"name\":\"Arremetida contra la delincuencia en Pitalito\"}]},{\"@type\":\"WebSite\",\"@id\":\"https:\/\/luchonoticias.com\/editor\/#website\",\"url\":\"https:\/\/luchonoticias.com\/editor\/\",\"name\":\"\",\"description\":\"\",\"publisher\":{\"@id\":\"https:\/\/luchonoticias.com\/editor\/#\/schema\/person\/7a7fd911f58561fd056dbac7b55af9cd\"},\"potentialAction\":[{\"@type\":\"SearchAction\",\"target\":{\"@type\":\"EntryPoint\",\"urlTemplate\":\"https:\/\/luchonoticias.com\/editor\/?s={search_term_string}\"},\"query-input\":{\"@type\":\"PropertyValueSpecification\",\"valueRequired\":true,\"valueName\":\"search_term_string\"}}],\"inLanguage\":\"es\"},{\"@type\":[\"Person\",\"Organization\"],\"@id\":\"https:\/\/luchonoticias.com\/editor\/#\/schema\/person\/7a7fd911f58561fd056dbac7b55af9cd\",\"name\":\"admin\",\"image\":{\"@type\":\"ImageObject\",\"inLanguage\":\"es\",\"@id\":\"https:\/\/luchonoticias.com\/editor\/#\/schema\/person\/image\/\",\"url\":\"https:\/\/luchonoticias.com\/editor\/wp-content\/uploads\/2024\/02\/cropped-cropped-logolu.webp\",\"contentUrl\":\"https:\/\/luchonoticias.com\/editor\/wp-content\/uploads\/2024\/02\/cropped-cropped-logolu.webp\",\"width\":382,\"height\":170,\"caption\":\"admin\"},\"logo\":{\"@id\":\"https:\/\/luchonoticias.com\/editor\/#\/schema\/person\/image\/\"},\"sameAs\":[\"https:\/\/www.facebook.com\/luchonoticiasneiva\"]},{\"@type\":\"Person\",\"@id\":\"https:\/\/luchonoticias.com\/editor\/#\/schema\/person\/29217990ddf6f14e35912b2866d591fb\",\"name\":\"Editor General\",\"image\":{\"@type\":\"ImageObject\",\"inLanguage\":\"es\",\"@id\":\"https:\/\/luchonoticias.com\/editor\/#\/schema\/person\/image\/\",\"url\":\"https:\/\/luchonoticias.com\/editor\/wp-content\/uploads\/2024\/02\/cropped-cropped-logolu-150x150.webp\",\"contentUrl\":\"https:\/\/luchonoticias.com\/editor\/wp-content\/uploads\/2024\/02\/cropped-cropped-logolu-150x150.webp\",\"caption\":\"Editor General\"},\"sameAs\":[\"https:\/\/luchonoticias.com\/\"],\"url\":\"https:\/\/luchonoticias.com\/editor\/author\/editor-general\/\"}]}<\/script>\n<!-- \/ Yoast SEO plugin. -->","yoast_head_json":{"title":"Arremetida contra la delincuencia en Pitalito -","robots":{"index":"index","follow":"follow","max-snippet":"max-snippet:-1","max-image-preview":"max-image-preview:large","max-video-preview":"max-video-preview:-1"},"canonical":"https:\/\/luchonoticias.com\/editor\/arremetida-contra-la-delincuencia-en-pitalito\/","og_locale":"es_ES","og_type":"article","og_title":"Arremetida contra la delincuencia en Pitalito -","og_url":"https:\/\/luchonoticias.com\/editor\/arremetida-contra-la-delincuencia-en-pitalito\/","article_publisher":"https:\/\/www.facebook.com\/luchonoticiasneiva","article_published_time":"2024-01-27T12:50:01+00:00","article_modified_time":"2024-01-27T12:50:02+00:00","og_image":[{"url":"https:\/\/luchonoticias.com\/wp-content\/uploads\/2024\/01\/WhatsApp-Image-2024-01-26-at-9.15.26-PM-1-1024x870.jpeg","type":"","width":"","height":""}],"author":"Editor General","twitter_card":"summary_large_image","twitter_misc":{"Escrito por":"Editor General","Tiempo de lectura":"1 minuto"},"schema":{"@context":"https:\/\/schema.org","@graph":[{"@type":"Article","@id":"https:\/\/luchonoticias.com\/editor\/arremetida-contra-la-delincuencia-en-pitalito\/#article","isPartOf":{"@id":"https:\/\/luchonoticias.com\/editor\/arremetida-contra-la-delincuencia-en-pitalito\/"},"author":{"name":"Editor General","@id":"https:\/\/luchonoticias.com\/editor\/#\/schema\/person\/29217990ddf6f14e35912b2866d591fb"},"headline":"Arremetida contra la delincuencia en Pitalito","datePublished":"2024-01-27T12:50:01+00:00","dateModified":"2024-01-27T12:50:02+00:00","mainEntityOfPage":{"@id":"https:\/\/luchonoticias.com\/editor\/arremetida-contra-la-delincuencia-en-pitalito\/"},"wordCount":195,"commentCount":0,"publisher":{"@id":"https:\/\/luchonoticias.com\/editor\/#\/schema\/person\/7a7fd911f58561fd056dbac7b55af9cd"},"image":{"@id":"https:\/\/luchonoticias.com\/editor\/arremetida-contra-la-delincuencia-en-pitalito\/#primaryimage"},"thumbnailUrl":"https:\/\/luchonoticias.com\/wp-content\/uploads\/2024\/01\/WhatsApp-Image-2024-01-26-at-9.15.26-PM-1-1024x870.jpeg","articleSection":["Destacado","Judicial"],"inLanguage":"es","potentialAction":[{"@type":"CommentAction","name":"Comment","target":["https:\/\/luchonoticias.com\/editor\/arremetida-contra-la-delincuencia-en-pitalito\/#respond"]}]},{"@type":"WebPage","@id":"https:\/\/luchonoticias.com\/editor\/arremetida-contra-la-delincuencia-en-pitalito\/","url":"https:\/\/luchonoticias.com\/editor\/arremetida-contra-la-delincuencia-en-pitalito\/","name":"Arremetida contra la delincuencia en Pitalito -","isPartOf":{"@id":"https:\/\/luchonoticias.com\/editor\/#website"},"primaryImageOfPage":{"@id":"https:\/\/luchonoticias.com\/editor\/arremetida-contra-la-delincuencia-en-pitalito\/#primaryimage"},"image":{"@id":"https:\/\/luchonoticias.com\/editor\/arremetida-contra-la-delincuencia-en-pitalito\/#primaryimage"},"thumbnailUrl":"https:\/\/luchonoticias.com\/wp-content\/uploads\/2024\/01\/WhatsApp-Image-2024-01-26-at-9.15.26-PM-1-1024x870.jpeg","datePublished":"2024-01-27T12:50:01+00:00","dateModified":"2024-01-27T12:50:02+00:00","breadcrumb":{"@id":"https:\/\/luchonoticias.com\/editor\/arremetida-contra-la-delincuencia-en-pitalito\/#breadcrumb"},"inLanguage":"es","potentialAction":[{"@type":"ReadAction","target":["https:\/\/luchonoticias.com\/editor\/arremetida-contra-la-delincuencia-en-pitalito\/"]}]},{"@type":"ImageObject","inLanguage":"es","@id":"https:\/\/luchonoticias.com\/editor\/arremetida-contra-la-delincuencia-en-pitalito\/#primaryimage","url":"https:\/\/luchonoticias.com\/wp-content\/uploads\/2024\/01\/WhatsApp-Image-2024-01-26-at-9.15.26-PM-1-1024x870.jpeg","contentUrl":"https:\/\/luchonoticias.com\/wp-content\/uploads\/2024\/01\/WhatsApp-Image-2024-01-26-at-9.15.26-PM-1-1024x870.jpeg"},{"@type":"BreadcrumbList","@id":"https:\/\/luchonoticias.com\/editor\/arremetida-contra-la-delincuencia-en-pitalito\/#breadcrumb","itemListElement":[{"@type":"ListItem","position":1,"name":"Portada","item":"https:\/\/luchonoticias.com\/editor\/"},{"@type":"ListItem","position":2,"name":"Arremetida contra la delincuencia en Pitalito"}]},{"@type":"WebSite","@id":"https:\/\/luchonoticias.com\/editor\/#website","url":"https:\/\/luchonoticias.com\/editor\/","name":"","description":"","publisher":{"@id":"https:\/\/luchonoticias.com\/editor\/#\/schema\/person\/7a7fd911f58561fd056dbac7b55af9cd"},"potentialAction":[{"@type":"SearchAction","target":{"@type":"EntryPoint","urlTemplate":"https:\/\/luchonoticias.com\/editor\/?s={search_term_string}"},"query-input":{"@type":"PropertyValueSpecification","valueRequired":true,"valueName":"search_term_string"}}],"inLanguage":"es"},{"@type":["Person","Organization"],"@id":"https:\/\/luchonoticias.com\/editor\/#\/schema\/person\/7a7fd911f58561fd056dbac7b55af9cd","name":"admin","image":{"@type":"ImageObject","inLanguage":"es","@id":"https:\/\/luchonoticias.com\/editor\/#\/schema\/person\/image\/","url":"https:\/\/luchonoticias.com\/editor\/wp-content\/uploads\/2024\/02\/cropped-cropped-logolu.webp","contentUrl":"https:\/\/luchonoticias.com\/editor\/wp-content\/uploads\/2024\/02\/cropped-cropped-logolu.webp","width":382,"height":170,"caption":"admin"},"logo":{"@id":"https:\/\/luchonoticias.com\/editor\/#\/schema\/person\/image\/"},"sameAs":["https:\/\/www.facebook.com\/luchonoticiasneiva"]},{"@type":"Person","@id":"https:\/\/luchonoticias.com\/editor\/#\/schema\/person\/29217990ddf6f14e35912b2866d591fb","name":"Editor General","image":{"@type":"ImageObject","inLanguage":"es","@id":"https:\/\/luchonoticias.com\/editor\/#\/schema\/person\/image\/","url":"https:\/\/luchonoticias.com\/editor\/wp-content\/uploads\/2024\/02\/cropped-cropped-logolu-150x150.webp","contentUrl":"https:\/\/luchonoticias.com\/editor\/wp-content\/uploads\/2024\/02\/cropped-cropped-logolu-150x150.webp","caption":"Editor General"},"sameAs":["https:\/\/luchonoticias.com\/"],"url":"https:\/\/luchonoticias.com\/editor\/author\/editor-general\/"}]}},"_links":{"self":[{"href":"https:\/\/luchonoticias.com\/editor\/wp-json\/wp\/v2\/posts\/67623","targetHints":{"allow":["GET"]}}],"collection":[{"href":"https:\/\/luchonoticias.com\/editor\/wp-json\/wp\/v2\/posts"}],"about":[{"href":"https:\/\/luchonoticias.com\/editor\/wp-json\/wp\/v2\/types\/post"}],"author":[{"embeddable":true,"href":"https:\/\/luchonoticias.com\/editor\/wp-json\/wp\/v2\/users\/2"}],"replies":[{"embeddable":true,"href":"https:\/\/luchonoticias.com\/editor\/wp-json\/wp\/v2\/comments?post=67623"}],"version-history":[{"count":0,"href":"https:\/\/luchonoticias.com\/editor\/wp-json\/wp\/v2\/posts\/67623\/revisions"}],"wp:attachment":[{"href":"https:\/\/luchonoticias.com\/editor\/wp-json\/wp\/v2\/media?parent=67623"}],"wp:term":[{"taxonomy":"category","embeddable":true,"href":"https:\/\/luchonoticias.com\/editor\/wp-json\/wp\/v2\/categories?post=67623"},{"taxonomy":"post_tag","embeddable":true,"href":"https:\/\/luchonoticias.com\/editor\/wp-json\/wp\/v2\/tags?post=67623"}],"curies":[{"name":"wp","href":"https:\/\/api.w.org\/{rel}","templated":true}]}}