{"id":67631,"date":"2024-01-27T07:55:12","date_gmt":"2024-01-27T12:55:12","guid":{"rendered":"https:\/\/luchonoticias.com\/?p=67631"},"modified":"2024-01-27T07:55:13","modified_gmt":"2024-01-27T12:55:13","slug":"ultimatum-del-presidente-petro-por-mineria-ilegal","status":"publish","type":"post","link":"https:\/\/luchonoticias.com\/editor\/ultimatum-del-presidente-petro-por-mineria-ilegal\/","title":{"rendered":"Ultim\u00e1tum del presidente Petro por miner\u00eda ilegal"},"content":{"rendered":"\n<p>Un llamado enf\u00e1tico hizo el presidente Gustavo Petro Urrego a los altos mandos de la Fuerza P\u00fablica a que cumplan sus \u00f3rdenes de destruir las dragas utilizadas para la miner\u00eda ilegal en los r\u00edos del Choc\u00f3.<\/p>\n\n\n\n<p>\u201cLa econom\u00eda il\u00edcita en el Choc\u00f3 hay que resolverla. Se necesita Fuerza P\u00fablica para ello. Y la orden est\u00e1 dada. Si eso no se est\u00e1 cumpliendo es porque no le est\u00e1n haciendo caso al comandante en jefe de las Fuerzas Militares. No puede haber dragas en los r\u00edos del Choc\u00f3\u201d, enfatiz\u00f3 el jefe de Estado.<\/p>\n\n\n\n<p>Agreg\u00f3 que \u201cel Gobierno dirigido por el presidente, que es el comandante de las Fuerzas Militares de Colombia, de la Fuerza P\u00fablica, no quiere permitir eso y ha dado una orden que se tiene que cumplir, porque si no los mandos de esta regi\u00f3n se tienen que ir. Se acaba la miner\u00eda ilegal en el Choc\u00f3 y punto\u201d.<\/p>\n\n\n\n<p>La afirmaci\u00f3n la hizo el mandatario durante la jornada de Gobierno con el Pueblo que tuvo lugar este viernes en el municipio de Istmina, afectado por la miner\u00eda ilegal.<\/p>\n\n\n\n<p>\u201cLo que se ve de Istmina hacia el r\u00edo San Juan abajo no es m\u00e1s que una sociedad a la que le est\u00e1n cortando las venas. Y eso no puede ser. El Estado no est\u00e1 para consentir eso. El Gobierno, por lo menos este, no est\u00e1 para ser c\u00f3mplice de eso\u201d, manifest\u00f3.<\/p>\n\n\n\n<p>El mandatario se\u00f1al\u00f3 que el Ej\u00e9rcito de Colombia debe estar del lado del pueblo y no de los responsables de las econom\u00edas ilegales.<\/p>\n\n\n\n<p>\u201cEs el Ej\u00e9rcito con el pueblo, no con el mafioso que est\u00e1 sacando el oro y destruyendo los r\u00edos del Choc\u00f3. Y eso tiene que quedar claro\u201d, puntualiz\u00f3.<\/p>\n","protected":false},"excerpt":{"rendered":"<p>Un llamado enf\u00e1tico hizo el presidente Gustavo Petro Urrego a los altos mandos de la Fuerza P\u00fablica a que cumplan sus \u00f3rdenes de destruir las dragas utilizadas para la miner\u00eda ilegal en los r\u00edos del Choc\u00f3. \u201cLa econom\u00eda il\u00edcita en el Choc\u00f3 hay que resolverla. Se necesita Fuerza P\u00fablica para ello. Y la orden est\u00e1 [&hellip;]<\/p>\n","protected":false},"author":2,"featured_media":0,"comment_status":"open","ping_status":"open","sticky":false,"template":"","format":"standard","meta":{"footnotes":""},"categories":[36,32],"tags":[],"class_list":["post-67631","post","type-post","status-publish","format-standard","hentry","category-destacado","category-nacional"],"yoast_head":"<!-- This site is optimized with the Yoast SEO plugin v26.6 - https:\/\/yoast.com\/wordpress\/plugins\/seo\/ -->\n<title>Ultim\u00e1tum del presidente Petro por miner\u00eda ilegal -<\/title>\n<meta name=\"robots\" content=\"index, follow, max-snippet:-1, max-image-preview:large, max-video-preview:-1\" \/>\n<link rel=\"canonical\" href=\"https:\/\/luchonoticias.com\/editor\/ultimatum-del-presidente-petro-por-mineria-ilegal\/\" \/>\n<meta property=\"og:locale\" content=\"es_ES\" \/>\n<meta property=\"og:type\" content=\"article\" \/>\n<meta property=\"og:title\" content=\"Ultim\u00e1tum del presidente Petro por miner\u00eda ilegal -\" \/>\n<meta property=\"og:url\" content=\"https:\/\/luchonoticias.com\/editor\/ultimatum-del-presidente-petro-por-mineria-ilegal\/\" \/>\n<meta property=\"article:publisher\" content=\"https:\/\/www.facebook.com\/luchonoticiasneiva\" \/>\n<meta property=\"article:published_time\" content=\"2024-01-27T12:55:12+00:00\" \/>\n<meta property=\"article:modified_time\" content=\"2024-01-27T12:55:13+00:00\" \/>\n<meta name=\"author\" content=\"Editor General\" \/>\n<meta name=\"twitter:card\" content=\"summary_large_image\" \/>\n<meta name=\"twitter:label1\" content=\"Escrito por\" \/>\n\t<meta name=\"twitter:data1\" content=\"Editor General\" \/>\n\t<meta name=\"twitter:label2\" content=\"Tiempo de lectura\" \/>\n\t<meta name=\"twitter:data2\" content=\"2 minutos\" \/>\n<script type=\"application\/ld+json\" class=\"yoast-schema-graph\">{\"@context\":\"https:\/\/schema.org\",\"@graph\":[{\"@type\":\"Article\",\"@id\":\"https:\/\/luchonoticias.com\/editor\/ultimatum-del-presidente-petro-por-mineria-ilegal\/#article\",\"isPartOf\":{\"@id\":\"https:\/\/luchonoticias.com\/editor\/ultimatum-del-presidente-petro-por-mineria-ilegal\/\"},\"author\":{\"name\":\"Editor General\",\"@id\":\"https:\/\/luchonoticias.com\/editor\/#\/schema\/person\/29217990ddf6f14e35912b2866d591fb\"},\"headline\":\"Ultim\u00e1tum del presidente Petro por miner\u00eda ilegal\",\"datePublished\":\"2024-01-27T12:55:12+00:00\",\"dateModified\":\"2024-01-27T12:55:13+00:00\",\"mainEntityOfPage\":{\"@id\":\"https:\/\/luchonoticias.com\/editor\/ultimatum-del-presidente-petro-por-mineria-ilegal\/\"},\"wordCount\":313,\"commentCount\":0,\"publisher\":{\"@id\":\"https:\/\/luchonoticias.com\/editor\/#\/schema\/person\/7a7fd911f58561fd056dbac7b55af9cd\"},\"articleSection\":[\"Destacado\",\"Nacional\"],\"inLanguage\":\"es\",\"potentialAction\":[{\"@type\":\"CommentAction\",\"name\":\"Comment\",\"target\":[\"https:\/\/luchonoticias.com\/editor\/ultimatum-del-presidente-petro-por-mineria-ilegal\/#respond\"]}]},{\"@type\":\"WebPage\",\"@id\":\"https:\/\/luchonoticias.com\/editor\/ultimatum-del-presidente-petro-por-mineria-ilegal\/\",\"url\":\"https:\/\/luchonoticias.com\/editor\/ultimatum-del-presidente-petro-por-mineria-ilegal\/\",\"name\":\"Ultim\u00e1tum del presidente Petro por miner\u00eda ilegal -\",\"isPartOf\":{\"@id\":\"https:\/\/luchonoticias.com\/editor\/#website\"},\"datePublished\":\"2024-01-27T12:55:12+00:00\",\"dateModified\":\"2024-01-27T12:55:13+00:00\",\"breadcrumb\":{\"@id\":\"https:\/\/luchonoticias.com\/editor\/ultimatum-del-presidente-petro-por-mineria-ilegal\/#breadcrumb\"},\"inLanguage\":\"es\",\"potentialAction\":[{\"@type\":\"ReadAction\",\"target\":[\"https:\/\/luchonoticias.com\/editor\/ultimatum-del-presidente-petro-por-mineria-ilegal\/\"]}]},{\"@type\":\"BreadcrumbList\",\"@id\":\"https:\/\/luchonoticias.com\/editor\/ultimatum-del-presidente-petro-por-mineria-ilegal\/#breadcrumb\",\"itemListElement\":[{\"@type\":\"ListItem\",\"position\":1,\"name\":\"Portada\",\"item\":\"https:\/\/luchonoticias.com\/editor\/\"},{\"@type\":\"ListItem\",\"position\":2,\"name\":\"Ultim\u00e1tum del presidente Petro por miner\u00eda ilegal\"}]},{\"@type\":\"WebSite\",\"@id\":\"https:\/\/luchonoticias.com\/editor\/#website\",\"url\":\"https:\/\/luchonoticias.com\/editor\/\",\"name\":\"\",\"description\":\"\",\"publisher\":{\"@id\":\"https:\/\/luchonoticias.com\/editor\/#\/schema\/person\/7a7fd911f58561fd056dbac7b55af9cd\"},\"potentialAction\":[{\"@type\":\"SearchAction\",\"target\":{\"@type\":\"EntryPoint\",\"urlTemplate\":\"https:\/\/luchonoticias.com\/editor\/?s={search_term_string}\"},\"query-input\":{\"@type\":\"PropertyValueSpecification\",\"valueRequired\":true,\"valueName\":\"search_term_string\"}}],\"inLanguage\":\"es\"},{\"@type\":[\"Person\",\"Organization\"],\"@id\":\"https:\/\/luchonoticias.com\/editor\/#\/schema\/person\/7a7fd911f58561fd056dbac7b55af9cd\",\"name\":\"admin\",\"image\":{\"@type\":\"ImageObject\",\"inLanguage\":\"es\",\"@id\":\"https:\/\/luchonoticias.com\/editor\/#\/schema\/person\/image\/\",\"url\":\"https:\/\/luchonoticias.com\/editor\/wp-content\/uploads\/2024\/02\/cropped-cropped-logolu.webp\",\"contentUrl\":\"https:\/\/luchonoticias.com\/editor\/wp-content\/uploads\/2024\/02\/cropped-cropped-logolu.webp\",\"width\":382,\"height\":170,\"caption\":\"admin\"},\"logo\":{\"@id\":\"https:\/\/luchonoticias.com\/editor\/#\/schema\/person\/image\/\"},\"sameAs\":[\"https:\/\/www.facebook.com\/luchonoticiasneiva\"]},{\"@type\":\"Person\",\"@id\":\"https:\/\/luchonoticias.com\/editor\/#\/schema\/person\/29217990ddf6f14e35912b2866d591fb\",\"name\":\"Editor General\",\"image\":{\"@type\":\"ImageObject\",\"inLanguage\":\"es\",\"@id\":\"https:\/\/luchonoticias.com\/editor\/#\/schema\/person\/image\/\",\"url\":\"https:\/\/luchonoticias.com\/editor\/wp-content\/uploads\/2024\/02\/cropped-cropped-logolu-150x150.webp\",\"contentUrl\":\"https:\/\/luchonoticias.com\/editor\/wp-content\/uploads\/2024\/02\/cropped-cropped-logolu-150x150.webp\",\"caption\":\"Editor General\"},\"sameAs\":[\"https:\/\/luchonoticias.com\/\"],\"url\":\"https:\/\/luchonoticias.com\/editor\/author\/editor-general\/\"}]}<\/script>\n<!-- \/ Yoast SEO plugin. -->","yoast_head_json":{"title":"Ultim\u00e1tum del presidente Petro por miner\u00eda ilegal -","robots":{"index":"index","follow":"follow","max-snippet":"max-snippet:-1","max-image-preview":"max-image-preview:large","max-video-preview":"max-video-preview:-1"},"canonical":"https:\/\/luchonoticias.com\/editor\/ultimatum-del-presidente-petro-por-mineria-ilegal\/","og_locale":"es_ES","og_type":"article","og_title":"Ultim\u00e1tum del presidente Petro por miner\u00eda ilegal -","og_url":"https:\/\/luchonoticias.com\/editor\/ultimatum-del-presidente-petro-por-mineria-ilegal\/","article_publisher":"https:\/\/www.facebook.com\/luchonoticiasneiva","article_published_time":"2024-01-27T12:55:12+00:00","article_modified_time":"2024-01-27T12:55:13+00:00","author":"Editor General","twitter_card":"summary_large_image","twitter_misc":{"Escrito por":"Editor General","Tiempo de lectura":"2 minutos"},"schema":{"@context":"https:\/\/schema.org","@graph":[{"@type":"Article","@id":"https:\/\/luchonoticias.com\/editor\/ultimatum-del-presidente-petro-por-mineria-ilegal\/#article","isPartOf":{"@id":"https:\/\/luchonoticias.com\/editor\/ultimatum-del-presidente-petro-por-mineria-ilegal\/"},"author":{"name":"Editor General","@id":"https:\/\/luchonoticias.com\/editor\/#\/schema\/person\/29217990ddf6f14e35912b2866d591fb"},"headline":"Ultim\u00e1tum del presidente Petro por miner\u00eda ilegal","datePublished":"2024-01-27T12:55:12+00:00","dateModified":"2024-01-27T12:55:13+00:00","mainEntityOfPage":{"@id":"https:\/\/luchonoticias.com\/editor\/ultimatum-del-presidente-petro-por-mineria-ilegal\/"},"wordCount":313,"commentCount":0,"publisher":{"@id":"https:\/\/luchonoticias.com\/editor\/#\/schema\/person\/7a7fd911f58561fd056dbac7b55af9cd"},"articleSection":["Destacado","Nacional"],"inLanguage":"es","potentialAction":[{"@type":"CommentAction","name":"Comment","target":["https:\/\/luchonoticias.com\/editor\/ultimatum-del-presidente-petro-por-mineria-ilegal\/#respond"]}]},{"@type":"WebPage","@id":"https:\/\/luchonoticias.com\/editor\/ultimatum-del-presidente-petro-por-mineria-ilegal\/","url":"https:\/\/luchonoticias.com\/editor\/ultimatum-del-presidente-petro-por-mineria-ilegal\/","name":"Ultim\u00e1tum del presidente Petro por miner\u00eda ilegal -","isPartOf":{"@id":"https:\/\/luchonoticias.com\/editor\/#website"},"datePublished":"2024-01-27T12:55:12+00:00","dateModified":"2024-01-27T12:55:13+00:00","breadcrumb":{"@id":"https:\/\/luchonoticias.com\/editor\/ultimatum-del-presidente-petro-por-mineria-ilegal\/#breadcrumb"},"inLanguage":"es","potentialAction":[{"@type":"ReadAction","target":["https:\/\/luchonoticias.com\/editor\/ultimatum-del-presidente-petro-por-mineria-ilegal\/"]}]},{"@type":"BreadcrumbList","@id":"https:\/\/luchonoticias.com\/editor\/ultimatum-del-presidente-petro-por-mineria-ilegal\/#breadcrumb","itemListElement":[{"@type":"ListItem","position":1,"name":"Portada","item":"https:\/\/luchonoticias.com\/editor\/"},{"@type":"ListItem","position":2,"name":"Ultim\u00e1tum del presidente Petro por miner\u00eda ilegal"}]},{"@type":"WebSite","@id":"https:\/\/luchonoticias.com\/editor\/#website","url":"https:\/\/luchonoticias.com\/editor\/","name":"","description":"","publisher":{"@id":"https:\/\/luchonoticias.com\/editor\/#\/schema\/person\/7a7fd911f58561fd056dbac7b55af9cd"},"potentialAction":[{"@type":"SearchAction","target":{"@type":"EntryPoint","urlTemplate":"https:\/\/luchonoticias.com\/editor\/?s={search_term_string}"},"query-input":{"@type":"PropertyValueSpecification","valueRequired":true,"valueName":"search_term_string"}}],"inLanguage":"es"},{"@type":["Person","Organization"],"@id":"https:\/\/luchonoticias.com\/editor\/#\/schema\/person\/7a7fd911f58561fd056dbac7b55af9cd","name":"admin","image":{"@type":"ImageObject","inLanguage":"es","@id":"https:\/\/luchonoticias.com\/editor\/#\/schema\/person\/image\/","url":"https:\/\/luchonoticias.com\/editor\/wp-content\/uploads\/2024\/02\/cropped-cropped-logolu.webp","contentUrl":"https:\/\/luchonoticias.com\/editor\/wp-content\/uploads\/2024\/02\/cropped-cropped-logolu.webp","width":382,"height":170,"caption":"admin"},"logo":{"@id":"https:\/\/luchonoticias.com\/editor\/#\/schema\/person\/image\/"},"sameAs":["https:\/\/www.facebook.com\/luchonoticiasneiva"]},{"@type":"Person","@id":"https:\/\/luchonoticias.com\/editor\/#\/schema\/person\/29217990ddf6f14e35912b2866d591fb","name":"Editor General","image":{"@type":"ImageObject","inLanguage":"es","@id":"https:\/\/luchonoticias.com\/editor\/#\/schema\/person\/image\/","url":"https:\/\/luchonoticias.com\/editor\/wp-content\/uploads\/2024\/02\/cropped-cropped-logolu-150x150.webp","contentUrl":"https:\/\/luchonoticias.com\/editor\/wp-content\/uploads\/2024\/02\/cropped-cropped-logolu-150x150.webp","caption":"Editor General"},"sameAs":["https:\/\/luchonoticias.com\/"],"url":"https:\/\/luchonoticias.com\/editor\/author\/editor-general\/"}]}},"_links":{"self":[{"href":"https:\/\/luchonoticias.com\/editor\/wp-json\/wp\/v2\/posts\/67631","targetHints":{"allow":["GET"]}}],"collection":[{"href":"https:\/\/luchonoticias.com\/editor\/wp-json\/wp\/v2\/posts"}],"about":[{"href":"https:\/\/luchonoticias.com\/editor\/wp-json\/wp\/v2\/types\/post"}],"author":[{"embeddable":true,"href":"https:\/\/luchonoticias.com\/editor\/wp-json\/wp\/v2\/users\/2"}],"replies":[{"embeddable":true,"href":"https:\/\/luchonoticias.com\/editor\/wp-json\/wp\/v2\/comments?post=67631"}],"version-history":[{"count":0,"href":"https:\/\/luchonoticias.com\/editor\/wp-json\/wp\/v2\/posts\/67631\/revisions"}],"wp:attachment":[{"href":"https:\/\/luchonoticias.com\/editor\/wp-json\/wp\/v2\/media?parent=67631"}],"wp:term":[{"taxonomy":"category","embeddable":true,"href":"https:\/\/luchonoticias.com\/editor\/wp-json\/wp\/v2\/categories?post=67631"},{"taxonomy":"post_tag","embeddable":true,"href":"https:\/\/luchonoticias.com\/editor\/wp-json\/wp\/v2\/tags?post=67631"}],"curies":[{"name":"wp","href":"https:\/\/api.w.org\/{rel}","templated":true}]}}