{"id":67634,"date":"2024-01-27T08:00:38","date_gmt":"2024-01-27T13:00:38","guid":{"rendered":"https:\/\/luchonoticias.com\/?p=67634"},"modified":"2024-01-27T08:00:39","modified_gmt":"2024-01-27T13:00:39","slug":"reforma-de-la-salud-se-socializo-en-santa-marta","status":"publish","type":"post","link":"https:\/\/luchonoticias.com\/editor\/reforma-de-la-salud-se-socializo-en-santa-marta\/","title":{"rendered":"Reforma de la Salud se socializ\u00f2 en Santa Marta"},"content":{"rendered":"\n<p>La Comisi\u00f3n S\u00e9ptima de Senado, llev\u00f3 a cabo una Audiencia P\u00fablica, con el fin de socializar el proyecto de ley n\u00famero 216 de 2023 Senado, por medio del cual se busca transformar el sistema de salud en Colombia. El evento se hizo en la Universidad del Magdalena, en la ciudad de Santa Marta, en donde participaron delegados del Gobierno Nacional, sociedad civil y congresistas.<\/p>\n\n\n\n<p>En su intervenci\u00f3n, rector de la universidad del Magdalena Pablo Vera Salazar, expres\u00f3 \u00abComo universidad estamos comprometidos a avanzar, en formar nuevos profesionales en nuevos \u00e1mbitos, un programa de nutrici\u00f3n comunitaria que le ense\u00f1e a la poblaci\u00f3n mejores h\u00e1bitos alimenticios, tambi\u00e9n contamos con un programa de atenci\u00f3n integral a la primera infancia, con 180 tecn\u00f3logas en este campo\u00bb.<\/p>\n\n\n\n<p>La&nbsp;<strong>presidenta de la Comisi\u00f3n S\u00e9ptima Martha Peralta (Pacto Hist\u00f3rico),<\/strong>&nbsp;en la instalaci\u00f3n de la Audiencia P\u00fablica manifest\u00f3: \u201cQueremos pasar de un sistema de salud que est\u00e1 agonizando, entre todos aunamos esfuerzos y salvemos al sistema de salud.<\/p>\n\n\n\n<p>La congresista inform\u00f3 que se han presentado ante la Supersalud, 1.4 millones de quejas, por la no prestaci\u00f3n del servicio. Afirm\u00f3 que m\u00e1s de 20 mil quejas por parte de los usuarios en el departamento del Magdalena. \u201cAqu\u00ed hay una poblaci\u00f3n vulnerable, porque el 70% ella, est\u00e1 afiliada al sistema subsidiado. La reforma busca que los recursos entren a ser protegidos, se quieren tomar los correctivos del actual sistema. Las EPS, al negarle la cita a un enfermo de c\u00e1ncer, le est\u00e1n negando el derecho a vivir. La reforma busca que haya un centro de salud primaria, cerca del lugar donde viven las personas que requieren ser atendidos\u201d. Afirm\u00f3 la senadora.<\/p>\n\n\n\n<p>La senadora agreg\u00f3 que el 50 % de las quejas son suplicas de los enfermos, que merecen una atenci\u00f3n digna. \u201cLe estamos apuntando a un sistema que le devuelva la esperanza a los usuarios, que podamos avanzar y ser m\u00e1s humanizado, que se convierta en el sistema que los colombianos se merecen, donde las EPS y hospitales, presten adecuadamente el servicio\u00bb.La legisladora indic\u00f3 que la reforma busca fortalecer a las EPS, se\u00f1al\u00f3 que en ese departamento las deudas al sistema de salud, ascienden a 79 mil millones de pesos.<\/p>\n\n\n\n<p>Entre tanto el&nbsp;<strong>senador Wilson Arias (Polo),<\/strong>&nbsp;el senador Wilson Arias, designado como ponente coordinador de la audiencia, sostuvo que \u00ablas EPS no han enviado una informaci\u00f3n de lo que fueron sus gastos, ingresos o recursos en 2023, para poder calcular cu\u00e1nto se asignar\u00e1 para el presente a\u00f1o. Haremos cumplir la ley siempre que sea en beneficio de los colombianos\u201d<\/p>\n\n\n\n<p><strong><em>Participaci\u00f3n de la sociedad civil:<\/em><\/strong><\/p>\n\n\n\n<p>En su intervenci\u00f3n&nbsp;<strong>Rosmeri Pe\u00f1a Campo, representante de las Acciones Comunales,<\/strong>&nbsp;solicit\u00f3 la importancia de los centros de atenci\u00f3n primaria, \u201cse requieren lo m\u00e1s pronto posible, ya que los centros de urgencias se encuentran errados y los hospitales y la comunidad necesita la atenci\u00f3n m\u00e9dica, nosotros s\u00ed conocemos los problemas de esta poblaci\u00f3n\u201d.<\/p>\n\n\n\n<p>Entre tanto&nbsp;<strong>Emis Mar\u00eda Villanueva, Agente comunitario<\/strong>, dijo: \u201cNos hemos capacitados para dar los primeros auxilios a las personas que se enferman, mientras se les lleva a un centro de salud. Necesitamos humanizaci\u00f3n en el sistema de salud\u201d. Asimismo, otros lideres de la comunidad informaron que, en el centro tur\u00edstico de Taganga, no cuentan con ambulancia para atender a la comunidad y turistas.<\/p>\n\n\n\n<p>De la misma manera&nbsp;<strong>Enr\u00edquez Jim\u00e9nez Blanco<\/strong>&nbsp;sugiri\u00f3 expres\u00f3 el respaldo a la reforma a la salud, por considerar que el actual sistema no cumple con los usuarios, \u201cse requiere la atenci\u00f3n primaria en salud\u201d.<\/p>\n\n\n\n<p>Igualmente, el&nbsp;<strong>profesor Camilo David Hoyos<\/strong>, manifest\u00f3 su preocupaci\u00f3n la salud es un derecho fundamental, esta reforma debe tramitarse mediante Ley estatutaria, para que no la declaren inconstitucional. \u201d La reforma no est\u00e1 garantizando la libertad que deben tener los usuarios para escoger su prestadora de servicio, por eso la considero retrograda\u201d.<\/p>\n\n\n\n<p>De la misma manera,&nbsp;<strong>Nataly Villareal, de la Mesa Nacional del Cuidado,&nbsp;<\/strong>solicit\u00f3 que en la reforma se contemple de manera especial, el tema el cuidador de las personas con discapacidad.<\/p>\n\n\n\n<p>Finalmente, en las conclusiones de la Audiencia P\u00fablica, la senadora Marta Peralta, manifest\u00f3 a los asistentes, que tendr\u00e1n en cuenta las sugerencias presentadas, para enriquecer el proyecto de Ley.<\/p>\n\n\n\n<p><strong><em>Intervenci\u00f3n del gobierno:<\/em><\/strong><\/p>\n\n\n\n<p>En la actual audiencia p\u00fablica sobre la reforma a la salud,&nbsp;<strong>Jaime Urrego<\/strong>,&nbsp;<strong>viceministro de Salud P\u00fablica<\/strong>, hizo hincapi\u00e9 en la necesidad de liberar los recursos de la intermediaci\u00f3n, para garantizar que lleguen de manera efectiva a quienes prestan los servicios m\u00e9dicos. En su intervenci\u00f3n resalt\u00f3 que esta medida no solo dignificar\u00e1 el trabajo en el sector, sino que tambi\u00e9n contribuir\u00e1 a la expansi\u00f3n de la infraestructura, mejorando as\u00ed la calidad y accesibilidad de la atenci\u00f3n m\u00e9dica en el pa\u00eds.<\/p>\n\n\n\n<p>A su vez, el Superintendente Nacional de Salud,&nbsp;<strong>Ulahy Beltr\u00e1n<\/strong>, enfatiz\u00f3 el impacto de las acciones de control implementadas en los ultimos 18 meses, \u201csuperan periodos completos de lo que hicieron anteriormente en la superintendencia\u201d puntualiz\u00f3.<\/p>\n\n\n\n<p>Igualmente,&nbsp;<strong>F\u00e9lix Le\u00f3n Mart\u00ednez<\/strong>, director de la ADRES, subray\u00f3 la importancia de eliminar la discriminaci\u00f3n y la fragmentaci\u00f3n social en el sistema de salud. Hizo hincapi\u00e9 en que la atenci\u00f3n m\u00e9dica, no debe depender de la capacidad econ\u00f3mica de los ciudadanos, \u201cla salud es un derecho fundamental que debe garantizarse de manera equitativa para toda la poblaci\u00f3n\u201d. Sostuvo el funcionario.<\/p>\n\n\n\n<p>Para concluir con la audiencia p\u00fablica en el Magdalena sobre la Reforma a la Salud, la senadora&nbsp;<strong>Martha Peralta<\/strong>, cerr\u00f3 con un llamado a construir una ley que aborde de manera efectiva las falencias del sistema actual. Con estas palabras, la audiencia llega a su fin, dejando el compromiso de trabajar en conjunto para forjar un marco normativo que responda a las necesidades y expectativas de la sociedad en materia de salud.<\/p>\n","protected":false},"excerpt":{"rendered":"<p>La Comisi\u00f3n S\u00e9ptima de Senado, llev\u00f3 a cabo una Audiencia P\u00fablica, con el fin de socializar el proyecto de ley n\u00famero 216 de 2023 Senado, por medio del cual se busca transformar el sistema de salud en Colombia. El evento se hizo en la Universidad del Magdalena, en la ciudad de Santa Marta, en donde [&hellip;]<\/p>\n","protected":false},"author":2,"featured_media":0,"comment_status":"open","ping_status":"open","sticky":false,"template":"","format":"standard","meta":{"footnotes":""},"categories":[36,617],"tags":[],"class_list":["post-67634","post","type-post","status-publish","format-standard","hentry","category-destacado","category-politica"],"yoast_head":"<!-- This site is optimized with the Yoast SEO plugin v26.6 - https:\/\/yoast.com\/wordpress\/plugins\/seo\/ -->\n<title>Reforma de la Salud se socializ\u00f2 en Santa Marta -<\/title>\n<meta name=\"robots\" content=\"index, follow, max-snippet:-1, max-image-preview:large, max-video-preview:-1\" \/>\n<link rel=\"canonical\" href=\"https:\/\/luchonoticias.com\/editor\/reforma-de-la-salud-se-socializo-en-santa-marta\/\" \/>\n<meta property=\"og:locale\" content=\"es_ES\" \/>\n<meta property=\"og:type\" content=\"article\" \/>\n<meta property=\"og:title\" content=\"Reforma de la Salud se socializ\u00f2 en Santa Marta -\" \/>\n<meta property=\"og:url\" content=\"https:\/\/luchonoticias.com\/editor\/reforma-de-la-salud-se-socializo-en-santa-marta\/\" \/>\n<meta property=\"article:publisher\" content=\"https:\/\/www.facebook.com\/luchonoticiasneiva\" \/>\n<meta property=\"article:published_time\" content=\"2024-01-27T13:00:38+00:00\" \/>\n<meta property=\"article:modified_time\" content=\"2024-01-27T13:00:39+00:00\" \/>\n<meta name=\"author\" content=\"Editor General\" \/>\n<meta name=\"twitter:card\" content=\"summary_large_image\" \/>\n<meta name=\"twitter:label1\" content=\"Escrito por\" \/>\n\t<meta name=\"twitter:data1\" content=\"Editor General\" \/>\n\t<meta name=\"twitter:label2\" content=\"Tiempo de lectura\" \/>\n\t<meta name=\"twitter:data2\" content=\"5 minutos\" \/>\n<script type=\"application\/ld+json\" class=\"yoast-schema-graph\">{\"@context\":\"https:\/\/schema.org\",\"@graph\":[{\"@type\":\"Article\",\"@id\":\"https:\/\/luchonoticias.com\/editor\/reforma-de-la-salud-se-socializo-en-santa-marta\/#article\",\"isPartOf\":{\"@id\":\"https:\/\/luchonoticias.com\/editor\/reforma-de-la-salud-se-socializo-en-santa-marta\/\"},\"author\":{\"name\":\"Editor General\",\"@id\":\"https:\/\/luchonoticias.com\/editor\/#\/schema\/person\/29217990ddf6f14e35912b2866d591fb\"},\"headline\":\"Reforma de la Salud se socializ\u00f2 en Santa Marta\",\"datePublished\":\"2024-01-27T13:00:38+00:00\",\"dateModified\":\"2024-01-27T13:00:39+00:00\",\"mainEntityOfPage\":{\"@id\":\"https:\/\/luchonoticias.com\/editor\/reforma-de-la-salud-se-socializo-en-santa-marta\/\"},\"wordCount\":1021,\"commentCount\":0,\"publisher\":{\"@id\":\"https:\/\/luchonoticias.com\/editor\/#\/schema\/person\/7a7fd911f58561fd056dbac7b55af9cd\"},\"articleSection\":[\"Destacado\",\"Pol\u00edtica\"],\"inLanguage\":\"es\",\"potentialAction\":[{\"@type\":\"CommentAction\",\"name\":\"Comment\",\"target\":[\"https:\/\/luchonoticias.com\/editor\/reforma-de-la-salud-se-socializo-en-santa-marta\/#respond\"]}]},{\"@type\":\"WebPage\",\"@id\":\"https:\/\/luchonoticias.com\/editor\/reforma-de-la-salud-se-socializo-en-santa-marta\/\",\"url\":\"https:\/\/luchonoticias.com\/editor\/reforma-de-la-salud-se-socializo-en-santa-marta\/\",\"name\":\"Reforma de la Salud se socializ\u00f2 en Santa Marta -\",\"isPartOf\":{\"@id\":\"https:\/\/luchonoticias.com\/editor\/#website\"},\"datePublished\":\"2024-01-27T13:00:38+00:00\",\"dateModified\":\"2024-01-27T13:00:39+00:00\",\"breadcrumb\":{\"@id\":\"https:\/\/luchonoticias.com\/editor\/reforma-de-la-salud-se-socializo-en-santa-marta\/#breadcrumb\"},\"inLanguage\":\"es\",\"potentialAction\":[{\"@type\":\"ReadAction\",\"target\":[\"https:\/\/luchonoticias.com\/editor\/reforma-de-la-salud-se-socializo-en-santa-marta\/\"]}]},{\"@type\":\"BreadcrumbList\",\"@id\":\"https:\/\/luchonoticias.com\/editor\/reforma-de-la-salud-se-socializo-en-santa-marta\/#breadcrumb\",\"itemListElement\":[{\"@type\":\"ListItem\",\"position\":1,\"name\":\"Portada\",\"item\":\"https:\/\/luchonoticias.com\/editor\/\"},{\"@type\":\"ListItem\",\"position\":2,\"name\":\"Reforma de la Salud se socializ\u00f2 en Santa Marta\"}]},{\"@type\":\"WebSite\",\"@id\":\"https:\/\/luchonoticias.com\/editor\/#website\",\"url\":\"https:\/\/luchonoticias.com\/editor\/\",\"name\":\"\",\"description\":\"\",\"publisher\":{\"@id\":\"https:\/\/luchonoticias.com\/editor\/#\/schema\/person\/7a7fd911f58561fd056dbac7b55af9cd\"},\"potentialAction\":[{\"@type\":\"SearchAction\",\"target\":{\"@type\":\"EntryPoint\",\"urlTemplate\":\"https:\/\/luchonoticias.com\/editor\/?s={search_term_string}\"},\"query-input\":{\"@type\":\"PropertyValueSpecification\",\"valueRequired\":true,\"valueName\":\"search_term_string\"}}],\"inLanguage\":\"es\"},{\"@type\":[\"Person\",\"Organization\"],\"@id\":\"https:\/\/luchonoticias.com\/editor\/#\/schema\/person\/7a7fd911f58561fd056dbac7b55af9cd\",\"name\":\"admin\",\"image\":{\"@type\":\"ImageObject\",\"inLanguage\":\"es\",\"@id\":\"https:\/\/luchonoticias.com\/editor\/#\/schema\/person\/image\/\",\"url\":\"https:\/\/luchonoticias.com\/editor\/wp-content\/uploads\/2024\/02\/cropped-cropped-logolu.webp\",\"contentUrl\":\"https:\/\/luchonoticias.com\/editor\/wp-content\/uploads\/2024\/02\/cropped-cropped-logolu.webp\",\"width\":382,\"height\":170,\"caption\":\"admin\"},\"logo\":{\"@id\":\"https:\/\/luchonoticias.com\/editor\/#\/schema\/person\/image\/\"},\"sameAs\":[\"https:\/\/www.facebook.com\/luchonoticiasneiva\"]},{\"@type\":\"Person\",\"@id\":\"https:\/\/luchonoticias.com\/editor\/#\/schema\/person\/29217990ddf6f14e35912b2866d591fb\",\"name\":\"Editor General\",\"image\":{\"@type\":\"ImageObject\",\"inLanguage\":\"es\",\"@id\":\"https:\/\/luchonoticias.com\/editor\/#\/schema\/person\/image\/\",\"url\":\"https:\/\/luchonoticias.com\/editor\/wp-content\/uploads\/2024\/02\/cropped-cropped-logolu-150x150.webp\",\"contentUrl\":\"https:\/\/luchonoticias.com\/editor\/wp-content\/uploads\/2024\/02\/cropped-cropped-logolu-150x150.webp\",\"caption\":\"Editor General\"},\"sameAs\":[\"https:\/\/luchonoticias.com\/\"],\"url\":\"https:\/\/luchonoticias.com\/editor\/author\/editor-general\/\"}]}<\/script>\n<!-- \/ Yoast SEO plugin. -->","yoast_head_json":{"title":"Reforma de la Salud se socializ\u00f2 en Santa Marta -","robots":{"index":"index","follow":"follow","max-snippet":"max-snippet:-1","max-image-preview":"max-image-preview:large","max-video-preview":"max-video-preview:-1"},"canonical":"https:\/\/luchonoticias.com\/editor\/reforma-de-la-salud-se-socializo-en-santa-marta\/","og_locale":"es_ES","og_type":"article","og_title":"Reforma de la Salud se socializ\u00f2 en Santa Marta -","og_url":"https:\/\/luchonoticias.com\/editor\/reforma-de-la-salud-se-socializo-en-santa-marta\/","article_publisher":"https:\/\/www.facebook.com\/luchonoticiasneiva","article_published_time":"2024-01-27T13:00:38+00:00","article_modified_time":"2024-01-27T13:00:39+00:00","author":"Editor General","twitter_card":"summary_large_image","twitter_misc":{"Escrito por":"Editor General","Tiempo de lectura":"5 minutos"},"schema":{"@context":"https:\/\/schema.org","@graph":[{"@type":"Article","@id":"https:\/\/luchonoticias.com\/editor\/reforma-de-la-salud-se-socializo-en-santa-marta\/#article","isPartOf":{"@id":"https:\/\/luchonoticias.com\/editor\/reforma-de-la-salud-se-socializo-en-santa-marta\/"},"author":{"name":"Editor General","@id":"https:\/\/luchonoticias.com\/editor\/#\/schema\/person\/29217990ddf6f14e35912b2866d591fb"},"headline":"Reforma de la Salud se socializ\u00f2 en Santa Marta","datePublished":"2024-01-27T13:00:38+00:00","dateModified":"2024-01-27T13:00:39+00:00","mainEntityOfPage":{"@id":"https:\/\/luchonoticias.com\/editor\/reforma-de-la-salud-se-socializo-en-santa-marta\/"},"wordCount":1021,"commentCount":0,"publisher":{"@id":"https:\/\/luchonoticias.com\/editor\/#\/schema\/person\/7a7fd911f58561fd056dbac7b55af9cd"},"articleSection":["Destacado","Pol\u00edtica"],"inLanguage":"es","potentialAction":[{"@type":"CommentAction","name":"Comment","target":["https:\/\/luchonoticias.com\/editor\/reforma-de-la-salud-se-socializo-en-santa-marta\/#respond"]}]},{"@type":"WebPage","@id":"https:\/\/luchonoticias.com\/editor\/reforma-de-la-salud-se-socializo-en-santa-marta\/","url":"https:\/\/luchonoticias.com\/editor\/reforma-de-la-salud-se-socializo-en-santa-marta\/","name":"Reforma de la Salud se socializ\u00f2 en Santa Marta -","isPartOf":{"@id":"https:\/\/luchonoticias.com\/editor\/#website"},"datePublished":"2024-01-27T13:00:38+00:00","dateModified":"2024-01-27T13:00:39+00:00","breadcrumb":{"@id":"https:\/\/luchonoticias.com\/editor\/reforma-de-la-salud-se-socializo-en-santa-marta\/#breadcrumb"},"inLanguage":"es","potentialAction":[{"@type":"ReadAction","target":["https:\/\/luchonoticias.com\/editor\/reforma-de-la-salud-se-socializo-en-santa-marta\/"]}]},{"@type":"BreadcrumbList","@id":"https:\/\/luchonoticias.com\/editor\/reforma-de-la-salud-se-socializo-en-santa-marta\/#breadcrumb","itemListElement":[{"@type":"ListItem","position":1,"name":"Portada","item":"https:\/\/luchonoticias.com\/editor\/"},{"@type":"ListItem","position":2,"name":"Reforma de la Salud se socializ\u00f2 en Santa Marta"}]},{"@type":"WebSite","@id":"https:\/\/luchonoticias.com\/editor\/#website","url":"https:\/\/luchonoticias.com\/editor\/","name":"","description":"","publisher":{"@id":"https:\/\/luchonoticias.com\/editor\/#\/schema\/person\/7a7fd911f58561fd056dbac7b55af9cd"},"potentialAction":[{"@type":"SearchAction","target":{"@type":"EntryPoint","urlTemplate":"https:\/\/luchonoticias.com\/editor\/?s={search_term_string}"},"query-input":{"@type":"PropertyValueSpecification","valueRequired":true,"valueName":"search_term_string"}}],"inLanguage":"es"},{"@type":["Person","Organization"],"@id":"https:\/\/luchonoticias.com\/editor\/#\/schema\/person\/7a7fd911f58561fd056dbac7b55af9cd","name":"admin","image":{"@type":"ImageObject","inLanguage":"es","@id":"https:\/\/luchonoticias.com\/editor\/#\/schema\/person\/image\/","url":"https:\/\/luchonoticias.com\/editor\/wp-content\/uploads\/2024\/02\/cropped-cropped-logolu.webp","contentUrl":"https:\/\/luchonoticias.com\/editor\/wp-content\/uploads\/2024\/02\/cropped-cropped-logolu.webp","width":382,"height":170,"caption":"admin"},"logo":{"@id":"https:\/\/luchonoticias.com\/editor\/#\/schema\/person\/image\/"},"sameAs":["https:\/\/www.facebook.com\/luchonoticiasneiva"]},{"@type":"Person","@id":"https:\/\/luchonoticias.com\/editor\/#\/schema\/person\/29217990ddf6f14e35912b2866d591fb","name":"Editor General","image":{"@type":"ImageObject","inLanguage":"es","@id":"https:\/\/luchonoticias.com\/editor\/#\/schema\/person\/image\/","url":"https:\/\/luchonoticias.com\/editor\/wp-content\/uploads\/2024\/02\/cropped-cropped-logolu-150x150.webp","contentUrl":"https:\/\/luchonoticias.com\/editor\/wp-content\/uploads\/2024\/02\/cropped-cropped-logolu-150x150.webp","caption":"Editor General"},"sameAs":["https:\/\/luchonoticias.com\/"],"url":"https:\/\/luchonoticias.com\/editor\/author\/editor-general\/"}]}},"_links":{"self":[{"href":"https:\/\/luchonoticias.com\/editor\/wp-json\/wp\/v2\/posts\/67634","targetHints":{"allow":["GET"]}}],"collection":[{"href":"https:\/\/luchonoticias.com\/editor\/wp-json\/wp\/v2\/posts"}],"about":[{"href":"https:\/\/luchonoticias.com\/editor\/wp-json\/wp\/v2\/types\/post"}],"author":[{"embeddable":true,"href":"https:\/\/luchonoticias.com\/editor\/wp-json\/wp\/v2\/users\/2"}],"replies":[{"embeddable":true,"href":"https:\/\/luchonoticias.com\/editor\/wp-json\/wp\/v2\/comments?post=67634"}],"version-history":[{"count":0,"href":"https:\/\/luchonoticias.com\/editor\/wp-json\/wp\/v2\/posts\/67634\/revisions"}],"wp:attachment":[{"href":"https:\/\/luchonoticias.com\/editor\/wp-json\/wp\/v2\/media?parent=67634"}],"wp:term":[{"taxonomy":"category","embeddable":true,"href":"https:\/\/luchonoticias.com\/editor\/wp-json\/wp\/v2\/categories?post=67634"},{"taxonomy":"post_tag","embeddable":true,"href":"https:\/\/luchonoticias.com\/editor\/wp-json\/wp\/v2\/tags?post=67634"}],"curies":[{"name":"wp","href":"https:\/\/api.w.org\/{rel}","templated":true}]}}