{"id":67643,"date":"2024-01-27T14:08:26","date_gmt":"2024-01-27T19:08:26","guid":{"rendered":"https:\/\/luchonoticias.com\/?p=67643"},"modified":"2024-01-27T14:08:26","modified_gmt":"2024-01-27T19:08:26","slug":"estudiantes-de-la-institucion-educativa-viso-mesitas-de-rivera-recibieron-donacion-de-utiles-escolares-por-parte-de-la-policia-nacional","status":"publish","type":"post","link":"https:\/\/luchonoticias.com\/editor\/estudiantes-de-la-institucion-educativa-viso-mesitas-de-rivera-recibieron-donacion-de-utiles-escolares-por-parte-de-la-policia-nacional\/","title":{"rendered":"Estudiantes de la instituci\u00f3n educativa Viso Mesitas de Rivera recibieron donaci\u00f3n de \u00fatiles escolares por parte de la Polic\u00eda Nacional"},"content":{"rendered":"\n<p>&nbsp;Con el fin de prevenir la violencia escolar y desmantelar a los grupos multicirimen que afectan los entornos escolares, la Polic\u00eda de Protecci\u00f3n a la Infancia y Adolescencia, en compa\u00f1\u00eda de la Comisar\u00eda de Familia y la Alcald\u00eda municipal de Rivera, participan activamente en el desarrollo de estrategias para consolidar espacios educativos seguros, que permitan a la ni\u00f1ez fortalecer sus habilidades sociales y potenciar estudiantes \u00edntegros, al servicio de la sociedad y la paz.<\/p>\n\n\n\n<p>Su prop\u00f3sito, es dejar un mensaje\u00a0 institucional de acompa\u00f1amiento a la comunidad escolar evitando as\u00ed que nuestras ni\u00f1as, ni\u00f1os y adolescentes sean v\u00edctimas de violencia escolar y en especial que se presenten conductas punibles como lesiones personales, el hurto, tr\u00e1fico de estupefacientes y delitos contra la integridad y formaci\u00f3n sexual.<\/p>\n\n\n\n<figure class=\"wp-block-gallery has-nested-images columns-default is-cropped wp-block-gallery-1 is-layout-flex wp-block-gallery-is-layout-flex\">\n<figure class=\"wp-block-image size-large\"><img decoding=\"async\" data-id=\"67647\" src=\"https:\/\/luchonoticias.com\/wp-content\/uploads\/2024\/01\/WhatsApp-Image-2024-01-27-at-12.04.11-PM.jpeg\" alt=\"\" class=\"wp-image-67647\"\/><\/figure>\n\n\n\n<figure class=\"wp-block-image size-large\"><img decoding=\"async\" data-id=\"67645\" src=\"https:\/\/luchonoticias.com\/wp-content\/uploads\/2024\/01\/WhatsApp-Image-2024-01-27-at-12.04.10-PM-2.jpeg\" alt=\"\" class=\"wp-image-67645\"\/><\/figure>\n\n\n\n<figure class=\"wp-block-image size-large\"><img decoding=\"async\" data-id=\"67646\" src=\"https:\/\/luchonoticias.com\/wp-content\/uploads\/2024\/01\/WhatsApp-Image-2024-01-27-at-12.04.10-PM-1.jpeg\" alt=\"\" class=\"wp-image-67646\"\/><\/figure>\n<\/figure>\n\n\n\n<p>El Comandante de la Polic\u00eda Metropolitana de Neiva, coronel Alexander Castillo Mar\u00edn, invita a la comunidad en general, a\u00a0 blindar a la comunidad educativa de la violencia escolar, para ello advierte de la existencia de las diferentes l\u00edneas de atenci\u00f3n, que permitir\u00e1n dar a conocer de manera oportuna, cualquier situaci\u00f3n de riesgo que afecte la integridad de nuestros ni\u00f1os, ni\u00f1as y adolescentes.<\/p>\n\n\n\n<p>De todos depende un regreso seguro a clases 2024, por lo cual invitamos a la comunidad a informar de manera oportuna cualquier vulneraci\u00f3n de derechos a nuestros ni\u00f1os, ni\u00f1as y adolescentes, a la l\u00edneas 123 de la Polic\u00eda Nacional y 141 del ICBF.<\/p>\n","protected":false},"excerpt":{"rendered":"<p>&nbsp;Con el fin de prevenir la violencia escolar y desmantelar a los grupos multicirimen que afectan los entornos escolares, la Polic\u00eda de Protecci\u00f3n a la Infancia y Adolescencia, en compa\u00f1\u00eda de la Comisar\u00eda de Familia y la Alcald\u00eda municipal de Rivera, participan activamente en el desarrollo de estrategias para consolidar espacios educativos seguros, que permitan [&hellip;]<\/p>\n","protected":false},"author":2,"featured_media":0,"comment_status":"open","ping_status":"open","sticky":false,"template":"","format":"standard","meta":{"footnotes":""},"categories":[3961,36],"tags":[],"class_list":["post-67643","post","type-post","status-publish","format-standard","hentry","category-comunidad","category-destacado"],"yoast_head":"<!-- This site is optimized with the Yoast SEO plugin v26.6 - https:\/\/yoast.com\/wordpress\/plugins\/seo\/ -->\n<title>Estudiantes de la instituci\u00f3n educativa Viso Mesitas de Rivera recibieron donaci\u00f3n de \u00fatiles escolares por parte de la Polic\u00eda Nacional -<\/title>\n<meta name=\"robots\" content=\"index, follow, max-snippet:-1, max-image-preview:large, max-video-preview:-1\" \/>\n<link rel=\"canonical\" href=\"https:\/\/luchonoticias.com\/editor\/estudiantes-de-la-institucion-educativa-viso-mesitas-de-rivera-recibieron-donacion-de-utiles-escolares-por-parte-de-la-policia-nacional\/\" \/>\n<meta property=\"og:locale\" content=\"es_ES\" \/>\n<meta property=\"og:type\" content=\"article\" \/>\n<meta property=\"og:title\" content=\"Estudiantes de la instituci\u00f3n educativa Viso Mesitas de Rivera recibieron donaci\u00f3n de \u00fatiles escolares por parte de la Polic\u00eda Nacional -\" \/>\n<meta property=\"og:url\" content=\"https:\/\/luchonoticias.com\/editor\/estudiantes-de-la-institucion-educativa-viso-mesitas-de-rivera-recibieron-donacion-de-utiles-escolares-por-parte-de-la-policia-nacional\/\" \/>\n<meta property=\"article:publisher\" content=\"https:\/\/www.facebook.com\/luchonoticiasneiva\" \/>\n<meta property=\"article:published_time\" content=\"2024-01-27T19:08:26+00:00\" \/>\n<meta property=\"og:image\" content=\"https:\/\/luchonoticias.com\/wp-content\/uploads\/2024\/01\/WhatsApp-Image-2024-01-27-at-12.04.11-PM.jpeg\" \/>\n<meta name=\"author\" content=\"Editor General\" \/>\n<meta name=\"twitter:card\" content=\"summary_large_image\" \/>\n<meta name=\"twitter:label1\" content=\"Escrito por\" \/>\n\t<meta name=\"twitter:data1\" content=\"Editor General\" \/>\n\t<meta name=\"twitter:label2\" content=\"Tiempo de lectura\" \/>\n\t<meta name=\"twitter:data2\" content=\"1 minuto\" \/>\n<script type=\"application\/ld+json\" class=\"yoast-schema-graph\">{\"@context\":\"https:\/\/schema.org\",\"@graph\":[{\"@type\":\"Article\",\"@id\":\"https:\/\/luchonoticias.com\/editor\/estudiantes-de-la-institucion-educativa-viso-mesitas-de-rivera-recibieron-donacion-de-utiles-escolares-por-parte-de-la-policia-nacional\/#article\",\"isPartOf\":{\"@id\":\"https:\/\/luchonoticias.com\/editor\/estudiantes-de-la-institucion-educativa-viso-mesitas-de-rivera-recibieron-donacion-de-utiles-escolares-por-parte-de-la-policia-nacional\/\"},\"author\":{\"name\":\"Editor General\",\"@id\":\"https:\/\/luchonoticias.com\/editor\/#\/schema\/person\/29217990ddf6f14e35912b2866d591fb\"},\"headline\":\"Estudiantes de la instituci\u00f3n educativa Viso Mesitas de Rivera recibieron donaci\u00f3n de \u00fatiles escolares por parte de la Polic\u00eda Nacional\",\"datePublished\":\"2024-01-27T19:08:26+00:00\",\"mainEntityOfPage\":{\"@id\":\"https:\/\/luchonoticias.com\/editor\/estudiantes-de-la-institucion-educativa-viso-mesitas-de-rivera-recibieron-donacion-de-utiles-escolares-por-parte-de-la-policia-nacional\/\"},\"wordCount\":276,\"commentCount\":0,\"publisher\":{\"@id\":\"https:\/\/luchonoticias.com\/editor\/#\/schema\/person\/7a7fd911f58561fd056dbac7b55af9cd\"},\"image\":{\"@id\":\"https:\/\/luchonoticias.com\/editor\/estudiantes-de-la-institucion-educativa-viso-mesitas-de-rivera-recibieron-donacion-de-utiles-escolares-por-parte-de-la-policia-nacional\/#primaryimage\"},\"thumbnailUrl\":\"https:\/\/luchonoticias.com\/wp-content\/uploads\/2024\/01\/WhatsApp-Image-2024-01-27-at-12.04.11-PM.jpeg\",\"articleSection\":[\"Comunidad\",\"Destacado\"],\"inLanguage\":\"es\",\"potentialAction\":[{\"@type\":\"CommentAction\",\"name\":\"Comment\",\"target\":[\"https:\/\/luchonoticias.com\/editor\/estudiantes-de-la-institucion-educativa-viso-mesitas-de-rivera-recibieron-donacion-de-utiles-escolares-por-parte-de-la-policia-nacional\/#respond\"]}]},{\"@type\":\"WebPage\",\"@id\":\"https:\/\/luchonoticias.com\/editor\/estudiantes-de-la-institucion-educativa-viso-mesitas-de-rivera-recibieron-donacion-de-utiles-escolares-por-parte-de-la-policia-nacional\/\",\"url\":\"https:\/\/luchonoticias.com\/editor\/estudiantes-de-la-institucion-educativa-viso-mesitas-de-rivera-recibieron-donacion-de-utiles-escolares-por-parte-de-la-policia-nacional\/\",\"name\":\"Estudiantes de la instituci\u00f3n educativa Viso Mesitas de Rivera recibieron donaci\u00f3n de \u00fatiles escolares por parte de la Polic\u00eda Nacional -\",\"isPartOf\":{\"@id\":\"https:\/\/luchonoticias.com\/editor\/#website\"},\"primaryImageOfPage\":{\"@id\":\"https:\/\/luchonoticias.com\/editor\/estudiantes-de-la-institucion-educativa-viso-mesitas-de-rivera-recibieron-donacion-de-utiles-escolares-por-parte-de-la-policia-nacional\/#primaryimage\"},\"image\":{\"@id\":\"https:\/\/luchonoticias.com\/editor\/estudiantes-de-la-institucion-educativa-viso-mesitas-de-rivera-recibieron-donacion-de-utiles-escolares-por-parte-de-la-policia-nacional\/#primaryimage\"},\"thumbnailUrl\":\"https:\/\/luchonoticias.com\/wp-content\/uploads\/2024\/01\/WhatsApp-Image-2024-01-27-at-12.04.11-PM.jpeg\",\"datePublished\":\"2024-01-27T19:08:26+00:00\",\"breadcrumb\":{\"@id\":\"https:\/\/luchonoticias.com\/editor\/estudiantes-de-la-institucion-educativa-viso-mesitas-de-rivera-recibieron-donacion-de-utiles-escolares-por-parte-de-la-policia-nacional\/#breadcrumb\"},\"inLanguage\":\"es\",\"potentialAction\":[{\"@type\":\"ReadAction\",\"target\":[\"https:\/\/luchonoticias.com\/editor\/estudiantes-de-la-institucion-educativa-viso-mesitas-de-rivera-recibieron-donacion-de-utiles-escolares-por-parte-de-la-policia-nacional\/\"]}]},{\"@type\":\"ImageObject\",\"inLanguage\":\"es\",\"@id\":\"https:\/\/luchonoticias.com\/editor\/estudiantes-de-la-institucion-educativa-viso-mesitas-de-rivera-recibieron-donacion-de-utiles-escolares-por-parte-de-la-policia-nacional\/#primaryimage\",\"url\":\"https:\/\/luchonoticias.com\/wp-content\/uploads\/2024\/01\/WhatsApp-Image-2024-01-27-at-12.04.11-PM.jpeg\",\"contentUrl\":\"https:\/\/luchonoticias.com\/wp-content\/uploads\/2024\/01\/WhatsApp-Image-2024-01-27-at-12.04.11-PM.jpeg\"},{\"@type\":\"BreadcrumbList\",\"@id\":\"https:\/\/luchonoticias.com\/editor\/estudiantes-de-la-institucion-educativa-viso-mesitas-de-rivera-recibieron-donacion-de-utiles-escolares-por-parte-de-la-policia-nacional\/#breadcrumb\",\"itemListElement\":[{\"@type\":\"ListItem\",\"position\":1,\"name\":\"Portada\",\"item\":\"https:\/\/luchonoticias.com\/editor\/\"},{\"@type\":\"ListItem\",\"position\":2,\"name\":\"Estudiantes de la instituci\u00f3n educativa Viso Mesitas de Rivera recibieron donaci\u00f3n de \u00fatiles escolares por parte de la Polic\u00eda Nacional\"}]},{\"@type\":\"WebSite\",\"@id\":\"https:\/\/luchonoticias.com\/editor\/#website\",\"url\":\"https:\/\/luchonoticias.com\/editor\/\",\"name\":\"\",\"description\":\"\",\"publisher\":{\"@id\":\"https:\/\/luchonoticias.com\/editor\/#\/schema\/person\/7a7fd911f58561fd056dbac7b55af9cd\"},\"potentialAction\":[{\"@type\":\"SearchAction\",\"target\":{\"@type\":\"EntryPoint\",\"urlTemplate\":\"https:\/\/luchonoticias.com\/editor\/?s={search_term_string}\"},\"query-input\":{\"@type\":\"PropertyValueSpecification\",\"valueRequired\":true,\"valueName\":\"search_term_string\"}}],\"inLanguage\":\"es\"},{\"@type\":[\"Person\",\"Organization\"],\"@id\":\"https:\/\/luchonoticias.com\/editor\/#\/schema\/person\/7a7fd911f58561fd056dbac7b55af9cd\",\"name\":\"admin\",\"image\":{\"@type\":\"ImageObject\",\"inLanguage\":\"es\",\"@id\":\"https:\/\/luchonoticias.com\/editor\/#\/schema\/person\/image\/\",\"url\":\"https:\/\/luchonoticias.com\/editor\/wp-content\/uploads\/2024\/02\/cropped-cropped-logolu.webp\",\"contentUrl\":\"https:\/\/luchonoticias.com\/editor\/wp-content\/uploads\/2024\/02\/cropped-cropped-logolu.webp\",\"width\":382,\"height\":170,\"caption\":\"admin\"},\"logo\":{\"@id\":\"https:\/\/luchonoticias.com\/editor\/#\/schema\/person\/image\/\"},\"sameAs\":[\"https:\/\/www.facebook.com\/luchonoticiasneiva\"]},{\"@type\":\"Person\",\"@id\":\"https:\/\/luchonoticias.com\/editor\/#\/schema\/person\/29217990ddf6f14e35912b2866d591fb\",\"name\":\"Editor General\",\"image\":{\"@type\":\"ImageObject\",\"inLanguage\":\"es\",\"@id\":\"https:\/\/luchonoticias.com\/editor\/#\/schema\/person\/image\/\",\"url\":\"https:\/\/luchonoticias.com\/editor\/wp-content\/uploads\/2024\/02\/cropped-cropped-logolu-150x150.webp\",\"contentUrl\":\"https:\/\/luchonoticias.com\/editor\/wp-content\/uploads\/2024\/02\/cropped-cropped-logolu-150x150.webp\",\"caption\":\"Editor General\"},\"sameAs\":[\"https:\/\/luchonoticias.com\/\"],\"url\":\"https:\/\/luchonoticias.com\/editor\/author\/editor-general\/\"}]}<\/script>\n<!-- \/ Yoast SEO plugin. -->","yoast_head_json":{"title":"Estudiantes de la instituci\u00f3n educativa Viso Mesitas de Rivera recibieron donaci\u00f3n de \u00fatiles escolares por parte de la Polic\u00eda Nacional -","robots":{"index":"index","follow":"follow","max-snippet":"max-snippet:-1","max-image-preview":"max-image-preview:large","max-video-preview":"max-video-preview:-1"},"canonical":"https:\/\/luchonoticias.com\/editor\/estudiantes-de-la-institucion-educativa-viso-mesitas-de-rivera-recibieron-donacion-de-utiles-escolares-por-parte-de-la-policia-nacional\/","og_locale":"es_ES","og_type":"article","og_title":"Estudiantes de la instituci\u00f3n educativa Viso Mesitas de Rivera recibieron donaci\u00f3n de \u00fatiles escolares por parte de la Polic\u00eda Nacional -","og_url":"https:\/\/luchonoticias.com\/editor\/estudiantes-de-la-institucion-educativa-viso-mesitas-de-rivera-recibieron-donacion-de-utiles-escolares-por-parte-de-la-policia-nacional\/","article_publisher":"https:\/\/www.facebook.com\/luchonoticiasneiva","article_published_time":"2024-01-27T19:08:26+00:00","og_image":[{"url":"https:\/\/luchonoticias.com\/wp-content\/uploads\/2024\/01\/WhatsApp-Image-2024-01-27-at-12.04.11-PM.jpeg","type":"","width":"","height":""}],"author":"Editor General","twitter_card":"summary_large_image","twitter_misc":{"Escrito por":"Editor General","Tiempo de lectura":"1 minuto"},"schema":{"@context":"https:\/\/schema.org","@graph":[{"@type":"Article","@id":"https:\/\/luchonoticias.com\/editor\/estudiantes-de-la-institucion-educativa-viso-mesitas-de-rivera-recibieron-donacion-de-utiles-escolares-por-parte-de-la-policia-nacional\/#article","isPartOf":{"@id":"https:\/\/luchonoticias.com\/editor\/estudiantes-de-la-institucion-educativa-viso-mesitas-de-rivera-recibieron-donacion-de-utiles-escolares-por-parte-de-la-policia-nacional\/"},"author":{"name":"Editor General","@id":"https:\/\/luchonoticias.com\/editor\/#\/schema\/person\/29217990ddf6f14e35912b2866d591fb"},"headline":"Estudiantes de la instituci\u00f3n educativa Viso Mesitas de Rivera recibieron donaci\u00f3n de \u00fatiles escolares por parte de la Polic\u00eda Nacional","datePublished":"2024-01-27T19:08:26+00:00","mainEntityOfPage":{"@id":"https:\/\/luchonoticias.com\/editor\/estudiantes-de-la-institucion-educativa-viso-mesitas-de-rivera-recibieron-donacion-de-utiles-escolares-por-parte-de-la-policia-nacional\/"},"wordCount":276,"commentCount":0,"publisher":{"@id":"https:\/\/luchonoticias.com\/editor\/#\/schema\/person\/7a7fd911f58561fd056dbac7b55af9cd"},"image":{"@id":"https:\/\/luchonoticias.com\/editor\/estudiantes-de-la-institucion-educativa-viso-mesitas-de-rivera-recibieron-donacion-de-utiles-escolares-por-parte-de-la-policia-nacional\/#primaryimage"},"thumbnailUrl":"https:\/\/luchonoticias.com\/wp-content\/uploads\/2024\/01\/WhatsApp-Image-2024-01-27-at-12.04.11-PM.jpeg","articleSection":["Comunidad","Destacado"],"inLanguage":"es","potentialAction":[{"@type":"CommentAction","name":"Comment","target":["https:\/\/luchonoticias.com\/editor\/estudiantes-de-la-institucion-educativa-viso-mesitas-de-rivera-recibieron-donacion-de-utiles-escolares-por-parte-de-la-policia-nacional\/#respond"]}]},{"@type":"WebPage","@id":"https:\/\/luchonoticias.com\/editor\/estudiantes-de-la-institucion-educativa-viso-mesitas-de-rivera-recibieron-donacion-de-utiles-escolares-por-parte-de-la-policia-nacional\/","url":"https:\/\/luchonoticias.com\/editor\/estudiantes-de-la-institucion-educativa-viso-mesitas-de-rivera-recibieron-donacion-de-utiles-escolares-por-parte-de-la-policia-nacional\/","name":"Estudiantes de la instituci\u00f3n educativa Viso Mesitas de Rivera recibieron donaci\u00f3n de \u00fatiles escolares por parte de la Polic\u00eda Nacional -","isPartOf":{"@id":"https:\/\/luchonoticias.com\/editor\/#website"},"primaryImageOfPage":{"@id":"https:\/\/luchonoticias.com\/editor\/estudiantes-de-la-institucion-educativa-viso-mesitas-de-rivera-recibieron-donacion-de-utiles-escolares-por-parte-de-la-policia-nacional\/#primaryimage"},"image":{"@id":"https:\/\/luchonoticias.com\/editor\/estudiantes-de-la-institucion-educativa-viso-mesitas-de-rivera-recibieron-donacion-de-utiles-escolares-por-parte-de-la-policia-nacional\/#primaryimage"},"thumbnailUrl":"https:\/\/luchonoticias.com\/wp-content\/uploads\/2024\/01\/WhatsApp-Image-2024-01-27-at-12.04.11-PM.jpeg","datePublished":"2024-01-27T19:08:26+00:00","breadcrumb":{"@id":"https:\/\/luchonoticias.com\/editor\/estudiantes-de-la-institucion-educativa-viso-mesitas-de-rivera-recibieron-donacion-de-utiles-escolares-por-parte-de-la-policia-nacional\/#breadcrumb"},"inLanguage":"es","potentialAction":[{"@type":"ReadAction","target":["https:\/\/luchonoticias.com\/editor\/estudiantes-de-la-institucion-educativa-viso-mesitas-de-rivera-recibieron-donacion-de-utiles-escolares-por-parte-de-la-policia-nacional\/"]}]},{"@type":"ImageObject","inLanguage":"es","@id":"https:\/\/luchonoticias.com\/editor\/estudiantes-de-la-institucion-educativa-viso-mesitas-de-rivera-recibieron-donacion-de-utiles-escolares-por-parte-de-la-policia-nacional\/#primaryimage","url":"https:\/\/luchonoticias.com\/wp-content\/uploads\/2024\/01\/WhatsApp-Image-2024-01-27-at-12.04.11-PM.jpeg","contentUrl":"https:\/\/luchonoticias.com\/wp-content\/uploads\/2024\/01\/WhatsApp-Image-2024-01-27-at-12.04.11-PM.jpeg"},{"@type":"BreadcrumbList","@id":"https:\/\/luchonoticias.com\/editor\/estudiantes-de-la-institucion-educativa-viso-mesitas-de-rivera-recibieron-donacion-de-utiles-escolares-por-parte-de-la-policia-nacional\/#breadcrumb","itemListElement":[{"@type":"ListItem","position":1,"name":"Portada","item":"https:\/\/luchonoticias.com\/editor\/"},{"@type":"ListItem","position":2,"name":"Estudiantes de la instituci\u00f3n educativa Viso Mesitas de Rivera recibieron donaci\u00f3n de \u00fatiles escolares por parte de la Polic\u00eda Nacional"}]},{"@type":"WebSite","@id":"https:\/\/luchonoticias.com\/editor\/#website","url":"https:\/\/luchonoticias.com\/editor\/","name":"","description":"","publisher":{"@id":"https:\/\/luchonoticias.com\/editor\/#\/schema\/person\/7a7fd911f58561fd056dbac7b55af9cd"},"potentialAction":[{"@type":"SearchAction","target":{"@type":"EntryPoint","urlTemplate":"https:\/\/luchonoticias.com\/editor\/?s={search_term_string}"},"query-input":{"@type":"PropertyValueSpecification","valueRequired":true,"valueName":"search_term_string"}}],"inLanguage":"es"},{"@type":["Person","Organization"],"@id":"https:\/\/luchonoticias.com\/editor\/#\/schema\/person\/7a7fd911f58561fd056dbac7b55af9cd","name":"admin","image":{"@type":"ImageObject","inLanguage":"es","@id":"https:\/\/luchonoticias.com\/editor\/#\/schema\/person\/image\/","url":"https:\/\/luchonoticias.com\/editor\/wp-content\/uploads\/2024\/02\/cropped-cropped-logolu.webp","contentUrl":"https:\/\/luchonoticias.com\/editor\/wp-content\/uploads\/2024\/02\/cropped-cropped-logolu.webp","width":382,"height":170,"caption":"admin"},"logo":{"@id":"https:\/\/luchonoticias.com\/editor\/#\/schema\/person\/image\/"},"sameAs":["https:\/\/www.facebook.com\/luchonoticiasneiva"]},{"@type":"Person","@id":"https:\/\/luchonoticias.com\/editor\/#\/schema\/person\/29217990ddf6f14e35912b2866d591fb","name":"Editor General","image":{"@type":"ImageObject","inLanguage":"es","@id":"https:\/\/luchonoticias.com\/editor\/#\/schema\/person\/image\/","url":"https:\/\/luchonoticias.com\/editor\/wp-content\/uploads\/2024\/02\/cropped-cropped-logolu-150x150.webp","contentUrl":"https:\/\/luchonoticias.com\/editor\/wp-content\/uploads\/2024\/02\/cropped-cropped-logolu-150x150.webp","caption":"Editor General"},"sameAs":["https:\/\/luchonoticias.com\/"],"url":"https:\/\/luchonoticias.com\/editor\/author\/editor-general\/"}]}},"_links":{"self":[{"href":"https:\/\/luchonoticias.com\/editor\/wp-json\/wp\/v2\/posts\/67643","targetHints":{"allow":["GET"]}}],"collection":[{"href":"https:\/\/luchonoticias.com\/editor\/wp-json\/wp\/v2\/posts"}],"about":[{"href":"https:\/\/luchonoticias.com\/editor\/wp-json\/wp\/v2\/types\/post"}],"author":[{"embeddable":true,"href":"https:\/\/luchonoticias.com\/editor\/wp-json\/wp\/v2\/users\/2"}],"replies":[{"embeddable":true,"href":"https:\/\/luchonoticias.com\/editor\/wp-json\/wp\/v2\/comments?post=67643"}],"version-history":[{"count":0,"href":"https:\/\/luchonoticias.com\/editor\/wp-json\/wp\/v2\/posts\/67643\/revisions"}],"wp:attachment":[{"href":"https:\/\/luchonoticias.com\/editor\/wp-json\/wp\/v2\/media?parent=67643"}],"wp:term":[{"taxonomy":"category","embeddable":true,"href":"https:\/\/luchonoticias.com\/editor\/wp-json\/wp\/v2\/categories?post=67643"},{"taxonomy":"post_tag","embeddable":true,"href":"https:\/\/luchonoticias.com\/editor\/wp-json\/wp\/v2\/tags?post=67643"}],"curies":[{"name":"wp","href":"https:\/\/api.w.org\/{rel}","templated":true}]}}