{"id":67652,"date":"2024-01-27T14:15:09","date_gmt":"2024-01-27T19:15:09","guid":{"rendered":"https:\/\/luchonoticias.com\/?p=67652"},"modified":"2024-01-27T14:15:11","modified_gmt":"2024-01-27T19:15:11","slug":"equipo-de-extincion-de-incendios-forestales-de-la-fuerza-aerea-del-peru-ya-esta-en-colombia","status":"publish","type":"post","link":"https:\/\/luchonoticias.com\/editor\/equipo-de-extincion-de-incendios-forestales-de-la-fuerza-aerea-del-peru-ya-esta-en-colombia\/","title":{"rendered":"Equipo de extinci\u00f3n de incendios forestales de la Fuerza A\u00e9rea del Per\u00fa ya est\u00e1 en Colombia"},"content":{"rendered":"\n<p>El sistema de extinci\u00f3n de fuego Guardian Caylym, de la Fuerza A\u00e9rea del Per\u00fa, por medio l\u00edquido lanzado por aeronaves, lleg\u00f3 a Bogot\u00e1 en un avi\u00f3n de la Fuerza Aeroespacial Colombiana (FAC), para reforzar la tarea de control de los incendios forestales que se registran en varias zonas del pa\u00eds.<\/p>\n\n\n\n<p>La Fuerza A\u00e9rea del Per\u00fa envi\u00f3 220 contenedores tipo A22 del sistema Guardian Caylym, que ser\u00e1n lanzados desde aviones militares, y tres equipos de llenado de contenedores en tierra. Los equipos se transportaron en una aeronave H\u00e9rcules C-130 de la FAC que viaj\u00f3 desde Lima al Comando A\u00e9reo de Transporte Militar (Catam) en Bogot\u00e1, inform\u00f3 esta entidad.<\/p>\n\n\n\n<p>El Gobierno de Colombia, por medio de la Canciller\u00eda, expres\u00f3 \u201csu profundo agradecimiento a la hermana Rep\u00fablica del Per\u00fa por las muestras de solidaridad frente a los incendios forestales que azotan el territorio colombiano. En especial por su inmediata respuesta a trav\u00e9s del env\u00edo del sistema Guardian\u201d.<\/p>\n\n\n\n<p><strong>Funcionamiento del sistema<\/strong><\/p>\n\n\n\n<p>La FAC indic\u00f3 que los contenedores cuentan con un sistema de almacenamiento de agua con una capacidad de 264 galones, equivalente a 1.000 litros.<\/p>\n\n\n\n<p>Las cajas est\u00e1n fabricadas de materiales biodegradables en un 90% y reciclables al 100% y se lanzan desde el aire, tal como se realizan las operaciones de entrega de carga. Una vez en el aire, las cajas liberan su contenido y crean un efecto de lluvia con gran precisi\u00f3n sobre los incendios de grandes magnitudes.<\/p>\n\n\n\n<p>Este sistema tiene la facilidad de ser desplegado desde aeronaves que cuentan con compuerta trasera y rodillos para el lanzamiento de carga, permitiendo que aviones que vuelan a gran altura realicen este tipo de misiones, ya que crea una l\u00ednea consistente y continuada de agua con l\u00edquido retardante, muy efectiva para aplacar las llamas.<\/p>\n\n\n\n<p>Las tripulaciones de la FAC recibieron las instrucciones para el manejo y utilizaci\u00f3n del sistema por parte de los oficiales y suboficiales de la Fuerza A\u00e9rea del Per\u00fa, en la Base A\u00e9rea del Callao.<\/p>\n","protected":false},"excerpt":{"rendered":"<p>El sistema de extinci\u00f3n de fuego Guardian Caylym, de la Fuerza A\u00e9rea del Per\u00fa, por medio l\u00edquido lanzado por aeronaves, lleg\u00f3 a Bogot\u00e1 en un avi\u00f3n de la Fuerza Aeroespacial Colombiana (FAC), para reforzar la tarea de control de los incendios forestales que se registran en varias zonas del pa\u00eds. La Fuerza A\u00e9rea del Per\u00fa [&hellip;]<\/p>\n","protected":false},"author":2,"featured_media":0,"comment_status":"open","ping_status":"open","sticky":false,"template":"","format":"standard","meta":{"footnotes":""},"categories":[28,36],"tags":[],"class_list":["post-67652","post","type-post","status-publish","format-standard","hentry","category-actualidad","category-destacado"],"yoast_head":"<!-- This site is optimized with the Yoast SEO plugin v26.6 - https:\/\/yoast.com\/wordpress\/plugins\/seo\/ -->\n<title>Equipo de extinci\u00f3n de incendios forestales de la Fuerza A\u00e9rea del Per\u00fa ya est\u00e1 en Colombia -<\/title>\n<meta name=\"robots\" content=\"index, follow, max-snippet:-1, max-image-preview:large, max-video-preview:-1\" \/>\n<link rel=\"canonical\" href=\"https:\/\/luchonoticias.com\/editor\/equipo-de-extincion-de-incendios-forestales-de-la-fuerza-aerea-del-peru-ya-esta-en-colombia\/\" \/>\n<meta property=\"og:locale\" content=\"es_ES\" \/>\n<meta property=\"og:type\" content=\"article\" \/>\n<meta property=\"og:title\" content=\"Equipo de extinci\u00f3n de incendios forestales de la Fuerza A\u00e9rea del Per\u00fa ya est\u00e1 en Colombia -\" \/>\n<meta property=\"og:url\" content=\"https:\/\/luchonoticias.com\/editor\/equipo-de-extincion-de-incendios-forestales-de-la-fuerza-aerea-del-peru-ya-esta-en-colombia\/\" \/>\n<meta property=\"article:publisher\" content=\"https:\/\/www.facebook.com\/luchonoticiasneiva\" \/>\n<meta property=\"article:published_time\" content=\"2024-01-27T19:15:09+00:00\" \/>\n<meta property=\"article:modified_time\" content=\"2024-01-27T19:15:11+00:00\" \/>\n<meta name=\"author\" content=\"Editor General\" \/>\n<meta name=\"twitter:card\" content=\"summary_large_image\" \/>\n<meta name=\"twitter:label1\" content=\"Escrito por\" \/>\n\t<meta name=\"twitter:data1\" content=\"Editor General\" \/>\n\t<meta name=\"twitter:label2\" content=\"Tiempo de lectura\" \/>\n\t<meta name=\"twitter:data2\" content=\"2 minutos\" \/>\n<script type=\"application\/ld+json\" class=\"yoast-schema-graph\">{\"@context\":\"https:\/\/schema.org\",\"@graph\":[{\"@type\":\"Article\",\"@id\":\"https:\/\/luchonoticias.com\/editor\/equipo-de-extincion-de-incendios-forestales-de-la-fuerza-aerea-del-peru-ya-esta-en-colombia\/#article\",\"isPartOf\":{\"@id\":\"https:\/\/luchonoticias.com\/editor\/equipo-de-extincion-de-incendios-forestales-de-la-fuerza-aerea-del-peru-ya-esta-en-colombia\/\"},\"author\":{\"name\":\"Editor General\",\"@id\":\"https:\/\/luchonoticias.com\/editor\/#\/schema\/person\/29217990ddf6f14e35912b2866d591fb\"},\"headline\":\"Equipo de extinci\u00f3n de incendios forestales de la Fuerza A\u00e9rea del Per\u00fa ya est\u00e1 en Colombia\",\"datePublished\":\"2024-01-27T19:15:09+00:00\",\"dateModified\":\"2024-01-27T19:15:11+00:00\",\"mainEntityOfPage\":{\"@id\":\"https:\/\/luchonoticias.com\/editor\/equipo-de-extincion-de-incendios-forestales-de-la-fuerza-aerea-del-peru-ya-esta-en-colombia\/\"},\"wordCount\":357,\"commentCount\":0,\"publisher\":{\"@id\":\"https:\/\/luchonoticias.com\/editor\/#\/schema\/person\/7a7fd911f58561fd056dbac7b55af9cd\"},\"articleSection\":[\"Actualidad\",\"Destacado\"],\"inLanguage\":\"es\",\"potentialAction\":[{\"@type\":\"CommentAction\",\"name\":\"Comment\",\"target\":[\"https:\/\/luchonoticias.com\/editor\/equipo-de-extincion-de-incendios-forestales-de-la-fuerza-aerea-del-peru-ya-esta-en-colombia\/#respond\"]}]},{\"@type\":\"WebPage\",\"@id\":\"https:\/\/luchonoticias.com\/editor\/equipo-de-extincion-de-incendios-forestales-de-la-fuerza-aerea-del-peru-ya-esta-en-colombia\/\",\"url\":\"https:\/\/luchonoticias.com\/editor\/equipo-de-extincion-de-incendios-forestales-de-la-fuerza-aerea-del-peru-ya-esta-en-colombia\/\",\"name\":\"Equipo de extinci\u00f3n de incendios forestales de la Fuerza A\u00e9rea del Per\u00fa ya est\u00e1 en Colombia -\",\"isPartOf\":{\"@id\":\"https:\/\/luchonoticias.com\/editor\/#website\"},\"datePublished\":\"2024-01-27T19:15:09+00:00\",\"dateModified\":\"2024-01-27T19:15:11+00:00\",\"breadcrumb\":{\"@id\":\"https:\/\/luchonoticias.com\/editor\/equipo-de-extincion-de-incendios-forestales-de-la-fuerza-aerea-del-peru-ya-esta-en-colombia\/#breadcrumb\"},\"inLanguage\":\"es\",\"potentialAction\":[{\"@type\":\"ReadAction\",\"target\":[\"https:\/\/luchonoticias.com\/editor\/equipo-de-extincion-de-incendios-forestales-de-la-fuerza-aerea-del-peru-ya-esta-en-colombia\/\"]}]},{\"@type\":\"BreadcrumbList\",\"@id\":\"https:\/\/luchonoticias.com\/editor\/equipo-de-extincion-de-incendios-forestales-de-la-fuerza-aerea-del-peru-ya-esta-en-colombia\/#breadcrumb\",\"itemListElement\":[{\"@type\":\"ListItem\",\"position\":1,\"name\":\"Portada\",\"item\":\"https:\/\/luchonoticias.com\/editor\/\"},{\"@type\":\"ListItem\",\"position\":2,\"name\":\"Equipo de extinci\u00f3n de incendios forestales de la Fuerza A\u00e9rea del Per\u00fa ya est\u00e1 en Colombia\"}]},{\"@type\":\"WebSite\",\"@id\":\"https:\/\/luchonoticias.com\/editor\/#website\",\"url\":\"https:\/\/luchonoticias.com\/editor\/\",\"name\":\"\",\"description\":\"\",\"publisher\":{\"@id\":\"https:\/\/luchonoticias.com\/editor\/#\/schema\/person\/7a7fd911f58561fd056dbac7b55af9cd\"},\"potentialAction\":[{\"@type\":\"SearchAction\",\"target\":{\"@type\":\"EntryPoint\",\"urlTemplate\":\"https:\/\/luchonoticias.com\/editor\/?s={search_term_string}\"},\"query-input\":{\"@type\":\"PropertyValueSpecification\",\"valueRequired\":true,\"valueName\":\"search_term_string\"}}],\"inLanguage\":\"es\"},{\"@type\":[\"Person\",\"Organization\"],\"@id\":\"https:\/\/luchonoticias.com\/editor\/#\/schema\/person\/7a7fd911f58561fd056dbac7b55af9cd\",\"name\":\"admin\",\"image\":{\"@type\":\"ImageObject\",\"inLanguage\":\"es\",\"@id\":\"https:\/\/luchonoticias.com\/editor\/#\/schema\/person\/image\/\",\"url\":\"https:\/\/luchonoticias.com\/editor\/wp-content\/uploads\/2024\/02\/cropped-cropped-logolu.webp\",\"contentUrl\":\"https:\/\/luchonoticias.com\/editor\/wp-content\/uploads\/2024\/02\/cropped-cropped-logolu.webp\",\"width\":382,\"height\":170,\"caption\":\"admin\"},\"logo\":{\"@id\":\"https:\/\/luchonoticias.com\/editor\/#\/schema\/person\/image\/\"},\"sameAs\":[\"https:\/\/www.facebook.com\/luchonoticiasneiva\"]},{\"@type\":\"Person\",\"@id\":\"https:\/\/luchonoticias.com\/editor\/#\/schema\/person\/29217990ddf6f14e35912b2866d591fb\",\"name\":\"Editor General\",\"image\":{\"@type\":\"ImageObject\",\"inLanguage\":\"es\",\"@id\":\"https:\/\/luchonoticias.com\/editor\/#\/schema\/person\/image\/\",\"url\":\"https:\/\/luchonoticias.com\/editor\/wp-content\/uploads\/2024\/02\/cropped-cropped-logolu-150x150.webp\",\"contentUrl\":\"https:\/\/luchonoticias.com\/editor\/wp-content\/uploads\/2024\/02\/cropped-cropped-logolu-150x150.webp\",\"caption\":\"Editor General\"},\"sameAs\":[\"https:\/\/luchonoticias.com\/\"],\"url\":\"https:\/\/luchonoticias.com\/editor\/author\/editor-general\/\"}]}<\/script>\n<!-- \/ Yoast SEO plugin. -->","yoast_head_json":{"title":"Equipo de extinci\u00f3n de incendios forestales de la Fuerza A\u00e9rea del Per\u00fa ya est\u00e1 en Colombia -","robots":{"index":"index","follow":"follow","max-snippet":"max-snippet:-1","max-image-preview":"max-image-preview:large","max-video-preview":"max-video-preview:-1"},"canonical":"https:\/\/luchonoticias.com\/editor\/equipo-de-extincion-de-incendios-forestales-de-la-fuerza-aerea-del-peru-ya-esta-en-colombia\/","og_locale":"es_ES","og_type":"article","og_title":"Equipo de extinci\u00f3n de incendios forestales de la Fuerza A\u00e9rea del Per\u00fa ya est\u00e1 en Colombia -","og_url":"https:\/\/luchonoticias.com\/editor\/equipo-de-extincion-de-incendios-forestales-de-la-fuerza-aerea-del-peru-ya-esta-en-colombia\/","article_publisher":"https:\/\/www.facebook.com\/luchonoticiasneiva","article_published_time":"2024-01-27T19:15:09+00:00","article_modified_time":"2024-01-27T19:15:11+00:00","author":"Editor General","twitter_card":"summary_large_image","twitter_misc":{"Escrito por":"Editor General","Tiempo de lectura":"2 minutos"},"schema":{"@context":"https:\/\/schema.org","@graph":[{"@type":"Article","@id":"https:\/\/luchonoticias.com\/editor\/equipo-de-extincion-de-incendios-forestales-de-la-fuerza-aerea-del-peru-ya-esta-en-colombia\/#article","isPartOf":{"@id":"https:\/\/luchonoticias.com\/editor\/equipo-de-extincion-de-incendios-forestales-de-la-fuerza-aerea-del-peru-ya-esta-en-colombia\/"},"author":{"name":"Editor General","@id":"https:\/\/luchonoticias.com\/editor\/#\/schema\/person\/29217990ddf6f14e35912b2866d591fb"},"headline":"Equipo de extinci\u00f3n de incendios forestales de la Fuerza A\u00e9rea del Per\u00fa ya est\u00e1 en Colombia","datePublished":"2024-01-27T19:15:09+00:00","dateModified":"2024-01-27T19:15:11+00:00","mainEntityOfPage":{"@id":"https:\/\/luchonoticias.com\/editor\/equipo-de-extincion-de-incendios-forestales-de-la-fuerza-aerea-del-peru-ya-esta-en-colombia\/"},"wordCount":357,"commentCount":0,"publisher":{"@id":"https:\/\/luchonoticias.com\/editor\/#\/schema\/person\/7a7fd911f58561fd056dbac7b55af9cd"},"articleSection":["Actualidad","Destacado"],"inLanguage":"es","potentialAction":[{"@type":"CommentAction","name":"Comment","target":["https:\/\/luchonoticias.com\/editor\/equipo-de-extincion-de-incendios-forestales-de-la-fuerza-aerea-del-peru-ya-esta-en-colombia\/#respond"]}]},{"@type":"WebPage","@id":"https:\/\/luchonoticias.com\/editor\/equipo-de-extincion-de-incendios-forestales-de-la-fuerza-aerea-del-peru-ya-esta-en-colombia\/","url":"https:\/\/luchonoticias.com\/editor\/equipo-de-extincion-de-incendios-forestales-de-la-fuerza-aerea-del-peru-ya-esta-en-colombia\/","name":"Equipo de extinci\u00f3n de incendios forestales de la Fuerza A\u00e9rea del Per\u00fa ya est\u00e1 en Colombia -","isPartOf":{"@id":"https:\/\/luchonoticias.com\/editor\/#website"},"datePublished":"2024-01-27T19:15:09+00:00","dateModified":"2024-01-27T19:15:11+00:00","breadcrumb":{"@id":"https:\/\/luchonoticias.com\/editor\/equipo-de-extincion-de-incendios-forestales-de-la-fuerza-aerea-del-peru-ya-esta-en-colombia\/#breadcrumb"},"inLanguage":"es","potentialAction":[{"@type":"ReadAction","target":["https:\/\/luchonoticias.com\/editor\/equipo-de-extincion-de-incendios-forestales-de-la-fuerza-aerea-del-peru-ya-esta-en-colombia\/"]}]},{"@type":"BreadcrumbList","@id":"https:\/\/luchonoticias.com\/editor\/equipo-de-extincion-de-incendios-forestales-de-la-fuerza-aerea-del-peru-ya-esta-en-colombia\/#breadcrumb","itemListElement":[{"@type":"ListItem","position":1,"name":"Portada","item":"https:\/\/luchonoticias.com\/editor\/"},{"@type":"ListItem","position":2,"name":"Equipo de extinci\u00f3n de incendios forestales de la Fuerza A\u00e9rea del Per\u00fa ya est\u00e1 en Colombia"}]},{"@type":"WebSite","@id":"https:\/\/luchonoticias.com\/editor\/#website","url":"https:\/\/luchonoticias.com\/editor\/","name":"","description":"","publisher":{"@id":"https:\/\/luchonoticias.com\/editor\/#\/schema\/person\/7a7fd911f58561fd056dbac7b55af9cd"},"potentialAction":[{"@type":"SearchAction","target":{"@type":"EntryPoint","urlTemplate":"https:\/\/luchonoticias.com\/editor\/?s={search_term_string}"},"query-input":{"@type":"PropertyValueSpecification","valueRequired":true,"valueName":"search_term_string"}}],"inLanguage":"es"},{"@type":["Person","Organization"],"@id":"https:\/\/luchonoticias.com\/editor\/#\/schema\/person\/7a7fd911f58561fd056dbac7b55af9cd","name":"admin","image":{"@type":"ImageObject","inLanguage":"es","@id":"https:\/\/luchonoticias.com\/editor\/#\/schema\/person\/image\/","url":"https:\/\/luchonoticias.com\/editor\/wp-content\/uploads\/2024\/02\/cropped-cropped-logolu.webp","contentUrl":"https:\/\/luchonoticias.com\/editor\/wp-content\/uploads\/2024\/02\/cropped-cropped-logolu.webp","width":382,"height":170,"caption":"admin"},"logo":{"@id":"https:\/\/luchonoticias.com\/editor\/#\/schema\/person\/image\/"},"sameAs":["https:\/\/www.facebook.com\/luchonoticiasneiva"]},{"@type":"Person","@id":"https:\/\/luchonoticias.com\/editor\/#\/schema\/person\/29217990ddf6f14e35912b2866d591fb","name":"Editor General","image":{"@type":"ImageObject","inLanguage":"es","@id":"https:\/\/luchonoticias.com\/editor\/#\/schema\/person\/image\/","url":"https:\/\/luchonoticias.com\/editor\/wp-content\/uploads\/2024\/02\/cropped-cropped-logolu-150x150.webp","contentUrl":"https:\/\/luchonoticias.com\/editor\/wp-content\/uploads\/2024\/02\/cropped-cropped-logolu-150x150.webp","caption":"Editor General"},"sameAs":["https:\/\/luchonoticias.com\/"],"url":"https:\/\/luchonoticias.com\/editor\/author\/editor-general\/"}]}},"_links":{"self":[{"href":"https:\/\/luchonoticias.com\/editor\/wp-json\/wp\/v2\/posts\/67652","targetHints":{"allow":["GET"]}}],"collection":[{"href":"https:\/\/luchonoticias.com\/editor\/wp-json\/wp\/v2\/posts"}],"about":[{"href":"https:\/\/luchonoticias.com\/editor\/wp-json\/wp\/v2\/types\/post"}],"author":[{"embeddable":true,"href":"https:\/\/luchonoticias.com\/editor\/wp-json\/wp\/v2\/users\/2"}],"replies":[{"embeddable":true,"href":"https:\/\/luchonoticias.com\/editor\/wp-json\/wp\/v2\/comments?post=67652"}],"version-history":[{"count":0,"href":"https:\/\/luchonoticias.com\/editor\/wp-json\/wp\/v2\/posts\/67652\/revisions"}],"wp:attachment":[{"href":"https:\/\/luchonoticias.com\/editor\/wp-json\/wp\/v2\/media?parent=67652"}],"wp:term":[{"taxonomy":"category","embeddable":true,"href":"https:\/\/luchonoticias.com\/editor\/wp-json\/wp\/v2\/categories?post=67652"},{"taxonomy":"post_tag","embeddable":true,"href":"https:\/\/luchonoticias.com\/editor\/wp-json\/wp\/v2\/tags?post=67652"}],"curies":[{"name":"wp","href":"https:\/\/api.w.org\/{rel}","templated":true}]}}