{"id":67655,"date":"2024-01-28T05:24:20","date_gmt":"2024-01-28T10:24:20","guid":{"rendered":"https:\/\/luchonoticias.com\/?p=67655"},"modified":"2024-01-28T05:24:21","modified_gmt":"2024-01-28T10:24:21","slug":"cumplieron-la-mision-sirvieron-a-la-patria-con-honor-y-lealtad","status":"publish","type":"post","link":"https:\/\/luchonoticias.com\/editor\/cumplieron-la-mision-sirvieron-a-la-patria-con-honor-y-lealtad\/","title":{"rendered":"Cumplieron la misi\u00f3n, sirvieron a la patria con honor y lealtad"},"content":{"rendered":"\n<p>Hace un a\u00f1o, llegaron al cant\u00f3n militar en Neiva, con la ilusi\u00f3n de vivir una nueva experiencia, una cargada de retos, de nuevos desaf\u00edos, de servir a su pueblo con la convicci\u00f3n de aportar a la seguridad y el progreso de esta la \u201cTierra de Promisi\u00f3n\u201d y por supuesto, de hacer historia.&nbsp;<\/p>\n\n\n\n<p>Atendieron el llamado, despu\u00e9s de 25 a\u00f1os, el Ej\u00e9rcito Nacional incorporaba nuevamente a sus filas, a mujeres soldados para servir a Colombia a trav\u00e9s del servicio militar voluntario. Llegaron dispuestas a demostrar que la loable tarea de velar por el pa\u00eds, est\u00e1 cargada de pasi\u00f3n, entrega, sacrificio y voluntad.&nbsp;<\/p>\n\n\n\n<p>La misi\u00f3n no fue f\u00e1cil, arduas jornadas de entrenamiento, la infaltable Diana a las 4:00 de la ma\u00f1ana, las continuas capacitaciones, el trote con el equipo acuestas, el extra\u00f1ar a mam\u00e1 y pap\u00e1, entre otras muchas experiencias, fortalecieron en ellas su esp\u00edritu de lucha y moral combativa, conscientes que para lograr sus sue\u00f1os hay que vencer obst\u00e1culos.<\/p>\n\n\n\n<figure class=\"wp-block-gallery has-nested-images columns-default is-cropped wp-block-gallery-1 is-layout-flex wp-block-gallery-is-layout-flex\">\n<figure class=\"wp-block-image size-large\"><img decoding=\"async\" data-id=\"67657\" src=\"https:\/\/luchonoticias.com\/wp-content\/uploads\/2024\/01\/WhatsApp-Image-2024-01-27-at-5.22.13-PM-1024x682.jpeg\" alt=\"\" class=\"wp-image-67657\"\/><\/figure>\n\n\n\n<figure class=\"wp-block-image size-large\"><img decoding=\"async\" data-id=\"67658\" src=\"https:\/\/luchonoticias.com\/wp-content\/uploads\/2024\/01\/WhatsApp-Image-2024-01-27-at-5.22.12-PM-1-1024x682.jpeg\" alt=\"\" class=\"wp-image-67658\"\/><\/figure>\n\n\n\n<figure class=\"wp-block-image size-large\"><img decoding=\"async\" data-id=\"67659\" src=\"https:\/\/luchonoticias.com\/wp-content\/uploads\/2024\/01\/WhatsApp-Image-2024-01-27-at-5.22.12-PM-1024x682.jpeg\" alt=\"\" class=\"wp-image-67659\"\/><\/figure>\n<\/figure>\n\n\n\n<p>Son 39 mujeres que no se detuvieron y de forma paralela a las labores para garantizar la seguridad y el bienestar de la tierra Opita, se capacitaron en el Servicio Nacional de Aprendizaje &#8211; SENA, en los cursos de Manipulaci\u00f3n de Alimentos, Mecanizado&nbsp; Industriales de Madera, Aplicaci\u00f3n en Superficies de Madera y Comportamiento Emprendedor, adicionando a su hoja de vida nuevos conocimientos.<\/p>\n\n\n\n<p>Cuatro de ellas, decidieron seguir la carrera militar en la Escuela de Suboficiales Inocencia Chinc\u00e1, recibiendo como estimulo el 30% de descuento en el valor de la matr\u00edcula. Hoy tras culminar su servicio voluntario, se preparan para ingresar a las aulas de formaci\u00f3n, y pasados dos a\u00f1os obtendr\u00e1n el grado de cabo tercero, el primer pelda\u00f1o en una misi\u00f3n por seguir protegiendo a Colombia.<\/p>\n\n\n\n<p>Durante la ceremonia de licenciamiento, tambi\u00e9n es importante destacar la imposici\u00f3n de la medalla \u00abSoldado Juan Bautista Solarte Obando\u00bb, distinci\u00f3n que solo se le otorga al mejor integrante de cada contingente, en este caso fue a la femenina Sl12. Yudy Alexandra Tovar Cer\u00f3n, y al soldado Sl18. Carlos Andr\u00e9s Mu\u00f1oz Celada; ellos, quienes se destacaron entre las 39 mujeres y los 14 hombres que de forma satisfactoria dan por terminado su servicio militar, por sus principios y valores, basados en la disciplina y un alto sentido de pertenencia con la instituci\u00f3n, sus familias y el pueblo huilense.<\/p>\n\n\n\n<figure class=\"wp-block-gallery has-nested-images columns-default is-cropped wp-block-gallery-2 is-layout-flex wp-block-gallery-is-layout-flex\">\n<figure class=\"wp-block-image size-large\"><img decoding=\"async\" data-id=\"67660\" src=\"https:\/\/luchonoticias.com\/wp-content\/uploads\/2024\/01\/WhatsApp-Image-2024-01-27-at-5.22.14-PM-1-1024x682.jpeg\" alt=\"\" class=\"wp-image-67660\"\/><\/figure>\n\n\n\n<figure class=\"wp-block-image size-large\"><img decoding=\"async\" data-id=\"67662\" src=\"https:\/\/luchonoticias.com\/wp-content\/uploads\/2024\/01\/WhatsApp-Image-2024-01-27-at-5.22.14-PM-1024x682.jpeg\" alt=\"\" class=\"wp-image-67662\"\/><\/figure>\n\n\n\n<figure class=\"wp-block-image size-large\"><img decoding=\"async\" data-id=\"67661\" src=\"https:\/\/luchonoticias.com\/wp-content\/uploads\/2024\/01\/WhatsApp-Image-2024-01-27-at-5.22.13-PM-2-1024x682.jpeg\" alt=\"\" class=\"wp-image-67661\"\/><\/figure>\n<\/figure>\n\n\n\n<p>Es un hasta pronto, porque el Ej\u00e9rcito Nacional sabe que los 53 soldados que hoy se licencian, a donde vayan llevar\u00e1n en su pecho a todo un pa\u00eds, recordando lo que son, convencidos que desde donde est\u00e9n, seguir\u00e1n trabajando por \u201cver a Colombia, siempre grande, respetada y libre\u201d.<\/p>\n\n\n\n<p>De ah\u00ed que los soldados que hoy se licencian no dudaron en hacer la invitaci\u00f3n a los hombres y mujeres entre los 18 y 24 a\u00f1os cumplidos, a incorporarse al Ej\u00e9rcito Nacional, para as\u00ed sumarle a sus vidas, nuevas experiencias en pro de un mejor futuro para su regi\u00f3n y en general para un pa\u00eds de gente pujante.<\/p>\n","protected":false},"excerpt":{"rendered":"<p>Hace un a\u00f1o, llegaron al cant\u00f3n militar en Neiva, con la ilusi\u00f3n de vivir una nueva experiencia, una cargada de retos, de nuevos desaf\u00edos, de servir a su pueblo con la convicci\u00f3n de aportar a la seguridad y el progreso de esta la \u201cTierra de Promisi\u00f3n\u201d y por supuesto, de hacer historia.&nbsp; Atendieron el llamado, [&hellip;]<\/p>\n","protected":false},"author":2,"featured_media":0,"comment_status":"open","ping_status":"open","sticky":false,"template":"","format":"standard","meta":{"footnotes":""},"categories":[36,35],"tags":[],"class_list":["post-67655","post","type-post","status-publish","format-standard","hentry","category-destacado","category-regional"],"yoast_head":"<!-- This site is optimized with the Yoast SEO plugin v26.6 - https:\/\/yoast.com\/wordpress\/plugins\/seo\/ -->\n<title>Cumplieron la misi\u00f3n, sirvieron a la patria con honor y lealtad -<\/title>\n<meta name=\"robots\" content=\"index, follow, max-snippet:-1, max-image-preview:large, max-video-preview:-1\" \/>\n<link rel=\"canonical\" href=\"https:\/\/luchonoticias.com\/editor\/cumplieron-la-mision-sirvieron-a-la-patria-con-honor-y-lealtad\/\" \/>\n<meta property=\"og:locale\" content=\"es_ES\" \/>\n<meta property=\"og:type\" content=\"article\" \/>\n<meta property=\"og:title\" content=\"Cumplieron la misi\u00f3n, sirvieron a la patria con honor y lealtad -\" \/>\n<meta property=\"og:url\" content=\"https:\/\/luchonoticias.com\/editor\/cumplieron-la-mision-sirvieron-a-la-patria-con-honor-y-lealtad\/\" \/>\n<meta property=\"article:publisher\" content=\"https:\/\/www.facebook.com\/luchonoticiasneiva\" \/>\n<meta property=\"article:published_time\" content=\"2024-01-28T10:24:20+00:00\" \/>\n<meta property=\"article:modified_time\" content=\"2024-01-28T10:24:21+00:00\" \/>\n<meta property=\"og:image\" content=\"https:\/\/luchonoticias.com\/wp-content\/uploads\/2024\/01\/WhatsApp-Image-2024-01-27-at-5.22.13-PM-1024x682.jpeg\" \/>\n<meta name=\"author\" content=\"Editor General\" \/>\n<meta name=\"twitter:card\" content=\"summary_large_image\" \/>\n<meta name=\"twitter:label1\" content=\"Escrito por\" \/>\n\t<meta name=\"twitter:data1\" content=\"Editor General\" \/>\n\t<meta name=\"twitter:label2\" content=\"Tiempo de lectura\" \/>\n\t<meta name=\"twitter:data2\" content=\"3 minutos\" \/>\n<script type=\"application\/ld+json\" class=\"yoast-schema-graph\">{\"@context\":\"https:\/\/schema.org\",\"@graph\":[{\"@type\":\"Article\",\"@id\":\"https:\/\/luchonoticias.com\/editor\/cumplieron-la-mision-sirvieron-a-la-patria-con-honor-y-lealtad\/#article\",\"isPartOf\":{\"@id\":\"https:\/\/luchonoticias.com\/editor\/cumplieron-la-mision-sirvieron-a-la-patria-con-honor-y-lealtad\/\"},\"author\":{\"name\":\"Editor General\",\"@id\":\"https:\/\/luchonoticias.com\/editor\/#\/schema\/person\/29217990ddf6f14e35912b2866d591fb\"},\"headline\":\"Cumplieron la misi\u00f3n, sirvieron a la patria con honor y lealtad\",\"datePublished\":\"2024-01-28T10:24:20+00:00\",\"dateModified\":\"2024-01-28T10:24:21+00:00\",\"mainEntityOfPage\":{\"@id\":\"https:\/\/luchonoticias.com\/editor\/cumplieron-la-mision-sirvieron-a-la-patria-con-honor-y-lealtad\/\"},\"wordCount\":537,\"commentCount\":0,\"publisher\":{\"@id\":\"https:\/\/luchonoticias.com\/editor\/#\/schema\/person\/7a7fd911f58561fd056dbac7b55af9cd\"},\"image\":{\"@id\":\"https:\/\/luchonoticias.com\/editor\/cumplieron-la-mision-sirvieron-a-la-patria-con-honor-y-lealtad\/#primaryimage\"},\"thumbnailUrl\":\"https:\/\/luchonoticias.com\/wp-content\/uploads\/2024\/01\/WhatsApp-Image-2024-01-27-at-5.22.13-PM-1024x682.jpeg\",\"articleSection\":[\"Destacado\",\"Regional\"],\"inLanguage\":\"es\",\"potentialAction\":[{\"@type\":\"CommentAction\",\"name\":\"Comment\",\"target\":[\"https:\/\/luchonoticias.com\/editor\/cumplieron-la-mision-sirvieron-a-la-patria-con-honor-y-lealtad\/#respond\"]}]},{\"@type\":\"WebPage\",\"@id\":\"https:\/\/luchonoticias.com\/editor\/cumplieron-la-mision-sirvieron-a-la-patria-con-honor-y-lealtad\/\",\"url\":\"https:\/\/luchonoticias.com\/editor\/cumplieron-la-mision-sirvieron-a-la-patria-con-honor-y-lealtad\/\",\"name\":\"Cumplieron la misi\u00f3n, sirvieron a la patria con honor y lealtad -\",\"isPartOf\":{\"@id\":\"https:\/\/luchonoticias.com\/editor\/#website\"},\"primaryImageOfPage\":{\"@id\":\"https:\/\/luchonoticias.com\/editor\/cumplieron-la-mision-sirvieron-a-la-patria-con-honor-y-lealtad\/#primaryimage\"},\"image\":{\"@id\":\"https:\/\/luchonoticias.com\/editor\/cumplieron-la-mision-sirvieron-a-la-patria-con-honor-y-lealtad\/#primaryimage\"},\"thumbnailUrl\":\"https:\/\/luchonoticias.com\/wp-content\/uploads\/2024\/01\/WhatsApp-Image-2024-01-27-at-5.22.13-PM-1024x682.jpeg\",\"datePublished\":\"2024-01-28T10:24:20+00:00\",\"dateModified\":\"2024-01-28T10:24:21+00:00\",\"breadcrumb\":{\"@id\":\"https:\/\/luchonoticias.com\/editor\/cumplieron-la-mision-sirvieron-a-la-patria-con-honor-y-lealtad\/#breadcrumb\"},\"inLanguage\":\"es\",\"potentialAction\":[{\"@type\":\"ReadAction\",\"target\":[\"https:\/\/luchonoticias.com\/editor\/cumplieron-la-mision-sirvieron-a-la-patria-con-honor-y-lealtad\/\"]}]},{\"@type\":\"ImageObject\",\"inLanguage\":\"es\",\"@id\":\"https:\/\/luchonoticias.com\/editor\/cumplieron-la-mision-sirvieron-a-la-patria-con-honor-y-lealtad\/#primaryimage\",\"url\":\"https:\/\/luchonoticias.com\/wp-content\/uploads\/2024\/01\/WhatsApp-Image-2024-01-27-at-5.22.13-PM-1024x682.jpeg\",\"contentUrl\":\"https:\/\/luchonoticias.com\/wp-content\/uploads\/2024\/01\/WhatsApp-Image-2024-01-27-at-5.22.13-PM-1024x682.jpeg\"},{\"@type\":\"BreadcrumbList\",\"@id\":\"https:\/\/luchonoticias.com\/editor\/cumplieron-la-mision-sirvieron-a-la-patria-con-honor-y-lealtad\/#breadcrumb\",\"itemListElement\":[{\"@type\":\"ListItem\",\"position\":1,\"name\":\"Portada\",\"item\":\"https:\/\/luchonoticias.com\/editor\/\"},{\"@type\":\"ListItem\",\"position\":2,\"name\":\"Cumplieron la misi\u00f3n, sirvieron a la patria con honor y lealtad\"}]},{\"@type\":\"WebSite\",\"@id\":\"https:\/\/luchonoticias.com\/editor\/#website\",\"url\":\"https:\/\/luchonoticias.com\/editor\/\",\"name\":\"\",\"description\":\"\",\"publisher\":{\"@id\":\"https:\/\/luchonoticias.com\/editor\/#\/schema\/person\/7a7fd911f58561fd056dbac7b55af9cd\"},\"potentialAction\":[{\"@type\":\"SearchAction\",\"target\":{\"@type\":\"EntryPoint\",\"urlTemplate\":\"https:\/\/luchonoticias.com\/editor\/?s={search_term_string}\"},\"query-input\":{\"@type\":\"PropertyValueSpecification\",\"valueRequired\":true,\"valueName\":\"search_term_string\"}}],\"inLanguage\":\"es\"},{\"@type\":[\"Person\",\"Organization\"],\"@id\":\"https:\/\/luchonoticias.com\/editor\/#\/schema\/person\/7a7fd911f58561fd056dbac7b55af9cd\",\"name\":\"admin\",\"image\":{\"@type\":\"ImageObject\",\"inLanguage\":\"es\",\"@id\":\"https:\/\/luchonoticias.com\/editor\/#\/schema\/person\/image\/\",\"url\":\"https:\/\/luchonoticias.com\/editor\/wp-content\/uploads\/2024\/02\/cropped-cropped-logolu.webp\",\"contentUrl\":\"https:\/\/luchonoticias.com\/editor\/wp-content\/uploads\/2024\/02\/cropped-cropped-logolu.webp\",\"width\":382,\"height\":170,\"caption\":\"admin\"},\"logo\":{\"@id\":\"https:\/\/luchonoticias.com\/editor\/#\/schema\/person\/image\/\"},\"sameAs\":[\"https:\/\/www.facebook.com\/luchonoticiasneiva\"]},{\"@type\":\"Person\",\"@id\":\"https:\/\/luchonoticias.com\/editor\/#\/schema\/person\/29217990ddf6f14e35912b2866d591fb\",\"name\":\"Editor General\",\"image\":{\"@type\":\"ImageObject\",\"inLanguage\":\"es\",\"@id\":\"https:\/\/luchonoticias.com\/editor\/#\/schema\/person\/image\/\",\"url\":\"https:\/\/luchonoticias.com\/editor\/wp-content\/uploads\/2024\/02\/cropped-cropped-logolu-150x150.webp\",\"contentUrl\":\"https:\/\/luchonoticias.com\/editor\/wp-content\/uploads\/2024\/02\/cropped-cropped-logolu-150x150.webp\",\"caption\":\"Editor General\"},\"sameAs\":[\"https:\/\/luchonoticias.com\/\"],\"url\":\"https:\/\/luchonoticias.com\/editor\/author\/editor-general\/\"}]}<\/script>\n<!-- \/ Yoast SEO plugin. -->","yoast_head_json":{"title":"Cumplieron la misi\u00f3n, sirvieron a la patria con honor y lealtad -","robots":{"index":"index","follow":"follow","max-snippet":"max-snippet:-1","max-image-preview":"max-image-preview:large","max-video-preview":"max-video-preview:-1"},"canonical":"https:\/\/luchonoticias.com\/editor\/cumplieron-la-mision-sirvieron-a-la-patria-con-honor-y-lealtad\/","og_locale":"es_ES","og_type":"article","og_title":"Cumplieron la misi\u00f3n, sirvieron a la patria con honor y lealtad -","og_url":"https:\/\/luchonoticias.com\/editor\/cumplieron-la-mision-sirvieron-a-la-patria-con-honor-y-lealtad\/","article_publisher":"https:\/\/www.facebook.com\/luchonoticiasneiva","article_published_time":"2024-01-28T10:24:20+00:00","article_modified_time":"2024-01-28T10:24:21+00:00","og_image":[{"url":"https:\/\/luchonoticias.com\/wp-content\/uploads\/2024\/01\/WhatsApp-Image-2024-01-27-at-5.22.13-PM-1024x682.jpeg","type":"","width":"","height":""}],"author":"Editor General","twitter_card":"summary_large_image","twitter_misc":{"Escrito por":"Editor General","Tiempo de lectura":"3 minutos"},"schema":{"@context":"https:\/\/schema.org","@graph":[{"@type":"Article","@id":"https:\/\/luchonoticias.com\/editor\/cumplieron-la-mision-sirvieron-a-la-patria-con-honor-y-lealtad\/#article","isPartOf":{"@id":"https:\/\/luchonoticias.com\/editor\/cumplieron-la-mision-sirvieron-a-la-patria-con-honor-y-lealtad\/"},"author":{"name":"Editor General","@id":"https:\/\/luchonoticias.com\/editor\/#\/schema\/person\/29217990ddf6f14e35912b2866d591fb"},"headline":"Cumplieron la misi\u00f3n, sirvieron a la patria con honor y lealtad","datePublished":"2024-01-28T10:24:20+00:00","dateModified":"2024-01-28T10:24:21+00:00","mainEntityOfPage":{"@id":"https:\/\/luchonoticias.com\/editor\/cumplieron-la-mision-sirvieron-a-la-patria-con-honor-y-lealtad\/"},"wordCount":537,"commentCount":0,"publisher":{"@id":"https:\/\/luchonoticias.com\/editor\/#\/schema\/person\/7a7fd911f58561fd056dbac7b55af9cd"},"image":{"@id":"https:\/\/luchonoticias.com\/editor\/cumplieron-la-mision-sirvieron-a-la-patria-con-honor-y-lealtad\/#primaryimage"},"thumbnailUrl":"https:\/\/luchonoticias.com\/wp-content\/uploads\/2024\/01\/WhatsApp-Image-2024-01-27-at-5.22.13-PM-1024x682.jpeg","articleSection":["Destacado","Regional"],"inLanguage":"es","potentialAction":[{"@type":"CommentAction","name":"Comment","target":["https:\/\/luchonoticias.com\/editor\/cumplieron-la-mision-sirvieron-a-la-patria-con-honor-y-lealtad\/#respond"]}]},{"@type":"WebPage","@id":"https:\/\/luchonoticias.com\/editor\/cumplieron-la-mision-sirvieron-a-la-patria-con-honor-y-lealtad\/","url":"https:\/\/luchonoticias.com\/editor\/cumplieron-la-mision-sirvieron-a-la-patria-con-honor-y-lealtad\/","name":"Cumplieron la misi\u00f3n, sirvieron a la patria con honor y lealtad -","isPartOf":{"@id":"https:\/\/luchonoticias.com\/editor\/#website"},"primaryImageOfPage":{"@id":"https:\/\/luchonoticias.com\/editor\/cumplieron-la-mision-sirvieron-a-la-patria-con-honor-y-lealtad\/#primaryimage"},"image":{"@id":"https:\/\/luchonoticias.com\/editor\/cumplieron-la-mision-sirvieron-a-la-patria-con-honor-y-lealtad\/#primaryimage"},"thumbnailUrl":"https:\/\/luchonoticias.com\/wp-content\/uploads\/2024\/01\/WhatsApp-Image-2024-01-27-at-5.22.13-PM-1024x682.jpeg","datePublished":"2024-01-28T10:24:20+00:00","dateModified":"2024-01-28T10:24:21+00:00","breadcrumb":{"@id":"https:\/\/luchonoticias.com\/editor\/cumplieron-la-mision-sirvieron-a-la-patria-con-honor-y-lealtad\/#breadcrumb"},"inLanguage":"es","potentialAction":[{"@type":"ReadAction","target":["https:\/\/luchonoticias.com\/editor\/cumplieron-la-mision-sirvieron-a-la-patria-con-honor-y-lealtad\/"]}]},{"@type":"ImageObject","inLanguage":"es","@id":"https:\/\/luchonoticias.com\/editor\/cumplieron-la-mision-sirvieron-a-la-patria-con-honor-y-lealtad\/#primaryimage","url":"https:\/\/luchonoticias.com\/wp-content\/uploads\/2024\/01\/WhatsApp-Image-2024-01-27-at-5.22.13-PM-1024x682.jpeg","contentUrl":"https:\/\/luchonoticias.com\/wp-content\/uploads\/2024\/01\/WhatsApp-Image-2024-01-27-at-5.22.13-PM-1024x682.jpeg"},{"@type":"BreadcrumbList","@id":"https:\/\/luchonoticias.com\/editor\/cumplieron-la-mision-sirvieron-a-la-patria-con-honor-y-lealtad\/#breadcrumb","itemListElement":[{"@type":"ListItem","position":1,"name":"Portada","item":"https:\/\/luchonoticias.com\/editor\/"},{"@type":"ListItem","position":2,"name":"Cumplieron la misi\u00f3n, sirvieron a la patria con honor y lealtad"}]},{"@type":"WebSite","@id":"https:\/\/luchonoticias.com\/editor\/#website","url":"https:\/\/luchonoticias.com\/editor\/","name":"","description":"","publisher":{"@id":"https:\/\/luchonoticias.com\/editor\/#\/schema\/person\/7a7fd911f58561fd056dbac7b55af9cd"},"potentialAction":[{"@type":"SearchAction","target":{"@type":"EntryPoint","urlTemplate":"https:\/\/luchonoticias.com\/editor\/?s={search_term_string}"},"query-input":{"@type":"PropertyValueSpecification","valueRequired":true,"valueName":"search_term_string"}}],"inLanguage":"es"},{"@type":["Person","Organization"],"@id":"https:\/\/luchonoticias.com\/editor\/#\/schema\/person\/7a7fd911f58561fd056dbac7b55af9cd","name":"admin","image":{"@type":"ImageObject","inLanguage":"es","@id":"https:\/\/luchonoticias.com\/editor\/#\/schema\/person\/image\/","url":"https:\/\/luchonoticias.com\/editor\/wp-content\/uploads\/2024\/02\/cropped-cropped-logolu.webp","contentUrl":"https:\/\/luchonoticias.com\/editor\/wp-content\/uploads\/2024\/02\/cropped-cropped-logolu.webp","width":382,"height":170,"caption":"admin"},"logo":{"@id":"https:\/\/luchonoticias.com\/editor\/#\/schema\/person\/image\/"},"sameAs":["https:\/\/www.facebook.com\/luchonoticiasneiva"]},{"@type":"Person","@id":"https:\/\/luchonoticias.com\/editor\/#\/schema\/person\/29217990ddf6f14e35912b2866d591fb","name":"Editor General","image":{"@type":"ImageObject","inLanguage":"es","@id":"https:\/\/luchonoticias.com\/editor\/#\/schema\/person\/image\/","url":"https:\/\/luchonoticias.com\/editor\/wp-content\/uploads\/2024\/02\/cropped-cropped-logolu-150x150.webp","contentUrl":"https:\/\/luchonoticias.com\/editor\/wp-content\/uploads\/2024\/02\/cropped-cropped-logolu-150x150.webp","caption":"Editor General"},"sameAs":["https:\/\/luchonoticias.com\/"],"url":"https:\/\/luchonoticias.com\/editor\/author\/editor-general\/"}]}},"_links":{"self":[{"href":"https:\/\/luchonoticias.com\/editor\/wp-json\/wp\/v2\/posts\/67655","targetHints":{"allow":["GET"]}}],"collection":[{"href":"https:\/\/luchonoticias.com\/editor\/wp-json\/wp\/v2\/posts"}],"about":[{"href":"https:\/\/luchonoticias.com\/editor\/wp-json\/wp\/v2\/types\/post"}],"author":[{"embeddable":true,"href":"https:\/\/luchonoticias.com\/editor\/wp-json\/wp\/v2\/users\/2"}],"replies":[{"embeddable":true,"href":"https:\/\/luchonoticias.com\/editor\/wp-json\/wp\/v2\/comments?post=67655"}],"version-history":[{"count":0,"href":"https:\/\/luchonoticias.com\/editor\/wp-json\/wp\/v2\/posts\/67655\/revisions"}],"wp:attachment":[{"href":"https:\/\/luchonoticias.com\/editor\/wp-json\/wp\/v2\/media?parent=67655"}],"wp:term":[{"taxonomy":"category","embeddable":true,"href":"https:\/\/luchonoticias.com\/editor\/wp-json\/wp\/v2\/categories?post=67655"},{"taxonomy":"post_tag","embeddable":true,"href":"https:\/\/luchonoticias.com\/editor\/wp-json\/wp\/v2\/tags?post=67655"}],"curies":[{"name":"wp","href":"https:\/\/api.w.org\/{rel}","templated":true}]}}