{"id":67664,"date":"2024-01-28T05:26:57","date_gmt":"2024-01-28T10:26:57","guid":{"rendered":"https:\/\/luchonoticias.com\/?p=67664"},"modified":"2024-01-28T05:26:58","modified_gmt":"2024-01-28T10:26:58","slug":"gobierno-departamental-en-monitoreo-activo-a-emergencias-por-incendios-en-el-huila","status":"publish","type":"post","link":"https:\/\/luchonoticias.com\/editor\/gobierno-departamental-en-monitoreo-activo-a-emergencias-por-incendios-en-el-huila\/","title":{"rendered":"Gobierno Departamental en monitoreo activo a emergencias por incendios en el Huila"},"content":{"rendered":"\n<p>La activaci\u00f3n de la Sala de Crisis para la prevenci\u00f3n de emergencias contin\u00faa monitoreando activamente, a trav\u00e9s del Sistema de Gesti\u00f3n del Riesgo, los eventos relacionados con desabastecimiento de agua e incendios generados en diferentes zonas del departamento. La situaci\u00f3n est\u00e1 controlada y bajo permanente evaluaci\u00f3n.<\/p>\n\n\n\n<p>\u00a0\u201cEstamos atendiendo de manera eficaz las solicitudes en todos los municipios. El se\u00f1or gobernador, Rodrigo Villalba Mosquera, ha instruido para que cada alcalde\u00a0 active las sala de crisis de su municipio. Tambi\u00e9n hemos contado con el apoyo de la Defensa Civil, Ej\u00e9rcito y Polic\u00eda Nacional. Los cuerpos de bomberos han estado muy pendientes; se cuentan con las herramientas de apoyo para prevenir cualquier novedad\u201d, asegur\u00f3 \u00c9dgar Mart\u00edn Lara, secretario de Gobierno y Desarrollo Comunitario en el Huila.<\/p>\n\n\n\n<figure class=\"wp-block-gallery has-nested-images columns-default is-cropped wp-block-gallery-1 is-layout-flex wp-block-gallery-is-layout-flex\">\n<figure class=\"wp-block-image size-large\"><img decoding=\"async\" data-id=\"67667\" src=\"https:\/\/luchonoticias.com\/wp-content\/uploads\/2024\/01\/WhatsApp-Image-2024-01-27-at-6.16.15-PM-1024x768.jpeg\" alt=\"\" class=\"wp-image-67667\"\/><\/figure>\n\n\n\n<figure class=\"wp-block-image size-large\"><img decoding=\"async\" data-id=\"67668\" src=\"https:\/\/luchonoticias.com\/wp-content\/uploads\/2024\/01\/WhatsApp-Image-2024-01-27-at-6.16.12-PM-1024x771.jpeg\" alt=\"\" class=\"wp-image-67668\"\/><\/figure>\n\n\n\n<figure class=\"wp-block-image size-large\"><img decoding=\"async\" data-id=\"67666\" src=\"https:\/\/luchonoticias.com\/wp-content\/uploads\/2024\/01\/WhatsApp-Image-2024-01-27-at-6.16.14-PM-1024x471.jpeg\" alt=\"\" class=\"wp-image-67666\"\/><\/figure>\n<\/figure>\n\n\n\n<p>El funcionario dio un parte de tranquilidad ante las distintas conflagraciones que han ocurrido en los \u00faltimos d\u00edas, \u201cen este momento tenemos nueve eventos en siete municipios: en el sur del departamento del Huila, Pitalito, Isnos y Oporapa presentan incendios. En el centro est\u00e1 Garz\u00f3n, Guadalupe y Pital. Y en el norte en el&nbsp; municipio de Algeciras, atendidos por nuestros bomberos y el control permanente de la Sala de Crisis que hemos creado y que en cada uno de los municipios se replica para que estas emergencias sean atendidas oportunamente\u201d, coment\u00f3.<\/p>\n\n\n\n<p>La recomendaci\u00f3n a las comunidades es evitar, por esta \u00e9poca de sequ\u00eda, las fogatas, las velas y las veladoras, elementos factores de riesgo para los incendios.<\/p>\n","protected":false},"excerpt":{"rendered":"<p>La activaci\u00f3n de la Sala de Crisis para la prevenci\u00f3n de emergencias contin\u00faa monitoreando activamente, a trav\u00e9s del Sistema de Gesti\u00f3n del Riesgo, los eventos relacionados con desabastecimiento de agua e incendios generados en diferentes zonas del departamento. La situaci\u00f3n est\u00e1 controlada y bajo permanente evaluaci\u00f3n. \u00a0\u201cEstamos atendiendo de manera eficaz las solicitudes en todos [&hellip;]<\/p>\n","protected":false},"author":2,"featured_media":0,"comment_status":"open","ping_status":"open","sticky":false,"template":"","format":"standard","meta":{"footnotes":""},"categories":[36,33],"tags":[],"class_list":["post-67664","post","type-post","status-publish","format-standard","hentry","category-destacado","category-huila"],"yoast_head":"<!-- This site is optimized with the Yoast SEO plugin v26.6 - https:\/\/yoast.com\/wordpress\/plugins\/seo\/ -->\n<title>Gobierno Departamental en monitoreo activo a emergencias por incendios en el Huila -<\/title>\n<meta name=\"robots\" content=\"index, follow, max-snippet:-1, max-image-preview:large, max-video-preview:-1\" \/>\n<link rel=\"canonical\" href=\"https:\/\/luchonoticias.com\/editor\/gobierno-departamental-en-monitoreo-activo-a-emergencias-por-incendios-en-el-huila\/\" \/>\n<meta property=\"og:locale\" content=\"es_ES\" \/>\n<meta property=\"og:type\" content=\"article\" \/>\n<meta property=\"og:title\" content=\"Gobierno Departamental en monitoreo activo a emergencias por incendios en el Huila -\" \/>\n<meta property=\"og:url\" content=\"https:\/\/luchonoticias.com\/editor\/gobierno-departamental-en-monitoreo-activo-a-emergencias-por-incendios-en-el-huila\/\" \/>\n<meta property=\"article:publisher\" content=\"https:\/\/www.facebook.com\/luchonoticiasneiva\" \/>\n<meta property=\"article:published_time\" content=\"2024-01-28T10:26:57+00:00\" \/>\n<meta property=\"article:modified_time\" content=\"2024-01-28T10:26:58+00:00\" \/>\n<meta property=\"og:image\" content=\"https:\/\/luchonoticias.com\/wp-content\/uploads\/2024\/01\/WhatsApp-Image-2024-01-27-at-6.16.15-PM-1024x768.jpeg\" \/>\n<meta name=\"author\" content=\"Editor General\" \/>\n<meta name=\"twitter:card\" content=\"summary_large_image\" \/>\n<meta name=\"twitter:label1\" content=\"Escrito por\" \/>\n\t<meta name=\"twitter:data1\" content=\"Editor General\" \/>\n\t<meta name=\"twitter:label2\" content=\"Tiempo de lectura\" \/>\n\t<meta name=\"twitter:data2\" content=\"1 minuto\" \/>\n<script type=\"application\/ld+json\" class=\"yoast-schema-graph\">{\"@context\":\"https:\/\/schema.org\",\"@graph\":[{\"@type\":\"Article\",\"@id\":\"https:\/\/luchonoticias.com\/editor\/gobierno-departamental-en-monitoreo-activo-a-emergencias-por-incendios-en-el-huila\/#article\",\"isPartOf\":{\"@id\":\"https:\/\/luchonoticias.com\/editor\/gobierno-departamental-en-monitoreo-activo-a-emergencias-por-incendios-en-el-huila\/\"},\"author\":{\"name\":\"Editor General\",\"@id\":\"https:\/\/luchonoticias.com\/editor\/#\/schema\/person\/29217990ddf6f14e35912b2866d591fb\"},\"headline\":\"Gobierno Departamental en monitoreo activo a emergencias por incendios en el Huila\",\"datePublished\":\"2024-01-28T10:26:57+00:00\",\"dateModified\":\"2024-01-28T10:26:58+00:00\",\"mainEntityOfPage\":{\"@id\":\"https:\/\/luchonoticias.com\/editor\/gobierno-departamental-en-monitoreo-activo-a-emergencias-por-incendios-en-el-huila\/\"},\"wordCount\":269,\"commentCount\":0,\"publisher\":{\"@id\":\"https:\/\/luchonoticias.com\/editor\/#\/schema\/person\/7a7fd911f58561fd056dbac7b55af9cd\"},\"image\":{\"@id\":\"https:\/\/luchonoticias.com\/editor\/gobierno-departamental-en-monitoreo-activo-a-emergencias-por-incendios-en-el-huila\/#primaryimage\"},\"thumbnailUrl\":\"https:\/\/luchonoticias.com\/wp-content\/uploads\/2024\/01\/WhatsApp-Image-2024-01-27-at-6.16.15-PM-1024x768.jpeg\",\"articleSection\":[\"Destacado\",\"Huila\"],\"inLanguage\":\"es\",\"potentialAction\":[{\"@type\":\"CommentAction\",\"name\":\"Comment\",\"target\":[\"https:\/\/luchonoticias.com\/editor\/gobierno-departamental-en-monitoreo-activo-a-emergencias-por-incendios-en-el-huila\/#respond\"]}]},{\"@type\":\"WebPage\",\"@id\":\"https:\/\/luchonoticias.com\/editor\/gobierno-departamental-en-monitoreo-activo-a-emergencias-por-incendios-en-el-huila\/\",\"url\":\"https:\/\/luchonoticias.com\/editor\/gobierno-departamental-en-monitoreo-activo-a-emergencias-por-incendios-en-el-huila\/\",\"name\":\"Gobierno Departamental en monitoreo activo a emergencias por incendios en el Huila -\",\"isPartOf\":{\"@id\":\"https:\/\/luchonoticias.com\/editor\/#website\"},\"primaryImageOfPage\":{\"@id\":\"https:\/\/luchonoticias.com\/editor\/gobierno-departamental-en-monitoreo-activo-a-emergencias-por-incendios-en-el-huila\/#primaryimage\"},\"image\":{\"@id\":\"https:\/\/luchonoticias.com\/editor\/gobierno-departamental-en-monitoreo-activo-a-emergencias-por-incendios-en-el-huila\/#primaryimage\"},\"thumbnailUrl\":\"https:\/\/luchonoticias.com\/wp-content\/uploads\/2024\/01\/WhatsApp-Image-2024-01-27-at-6.16.15-PM-1024x768.jpeg\",\"datePublished\":\"2024-01-28T10:26:57+00:00\",\"dateModified\":\"2024-01-28T10:26:58+00:00\",\"breadcrumb\":{\"@id\":\"https:\/\/luchonoticias.com\/editor\/gobierno-departamental-en-monitoreo-activo-a-emergencias-por-incendios-en-el-huila\/#breadcrumb\"},\"inLanguage\":\"es\",\"potentialAction\":[{\"@type\":\"ReadAction\",\"target\":[\"https:\/\/luchonoticias.com\/editor\/gobierno-departamental-en-monitoreo-activo-a-emergencias-por-incendios-en-el-huila\/\"]}]},{\"@type\":\"ImageObject\",\"inLanguage\":\"es\",\"@id\":\"https:\/\/luchonoticias.com\/editor\/gobierno-departamental-en-monitoreo-activo-a-emergencias-por-incendios-en-el-huila\/#primaryimage\",\"url\":\"https:\/\/luchonoticias.com\/wp-content\/uploads\/2024\/01\/WhatsApp-Image-2024-01-27-at-6.16.15-PM-1024x768.jpeg\",\"contentUrl\":\"https:\/\/luchonoticias.com\/wp-content\/uploads\/2024\/01\/WhatsApp-Image-2024-01-27-at-6.16.15-PM-1024x768.jpeg\"},{\"@type\":\"BreadcrumbList\",\"@id\":\"https:\/\/luchonoticias.com\/editor\/gobierno-departamental-en-monitoreo-activo-a-emergencias-por-incendios-en-el-huila\/#breadcrumb\",\"itemListElement\":[{\"@type\":\"ListItem\",\"position\":1,\"name\":\"Portada\",\"item\":\"https:\/\/luchonoticias.com\/editor\/\"},{\"@type\":\"ListItem\",\"position\":2,\"name\":\"Gobierno Departamental en monitoreo activo a emergencias por incendios en el Huila\"}]},{\"@type\":\"WebSite\",\"@id\":\"https:\/\/luchonoticias.com\/editor\/#website\",\"url\":\"https:\/\/luchonoticias.com\/editor\/\",\"name\":\"\",\"description\":\"\",\"publisher\":{\"@id\":\"https:\/\/luchonoticias.com\/editor\/#\/schema\/person\/7a7fd911f58561fd056dbac7b55af9cd\"},\"potentialAction\":[{\"@type\":\"SearchAction\",\"target\":{\"@type\":\"EntryPoint\",\"urlTemplate\":\"https:\/\/luchonoticias.com\/editor\/?s={search_term_string}\"},\"query-input\":{\"@type\":\"PropertyValueSpecification\",\"valueRequired\":true,\"valueName\":\"search_term_string\"}}],\"inLanguage\":\"es\"},{\"@type\":[\"Person\",\"Organization\"],\"@id\":\"https:\/\/luchonoticias.com\/editor\/#\/schema\/person\/7a7fd911f58561fd056dbac7b55af9cd\",\"name\":\"admin\",\"image\":{\"@type\":\"ImageObject\",\"inLanguage\":\"es\",\"@id\":\"https:\/\/luchonoticias.com\/editor\/#\/schema\/person\/image\/\",\"url\":\"https:\/\/luchonoticias.com\/editor\/wp-content\/uploads\/2024\/02\/cropped-cropped-logolu.webp\",\"contentUrl\":\"https:\/\/luchonoticias.com\/editor\/wp-content\/uploads\/2024\/02\/cropped-cropped-logolu.webp\",\"width\":382,\"height\":170,\"caption\":\"admin\"},\"logo\":{\"@id\":\"https:\/\/luchonoticias.com\/editor\/#\/schema\/person\/image\/\"},\"sameAs\":[\"https:\/\/www.facebook.com\/luchonoticiasneiva\"]},{\"@type\":\"Person\",\"@id\":\"https:\/\/luchonoticias.com\/editor\/#\/schema\/person\/29217990ddf6f14e35912b2866d591fb\",\"name\":\"Editor General\",\"image\":{\"@type\":\"ImageObject\",\"inLanguage\":\"es\",\"@id\":\"https:\/\/luchonoticias.com\/editor\/#\/schema\/person\/image\/\",\"url\":\"https:\/\/luchonoticias.com\/editor\/wp-content\/uploads\/2024\/02\/cropped-cropped-logolu-150x150.webp\",\"contentUrl\":\"https:\/\/luchonoticias.com\/editor\/wp-content\/uploads\/2024\/02\/cropped-cropped-logolu-150x150.webp\",\"caption\":\"Editor General\"},\"sameAs\":[\"https:\/\/luchonoticias.com\/\"],\"url\":\"https:\/\/luchonoticias.com\/editor\/author\/editor-general\/\"}]}<\/script>\n<!-- \/ Yoast SEO plugin. -->","yoast_head_json":{"title":"Gobierno Departamental en monitoreo activo a emergencias por incendios en el Huila -","robots":{"index":"index","follow":"follow","max-snippet":"max-snippet:-1","max-image-preview":"max-image-preview:large","max-video-preview":"max-video-preview:-1"},"canonical":"https:\/\/luchonoticias.com\/editor\/gobierno-departamental-en-monitoreo-activo-a-emergencias-por-incendios-en-el-huila\/","og_locale":"es_ES","og_type":"article","og_title":"Gobierno Departamental en monitoreo activo a emergencias por incendios en el Huila -","og_url":"https:\/\/luchonoticias.com\/editor\/gobierno-departamental-en-monitoreo-activo-a-emergencias-por-incendios-en-el-huila\/","article_publisher":"https:\/\/www.facebook.com\/luchonoticiasneiva","article_published_time":"2024-01-28T10:26:57+00:00","article_modified_time":"2024-01-28T10:26:58+00:00","og_image":[{"url":"https:\/\/luchonoticias.com\/wp-content\/uploads\/2024\/01\/WhatsApp-Image-2024-01-27-at-6.16.15-PM-1024x768.jpeg","type":"","width":"","height":""}],"author":"Editor General","twitter_card":"summary_large_image","twitter_misc":{"Escrito por":"Editor General","Tiempo de lectura":"1 minuto"},"schema":{"@context":"https:\/\/schema.org","@graph":[{"@type":"Article","@id":"https:\/\/luchonoticias.com\/editor\/gobierno-departamental-en-monitoreo-activo-a-emergencias-por-incendios-en-el-huila\/#article","isPartOf":{"@id":"https:\/\/luchonoticias.com\/editor\/gobierno-departamental-en-monitoreo-activo-a-emergencias-por-incendios-en-el-huila\/"},"author":{"name":"Editor General","@id":"https:\/\/luchonoticias.com\/editor\/#\/schema\/person\/29217990ddf6f14e35912b2866d591fb"},"headline":"Gobierno Departamental en monitoreo activo a emergencias por incendios en el Huila","datePublished":"2024-01-28T10:26:57+00:00","dateModified":"2024-01-28T10:26:58+00:00","mainEntityOfPage":{"@id":"https:\/\/luchonoticias.com\/editor\/gobierno-departamental-en-monitoreo-activo-a-emergencias-por-incendios-en-el-huila\/"},"wordCount":269,"commentCount":0,"publisher":{"@id":"https:\/\/luchonoticias.com\/editor\/#\/schema\/person\/7a7fd911f58561fd056dbac7b55af9cd"},"image":{"@id":"https:\/\/luchonoticias.com\/editor\/gobierno-departamental-en-monitoreo-activo-a-emergencias-por-incendios-en-el-huila\/#primaryimage"},"thumbnailUrl":"https:\/\/luchonoticias.com\/wp-content\/uploads\/2024\/01\/WhatsApp-Image-2024-01-27-at-6.16.15-PM-1024x768.jpeg","articleSection":["Destacado","Huila"],"inLanguage":"es","potentialAction":[{"@type":"CommentAction","name":"Comment","target":["https:\/\/luchonoticias.com\/editor\/gobierno-departamental-en-monitoreo-activo-a-emergencias-por-incendios-en-el-huila\/#respond"]}]},{"@type":"WebPage","@id":"https:\/\/luchonoticias.com\/editor\/gobierno-departamental-en-monitoreo-activo-a-emergencias-por-incendios-en-el-huila\/","url":"https:\/\/luchonoticias.com\/editor\/gobierno-departamental-en-monitoreo-activo-a-emergencias-por-incendios-en-el-huila\/","name":"Gobierno Departamental en monitoreo activo a emergencias por incendios en el Huila -","isPartOf":{"@id":"https:\/\/luchonoticias.com\/editor\/#website"},"primaryImageOfPage":{"@id":"https:\/\/luchonoticias.com\/editor\/gobierno-departamental-en-monitoreo-activo-a-emergencias-por-incendios-en-el-huila\/#primaryimage"},"image":{"@id":"https:\/\/luchonoticias.com\/editor\/gobierno-departamental-en-monitoreo-activo-a-emergencias-por-incendios-en-el-huila\/#primaryimage"},"thumbnailUrl":"https:\/\/luchonoticias.com\/wp-content\/uploads\/2024\/01\/WhatsApp-Image-2024-01-27-at-6.16.15-PM-1024x768.jpeg","datePublished":"2024-01-28T10:26:57+00:00","dateModified":"2024-01-28T10:26:58+00:00","breadcrumb":{"@id":"https:\/\/luchonoticias.com\/editor\/gobierno-departamental-en-monitoreo-activo-a-emergencias-por-incendios-en-el-huila\/#breadcrumb"},"inLanguage":"es","potentialAction":[{"@type":"ReadAction","target":["https:\/\/luchonoticias.com\/editor\/gobierno-departamental-en-monitoreo-activo-a-emergencias-por-incendios-en-el-huila\/"]}]},{"@type":"ImageObject","inLanguage":"es","@id":"https:\/\/luchonoticias.com\/editor\/gobierno-departamental-en-monitoreo-activo-a-emergencias-por-incendios-en-el-huila\/#primaryimage","url":"https:\/\/luchonoticias.com\/wp-content\/uploads\/2024\/01\/WhatsApp-Image-2024-01-27-at-6.16.15-PM-1024x768.jpeg","contentUrl":"https:\/\/luchonoticias.com\/wp-content\/uploads\/2024\/01\/WhatsApp-Image-2024-01-27-at-6.16.15-PM-1024x768.jpeg"},{"@type":"BreadcrumbList","@id":"https:\/\/luchonoticias.com\/editor\/gobierno-departamental-en-monitoreo-activo-a-emergencias-por-incendios-en-el-huila\/#breadcrumb","itemListElement":[{"@type":"ListItem","position":1,"name":"Portada","item":"https:\/\/luchonoticias.com\/editor\/"},{"@type":"ListItem","position":2,"name":"Gobierno Departamental en monitoreo activo a emergencias por incendios en el Huila"}]},{"@type":"WebSite","@id":"https:\/\/luchonoticias.com\/editor\/#website","url":"https:\/\/luchonoticias.com\/editor\/","name":"","description":"","publisher":{"@id":"https:\/\/luchonoticias.com\/editor\/#\/schema\/person\/7a7fd911f58561fd056dbac7b55af9cd"},"potentialAction":[{"@type":"SearchAction","target":{"@type":"EntryPoint","urlTemplate":"https:\/\/luchonoticias.com\/editor\/?s={search_term_string}"},"query-input":{"@type":"PropertyValueSpecification","valueRequired":true,"valueName":"search_term_string"}}],"inLanguage":"es"},{"@type":["Person","Organization"],"@id":"https:\/\/luchonoticias.com\/editor\/#\/schema\/person\/7a7fd911f58561fd056dbac7b55af9cd","name":"admin","image":{"@type":"ImageObject","inLanguage":"es","@id":"https:\/\/luchonoticias.com\/editor\/#\/schema\/person\/image\/","url":"https:\/\/luchonoticias.com\/editor\/wp-content\/uploads\/2024\/02\/cropped-cropped-logolu.webp","contentUrl":"https:\/\/luchonoticias.com\/editor\/wp-content\/uploads\/2024\/02\/cropped-cropped-logolu.webp","width":382,"height":170,"caption":"admin"},"logo":{"@id":"https:\/\/luchonoticias.com\/editor\/#\/schema\/person\/image\/"},"sameAs":["https:\/\/www.facebook.com\/luchonoticiasneiva"]},{"@type":"Person","@id":"https:\/\/luchonoticias.com\/editor\/#\/schema\/person\/29217990ddf6f14e35912b2866d591fb","name":"Editor General","image":{"@type":"ImageObject","inLanguage":"es","@id":"https:\/\/luchonoticias.com\/editor\/#\/schema\/person\/image\/","url":"https:\/\/luchonoticias.com\/editor\/wp-content\/uploads\/2024\/02\/cropped-cropped-logolu-150x150.webp","contentUrl":"https:\/\/luchonoticias.com\/editor\/wp-content\/uploads\/2024\/02\/cropped-cropped-logolu-150x150.webp","caption":"Editor General"},"sameAs":["https:\/\/luchonoticias.com\/"],"url":"https:\/\/luchonoticias.com\/editor\/author\/editor-general\/"}]}},"_links":{"self":[{"href":"https:\/\/luchonoticias.com\/editor\/wp-json\/wp\/v2\/posts\/67664","targetHints":{"allow":["GET"]}}],"collection":[{"href":"https:\/\/luchonoticias.com\/editor\/wp-json\/wp\/v2\/posts"}],"about":[{"href":"https:\/\/luchonoticias.com\/editor\/wp-json\/wp\/v2\/types\/post"}],"author":[{"embeddable":true,"href":"https:\/\/luchonoticias.com\/editor\/wp-json\/wp\/v2\/users\/2"}],"replies":[{"embeddable":true,"href":"https:\/\/luchonoticias.com\/editor\/wp-json\/wp\/v2\/comments?post=67664"}],"version-history":[{"count":0,"href":"https:\/\/luchonoticias.com\/editor\/wp-json\/wp\/v2\/posts\/67664\/revisions"}],"wp:attachment":[{"href":"https:\/\/luchonoticias.com\/editor\/wp-json\/wp\/v2\/media?parent=67664"}],"wp:term":[{"taxonomy":"category","embeddable":true,"href":"https:\/\/luchonoticias.com\/editor\/wp-json\/wp\/v2\/categories?post=67664"},{"taxonomy":"post_tag","embeddable":true,"href":"https:\/\/luchonoticias.com\/editor\/wp-json\/wp\/v2\/tags?post=67664"}],"curies":[{"name":"wp","href":"https:\/\/api.w.org\/{rel}","templated":true}]}}