{"id":67686,"date":"2024-01-28T16:26:43","date_gmt":"2024-01-28T21:26:43","guid":{"rendered":"https:\/\/luchonoticias.com\/?p=67686"},"modified":"2024-01-28T16:26:44","modified_gmt":"2024-01-28T21:26:44","slug":"para-atender-incendios-forestales-tenemos-la-capacidad-de-20-800-personas-y-solo-se-han-ocupado-3-800-presidente-petro","status":"publish","type":"post","link":"https:\/\/luchonoticias.com\/editor\/para-atender-incendios-forestales-tenemos-la-capacidad-de-20-800-personas-y-solo-se-han-ocupado-3-800-presidente-petro\/","title":{"rendered":"Para atender incendios forestales tenemos la capacidad de 20.800 personas y solo se han ocupado 3.800: Presidente Petro"},"content":{"rendered":"\n<p>La operaci\u00f3n desplegada para atender las emergencias derivadas del fen\u00f3meno de El Ni\u00f1o, en la que se ha utilizado 30 aeronaves y 3.800 personas (entre bomberos, organismos de socorro y unidades de la Fuerza P\u00fablica) ha permitido realizar 700 descargas de agua y apagar 443 incendios forestales en distintos puntos del pa\u00eds, 29 de ellos en las \u00faltimas 24 horas.<\/p>\n\n\n\n<p>As\u00ed lo precis\u00f3 el presidente Gustavo Petro al t\u00e9rmino del Puesto de Mando Unificado (PMU), que lider\u00f3 en la sede de la Unidad Nacional para la Gesti\u00f3n de Desastres (UNGRD) en Bogot\u00e1.<\/p>\n\n\n\n<p>El mandatario recalc\u00f3: \u201cLa capacidad que tenemos en todo el pa\u00eds para este tipo de operaci\u00f3n es de 20.800 personas. De ellas, 11 mil personas tienen capacidades de especialidad. Es decir, nuestro personal en todo el pa\u00eds est\u00e1 disponible en un n\u00famero much\u00edsimo mayor que lo que hasta ahora hemos utilizado en los incendios. De 20 mil personas a 3.800 que hemos utilizado\u201d.<\/p>\n\n\n\n<p><strong>Stress h\u00eddrico<\/strong><\/p>\n\n\n\n<p>El presidente inform\u00f3 que hay 117 municipios del pa\u00eds en stress h\u00eddrico, \u201cdonde se necesita un tipo de asistencia al interior del municipio, al interior del departamento o nacional para que se pueda mantener el equilibrio entre demanda y oferta de agua potable\u201d.<\/p>\n\n\n\n<p>Recalc\u00f3 que se desplegar\u00e1n 1.100 carrotanques desde los puntos de oferta a los de demanda de agua potable. Esta operaci\u00f3n avanza ya en 40 municipios y el objetivo es ampliarla a otros 162, para garantizar el recurso h\u00eddrico a las poblaciones vulnerables.<\/p>\n\n\n\n<p><strong>Activar PMU amaz\u00f3nico<\/strong><\/p>\n\n\n\n<p>El mandatario advirti\u00f3 que, de acuerdo con los pron\u00f3sticos disponibles, se prev\u00e9 que en el mes de febrero los puntos de calor aumentar\u00e1n en el Litoral Pac\u00edfico y la Amazon\u00eda y se reducir\u00e1n en el centro del pa\u00eds.<\/p>\n\n\n\n<p>Indic\u00f3 que, ante este riesgo, a trav\u00e9s de la Canciller\u00eda, se ha pedido aplicar los protocolos internacionales en Naciones Unidas y otros pa\u00edses, \u201cpara que estemos todos listos para atender lo que podr\u00eda ser una emergencia planetaria: la selva amaz\u00f3nica\u201d.<\/p>\n\n\n\n<p>El Jefe de Estado anunci\u00f3 que tiene previsto hablar en los pr\u00f3ximos d\u00edas con el presidente de Brasil, Luiz In\u00e1cio Lula da Silva.<\/p>\n\n\n\n<p>\u201cVamos a activar el componente amaz\u00f3nico, es decir de los pa\u00edses que tienen soberan\u00eda sobre el Amazonas, para constituir, ojal\u00e1, con la ayuda de todos, un Puesto de Mando Unificado a nivel amaz\u00f3nico, que hoy se considera puede ser el punto de mayor peligrosidad no solo para Colombia sino para Am\u00e9rica Latina y, sobre todo, para la humanidad\u201d, subray\u00f3.<\/p>\n","protected":false},"excerpt":{"rendered":"<p>La operaci\u00f3n desplegada para atender las emergencias derivadas del fen\u00f3meno de El Ni\u00f1o, en la que se ha utilizado 30 aeronaves y 3.800 personas (entre bomberos, organismos de socorro y unidades de la Fuerza P\u00fablica) ha permitido realizar 700 descargas de agua y apagar 443 incendios forestales en distintos puntos del pa\u00eds, 29 de ellos [&hellip;]<\/p>\n","protected":false},"author":2,"featured_media":0,"comment_status":"open","ping_status":"open","sticky":false,"template":"","format":"standard","meta":{"footnotes":""},"categories":[36,32],"tags":[],"class_list":["post-67686","post","type-post","status-publish","format-standard","hentry","category-destacado","category-nacional"],"yoast_head":"<!-- This site is optimized with the Yoast SEO plugin v26.6 - https:\/\/yoast.com\/wordpress\/plugins\/seo\/ -->\n<title>Para atender incendios forestales tenemos la capacidad de 20.800 personas y solo se han ocupado 3.800: Presidente Petro -<\/title>\n<meta name=\"robots\" content=\"index, follow, max-snippet:-1, max-image-preview:large, max-video-preview:-1\" \/>\n<link rel=\"canonical\" href=\"https:\/\/luchonoticias.com\/editor\/para-atender-incendios-forestales-tenemos-la-capacidad-de-20-800-personas-y-solo-se-han-ocupado-3-800-presidente-petro\/\" \/>\n<meta property=\"og:locale\" content=\"es_ES\" \/>\n<meta property=\"og:type\" content=\"article\" \/>\n<meta property=\"og:title\" content=\"Para atender incendios forestales tenemos la capacidad de 20.800 personas y solo se han ocupado 3.800: Presidente Petro -\" \/>\n<meta property=\"og:url\" content=\"https:\/\/luchonoticias.com\/editor\/para-atender-incendios-forestales-tenemos-la-capacidad-de-20-800-personas-y-solo-se-han-ocupado-3-800-presidente-petro\/\" \/>\n<meta property=\"article:publisher\" content=\"https:\/\/www.facebook.com\/luchonoticiasneiva\" \/>\n<meta property=\"article:published_time\" content=\"2024-01-28T21:26:43+00:00\" \/>\n<meta property=\"article:modified_time\" content=\"2024-01-28T21:26:44+00:00\" \/>\n<meta name=\"author\" content=\"Editor General\" \/>\n<meta name=\"twitter:card\" content=\"summary_large_image\" \/>\n<meta name=\"twitter:label1\" content=\"Escrito por\" \/>\n\t<meta name=\"twitter:data1\" content=\"Editor General\" \/>\n\t<meta name=\"twitter:label2\" content=\"Tiempo de lectura\" \/>\n\t<meta name=\"twitter:data2\" content=\"2 minutos\" \/>\n<script type=\"application\/ld+json\" class=\"yoast-schema-graph\">{\"@context\":\"https:\/\/schema.org\",\"@graph\":[{\"@type\":\"Article\",\"@id\":\"https:\/\/luchonoticias.com\/editor\/para-atender-incendios-forestales-tenemos-la-capacidad-de-20-800-personas-y-solo-se-han-ocupado-3-800-presidente-petro\/#article\",\"isPartOf\":{\"@id\":\"https:\/\/luchonoticias.com\/editor\/para-atender-incendios-forestales-tenemos-la-capacidad-de-20-800-personas-y-solo-se-han-ocupado-3-800-presidente-petro\/\"},\"author\":{\"name\":\"Editor General\",\"@id\":\"https:\/\/luchonoticias.com\/editor\/#\/schema\/person\/29217990ddf6f14e35912b2866d591fb\"},\"headline\":\"Para atender incendios forestales tenemos la capacidad de 20.800 personas y solo se han ocupado 3.800: Presidente Petro\",\"datePublished\":\"2024-01-28T21:26:43+00:00\",\"dateModified\":\"2024-01-28T21:26:44+00:00\",\"mainEntityOfPage\":{\"@id\":\"https:\/\/luchonoticias.com\/editor\/para-atender-incendios-forestales-tenemos-la-capacidad-de-20-800-personas-y-solo-se-han-ocupado-3-800-presidente-petro\/\"},\"wordCount\":445,\"commentCount\":0,\"publisher\":{\"@id\":\"https:\/\/luchonoticias.com\/editor\/#\/schema\/person\/7a7fd911f58561fd056dbac7b55af9cd\"},\"articleSection\":[\"Destacado\",\"Nacional\"],\"inLanguage\":\"es\",\"potentialAction\":[{\"@type\":\"CommentAction\",\"name\":\"Comment\",\"target\":[\"https:\/\/luchonoticias.com\/editor\/para-atender-incendios-forestales-tenemos-la-capacidad-de-20-800-personas-y-solo-se-han-ocupado-3-800-presidente-petro\/#respond\"]}]},{\"@type\":\"WebPage\",\"@id\":\"https:\/\/luchonoticias.com\/editor\/para-atender-incendios-forestales-tenemos-la-capacidad-de-20-800-personas-y-solo-se-han-ocupado-3-800-presidente-petro\/\",\"url\":\"https:\/\/luchonoticias.com\/editor\/para-atender-incendios-forestales-tenemos-la-capacidad-de-20-800-personas-y-solo-se-han-ocupado-3-800-presidente-petro\/\",\"name\":\"Para atender incendios forestales tenemos la capacidad de 20.800 personas y solo se han ocupado 3.800: Presidente Petro -\",\"isPartOf\":{\"@id\":\"https:\/\/luchonoticias.com\/editor\/#website\"},\"datePublished\":\"2024-01-28T21:26:43+00:00\",\"dateModified\":\"2024-01-28T21:26:44+00:00\",\"breadcrumb\":{\"@id\":\"https:\/\/luchonoticias.com\/editor\/para-atender-incendios-forestales-tenemos-la-capacidad-de-20-800-personas-y-solo-se-han-ocupado-3-800-presidente-petro\/#breadcrumb\"},\"inLanguage\":\"es\",\"potentialAction\":[{\"@type\":\"ReadAction\",\"target\":[\"https:\/\/luchonoticias.com\/editor\/para-atender-incendios-forestales-tenemos-la-capacidad-de-20-800-personas-y-solo-se-han-ocupado-3-800-presidente-petro\/\"]}]},{\"@type\":\"BreadcrumbList\",\"@id\":\"https:\/\/luchonoticias.com\/editor\/para-atender-incendios-forestales-tenemos-la-capacidad-de-20-800-personas-y-solo-se-han-ocupado-3-800-presidente-petro\/#breadcrumb\",\"itemListElement\":[{\"@type\":\"ListItem\",\"position\":1,\"name\":\"Portada\",\"item\":\"https:\/\/luchonoticias.com\/editor\/\"},{\"@type\":\"ListItem\",\"position\":2,\"name\":\"Para atender incendios forestales tenemos la capacidad de 20.800 personas y solo se han ocupado 3.800: Presidente Petro\"}]},{\"@type\":\"WebSite\",\"@id\":\"https:\/\/luchonoticias.com\/editor\/#website\",\"url\":\"https:\/\/luchonoticias.com\/editor\/\",\"name\":\"\",\"description\":\"\",\"publisher\":{\"@id\":\"https:\/\/luchonoticias.com\/editor\/#\/schema\/person\/7a7fd911f58561fd056dbac7b55af9cd\"},\"potentialAction\":[{\"@type\":\"SearchAction\",\"target\":{\"@type\":\"EntryPoint\",\"urlTemplate\":\"https:\/\/luchonoticias.com\/editor\/?s={search_term_string}\"},\"query-input\":{\"@type\":\"PropertyValueSpecification\",\"valueRequired\":true,\"valueName\":\"search_term_string\"}}],\"inLanguage\":\"es\"},{\"@type\":[\"Person\",\"Organization\"],\"@id\":\"https:\/\/luchonoticias.com\/editor\/#\/schema\/person\/7a7fd911f58561fd056dbac7b55af9cd\",\"name\":\"admin\",\"image\":{\"@type\":\"ImageObject\",\"inLanguage\":\"es\",\"@id\":\"https:\/\/luchonoticias.com\/editor\/#\/schema\/person\/image\/\",\"url\":\"https:\/\/luchonoticias.com\/editor\/wp-content\/uploads\/2024\/02\/cropped-cropped-logolu.webp\",\"contentUrl\":\"https:\/\/luchonoticias.com\/editor\/wp-content\/uploads\/2024\/02\/cropped-cropped-logolu.webp\",\"width\":382,\"height\":170,\"caption\":\"admin\"},\"logo\":{\"@id\":\"https:\/\/luchonoticias.com\/editor\/#\/schema\/person\/image\/\"},\"sameAs\":[\"https:\/\/www.facebook.com\/luchonoticiasneiva\"]},{\"@type\":\"Person\",\"@id\":\"https:\/\/luchonoticias.com\/editor\/#\/schema\/person\/29217990ddf6f14e35912b2866d591fb\",\"name\":\"Editor General\",\"image\":{\"@type\":\"ImageObject\",\"inLanguage\":\"es\",\"@id\":\"https:\/\/luchonoticias.com\/editor\/#\/schema\/person\/image\/\",\"url\":\"https:\/\/luchonoticias.com\/editor\/wp-content\/uploads\/2024\/02\/cropped-cropped-logolu-150x150.webp\",\"contentUrl\":\"https:\/\/luchonoticias.com\/editor\/wp-content\/uploads\/2024\/02\/cropped-cropped-logolu-150x150.webp\",\"caption\":\"Editor General\"},\"sameAs\":[\"https:\/\/luchonoticias.com\/\"],\"url\":\"https:\/\/luchonoticias.com\/editor\/author\/editor-general\/\"}]}<\/script>\n<!-- \/ Yoast SEO plugin. -->","yoast_head_json":{"title":"Para atender incendios forestales tenemos la capacidad de 20.800 personas y solo se han ocupado 3.800: Presidente Petro -","robots":{"index":"index","follow":"follow","max-snippet":"max-snippet:-1","max-image-preview":"max-image-preview:large","max-video-preview":"max-video-preview:-1"},"canonical":"https:\/\/luchonoticias.com\/editor\/para-atender-incendios-forestales-tenemos-la-capacidad-de-20-800-personas-y-solo-se-han-ocupado-3-800-presidente-petro\/","og_locale":"es_ES","og_type":"article","og_title":"Para atender incendios forestales tenemos la capacidad de 20.800 personas y solo se han ocupado 3.800: Presidente Petro -","og_url":"https:\/\/luchonoticias.com\/editor\/para-atender-incendios-forestales-tenemos-la-capacidad-de-20-800-personas-y-solo-se-han-ocupado-3-800-presidente-petro\/","article_publisher":"https:\/\/www.facebook.com\/luchonoticiasneiva","article_published_time":"2024-01-28T21:26:43+00:00","article_modified_time":"2024-01-28T21:26:44+00:00","author":"Editor General","twitter_card":"summary_large_image","twitter_misc":{"Escrito por":"Editor General","Tiempo de lectura":"2 minutos"},"schema":{"@context":"https:\/\/schema.org","@graph":[{"@type":"Article","@id":"https:\/\/luchonoticias.com\/editor\/para-atender-incendios-forestales-tenemos-la-capacidad-de-20-800-personas-y-solo-se-han-ocupado-3-800-presidente-petro\/#article","isPartOf":{"@id":"https:\/\/luchonoticias.com\/editor\/para-atender-incendios-forestales-tenemos-la-capacidad-de-20-800-personas-y-solo-se-han-ocupado-3-800-presidente-petro\/"},"author":{"name":"Editor General","@id":"https:\/\/luchonoticias.com\/editor\/#\/schema\/person\/29217990ddf6f14e35912b2866d591fb"},"headline":"Para atender incendios forestales tenemos la capacidad de 20.800 personas y solo se han ocupado 3.800: Presidente Petro","datePublished":"2024-01-28T21:26:43+00:00","dateModified":"2024-01-28T21:26:44+00:00","mainEntityOfPage":{"@id":"https:\/\/luchonoticias.com\/editor\/para-atender-incendios-forestales-tenemos-la-capacidad-de-20-800-personas-y-solo-se-han-ocupado-3-800-presidente-petro\/"},"wordCount":445,"commentCount":0,"publisher":{"@id":"https:\/\/luchonoticias.com\/editor\/#\/schema\/person\/7a7fd911f58561fd056dbac7b55af9cd"},"articleSection":["Destacado","Nacional"],"inLanguage":"es","potentialAction":[{"@type":"CommentAction","name":"Comment","target":["https:\/\/luchonoticias.com\/editor\/para-atender-incendios-forestales-tenemos-la-capacidad-de-20-800-personas-y-solo-se-han-ocupado-3-800-presidente-petro\/#respond"]}]},{"@type":"WebPage","@id":"https:\/\/luchonoticias.com\/editor\/para-atender-incendios-forestales-tenemos-la-capacidad-de-20-800-personas-y-solo-se-han-ocupado-3-800-presidente-petro\/","url":"https:\/\/luchonoticias.com\/editor\/para-atender-incendios-forestales-tenemos-la-capacidad-de-20-800-personas-y-solo-se-han-ocupado-3-800-presidente-petro\/","name":"Para atender incendios forestales tenemos la capacidad de 20.800 personas y solo se han ocupado 3.800: Presidente Petro -","isPartOf":{"@id":"https:\/\/luchonoticias.com\/editor\/#website"},"datePublished":"2024-01-28T21:26:43+00:00","dateModified":"2024-01-28T21:26:44+00:00","breadcrumb":{"@id":"https:\/\/luchonoticias.com\/editor\/para-atender-incendios-forestales-tenemos-la-capacidad-de-20-800-personas-y-solo-se-han-ocupado-3-800-presidente-petro\/#breadcrumb"},"inLanguage":"es","potentialAction":[{"@type":"ReadAction","target":["https:\/\/luchonoticias.com\/editor\/para-atender-incendios-forestales-tenemos-la-capacidad-de-20-800-personas-y-solo-se-han-ocupado-3-800-presidente-petro\/"]}]},{"@type":"BreadcrumbList","@id":"https:\/\/luchonoticias.com\/editor\/para-atender-incendios-forestales-tenemos-la-capacidad-de-20-800-personas-y-solo-se-han-ocupado-3-800-presidente-petro\/#breadcrumb","itemListElement":[{"@type":"ListItem","position":1,"name":"Portada","item":"https:\/\/luchonoticias.com\/editor\/"},{"@type":"ListItem","position":2,"name":"Para atender incendios forestales tenemos la capacidad de 20.800 personas y solo se han ocupado 3.800: Presidente Petro"}]},{"@type":"WebSite","@id":"https:\/\/luchonoticias.com\/editor\/#website","url":"https:\/\/luchonoticias.com\/editor\/","name":"","description":"","publisher":{"@id":"https:\/\/luchonoticias.com\/editor\/#\/schema\/person\/7a7fd911f58561fd056dbac7b55af9cd"},"potentialAction":[{"@type":"SearchAction","target":{"@type":"EntryPoint","urlTemplate":"https:\/\/luchonoticias.com\/editor\/?s={search_term_string}"},"query-input":{"@type":"PropertyValueSpecification","valueRequired":true,"valueName":"search_term_string"}}],"inLanguage":"es"},{"@type":["Person","Organization"],"@id":"https:\/\/luchonoticias.com\/editor\/#\/schema\/person\/7a7fd911f58561fd056dbac7b55af9cd","name":"admin","image":{"@type":"ImageObject","inLanguage":"es","@id":"https:\/\/luchonoticias.com\/editor\/#\/schema\/person\/image\/","url":"https:\/\/luchonoticias.com\/editor\/wp-content\/uploads\/2024\/02\/cropped-cropped-logolu.webp","contentUrl":"https:\/\/luchonoticias.com\/editor\/wp-content\/uploads\/2024\/02\/cropped-cropped-logolu.webp","width":382,"height":170,"caption":"admin"},"logo":{"@id":"https:\/\/luchonoticias.com\/editor\/#\/schema\/person\/image\/"},"sameAs":["https:\/\/www.facebook.com\/luchonoticiasneiva"]},{"@type":"Person","@id":"https:\/\/luchonoticias.com\/editor\/#\/schema\/person\/29217990ddf6f14e35912b2866d591fb","name":"Editor General","image":{"@type":"ImageObject","inLanguage":"es","@id":"https:\/\/luchonoticias.com\/editor\/#\/schema\/person\/image\/","url":"https:\/\/luchonoticias.com\/editor\/wp-content\/uploads\/2024\/02\/cropped-cropped-logolu-150x150.webp","contentUrl":"https:\/\/luchonoticias.com\/editor\/wp-content\/uploads\/2024\/02\/cropped-cropped-logolu-150x150.webp","caption":"Editor General"},"sameAs":["https:\/\/luchonoticias.com\/"],"url":"https:\/\/luchonoticias.com\/editor\/author\/editor-general\/"}]}},"_links":{"self":[{"href":"https:\/\/luchonoticias.com\/editor\/wp-json\/wp\/v2\/posts\/67686","targetHints":{"allow":["GET"]}}],"collection":[{"href":"https:\/\/luchonoticias.com\/editor\/wp-json\/wp\/v2\/posts"}],"about":[{"href":"https:\/\/luchonoticias.com\/editor\/wp-json\/wp\/v2\/types\/post"}],"author":[{"embeddable":true,"href":"https:\/\/luchonoticias.com\/editor\/wp-json\/wp\/v2\/users\/2"}],"replies":[{"embeddable":true,"href":"https:\/\/luchonoticias.com\/editor\/wp-json\/wp\/v2\/comments?post=67686"}],"version-history":[{"count":0,"href":"https:\/\/luchonoticias.com\/editor\/wp-json\/wp\/v2\/posts\/67686\/revisions"}],"wp:attachment":[{"href":"https:\/\/luchonoticias.com\/editor\/wp-json\/wp\/v2\/media?parent=67686"}],"wp:term":[{"taxonomy":"category","embeddable":true,"href":"https:\/\/luchonoticias.com\/editor\/wp-json\/wp\/v2\/categories?post=67686"},{"taxonomy":"post_tag","embeddable":true,"href":"https:\/\/luchonoticias.com\/editor\/wp-json\/wp\/v2\/tags?post=67686"}],"curies":[{"name":"wp","href":"https:\/\/api.w.org\/{rel}","templated":true}]}}