{"id":67692,"date":"2024-01-28T16:31:00","date_gmt":"2024-01-28T21:31:00","guid":{"rendered":"https:\/\/luchonoticias.com\/?p=67692"},"modified":"2024-01-28T16:31:01","modified_gmt":"2024-01-28T21:31:01","slug":"procuraduria-investiga-a-concejal-de-neiva-abel-mendoza-por-presuntos-actos-indebidos-en-la-via-publica","status":"publish","type":"post","link":"https:\/\/luchonoticias.com\/editor\/procuraduria-investiga-a-concejal-de-neiva-abel-mendoza-por-presuntos-actos-indebidos-en-la-via-publica\/","title":{"rendered":"Procuradur\u00eda investiga a concejal de Neiva, Abel Mendoza, por presuntos actos indebidos en la v\u00eda p\u00fablica"},"content":{"rendered":"\n<p>La Procuradur\u00eda General de la Naci\u00f3n investiga al concejal de Neiva, Huila, Abel Mendoza V\u00e1squez, por presuntos actos indecorosos en v\u00eda p\u00fablica de la ciudad.&nbsp;<\/p>\n\n\n\n<p>La Procuradur\u00eda conoci\u00f3 a trav\u00e9s de medios de comunicaci\u00f3n un pol\u00e9mico v\u00eddeo en el que el funcionario p\u00fablico aparece en un veh\u00edculo mostrando a la c\u00e1mara grandes cantidades de dinero en fajos y varias armas, que, al parecer, son de su uso personal.&nbsp;<\/p>\n\n\n\n<p>Debido a esto, la Procuradur\u00eda Regional de Huila busca determinar si los hechos son constitutivos de falta disciplinaria y, asimismo, orden\u00f3 la pr\u00e1ctica de pruebas pertinentes para esclarecer las acciones que son objeto de investigaci\u00f3n<\/p>\n","protected":false},"excerpt":{"rendered":"<p>La Procuradur\u00eda General de la Naci\u00f3n investiga al concejal de Neiva, Huila, Abel Mendoza V\u00e1squez, por presuntos actos indecorosos en v\u00eda p\u00fablica de la ciudad.&nbsp; La Procuradur\u00eda conoci\u00f3 a trav\u00e9s de medios de comunicaci\u00f3n un pol\u00e9mico v\u00eddeo en el que el funcionario p\u00fablico aparece en un veh\u00edculo mostrando a la c\u00e1mara grandes cantidades de dinero [&hellip;]<\/p>\n","protected":false},"author":2,"featured_media":0,"comment_status":"open","ping_status":"open","sticky":false,"template":"","format":"standard","meta":{"footnotes":""},"categories":[36,29],"tags":[],"class_list":["post-67692","post","type-post","status-publish","format-standard","hentry","category-destacado","category-judicial"],"yoast_head":"<!-- This site is optimized with the Yoast SEO plugin v26.6 - https:\/\/yoast.com\/wordpress\/plugins\/seo\/ -->\n<title>Procuradur\u00eda investiga a concejal de Neiva, Abel Mendoza, por presuntos actos indebidos en la v\u00eda p\u00fablica -<\/title>\n<meta name=\"robots\" content=\"index, follow, max-snippet:-1, max-image-preview:large, max-video-preview:-1\" \/>\n<link rel=\"canonical\" href=\"https:\/\/luchonoticias.com\/editor\/procuraduria-investiga-a-concejal-de-neiva-abel-mendoza-por-presuntos-actos-indebidos-en-la-via-publica\/\" \/>\n<meta property=\"og:locale\" content=\"es_ES\" \/>\n<meta property=\"og:type\" content=\"article\" \/>\n<meta property=\"og:title\" content=\"Procuradur\u00eda investiga a concejal de Neiva, Abel Mendoza, por presuntos actos indebidos en la v\u00eda p\u00fablica -\" \/>\n<meta property=\"og:url\" content=\"https:\/\/luchonoticias.com\/editor\/procuraduria-investiga-a-concejal-de-neiva-abel-mendoza-por-presuntos-actos-indebidos-en-la-via-publica\/\" \/>\n<meta property=\"article:publisher\" content=\"https:\/\/www.facebook.com\/luchonoticiasneiva\" \/>\n<meta property=\"article:published_time\" content=\"2024-01-28T21:31:00+00:00\" \/>\n<meta property=\"article:modified_time\" content=\"2024-01-28T21:31:01+00:00\" \/>\n<meta name=\"author\" content=\"Editor General\" \/>\n<meta name=\"twitter:card\" content=\"summary_large_image\" \/>\n<meta name=\"twitter:label1\" content=\"Escrito por\" \/>\n\t<meta name=\"twitter:data1\" content=\"Editor General\" \/>\n\t<meta name=\"twitter:label2\" content=\"Tiempo de lectura\" \/>\n\t<meta name=\"twitter:data2\" content=\"1 minuto\" \/>\n<script type=\"application\/ld+json\" class=\"yoast-schema-graph\">{\"@context\":\"https:\/\/schema.org\",\"@graph\":[{\"@type\":\"Article\",\"@id\":\"https:\/\/luchonoticias.com\/editor\/procuraduria-investiga-a-concejal-de-neiva-abel-mendoza-por-presuntos-actos-indebidos-en-la-via-publica\/#article\",\"isPartOf\":{\"@id\":\"https:\/\/luchonoticias.com\/editor\/procuraduria-investiga-a-concejal-de-neiva-abel-mendoza-por-presuntos-actos-indebidos-en-la-via-publica\/\"},\"author\":{\"name\":\"Editor General\",\"@id\":\"https:\/\/luchonoticias.com\/editor\/#\/schema\/person\/29217990ddf6f14e35912b2866d591fb\"},\"headline\":\"Procuradur\u00eda investiga a concejal de Neiva, Abel Mendoza, por presuntos actos indebidos en la v\u00eda p\u00fablica\",\"datePublished\":\"2024-01-28T21:31:00+00:00\",\"dateModified\":\"2024-01-28T21:31:01+00:00\",\"mainEntityOfPage\":{\"@id\":\"https:\/\/luchonoticias.com\/editor\/procuraduria-investiga-a-concejal-de-neiva-abel-mendoza-por-presuntos-actos-indebidos-en-la-via-publica\/\"},\"wordCount\":140,\"commentCount\":0,\"publisher\":{\"@id\":\"https:\/\/luchonoticias.com\/editor\/#\/schema\/person\/7a7fd911f58561fd056dbac7b55af9cd\"},\"articleSection\":[\"Destacado\",\"Judicial\"],\"inLanguage\":\"es\",\"potentialAction\":[{\"@type\":\"CommentAction\",\"name\":\"Comment\",\"target\":[\"https:\/\/luchonoticias.com\/editor\/procuraduria-investiga-a-concejal-de-neiva-abel-mendoza-por-presuntos-actos-indebidos-en-la-via-publica\/#respond\"]}]},{\"@type\":\"WebPage\",\"@id\":\"https:\/\/luchonoticias.com\/editor\/procuraduria-investiga-a-concejal-de-neiva-abel-mendoza-por-presuntos-actos-indebidos-en-la-via-publica\/\",\"url\":\"https:\/\/luchonoticias.com\/editor\/procuraduria-investiga-a-concejal-de-neiva-abel-mendoza-por-presuntos-actos-indebidos-en-la-via-publica\/\",\"name\":\"Procuradur\u00eda investiga a concejal de Neiva, Abel Mendoza, por presuntos actos indebidos en la v\u00eda p\u00fablica -\",\"isPartOf\":{\"@id\":\"https:\/\/luchonoticias.com\/editor\/#website\"},\"datePublished\":\"2024-01-28T21:31:00+00:00\",\"dateModified\":\"2024-01-28T21:31:01+00:00\",\"breadcrumb\":{\"@id\":\"https:\/\/luchonoticias.com\/editor\/procuraduria-investiga-a-concejal-de-neiva-abel-mendoza-por-presuntos-actos-indebidos-en-la-via-publica\/#breadcrumb\"},\"inLanguage\":\"es\",\"potentialAction\":[{\"@type\":\"ReadAction\",\"target\":[\"https:\/\/luchonoticias.com\/editor\/procuraduria-investiga-a-concejal-de-neiva-abel-mendoza-por-presuntos-actos-indebidos-en-la-via-publica\/\"]}]},{\"@type\":\"BreadcrumbList\",\"@id\":\"https:\/\/luchonoticias.com\/editor\/procuraduria-investiga-a-concejal-de-neiva-abel-mendoza-por-presuntos-actos-indebidos-en-la-via-publica\/#breadcrumb\",\"itemListElement\":[{\"@type\":\"ListItem\",\"position\":1,\"name\":\"Portada\",\"item\":\"https:\/\/luchonoticias.com\/editor\/\"},{\"@type\":\"ListItem\",\"position\":2,\"name\":\"Procuradur\u00eda investiga a concejal de Neiva, Abel Mendoza, por presuntos actos indebidos en la v\u00eda p\u00fablica\"}]},{\"@type\":\"WebSite\",\"@id\":\"https:\/\/luchonoticias.com\/editor\/#website\",\"url\":\"https:\/\/luchonoticias.com\/editor\/\",\"name\":\"\",\"description\":\"\",\"publisher\":{\"@id\":\"https:\/\/luchonoticias.com\/editor\/#\/schema\/person\/7a7fd911f58561fd056dbac7b55af9cd\"},\"potentialAction\":[{\"@type\":\"SearchAction\",\"target\":{\"@type\":\"EntryPoint\",\"urlTemplate\":\"https:\/\/luchonoticias.com\/editor\/?s={search_term_string}\"},\"query-input\":{\"@type\":\"PropertyValueSpecification\",\"valueRequired\":true,\"valueName\":\"search_term_string\"}}],\"inLanguage\":\"es\"},{\"@type\":[\"Person\",\"Organization\"],\"@id\":\"https:\/\/luchonoticias.com\/editor\/#\/schema\/person\/7a7fd911f58561fd056dbac7b55af9cd\",\"name\":\"admin\",\"image\":{\"@type\":\"ImageObject\",\"inLanguage\":\"es\",\"@id\":\"https:\/\/luchonoticias.com\/editor\/#\/schema\/person\/image\/\",\"url\":\"https:\/\/luchonoticias.com\/editor\/wp-content\/uploads\/2024\/02\/cropped-cropped-logolu.webp\",\"contentUrl\":\"https:\/\/luchonoticias.com\/editor\/wp-content\/uploads\/2024\/02\/cropped-cropped-logolu.webp\",\"width\":382,\"height\":170,\"caption\":\"admin\"},\"logo\":{\"@id\":\"https:\/\/luchonoticias.com\/editor\/#\/schema\/person\/image\/\"},\"sameAs\":[\"https:\/\/www.facebook.com\/luchonoticiasneiva\"]},{\"@type\":\"Person\",\"@id\":\"https:\/\/luchonoticias.com\/editor\/#\/schema\/person\/29217990ddf6f14e35912b2866d591fb\",\"name\":\"Editor General\",\"image\":{\"@type\":\"ImageObject\",\"inLanguage\":\"es\",\"@id\":\"https:\/\/luchonoticias.com\/editor\/#\/schema\/person\/image\/\",\"url\":\"https:\/\/luchonoticias.com\/editor\/wp-content\/uploads\/2024\/02\/cropped-cropped-logolu-150x150.webp\",\"contentUrl\":\"https:\/\/luchonoticias.com\/editor\/wp-content\/uploads\/2024\/02\/cropped-cropped-logolu-150x150.webp\",\"caption\":\"Editor General\"},\"sameAs\":[\"https:\/\/luchonoticias.com\/\"],\"url\":\"https:\/\/luchonoticias.com\/editor\/author\/editor-general\/\"}]}<\/script>\n<!-- \/ Yoast SEO plugin. -->","yoast_head_json":{"title":"Procuradur\u00eda investiga a concejal de Neiva, Abel Mendoza, por presuntos actos indebidos en la v\u00eda p\u00fablica -","robots":{"index":"index","follow":"follow","max-snippet":"max-snippet:-1","max-image-preview":"max-image-preview:large","max-video-preview":"max-video-preview:-1"},"canonical":"https:\/\/luchonoticias.com\/editor\/procuraduria-investiga-a-concejal-de-neiva-abel-mendoza-por-presuntos-actos-indebidos-en-la-via-publica\/","og_locale":"es_ES","og_type":"article","og_title":"Procuradur\u00eda investiga a concejal de Neiva, Abel Mendoza, por presuntos actos indebidos en la v\u00eda p\u00fablica -","og_url":"https:\/\/luchonoticias.com\/editor\/procuraduria-investiga-a-concejal-de-neiva-abel-mendoza-por-presuntos-actos-indebidos-en-la-via-publica\/","article_publisher":"https:\/\/www.facebook.com\/luchonoticiasneiva","article_published_time":"2024-01-28T21:31:00+00:00","article_modified_time":"2024-01-28T21:31:01+00:00","author":"Editor General","twitter_card":"summary_large_image","twitter_misc":{"Escrito por":"Editor General","Tiempo de lectura":"1 minuto"},"schema":{"@context":"https:\/\/schema.org","@graph":[{"@type":"Article","@id":"https:\/\/luchonoticias.com\/editor\/procuraduria-investiga-a-concejal-de-neiva-abel-mendoza-por-presuntos-actos-indebidos-en-la-via-publica\/#article","isPartOf":{"@id":"https:\/\/luchonoticias.com\/editor\/procuraduria-investiga-a-concejal-de-neiva-abel-mendoza-por-presuntos-actos-indebidos-en-la-via-publica\/"},"author":{"name":"Editor General","@id":"https:\/\/luchonoticias.com\/editor\/#\/schema\/person\/29217990ddf6f14e35912b2866d591fb"},"headline":"Procuradur\u00eda investiga a concejal de Neiva, Abel Mendoza, por presuntos actos indebidos en la v\u00eda p\u00fablica","datePublished":"2024-01-28T21:31:00+00:00","dateModified":"2024-01-28T21:31:01+00:00","mainEntityOfPage":{"@id":"https:\/\/luchonoticias.com\/editor\/procuraduria-investiga-a-concejal-de-neiva-abel-mendoza-por-presuntos-actos-indebidos-en-la-via-publica\/"},"wordCount":140,"commentCount":0,"publisher":{"@id":"https:\/\/luchonoticias.com\/editor\/#\/schema\/person\/7a7fd911f58561fd056dbac7b55af9cd"},"articleSection":["Destacado","Judicial"],"inLanguage":"es","potentialAction":[{"@type":"CommentAction","name":"Comment","target":["https:\/\/luchonoticias.com\/editor\/procuraduria-investiga-a-concejal-de-neiva-abel-mendoza-por-presuntos-actos-indebidos-en-la-via-publica\/#respond"]}]},{"@type":"WebPage","@id":"https:\/\/luchonoticias.com\/editor\/procuraduria-investiga-a-concejal-de-neiva-abel-mendoza-por-presuntos-actos-indebidos-en-la-via-publica\/","url":"https:\/\/luchonoticias.com\/editor\/procuraduria-investiga-a-concejal-de-neiva-abel-mendoza-por-presuntos-actos-indebidos-en-la-via-publica\/","name":"Procuradur\u00eda investiga a concejal de Neiva, Abel Mendoza, por presuntos actos indebidos en la v\u00eda p\u00fablica -","isPartOf":{"@id":"https:\/\/luchonoticias.com\/editor\/#website"},"datePublished":"2024-01-28T21:31:00+00:00","dateModified":"2024-01-28T21:31:01+00:00","breadcrumb":{"@id":"https:\/\/luchonoticias.com\/editor\/procuraduria-investiga-a-concejal-de-neiva-abel-mendoza-por-presuntos-actos-indebidos-en-la-via-publica\/#breadcrumb"},"inLanguage":"es","potentialAction":[{"@type":"ReadAction","target":["https:\/\/luchonoticias.com\/editor\/procuraduria-investiga-a-concejal-de-neiva-abel-mendoza-por-presuntos-actos-indebidos-en-la-via-publica\/"]}]},{"@type":"BreadcrumbList","@id":"https:\/\/luchonoticias.com\/editor\/procuraduria-investiga-a-concejal-de-neiva-abel-mendoza-por-presuntos-actos-indebidos-en-la-via-publica\/#breadcrumb","itemListElement":[{"@type":"ListItem","position":1,"name":"Portada","item":"https:\/\/luchonoticias.com\/editor\/"},{"@type":"ListItem","position":2,"name":"Procuradur\u00eda investiga a concejal de Neiva, Abel Mendoza, por presuntos actos indebidos en la v\u00eda p\u00fablica"}]},{"@type":"WebSite","@id":"https:\/\/luchonoticias.com\/editor\/#website","url":"https:\/\/luchonoticias.com\/editor\/","name":"","description":"","publisher":{"@id":"https:\/\/luchonoticias.com\/editor\/#\/schema\/person\/7a7fd911f58561fd056dbac7b55af9cd"},"potentialAction":[{"@type":"SearchAction","target":{"@type":"EntryPoint","urlTemplate":"https:\/\/luchonoticias.com\/editor\/?s={search_term_string}"},"query-input":{"@type":"PropertyValueSpecification","valueRequired":true,"valueName":"search_term_string"}}],"inLanguage":"es"},{"@type":["Person","Organization"],"@id":"https:\/\/luchonoticias.com\/editor\/#\/schema\/person\/7a7fd911f58561fd056dbac7b55af9cd","name":"admin","image":{"@type":"ImageObject","inLanguage":"es","@id":"https:\/\/luchonoticias.com\/editor\/#\/schema\/person\/image\/","url":"https:\/\/luchonoticias.com\/editor\/wp-content\/uploads\/2024\/02\/cropped-cropped-logolu.webp","contentUrl":"https:\/\/luchonoticias.com\/editor\/wp-content\/uploads\/2024\/02\/cropped-cropped-logolu.webp","width":382,"height":170,"caption":"admin"},"logo":{"@id":"https:\/\/luchonoticias.com\/editor\/#\/schema\/person\/image\/"},"sameAs":["https:\/\/www.facebook.com\/luchonoticiasneiva"]},{"@type":"Person","@id":"https:\/\/luchonoticias.com\/editor\/#\/schema\/person\/29217990ddf6f14e35912b2866d591fb","name":"Editor General","image":{"@type":"ImageObject","inLanguage":"es","@id":"https:\/\/luchonoticias.com\/editor\/#\/schema\/person\/image\/","url":"https:\/\/luchonoticias.com\/editor\/wp-content\/uploads\/2024\/02\/cropped-cropped-logolu-150x150.webp","contentUrl":"https:\/\/luchonoticias.com\/editor\/wp-content\/uploads\/2024\/02\/cropped-cropped-logolu-150x150.webp","caption":"Editor General"},"sameAs":["https:\/\/luchonoticias.com\/"],"url":"https:\/\/luchonoticias.com\/editor\/author\/editor-general\/"}]}},"_links":{"self":[{"href":"https:\/\/luchonoticias.com\/editor\/wp-json\/wp\/v2\/posts\/67692","targetHints":{"allow":["GET"]}}],"collection":[{"href":"https:\/\/luchonoticias.com\/editor\/wp-json\/wp\/v2\/posts"}],"about":[{"href":"https:\/\/luchonoticias.com\/editor\/wp-json\/wp\/v2\/types\/post"}],"author":[{"embeddable":true,"href":"https:\/\/luchonoticias.com\/editor\/wp-json\/wp\/v2\/users\/2"}],"replies":[{"embeddable":true,"href":"https:\/\/luchonoticias.com\/editor\/wp-json\/wp\/v2\/comments?post=67692"}],"version-history":[{"count":0,"href":"https:\/\/luchonoticias.com\/editor\/wp-json\/wp\/v2\/posts\/67692\/revisions"}],"wp:attachment":[{"href":"https:\/\/luchonoticias.com\/editor\/wp-json\/wp\/v2\/media?parent=67692"}],"wp:term":[{"taxonomy":"category","embeddable":true,"href":"https:\/\/luchonoticias.com\/editor\/wp-json\/wp\/v2\/categories?post=67692"},{"taxonomy":"post_tag","embeddable":true,"href":"https:\/\/luchonoticias.com\/editor\/wp-json\/wp\/v2\/tags?post=67692"}],"curies":[{"name":"wp","href":"https:\/\/api.w.org\/{rel}","templated":true}]}}