{"id":67702,"date":"2024-01-29T08:44:56","date_gmt":"2024-01-29T13:44:56","guid":{"rendered":"https:\/\/luchonoticias.com\/?p=67702"},"modified":"2024-01-29T08:44:57","modified_gmt":"2024-01-29T13:44:57","slug":"capturado-alias-picoro-por-homicidio","status":"publish","type":"post","link":"https:\/\/luchonoticias.com\/editor\/capturado-alias-picoro-por-homicidio\/","title":{"rendered":"Capturado alias \u2018Picoro\u2019 por homicidio"},"content":{"rendered":"\n<p>En desarrollo de actividades de vigilancia y control,&nbsp; uniformados de la Polic\u00eda Metropolitana de Neiva, hicieron efectiva una orden de captura en contra de este hombre, qui\u00e9n es requerido con el fin de cumplir condena de 16 a\u00f1os y 9 meses de prisi\u00f3n por el delito de Homicidio Agravado.<\/p>\n\n\n\n<p>\u201cEn este entendido, la Polic\u00eda Metropolitana de Neiva a trav\u00e9s del cuadrante 24 adscrito al CAI Ipanema, hace efectiva orden de captura en contra de Brayan Camilo Ram\u00edrez Tovar \u201cPicoro\u201d de 27 a\u00f1os, por el delito de homicidio agravado\u201d, indicaron las fuentes oficiales en un comunicado.<\/p>\n\n\n\n<p>Asimismo, las autoridades revelaron que este individuo, de acuerdo al proceso investigativo adelantado por la Fiscal\u00eda General de la Naci\u00f3n, fue hallado responsable del homicidio con arma de fuego de Leonardo Vargas Garz\u00f3n, el 13 de julio del 2016, en hechos acontecidos al interior del cementerio central de la ciudad de Neiva.<\/p>\n\n\n\n<p>\u201cPicoro\u201d, quien registra 9 anotaciones judiciales por los delitos de: homicidio, lesiones personales, porte ilegal de armas de fuego, tr\u00e1fico de estupefacientes y fuga de presos; fue condenado a 16 a\u00f1os y 9 meses de prisi\u00f3n por estos hechos.<\/p>\n\n\n\n<p>Este sujeto fue dejado a disposici\u00f3n de un juez de control y garant\u00edas, quien en las pr\u00f3ximas horas, definir\u00e1 su situaci\u00f3n jur\u00eddica.<\/p>\n","protected":false},"excerpt":{"rendered":"<p>En desarrollo de actividades de vigilancia y control,&nbsp; uniformados de la Polic\u00eda Metropolitana de Neiva, hicieron efectiva una orden de captura en contra de este hombre, qui\u00e9n es requerido con el fin de cumplir condena de 16 a\u00f1os y 9 meses de prisi\u00f3n por el delito de Homicidio Agravado. \u201cEn este entendido, la Polic\u00eda Metropolitana [&hellip;]<\/p>\n","protected":false},"author":2,"featured_media":0,"comment_status":"open","ping_status":"open","sticky":false,"template":"","format":"standard","meta":{"footnotes":""},"categories":[36,29],"tags":[],"class_list":["post-67702","post","type-post","status-publish","format-standard","hentry","category-destacado","category-judicial"],"yoast_head":"<!-- This site is optimized with the Yoast SEO plugin v26.6 - https:\/\/yoast.com\/wordpress\/plugins\/seo\/ -->\n<title>Capturado alias \u2018Picoro\u2019 por homicidio -<\/title>\n<meta name=\"robots\" content=\"index, follow, max-snippet:-1, max-image-preview:large, max-video-preview:-1\" \/>\n<link rel=\"canonical\" href=\"https:\/\/luchonoticias.com\/editor\/capturado-alias-picoro-por-homicidio\/\" \/>\n<meta property=\"og:locale\" content=\"es_ES\" \/>\n<meta property=\"og:type\" content=\"article\" \/>\n<meta property=\"og:title\" content=\"Capturado alias \u2018Picoro\u2019 por homicidio -\" \/>\n<meta property=\"og:url\" content=\"https:\/\/luchonoticias.com\/editor\/capturado-alias-picoro-por-homicidio\/\" \/>\n<meta property=\"article:publisher\" content=\"https:\/\/www.facebook.com\/luchonoticiasneiva\" \/>\n<meta property=\"article:published_time\" content=\"2024-01-29T13:44:56+00:00\" \/>\n<meta property=\"article:modified_time\" content=\"2024-01-29T13:44:57+00:00\" \/>\n<meta name=\"author\" content=\"Editor General\" \/>\n<meta name=\"twitter:card\" content=\"summary_large_image\" \/>\n<meta name=\"twitter:label1\" content=\"Escrito por\" \/>\n\t<meta name=\"twitter:data1\" content=\"Editor General\" \/>\n\t<meta name=\"twitter:label2\" content=\"Tiempo de lectura\" \/>\n\t<meta name=\"twitter:data2\" content=\"1 minuto\" \/>\n<script type=\"application\/ld+json\" class=\"yoast-schema-graph\">{\"@context\":\"https:\/\/schema.org\",\"@graph\":[{\"@type\":\"Article\",\"@id\":\"https:\/\/luchonoticias.com\/editor\/capturado-alias-picoro-por-homicidio\/#article\",\"isPartOf\":{\"@id\":\"https:\/\/luchonoticias.com\/editor\/capturado-alias-picoro-por-homicidio\/\"},\"author\":{\"name\":\"Editor General\",\"@id\":\"https:\/\/luchonoticias.com\/editor\/#\/schema\/person\/29217990ddf6f14e35912b2866d591fb\"},\"headline\":\"Capturado alias \u2018Picoro\u2019 por homicidio\",\"datePublished\":\"2024-01-29T13:44:56+00:00\",\"dateModified\":\"2024-01-29T13:44:57+00:00\",\"mainEntityOfPage\":{\"@id\":\"https:\/\/luchonoticias.com\/editor\/capturado-alias-picoro-por-homicidio\/\"},\"wordCount\":224,\"commentCount\":0,\"publisher\":{\"@id\":\"https:\/\/luchonoticias.com\/editor\/#\/schema\/person\/7a7fd911f58561fd056dbac7b55af9cd\"},\"articleSection\":[\"Destacado\",\"Judicial\"],\"inLanguage\":\"es\",\"potentialAction\":[{\"@type\":\"CommentAction\",\"name\":\"Comment\",\"target\":[\"https:\/\/luchonoticias.com\/editor\/capturado-alias-picoro-por-homicidio\/#respond\"]}]},{\"@type\":\"WebPage\",\"@id\":\"https:\/\/luchonoticias.com\/editor\/capturado-alias-picoro-por-homicidio\/\",\"url\":\"https:\/\/luchonoticias.com\/editor\/capturado-alias-picoro-por-homicidio\/\",\"name\":\"Capturado alias \u2018Picoro\u2019 por homicidio -\",\"isPartOf\":{\"@id\":\"https:\/\/luchonoticias.com\/editor\/#website\"},\"datePublished\":\"2024-01-29T13:44:56+00:00\",\"dateModified\":\"2024-01-29T13:44:57+00:00\",\"breadcrumb\":{\"@id\":\"https:\/\/luchonoticias.com\/editor\/capturado-alias-picoro-por-homicidio\/#breadcrumb\"},\"inLanguage\":\"es\",\"potentialAction\":[{\"@type\":\"ReadAction\",\"target\":[\"https:\/\/luchonoticias.com\/editor\/capturado-alias-picoro-por-homicidio\/\"]}]},{\"@type\":\"BreadcrumbList\",\"@id\":\"https:\/\/luchonoticias.com\/editor\/capturado-alias-picoro-por-homicidio\/#breadcrumb\",\"itemListElement\":[{\"@type\":\"ListItem\",\"position\":1,\"name\":\"Portada\",\"item\":\"https:\/\/luchonoticias.com\/editor\/\"},{\"@type\":\"ListItem\",\"position\":2,\"name\":\"Capturado alias \u2018Picoro\u2019 por homicidio\"}]},{\"@type\":\"WebSite\",\"@id\":\"https:\/\/luchonoticias.com\/editor\/#website\",\"url\":\"https:\/\/luchonoticias.com\/editor\/\",\"name\":\"\",\"description\":\"\",\"publisher\":{\"@id\":\"https:\/\/luchonoticias.com\/editor\/#\/schema\/person\/7a7fd911f58561fd056dbac7b55af9cd\"},\"potentialAction\":[{\"@type\":\"SearchAction\",\"target\":{\"@type\":\"EntryPoint\",\"urlTemplate\":\"https:\/\/luchonoticias.com\/editor\/?s={search_term_string}\"},\"query-input\":{\"@type\":\"PropertyValueSpecification\",\"valueRequired\":true,\"valueName\":\"search_term_string\"}}],\"inLanguage\":\"es\"},{\"@type\":[\"Person\",\"Organization\"],\"@id\":\"https:\/\/luchonoticias.com\/editor\/#\/schema\/person\/7a7fd911f58561fd056dbac7b55af9cd\",\"name\":\"admin\",\"image\":{\"@type\":\"ImageObject\",\"inLanguage\":\"es\",\"@id\":\"https:\/\/luchonoticias.com\/editor\/#\/schema\/person\/image\/\",\"url\":\"https:\/\/luchonoticias.com\/editor\/wp-content\/uploads\/2024\/02\/cropped-cropped-logolu.webp\",\"contentUrl\":\"https:\/\/luchonoticias.com\/editor\/wp-content\/uploads\/2024\/02\/cropped-cropped-logolu.webp\",\"width\":382,\"height\":170,\"caption\":\"admin\"},\"logo\":{\"@id\":\"https:\/\/luchonoticias.com\/editor\/#\/schema\/person\/image\/\"},\"sameAs\":[\"https:\/\/www.facebook.com\/luchonoticiasneiva\"]},{\"@type\":\"Person\",\"@id\":\"https:\/\/luchonoticias.com\/editor\/#\/schema\/person\/29217990ddf6f14e35912b2866d591fb\",\"name\":\"Editor General\",\"image\":{\"@type\":\"ImageObject\",\"inLanguage\":\"es\",\"@id\":\"https:\/\/luchonoticias.com\/editor\/#\/schema\/person\/image\/\",\"url\":\"https:\/\/luchonoticias.com\/editor\/wp-content\/uploads\/2024\/02\/cropped-cropped-logolu-150x150.webp\",\"contentUrl\":\"https:\/\/luchonoticias.com\/editor\/wp-content\/uploads\/2024\/02\/cropped-cropped-logolu-150x150.webp\",\"caption\":\"Editor General\"},\"sameAs\":[\"https:\/\/luchonoticias.com\/\"],\"url\":\"https:\/\/luchonoticias.com\/editor\/author\/editor-general\/\"}]}<\/script>\n<!-- \/ Yoast SEO plugin. -->","yoast_head_json":{"title":"Capturado alias \u2018Picoro\u2019 por homicidio -","robots":{"index":"index","follow":"follow","max-snippet":"max-snippet:-1","max-image-preview":"max-image-preview:large","max-video-preview":"max-video-preview:-1"},"canonical":"https:\/\/luchonoticias.com\/editor\/capturado-alias-picoro-por-homicidio\/","og_locale":"es_ES","og_type":"article","og_title":"Capturado alias \u2018Picoro\u2019 por homicidio -","og_url":"https:\/\/luchonoticias.com\/editor\/capturado-alias-picoro-por-homicidio\/","article_publisher":"https:\/\/www.facebook.com\/luchonoticiasneiva","article_published_time":"2024-01-29T13:44:56+00:00","article_modified_time":"2024-01-29T13:44:57+00:00","author":"Editor General","twitter_card":"summary_large_image","twitter_misc":{"Escrito por":"Editor General","Tiempo de lectura":"1 minuto"},"schema":{"@context":"https:\/\/schema.org","@graph":[{"@type":"Article","@id":"https:\/\/luchonoticias.com\/editor\/capturado-alias-picoro-por-homicidio\/#article","isPartOf":{"@id":"https:\/\/luchonoticias.com\/editor\/capturado-alias-picoro-por-homicidio\/"},"author":{"name":"Editor General","@id":"https:\/\/luchonoticias.com\/editor\/#\/schema\/person\/29217990ddf6f14e35912b2866d591fb"},"headline":"Capturado alias \u2018Picoro\u2019 por homicidio","datePublished":"2024-01-29T13:44:56+00:00","dateModified":"2024-01-29T13:44:57+00:00","mainEntityOfPage":{"@id":"https:\/\/luchonoticias.com\/editor\/capturado-alias-picoro-por-homicidio\/"},"wordCount":224,"commentCount":0,"publisher":{"@id":"https:\/\/luchonoticias.com\/editor\/#\/schema\/person\/7a7fd911f58561fd056dbac7b55af9cd"},"articleSection":["Destacado","Judicial"],"inLanguage":"es","potentialAction":[{"@type":"CommentAction","name":"Comment","target":["https:\/\/luchonoticias.com\/editor\/capturado-alias-picoro-por-homicidio\/#respond"]}]},{"@type":"WebPage","@id":"https:\/\/luchonoticias.com\/editor\/capturado-alias-picoro-por-homicidio\/","url":"https:\/\/luchonoticias.com\/editor\/capturado-alias-picoro-por-homicidio\/","name":"Capturado alias \u2018Picoro\u2019 por homicidio -","isPartOf":{"@id":"https:\/\/luchonoticias.com\/editor\/#website"},"datePublished":"2024-01-29T13:44:56+00:00","dateModified":"2024-01-29T13:44:57+00:00","breadcrumb":{"@id":"https:\/\/luchonoticias.com\/editor\/capturado-alias-picoro-por-homicidio\/#breadcrumb"},"inLanguage":"es","potentialAction":[{"@type":"ReadAction","target":["https:\/\/luchonoticias.com\/editor\/capturado-alias-picoro-por-homicidio\/"]}]},{"@type":"BreadcrumbList","@id":"https:\/\/luchonoticias.com\/editor\/capturado-alias-picoro-por-homicidio\/#breadcrumb","itemListElement":[{"@type":"ListItem","position":1,"name":"Portada","item":"https:\/\/luchonoticias.com\/editor\/"},{"@type":"ListItem","position":2,"name":"Capturado alias \u2018Picoro\u2019 por homicidio"}]},{"@type":"WebSite","@id":"https:\/\/luchonoticias.com\/editor\/#website","url":"https:\/\/luchonoticias.com\/editor\/","name":"","description":"","publisher":{"@id":"https:\/\/luchonoticias.com\/editor\/#\/schema\/person\/7a7fd911f58561fd056dbac7b55af9cd"},"potentialAction":[{"@type":"SearchAction","target":{"@type":"EntryPoint","urlTemplate":"https:\/\/luchonoticias.com\/editor\/?s={search_term_string}"},"query-input":{"@type":"PropertyValueSpecification","valueRequired":true,"valueName":"search_term_string"}}],"inLanguage":"es"},{"@type":["Person","Organization"],"@id":"https:\/\/luchonoticias.com\/editor\/#\/schema\/person\/7a7fd911f58561fd056dbac7b55af9cd","name":"admin","image":{"@type":"ImageObject","inLanguage":"es","@id":"https:\/\/luchonoticias.com\/editor\/#\/schema\/person\/image\/","url":"https:\/\/luchonoticias.com\/editor\/wp-content\/uploads\/2024\/02\/cropped-cropped-logolu.webp","contentUrl":"https:\/\/luchonoticias.com\/editor\/wp-content\/uploads\/2024\/02\/cropped-cropped-logolu.webp","width":382,"height":170,"caption":"admin"},"logo":{"@id":"https:\/\/luchonoticias.com\/editor\/#\/schema\/person\/image\/"},"sameAs":["https:\/\/www.facebook.com\/luchonoticiasneiva"]},{"@type":"Person","@id":"https:\/\/luchonoticias.com\/editor\/#\/schema\/person\/29217990ddf6f14e35912b2866d591fb","name":"Editor General","image":{"@type":"ImageObject","inLanguage":"es","@id":"https:\/\/luchonoticias.com\/editor\/#\/schema\/person\/image\/","url":"https:\/\/luchonoticias.com\/editor\/wp-content\/uploads\/2024\/02\/cropped-cropped-logolu-150x150.webp","contentUrl":"https:\/\/luchonoticias.com\/editor\/wp-content\/uploads\/2024\/02\/cropped-cropped-logolu-150x150.webp","caption":"Editor General"},"sameAs":["https:\/\/luchonoticias.com\/"],"url":"https:\/\/luchonoticias.com\/editor\/author\/editor-general\/"}]}},"_links":{"self":[{"href":"https:\/\/luchonoticias.com\/editor\/wp-json\/wp\/v2\/posts\/67702","targetHints":{"allow":["GET"]}}],"collection":[{"href":"https:\/\/luchonoticias.com\/editor\/wp-json\/wp\/v2\/posts"}],"about":[{"href":"https:\/\/luchonoticias.com\/editor\/wp-json\/wp\/v2\/types\/post"}],"author":[{"embeddable":true,"href":"https:\/\/luchonoticias.com\/editor\/wp-json\/wp\/v2\/users\/2"}],"replies":[{"embeddable":true,"href":"https:\/\/luchonoticias.com\/editor\/wp-json\/wp\/v2\/comments?post=67702"}],"version-history":[{"count":0,"href":"https:\/\/luchonoticias.com\/editor\/wp-json\/wp\/v2\/posts\/67702\/revisions"}],"wp:attachment":[{"href":"https:\/\/luchonoticias.com\/editor\/wp-json\/wp\/v2\/media?parent=67702"}],"wp:term":[{"taxonomy":"category","embeddable":true,"href":"https:\/\/luchonoticias.com\/editor\/wp-json\/wp\/v2\/categories?post=67702"},{"taxonomy":"post_tag","embeddable":true,"href":"https:\/\/luchonoticias.com\/editor\/wp-json\/wp\/v2\/tags?post=67702"}],"curies":[{"name":"wp","href":"https:\/\/api.w.org\/{rel}","templated":true}]}}