{"id":67705,"date":"2024-01-29T08:46:00","date_gmt":"2024-01-29T13:46:00","guid":{"rendered":"https:\/\/luchonoticias.com\/?p=67705"},"modified":"2024-01-29T08:46:00","modified_gmt":"2024-01-29T13:46:00","slug":"20-personas-fueron-capturadas-en-el-huila-el-fin-se-semana","status":"publish","type":"post","link":"https:\/\/luchonoticias.com\/editor\/20-personas-fueron-capturadas-en-el-huila-el-fin-se-semana\/","title":{"rendered":"20 personas fueron capturadas en el Huila el fin se semana"},"content":{"rendered":"\n<p>Un importante balance deja los resultados operativos del departamento de Polic\u00eda Huila durante el fin de semana que permiti\u00f3 la captura de 20 personas por diferentes delitos, 14 de ellas en flagrancia, 4 por orden judicial y dos aprehensiones.<\/p>\n\n\n\n<p>Se destaca dentro de las acciones operativas la aprehensi\u00f3n de dos menores que en una motocicleta y con un arma de fuego pretend\u00edan cometer acciones delictivas en zona rural de Paicol hasta donde lleg\u00f3 la patrulla por informaci\u00f3n ciudadana y logr\u00f3 aprehender a estos j\u00f3venes, asimismo, se incaut\u00f3 un revolver con munici\u00f3n y una motocicleta.<\/p>\n\n\n\n<p>Este fin de semana la polic\u00eda en el Huila sac\u00f3 de las calles tres armas de fuego que fueron incautadas en Pitalito, Paicol y Suaza, asimismo, fueron incautadas dos armas traum\u00e1ticas que normalmente son utilizadas para la comisi\u00f3n de hurtos y lesiones. En las acciones del fin de semana se recuperaron tres motocicletas.<\/p>\n\n\n\n<p>El departamento de Polic\u00eda Huila destaca los importantes resultados en materia operativa en el municipio de Pitalito que deja varias personas capturadas, armas incautadas y motocicletas recuperadas, estos resultados son producto del fortalecimiento del pie de fuerza en el municipio con una estrategia trazada junto a la administraci\u00f3n municipal.<\/p>\n\n\n\n<p>Asimismo, se destacan dos capturas importantes en Campoalegre relacionadas al tr\u00e1fico de estupefacientes y otra m\u00e1s por acceso carnal violento.<\/p>\n\n\n\n<p>Los delitos por los que tendr\u00e1n que responder los capturados est\u00e1n relacionados a fuga de presos, lesiones personales, tr\u00e1fico de estupefacientes, porte ilegal de armas de fuego, receptaci\u00f3n, uso de documento falso, hurto y homicidio agravado.<\/p>\n\n\n\n<p>Finalmente, el Suaza la polic\u00eda captur\u00f3 a 4 sujetos que estar\u00edan inmersos en hurtos en zona rural del municipio, los 4 individuos fueron entregados a la polic\u00eda por parte de la comunidad de la zona y se investiga el deceso de uno de los presuntos delincuentes por un disparo de arma de fuego de al parecer una de las v\u00edctimas. A los presuntos delincuentes se les incaut\u00f3 un revolver y dos motocicletas.<\/p>\n","protected":false},"excerpt":{"rendered":"<p>Un importante balance deja los resultados operativos del departamento de Polic\u00eda Huila durante el fin de semana que permiti\u00f3 la captura de 20 personas por diferentes delitos, 14 de ellas en flagrancia, 4 por orden judicial y dos aprehensiones. Se destaca dentro de las acciones operativas la aprehensi\u00f3n de dos menores que en una motocicleta [&hellip;]<\/p>\n","protected":false},"author":2,"featured_media":0,"comment_status":"open","ping_status":"open","sticky":false,"template":"","format":"standard","meta":{"footnotes":""},"categories":[36,29],"tags":[],"class_list":["post-67705","post","type-post","status-publish","format-standard","hentry","category-destacado","category-judicial"],"yoast_head":"<!-- This site is optimized with the Yoast SEO plugin v26.6 - https:\/\/yoast.com\/wordpress\/plugins\/seo\/ -->\n<title>20 personas fueron capturadas en el Huila el fin se semana -<\/title>\n<meta name=\"robots\" content=\"index, follow, max-snippet:-1, max-image-preview:large, max-video-preview:-1\" \/>\n<link rel=\"canonical\" href=\"https:\/\/luchonoticias.com\/editor\/20-personas-fueron-capturadas-en-el-huila-el-fin-se-semana\/\" \/>\n<meta property=\"og:locale\" content=\"es_ES\" \/>\n<meta property=\"og:type\" content=\"article\" \/>\n<meta property=\"og:title\" content=\"20 personas fueron capturadas en el Huila el fin se semana -\" \/>\n<meta property=\"og:url\" content=\"https:\/\/luchonoticias.com\/editor\/20-personas-fueron-capturadas-en-el-huila-el-fin-se-semana\/\" \/>\n<meta property=\"article:publisher\" content=\"https:\/\/www.facebook.com\/luchonoticiasneiva\" \/>\n<meta property=\"article:published_time\" content=\"2024-01-29T13:46:00+00:00\" \/>\n<meta name=\"author\" content=\"Editor General\" \/>\n<meta name=\"twitter:card\" content=\"summary_large_image\" \/>\n<meta name=\"twitter:label1\" content=\"Escrito por\" \/>\n\t<meta name=\"twitter:data1\" content=\"Editor General\" \/>\n\t<meta name=\"twitter:label2\" content=\"Tiempo de lectura\" \/>\n\t<meta name=\"twitter:data2\" content=\"2 minutos\" \/>\n<script type=\"application\/ld+json\" class=\"yoast-schema-graph\">{\"@context\":\"https:\/\/schema.org\",\"@graph\":[{\"@type\":\"Article\",\"@id\":\"https:\/\/luchonoticias.com\/editor\/20-personas-fueron-capturadas-en-el-huila-el-fin-se-semana\/#article\",\"isPartOf\":{\"@id\":\"https:\/\/luchonoticias.com\/editor\/20-personas-fueron-capturadas-en-el-huila-el-fin-se-semana\/\"},\"author\":{\"name\":\"Editor General\",\"@id\":\"https:\/\/luchonoticias.com\/editor\/#\/schema\/person\/29217990ddf6f14e35912b2866d591fb\"},\"headline\":\"20 personas fueron capturadas en el Huila el fin se semana\",\"datePublished\":\"2024-01-29T13:46:00+00:00\",\"mainEntityOfPage\":{\"@id\":\"https:\/\/luchonoticias.com\/editor\/20-personas-fueron-capturadas-en-el-huila-el-fin-se-semana\/\"},\"wordCount\":350,\"commentCount\":0,\"publisher\":{\"@id\":\"https:\/\/luchonoticias.com\/editor\/#\/schema\/person\/7a7fd911f58561fd056dbac7b55af9cd\"},\"articleSection\":[\"Destacado\",\"Judicial\"],\"inLanguage\":\"es\",\"potentialAction\":[{\"@type\":\"CommentAction\",\"name\":\"Comment\",\"target\":[\"https:\/\/luchonoticias.com\/editor\/20-personas-fueron-capturadas-en-el-huila-el-fin-se-semana\/#respond\"]}]},{\"@type\":\"WebPage\",\"@id\":\"https:\/\/luchonoticias.com\/editor\/20-personas-fueron-capturadas-en-el-huila-el-fin-se-semana\/\",\"url\":\"https:\/\/luchonoticias.com\/editor\/20-personas-fueron-capturadas-en-el-huila-el-fin-se-semana\/\",\"name\":\"20 personas fueron capturadas en el Huila el fin se semana -\",\"isPartOf\":{\"@id\":\"https:\/\/luchonoticias.com\/editor\/#website\"},\"datePublished\":\"2024-01-29T13:46:00+00:00\",\"breadcrumb\":{\"@id\":\"https:\/\/luchonoticias.com\/editor\/20-personas-fueron-capturadas-en-el-huila-el-fin-se-semana\/#breadcrumb\"},\"inLanguage\":\"es\",\"potentialAction\":[{\"@type\":\"ReadAction\",\"target\":[\"https:\/\/luchonoticias.com\/editor\/20-personas-fueron-capturadas-en-el-huila-el-fin-se-semana\/\"]}]},{\"@type\":\"BreadcrumbList\",\"@id\":\"https:\/\/luchonoticias.com\/editor\/20-personas-fueron-capturadas-en-el-huila-el-fin-se-semana\/#breadcrumb\",\"itemListElement\":[{\"@type\":\"ListItem\",\"position\":1,\"name\":\"Portada\",\"item\":\"https:\/\/luchonoticias.com\/editor\/\"},{\"@type\":\"ListItem\",\"position\":2,\"name\":\"20 personas fueron capturadas en el Huila el fin se semana\"}]},{\"@type\":\"WebSite\",\"@id\":\"https:\/\/luchonoticias.com\/editor\/#website\",\"url\":\"https:\/\/luchonoticias.com\/editor\/\",\"name\":\"\",\"description\":\"\",\"publisher\":{\"@id\":\"https:\/\/luchonoticias.com\/editor\/#\/schema\/person\/7a7fd911f58561fd056dbac7b55af9cd\"},\"potentialAction\":[{\"@type\":\"SearchAction\",\"target\":{\"@type\":\"EntryPoint\",\"urlTemplate\":\"https:\/\/luchonoticias.com\/editor\/?s={search_term_string}\"},\"query-input\":{\"@type\":\"PropertyValueSpecification\",\"valueRequired\":true,\"valueName\":\"search_term_string\"}}],\"inLanguage\":\"es\"},{\"@type\":[\"Person\",\"Organization\"],\"@id\":\"https:\/\/luchonoticias.com\/editor\/#\/schema\/person\/7a7fd911f58561fd056dbac7b55af9cd\",\"name\":\"admin\",\"image\":{\"@type\":\"ImageObject\",\"inLanguage\":\"es\",\"@id\":\"https:\/\/luchonoticias.com\/editor\/#\/schema\/person\/image\/\",\"url\":\"https:\/\/luchonoticias.com\/editor\/wp-content\/uploads\/2024\/02\/cropped-cropped-logolu.webp\",\"contentUrl\":\"https:\/\/luchonoticias.com\/editor\/wp-content\/uploads\/2024\/02\/cropped-cropped-logolu.webp\",\"width\":382,\"height\":170,\"caption\":\"admin\"},\"logo\":{\"@id\":\"https:\/\/luchonoticias.com\/editor\/#\/schema\/person\/image\/\"},\"sameAs\":[\"https:\/\/www.facebook.com\/luchonoticiasneiva\"]},{\"@type\":\"Person\",\"@id\":\"https:\/\/luchonoticias.com\/editor\/#\/schema\/person\/29217990ddf6f14e35912b2866d591fb\",\"name\":\"Editor General\",\"image\":{\"@type\":\"ImageObject\",\"inLanguage\":\"es\",\"@id\":\"https:\/\/luchonoticias.com\/editor\/#\/schema\/person\/image\/\",\"url\":\"https:\/\/luchonoticias.com\/editor\/wp-content\/uploads\/2024\/02\/cropped-cropped-logolu-150x150.webp\",\"contentUrl\":\"https:\/\/luchonoticias.com\/editor\/wp-content\/uploads\/2024\/02\/cropped-cropped-logolu-150x150.webp\",\"caption\":\"Editor General\"},\"sameAs\":[\"https:\/\/luchonoticias.com\/\"],\"url\":\"https:\/\/luchonoticias.com\/editor\/author\/editor-general\/\"}]}<\/script>\n<!-- \/ Yoast SEO plugin. -->","yoast_head_json":{"title":"20 personas fueron capturadas en el Huila el fin se semana -","robots":{"index":"index","follow":"follow","max-snippet":"max-snippet:-1","max-image-preview":"max-image-preview:large","max-video-preview":"max-video-preview:-1"},"canonical":"https:\/\/luchonoticias.com\/editor\/20-personas-fueron-capturadas-en-el-huila-el-fin-se-semana\/","og_locale":"es_ES","og_type":"article","og_title":"20 personas fueron capturadas en el Huila el fin se semana -","og_url":"https:\/\/luchonoticias.com\/editor\/20-personas-fueron-capturadas-en-el-huila-el-fin-se-semana\/","article_publisher":"https:\/\/www.facebook.com\/luchonoticiasneiva","article_published_time":"2024-01-29T13:46:00+00:00","author":"Editor General","twitter_card":"summary_large_image","twitter_misc":{"Escrito por":"Editor General","Tiempo de lectura":"2 minutos"},"schema":{"@context":"https:\/\/schema.org","@graph":[{"@type":"Article","@id":"https:\/\/luchonoticias.com\/editor\/20-personas-fueron-capturadas-en-el-huila-el-fin-se-semana\/#article","isPartOf":{"@id":"https:\/\/luchonoticias.com\/editor\/20-personas-fueron-capturadas-en-el-huila-el-fin-se-semana\/"},"author":{"name":"Editor General","@id":"https:\/\/luchonoticias.com\/editor\/#\/schema\/person\/29217990ddf6f14e35912b2866d591fb"},"headline":"20 personas fueron capturadas en el Huila el fin se semana","datePublished":"2024-01-29T13:46:00+00:00","mainEntityOfPage":{"@id":"https:\/\/luchonoticias.com\/editor\/20-personas-fueron-capturadas-en-el-huila-el-fin-se-semana\/"},"wordCount":350,"commentCount":0,"publisher":{"@id":"https:\/\/luchonoticias.com\/editor\/#\/schema\/person\/7a7fd911f58561fd056dbac7b55af9cd"},"articleSection":["Destacado","Judicial"],"inLanguage":"es","potentialAction":[{"@type":"CommentAction","name":"Comment","target":["https:\/\/luchonoticias.com\/editor\/20-personas-fueron-capturadas-en-el-huila-el-fin-se-semana\/#respond"]}]},{"@type":"WebPage","@id":"https:\/\/luchonoticias.com\/editor\/20-personas-fueron-capturadas-en-el-huila-el-fin-se-semana\/","url":"https:\/\/luchonoticias.com\/editor\/20-personas-fueron-capturadas-en-el-huila-el-fin-se-semana\/","name":"20 personas fueron capturadas en el Huila el fin se semana -","isPartOf":{"@id":"https:\/\/luchonoticias.com\/editor\/#website"},"datePublished":"2024-01-29T13:46:00+00:00","breadcrumb":{"@id":"https:\/\/luchonoticias.com\/editor\/20-personas-fueron-capturadas-en-el-huila-el-fin-se-semana\/#breadcrumb"},"inLanguage":"es","potentialAction":[{"@type":"ReadAction","target":["https:\/\/luchonoticias.com\/editor\/20-personas-fueron-capturadas-en-el-huila-el-fin-se-semana\/"]}]},{"@type":"BreadcrumbList","@id":"https:\/\/luchonoticias.com\/editor\/20-personas-fueron-capturadas-en-el-huila-el-fin-se-semana\/#breadcrumb","itemListElement":[{"@type":"ListItem","position":1,"name":"Portada","item":"https:\/\/luchonoticias.com\/editor\/"},{"@type":"ListItem","position":2,"name":"20 personas fueron capturadas en el Huila el fin se semana"}]},{"@type":"WebSite","@id":"https:\/\/luchonoticias.com\/editor\/#website","url":"https:\/\/luchonoticias.com\/editor\/","name":"","description":"","publisher":{"@id":"https:\/\/luchonoticias.com\/editor\/#\/schema\/person\/7a7fd911f58561fd056dbac7b55af9cd"},"potentialAction":[{"@type":"SearchAction","target":{"@type":"EntryPoint","urlTemplate":"https:\/\/luchonoticias.com\/editor\/?s={search_term_string}"},"query-input":{"@type":"PropertyValueSpecification","valueRequired":true,"valueName":"search_term_string"}}],"inLanguage":"es"},{"@type":["Person","Organization"],"@id":"https:\/\/luchonoticias.com\/editor\/#\/schema\/person\/7a7fd911f58561fd056dbac7b55af9cd","name":"admin","image":{"@type":"ImageObject","inLanguage":"es","@id":"https:\/\/luchonoticias.com\/editor\/#\/schema\/person\/image\/","url":"https:\/\/luchonoticias.com\/editor\/wp-content\/uploads\/2024\/02\/cropped-cropped-logolu.webp","contentUrl":"https:\/\/luchonoticias.com\/editor\/wp-content\/uploads\/2024\/02\/cropped-cropped-logolu.webp","width":382,"height":170,"caption":"admin"},"logo":{"@id":"https:\/\/luchonoticias.com\/editor\/#\/schema\/person\/image\/"},"sameAs":["https:\/\/www.facebook.com\/luchonoticiasneiva"]},{"@type":"Person","@id":"https:\/\/luchonoticias.com\/editor\/#\/schema\/person\/29217990ddf6f14e35912b2866d591fb","name":"Editor General","image":{"@type":"ImageObject","inLanguage":"es","@id":"https:\/\/luchonoticias.com\/editor\/#\/schema\/person\/image\/","url":"https:\/\/luchonoticias.com\/editor\/wp-content\/uploads\/2024\/02\/cropped-cropped-logolu-150x150.webp","contentUrl":"https:\/\/luchonoticias.com\/editor\/wp-content\/uploads\/2024\/02\/cropped-cropped-logolu-150x150.webp","caption":"Editor General"},"sameAs":["https:\/\/luchonoticias.com\/"],"url":"https:\/\/luchonoticias.com\/editor\/author\/editor-general\/"}]}},"_links":{"self":[{"href":"https:\/\/luchonoticias.com\/editor\/wp-json\/wp\/v2\/posts\/67705","targetHints":{"allow":["GET"]}}],"collection":[{"href":"https:\/\/luchonoticias.com\/editor\/wp-json\/wp\/v2\/posts"}],"about":[{"href":"https:\/\/luchonoticias.com\/editor\/wp-json\/wp\/v2\/types\/post"}],"author":[{"embeddable":true,"href":"https:\/\/luchonoticias.com\/editor\/wp-json\/wp\/v2\/users\/2"}],"replies":[{"embeddable":true,"href":"https:\/\/luchonoticias.com\/editor\/wp-json\/wp\/v2\/comments?post=67705"}],"version-history":[{"count":0,"href":"https:\/\/luchonoticias.com\/editor\/wp-json\/wp\/v2\/posts\/67705\/revisions"}],"wp:attachment":[{"href":"https:\/\/luchonoticias.com\/editor\/wp-json\/wp\/v2\/media?parent=67705"}],"wp:term":[{"taxonomy":"category","embeddable":true,"href":"https:\/\/luchonoticias.com\/editor\/wp-json\/wp\/v2\/categories?post=67705"},{"taxonomy":"post_tag","embeddable":true,"href":"https:\/\/luchonoticias.com\/editor\/wp-json\/wp\/v2\/tags?post=67705"}],"curies":[{"name":"wp","href":"https:\/\/api.w.org\/{rel}","templated":true}]}}