{"id":67708,"date":"2024-01-29T08:47:34","date_gmt":"2024-01-29T13:47:34","guid":{"rendered":"https:\/\/luchonoticias.com\/?p=67708"},"modified":"2024-01-29T08:47:35","modified_gmt":"2024-01-29T13:47:35","slug":"ecopetrol-redujo-122-mil-toneladas-de-emisiones-de-carbono-en-operaciones-del-sur-del-pais","status":"publish","type":"post","link":"https:\/\/luchonoticias.com\/editor\/ecopetrol-redujo-122-mil-toneladas-de-emisiones-de-carbono-en-operaciones-del-sur-del-pais\/","title":{"rendered":"Ecopetrol redujo 122 mil toneladas de emisiones de carbono en operaciones del sur del pa\u00eds"},"content":{"rendered":"\n<p>En los \u00faltimos cuatro a\u00f1os Ecopetrol redujo 122 mil toneladas de di\u00f3xido de carbono (CO2) en sus operaciones de producci\u00f3n de petr\u00f3leo en los departamentos de Huila y Putumayo, en l\u00ednea con la meta de Ecopetrol de cero emisiones netas al a\u00f1o 2050.<\/p>\n\n\n\n<p>Esta reducci\u00f3n equivale a la siembra de 550 mil \u00e1rboles nativos o a reforestar 500 hect\u00e1reas de bosque seco tropical, que es un \u00e1rea similar a la que ocupan 1.250 campos de futbol.<\/p>\n\n\n\n<p>\u201cDurante el a\u00f1o 2023 se logr\u00f3 la reducci\u00f3n de 70.490 toneladas de emisiones de carbono. Este resultado fue posible con iniciativas de eficiencia energ\u00e9tica, disminuci\u00f3n de quemas rutinarias, el uso de energ\u00edas renovables y la implementaci\u00f3n de tecnolog\u00eda de punta en nuestras operaciones\u201d, se\u00f1al\u00f3 el vicepresidente regional Andina Oriente, Bernardo Enrique Forero Duarte.<\/p>\n\n\n\n<p>Algunas de estas pr\u00e1cticas implementadas por Ecopetrol para la reducci\u00f3n de emisiones son:<\/p>\n\n\n\n<p>\u2022&nbsp;&nbsp;&nbsp;&nbsp;&nbsp;&nbsp;&nbsp;&nbsp;&nbsp;&nbsp;&nbsp;&nbsp; Eficiencia energ\u00e9tica en pozos y facilidades de producci\u00f3n<\/p>\n\n\n\n<p>\u2022&nbsp;&nbsp;&nbsp;&nbsp;&nbsp;&nbsp;&nbsp;&nbsp;&nbsp;&nbsp;&nbsp;&nbsp; Aprovechamiento de gas asociado a la producci\u00f3n en Huila y Putumayo para la generaci\u00f3n de energ\u00eda<\/p>\n\n\n\n<p>\u2022&nbsp;&nbsp;&nbsp;&nbsp;&nbsp;&nbsp;&nbsp;&nbsp;&nbsp;&nbsp;&nbsp;&nbsp; Gestion de emisiones fugitivas y venteos<\/p>\n\n\n\n<p>\u2022&nbsp;&nbsp;&nbsp;&nbsp;&nbsp;&nbsp;&nbsp;&nbsp;&nbsp;&nbsp;&nbsp;&nbsp; Incorporaci\u00f3n de energ\u00edas renovables del ecoparque solar Brisas en el municipio de Aipe, que sustituye&nbsp; un porcentaje de compras de energ\u00eda el\u00e9ctrica por energ\u00eda solar fotovoltaica, para las operaciones de Ecopetrol en el Huila.<\/p>\n\n\n\n<p>\u2022&nbsp;&nbsp;&nbsp;&nbsp;&nbsp;&nbsp;&nbsp;&nbsp;&nbsp;&nbsp;&nbsp;&nbsp; Implementaci\u00f3n de nanotecnolog\u00eda para mejorar la eficiencia en la inyecci\u00f3n de agua<\/p>\n\n\n\n<p>De esta manera Ecopetrol demuestra su compromiso con la pol\u00edtica de Transici\u00f3n Energ\u00e9tica Justa y avanza en la gesti\u00f3n de un futuro m\u00e1s pr\u00f3spero y sostenible para los colombianos.<\/p>\n","protected":false},"excerpt":{"rendered":"<p>En los \u00faltimos cuatro a\u00f1os Ecopetrol redujo 122 mil toneladas de di\u00f3xido de carbono (CO2) en sus operaciones de producci\u00f3n de petr\u00f3leo en los departamentos de Huila y Putumayo, en l\u00ednea con la meta de Ecopetrol de cero emisiones netas al a\u00f1o 2050. Esta reducci\u00f3n equivale a la siembra de 550 mil \u00e1rboles nativos o [&hellip;]<\/p>\n","protected":false},"author":2,"featured_media":0,"comment_status":"open","ping_status":"open","sticky":false,"template":"","format":"standard","meta":{"footnotes":""},"categories":[36,35],"tags":[],"class_list":["post-67708","post","type-post","status-publish","format-standard","hentry","category-destacado","category-regional"],"yoast_head":"<!-- This site is optimized with the Yoast SEO plugin v26.6 - https:\/\/yoast.com\/wordpress\/plugins\/seo\/ -->\n<title>Ecopetrol redujo 122 mil toneladas de emisiones de carbono en operaciones del sur del pa\u00eds -<\/title>\n<meta name=\"robots\" content=\"index, follow, max-snippet:-1, max-image-preview:large, max-video-preview:-1\" \/>\n<link rel=\"canonical\" href=\"https:\/\/luchonoticias.com\/editor\/ecopetrol-redujo-122-mil-toneladas-de-emisiones-de-carbono-en-operaciones-del-sur-del-pais\/\" \/>\n<meta property=\"og:locale\" content=\"es_ES\" \/>\n<meta property=\"og:type\" content=\"article\" \/>\n<meta property=\"og:title\" content=\"Ecopetrol redujo 122 mil toneladas de emisiones de carbono en operaciones del sur del pa\u00eds -\" \/>\n<meta property=\"og:url\" content=\"https:\/\/luchonoticias.com\/editor\/ecopetrol-redujo-122-mil-toneladas-de-emisiones-de-carbono-en-operaciones-del-sur-del-pais\/\" \/>\n<meta property=\"article:publisher\" content=\"https:\/\/www.facebook.com\/luchonoticiasneiva\" \/>\n<meta property=\"article:published_time\" content=\"2024-01-29T13:47:34+00:00\" \/>\n<meta property=\"article:modified_time\" content=\"2024-01-29T13:47:35+00:00\" \/>\n<meta name=\"author\" content=\"Editor General\" \/>\n<meta name=\"twitter:card\" content=\"summary_large_image\" \/>\n<meta name=\"twitter:label1\" content=\"Escrito por\" \/>\n\t<meta name=\"twitter:data1\" content=\"Editor General\" \/>\n\t<meta name=\"twitter:label2\" content=\"Tiempo de lectura\" \/>\n\t<meta name=\"twitter:data2\" content=\"2 minutos\" \/>\n<script type=\"application\/ld+json\" class=\"yoast-schema-graph\">{\"@context\":\"https:\/\/schema.org\",\"@graph\":[{\"@type\":\"Article\",\"@id\":\"https:\/\/luchonoticias.com\/editor\/ecopetrol-redujo-122-mil-toneladas-de-emisiones-de-carbono-en-operaciones-del-sur-del-pais\/#article\",\"isPartOf\":{\"@id\":\"https:\/\/luchonoticias.com\/editor\/ecopetrol-redujo-122-mil-toneladas-de-emisiones-de-carbono-en-operaciones-del-sur-del-pais\/\"},\"author\":{\"name\":\"Editor General\",\"@id\":\"https:\/\/luchonoticias.com\/editor\/#\/schema\/person\/29217990ddf6f14e35912b2866d591fb\"},\"headline\":\"Ecopetrol redujo 122 mil toneladas de emisiones de carbono en operaciones del sur del pa\u00eds\",\"datePublished\":\"2024-01-29T13:47:34+00:00\",\"dateModified\":\"2024-01-29T13:47:35+00:00\",\"mainEntityOfPage\":{\"@id\":\"https:\/\/luchonoticias.com\/editor\/ecopetrol-redujo-122-mil-toneladas-de-emisiones-de-carbono-en-operaciones-del-sur-del-pais\/\"},\"wordCount\":353,\"commentCount\":0,\"publisher\":{\"@id\":\"https:\/\/luchonoticias.com\/editor\/#\/schema\/person\/7a7fd911f58561fd056dbac7b55af9cd\"},\"articleSection\":[\"Destacado\",\"Regional\"],\"inLanguage\":\"es\",\"potentialAction\":[{\"@type\":\"CommentAction\",\"name\":\"Comment\",\"target\":[\"https:\/\/luchonoticias.com\/editor\/ecopetrol-redujo-122-mil-toneladas-de-emisiones-de-carbono-en-operaciones-del-sur-del-pais\/#respond\"]}]},{\"@type\":\"WebPage\",\"@id\":\"https:\/\/luchonoticias.com\/editor\/ecopetrol-redujo-122-mil-toneladas-de-emisiones-de-carbono-en-operaciones-del-sur-del-pais\/\",\"url\":\"https:\/\/luchonoticias.com\/editor\/ecopetrol-redujo-122-mil-toneladas-de-emisiones-de-carbono-en-operaciones-del-sur-del-pais\/\",\"name\":\"Ecopetrol redujo 122 mil toneladas de emisiones de carbono en operaciones del sur del pa\u00eds -\",\"isPartOf\":{\"@id\":\"https:\/\/luchonoticias.com\/editor\/#website\"},\"datePublished\":\"2024-01-29T13:47:34+00:00\",\"dateModified\":\"2024-01-29T13:47:35+00:00\",\"breadcrumb\":{\"@id\":\"https:\/\/luchonoticias.com\/editor\/ecopetrol-redujo-122-mil-toneladas-de-emisiones-de-carbono-en-operaciones-del-sur-del-pais\/#breadcrumb\"},\"inLanguage\":\"es\",\"potentialAction\":[{\"@type\":\"ReadAction\",\"target\":[\"https:\/\/luchonoticias.com\/editor\/ecopetrol-redujo-122-mil-toneladas-de-emisiones-de-carbono-en-operaciones-del-sur-del-pais\/\"]}]},{\"@type\":\"BreadcrumbList\",\"@id\":\"https:\/\/luchonoticias.com\/editor\/ecopetrol-redujo-122-mil-toneladas-de-emisiones-de-carbono-en-operaciones-del-sur-del-pais\/#breadcrumb\",\"itemListElement\":[{\"@type\":\"ListItem\",\"position\":1,\"name\":\"Portada\",\"item\":\"https:\/\/luchonoticias.com\/editor\/\"},{\"@type\":\"ListItem\",\"position\":2,\"name\":\"Ecopetrol redujo 122 mil toneladas de emisiones de carbono en operaciones del sur del pa\u00eds\"}]},{\"@type\":\"WebSite\",\"@id\":\"https:\/\/luchonoticias.com\/editor\/#website\",\"url\":\"https:\/\/luchonoticias.com\/editor\/\",\"name\":\"\",\"description\":\"\",\"publisher\":{\"@id\":\"https:\/\/luchonoticias.com\/editor\/#\/schema\/person\/7a7fd911f58561fd056dbac7b55af9cd\"},\"potentialAction\":[{\"@type\":\"SearchAction\",\"target\":{\"@type\":\"EntryPoint\",\"urlTemplate\":\"https:\/\/luchonoticias.com\/editor\/?s={search_term_string}\"},\"query-input\":{\"@type\":\"PropertyValueSpecification\",\"valueRequired\":true,\"valueName\":\"search_term_string\"}}],\"inLanguage\":\"es\"},{\"@type\":[\"Person\",\"Organization\"],\"@id\":\"https:\/\/luchonoticias.com\/editor\/#\/schema\/person\/7a7fd911f58561fd056dbac7b55af9cd\",\"name\":\"admin\",\"image\":{\"@type\":\"ImageObject\",\"inLanguage\":\"es\",\"@id\":\"https:\/\/luchonoticias.com\/editor\/#\/schema\/person\/image\/\",\"url\":\"https:\/\/luchonoticias.com\/editor\/wp-content\/uploads\/2024\/02\/cropped-cropped-logolu.webp\",\"contentUrl\":\"https:\/\/luchonoticias.com\/editor\/wp-content\/uploads\/2024\/02\/cropped-cropped-logolu.webp\",\"width\":382,\"height\":170,\"caption\":\"admin\"},\"logo\":{\"@id\":\"https:\/\/luchonoticias.com\/editor\/#\/schema\/person\/image\/\"},\"sameAs\":[\"https:\/\/www.facebook.com\/luchonoticiasneiva\"]},{\"@type\":\"Person\",\"@id\":\"https:\/\/luchonoticias.com\/editor\/#\/schema\/person\/29217990ddf6f14e35912b2866d591fb\",\"name\":\"Editor General\",\"image\":{\"@type\":\"ImageObject\",\"inLanguage\":\"es\",\"@id\":\"https:\/\/luchonoticias.com\/editor\/#\/schema\/person\/image\/\",\"url\":\"https:\/\/luchonoticias.com\/editor\/wp-content\/uploads\/2024\/02\/cropped-cropped-logolu-150x150.webp\",\"contentUrl\":\"https:\/\/luchonoticias.com\/editor\/wp-content\/uploads\/2024\/02\/cropped-cropped-logolu-150x150.webp\",\"caption\":\"Editor General\"},\"sameAs\":[\"https:\/\/luchonoticias.com\/\"],\"url\":\"https:\/\/luchonoticias.com\/editor\/author\/editor-general\/\"}]}<\/script>\n<!-- \/ Yoast SEO plugin. -->","yoast_head_json":{"title":"Ecopetrol redujo 122 mil toneladas de emisiones de carbono en operaciones del sur del pa\u00eds -","robots":{"index":"index","follow":"follow","max-snippet":"max-snippet:-1","max-image-preview":"max-image-preview:large","max-video-preview":"max-video-preview:-1"},"canonical":"https:\/\/luchonoticias.com\/editor\/ecopetrol-redujo-122-mil-toneladas-de-emisiones-de-carbono-en-operaciones-del-sur-del-pais\/","og_locale":"es_ES","og_type":"article","og_title":"Ecopetrol redujo 122 mil toneladas de emisiones de carbono en operaciones del sur del pa\u00eds -","og_url":"https:\/\/luchonoticias.com\/editor\/ecopetrol-redujo-122-mil-toneladas-de-emisiones-de-carbono-en-operaciones-del-sur-del-pais\/","article_publisher":"https:\/\/www.facebook.com\/luchonoticiasneiva","article_published_time":"2024-01-29T13:47:34+00:00","article_modified_time":"2024-01-29T13:47:35+00:00","author":"Editor General","twitter_card":"summary_large_image","twitter_misc":{"Escrito por":"Editor General","Tiempo de lectura":"2 minutos"},"schema":{"@context":"https:\/\/schema.org","@graph":[{"@type":"Article","@id":"https:\/\/luchonoticias.com\/editor\/ecopetrol-redujo-122-mil-toneladas-de-emisiones-de-carbono-en-operaciones-del-sur-del-pais\/#article","isPartOf":{"@id":"https:\/\/luchonoticias.com\/editor\/ecopetrol-redujo-122-mil-toneladas-de-emisiones-de-carbono-en-operaciones-del-sur-del-pais\/"},"author":{"name":"Editor General","@id":"https:\/\/luchonoticias.com\/editor\/#\/schema\/person\/29217990ddf6f14e35912b2866d591fb"},"headline":"Ecopetrol redujo 122 mil toneladas de emisiones de carbono en operaciones del sur del pa\u00eds","datePublished":"2024-01-29T13:47:34+00:00","dateModified":"2024-01-29T13:47:35+00:00","mainEntityOfPage":{"@id":"https:\/\/luchonoticias.com\/editor\/ecopetrol-redujo-122-mil-toneladas-de-emisiones-de-carbono-en-operaciones-del-sur-del-pais\/"},"wordCount":353,"commentCount":0,"publisher":{"@id":"https:\/\/luchonoticias.com\/editor\/#\/schema\/person\/7a7fd911f58561fd056dbac7b55af9cd"},"articleSection":["Destacado","Regional"],"inLanguage":"es","potentialAction":[{"@type":"CommentAction","name":"Comment","target":["https:\/\/luchonoticias.com\/editor\/ecopetrol-redujo-122-mil-toneladas-de-emisiones-de-carbono-en-operaciones-del-sur-del-pais\/#respond"]}]},{"@type":"WebPage","@id":"https:\/\/luchonoticias.com\/editor\/ecopetrol-redujo-122-mil-toneladas-de-emisiones-de-carbono-en-operaciones-del-sur-del-pais\/","url":"https:\/\/luchonoticias.com\/editor\/ecopetrol-redujo-122-mil-toneladas-de-emisiones-de-carbono-en-operaciones-del-sur-del-pais\/","name":"Ecopetrol redujo 122 mil toneladas de emisiones de carbono en operaciones del sur del pa\u00eds -","isPartOf":{"@id":"https:\/\/luchonoticias.com\/editor\/#website"},"datePublished":"2024-01-29T13:47:34+00:00","dateModified":"2024-01-29T13:47:35+00:00","breadcrumb":{"@id":"https:\/\/luchonoticias.com\/editor\/ecopetrol-redujo-122-mil-toneladas-de-emisiones-de-carbono-en-operaciones-del-sur-del-pais\/#breadcrumb"},"inLanguage":"es","potentialAction":[{"@type":"ReadAction","target":["https:\/\/luchonoticias.com\/editor\/ecopetrol-redujo-122-mil-toneladas-de-emisiones-de-carbono-en-operaciones-del-sur-del-pais\/"]}]},{"@type":"BreadcrumbList","@id":"https:\/\/luchonoticias.com\/editor\/ecopetrol-redujo-122-mil-toneladas-de-emisiones-de-carbono-en-operaciones-del-sur-del-pais\/#breadcrumb","itemListElement":[{"@type":"ListItem","position":1,"name":"Portada","item":"https:\/\/luchonoticias.com\/editor\/"},{"@type":"ListItem","position":2,"name":"Ecopetrol redujo 122 mil toneladas de emisiones de carbono en operaciones del sur del pa\u00eds"}]},{"@type":"WebSite","@id":"https:\/\/luchonoticias.com\/editor\/#website","url":"https:\/\/luchonoticias.com\/editor\/","name":"","description":"","publisher":{"@id":"https:\/\/luchonoticias.com\/editor\/#\/schema\/person\/7a7fd911f58561fd056dbac7b55af9cd"},"potentialAction":[{"@type":"SearchAction","target":{"@type":"EntryPoint","urlTemplate":"https:\/\/luchonoticias.com\/editor\/?s={search_term_string}"},"query-input":{"@type":"PropertyValueSpecification","valueRequired":true,"valueName":"search_term_string"}}],"inLanguage":"es"},{"@type":["Person","Organization"],"@id":"https:\/\/luchonoticias.com\/editor\/#\/schema\/person\/7a7fd911f58561fd056dbac7b55af9cd","name":"admin","image":{"@type":"ImageObject","inLanguage":"es","@id":"https:\/\/luchonoticias.com\/editor\/#\/schema\/person\/image\/","url":"https:\/\/luchonoticias.com\/editor\/wp-content\/uploads\/2024\/02\/cropped-cropped-logolu.webp","contentUrl":"https:\/\/luchonoticias.com\/editor\/wp-content\/uploads\/2024\/02\/cropped-cropped-logolu.webp","width":382,"height":170,"caption":"admin"},"logo":{"@id":"https:\/\/luchonoticias.com\/editor\/#\/schema\/person\/image\/"},"sameAs":["https:\/\/www.facebook.com\/luchonoticiasneiva"]},{"@type":"Person","@id":"https:\/\/luchonoticias.com\/editor\/#\/schema\/person\/29217990ddf6f14e35912b2866d591fb","name":"Editor General","image":{"@type":"ImageObject","inLanguage":"es","@id":"https:\/\/luchonoticias.com\/editor\/#\/schema\/person\/image\/","url":"https:\/\/luchonoticias.com\/editor\/wp-content\/uploads\/2024\/02\/cropped-cropped-logolu-150x150.webp","contentUrl":"https:\/\/luchonoticias.com\/editor\/wp-content\/uploads\/2024\/02\/cropped-cropped-logolu-150x150.webp","caption":"Editor General"},"sameAs":["https:\/\/luchonoticias.com\/"],"url":"https:\/\/luchonoticias.com\/editor\/author\/editor-general\/"}]}},"_links":{"self":[{"href":"https:\/\/luchonoticias.com\/editor\/wp-json\/wp\/v2\/posts\/67708","targetHints":{"allow":["GET"]}}],"collection":[{"href":"https:\/\/luchonoticias.com\/editor\/wp-json\/wp\/v2\/posts"}],"about":[{"href":"https:\/\/luchonoticias.com\/editor\/wp-json\/wp\/v2\/types\/post"}],"author":[{"embeddable":true,"href":"https:\/\/luchonoticias.com\/editor\/wp-json\/wp\/v2\/users\/2"}],"replies":[{"embeddable":true,"href":"https:\/\/luchonoticias.com\/editor\/wp-json\/wp\/v2\/comments?post=67708"}],"version-history":[{"count":0,"href":"https:\/\/luchonoticias.com\/editor\/wp-json\/wp\/v2\/posts\/67708\/revisions"}],"wp:attachment":[{"href":"https:\/\/luchonoticias.com\/editor\/wp-json\/wp\/v2\/media?parent=67708"}],"wp:term":[{"taxonomy":"category","embeddable":true,"href":"https:\/\/luchonoticias.com\/editor\/wp-json\/wp\/v2\/categories?post=67708"},{"taxonomy":"post_tag","embeddable":true,"href":"https:\/\/luchonoticias.com\/editor\/wp-json\/wp\/v2\/tags?post=67708"}],"curies":[{"name":"wp","href":"https:\/\/api.w.org\/{rel}","templated":true}]}}