{"id":67711,"date":"2024-01-29T08:49:14","date_gmt":"2024-01-29T13:49:14","guid":{"rendered":"https:\/\/luchonoticias.com\/?p=67711"},"modified":"2024-01-29T08:49:14","modified_gmt":"2024-01-29T13:49:14","slug":"procuraduria-solicito-a-la-corte-constitucional-revisar-tutela-contra-la-reforma-a-la-salud-por-omitir-la-consulta-previa-a-las-comunidades-etnicas","status":"publish","type":"post","link":"https:\/\/luchonoticias.com\/editor\/procuraduria-solicito-a-la-corte-constitucional-revisar-tutela-contra-la-reforma-a-la-salud-por-omitir-la-consulta-previa-a-las-comunidades-etnicas\/","title":{"rendered":"Procuradur\u00eda solicit\u00f3 a la Corte Constitucional revisar tutela contra la reforma a la salud por omitir la consulta previa a las comunidades \u00e9tnicas"},"content":{"rendered":"\n<p>La Procuradora General de la Naci\u00f3n, Margarita Cabello Blanco, insisti\u00f3 en la revisi\u00f3n del proceso de tutela iniciado por la Comunidad Ind\u00edgena Yukpa contra el Congreso de la Rep\u00fablica y el Gobierno Nacional, con ocasi\u00f3n del tr\u00e1mite legislativo de la reforma a la salud sin adelantar previamente el proceso de consulta previa con las comunidades ind\u00edgenas.<\/p>\n\n\n\n<p>En solicitud enviada a la Sala de Selecci\u00f3n de Tutelas N\u00famero Uno, la jefe del Ministerio P\u00fablico advirti\u00f3 que se trata de un caso de relevancia constitucional, pues se encuentran involucrados sujetos de especial protecci\u00f3n y se alega la afectaci\u00f3n de derechos fundamentales. Igualmente, se\u00f1al\u00f3 que concurren los criterios objetivos y subjetivos exigidos por el ordenamiento jur\u00eddico.<\/p>\n\n\n\n<p>El \u00f3rgano de control record\u00f3 que seg\u00fan la jurisprudencia constitucional \u201cen materia de medidas legislativas, la consulta previa se debe realizar con anterioridad a la radiaci\u00f3n del proyecto de ley\u201d, con el fin de garantizar la efectiva participaci\u00f3n de las comunidades \u00e9tnicas, lo cual no sucedi\u00f3 con la reforma a la salud que no fue socializada antes de su radiaci\u00f3n con los grupos ind\u00edgenas.<\/p>\n\n\n\n<p>Agreg\u00f3 que la consulta previa de la reforma a la salud era un requisito necesario, dado que la iniciativa afecta a las comunidades. Ello, porque \u201cla reforma impulsada por el Gobierno Nacional modifica el modelo especial de atenci\u00f3n en salud que asegura el acceso a los servicios m\u00e9dicos de los pueblos ind\u00edgenas\u201d, y las funciones de \u201clos operadores especiales creados para responder a las necesidades de los grupos \u00e9tnicos del pa\u00eds\u201d.<\/p>\n\n\n\n<p>Por lo anterior, Cabello Blanco solicit\u00f3 revisar el caso ante el desconocimiento del precedente constitucional y la urgencia de proteger los derechos fundamentales de los grupos \u00e9tnicos, entre ellos, la comunidad ind\u00edgena Yukpa.<\/p>\n","protected":false},"excerpt":{"rendered":"<p>La Procuradora General de la Naci\u00f3n, Margarita Cabello Blanco, insisti\u00f3 en la revisi\u00f3n del proceso de tutela iniciado por la Comunidad Ind\u00edgena Yukpa contra el Congreso de la Rep\u00fablica y el Gobierno Nacional, con ocasi\u00f3n del tr\u00e1mite legislativo de la reforma a la salud sin adelantar previamente el proceso de consulta previa con las comunidades [&hellip;]<\/p>\n","protected":false},"author":2,"featured_media":0,"comment_status":"open","ping_status":"open","sticky":false,"template":"","format":"standard","meta":{"footnotes":""},"categories":[28,36],"tags":[],"class_list":["post-67711","post","type-post","status-publish","format-standard","hentry","category-actualidad","category-destacado"],"yoast_head":"<!-- This site is optimized with the Yoast SEO plugin v26.6 - https:\/\/yoast.com\/wordpress\/plugins\/seo\/ -->\n<title>Procuradur\u00eda solicit\u00f3 a la Corte Constitucional revisar tutela contra la reforma a la salud por omitir la consulta previa a las comunidades \u00e9tnicas -<\/title>\n<meta name=\"robots\" content=\"index, follow, max-snippet:-1, max-image-preview:large, max-video-preview:-1\" \/>\n<link rel=\"canonical\" href=\"https:\/\/luchonoticias.com\/editor\/procuraduria-solicito-a-la-corte-constitucional-revisar-tutela-contra-la-reforma-a-la-salud-por-omitir-la-consulta-previa-a-las-comunidades-etnicas\/\" \/>\n<meta property=\"og:locale\" content=\"es_ES\" \/>\n<meta property=\"og:type\" content=\"article\" \/>\n<meta property=\"og:title\" content=\"Procuradur\u00eda solicit\u00f3 a la Corte Constitucional revisar tutela contra la reforma a la salud por omitir la consulta previa a las comunidades \u00e9tnicas -\" \/>\n<meta property=\"og:url\" content=\"https:\/\/luchonoticias.com\/editor\/procuraduria-solicito-a-la-corte-constitucional-revisar-tutela-contra-la-reforma-a-la-salud-por-omitir-la-consulta-previa-a-las-comunidades-etnicas\/\" \/>\n<meta property=\"article:publisher\" content=\"https:\/\/www.facebook.com\/luchonoticiasneiva\" \/>\n<meta property=\"article:published_time\" content=\"2024-01-29T13:49:14+00:00\" \/>\n<meta name=\"author\" content=\"Editor General\" \/>\n<meta name=\"twitter:card\" content=\"summary_large_image\" \/>\n<meta name=\"twitter:label1\" content=\"Escrito por\" \/>\n\t<meta name=\"twitter:data1\" content=\"Editor General\" \/>\n\t<meta name=\"twitter:label2\" content=\"Tiempo de lectura\" \/>\n\t<meta name=\"twitter:data2\" content=\"2 minutos\" \/>\n<script type=\"application\/ld+json\" class=\"yoast-schema-graph\">{\"@context\":\"https:\/\/schema.org\",\"@graph\":[{\"@type\":\"Article\",\"@id\":\"https:\/\/luchonoticias.com\/editor\/procuraduria-solicito-a-la-corte-constitucional-revisar-tutela-contra-la-reforma-a-la-salud-por-omitir-la-consulta-previa-a-las-comunidades-etnicas\/#article\",\"isPartOf\":{\"@id\":\"https:\/\/luchonoticias.com\/editor\/procuraduria-solicito-a-la-corte-constitucional-revisar-tutela-contra-la-reforma-a-la-salud-por-omitir-la-consulta-previa-a-las-comunidades-etnicas\/\"},\"author\":{\"name\":\"Editor General\",\"@id\":\"https:\/\/luchonoticias.com\/editor\/#\/schema\/person\/29217990ddf6f14e35912b2866d591fb\"},\"headline\":\"Procuradur\u00eda solicit\u00f3 a la Corte Constitucional revisar tutela contra la reforma a la salud por omitir la consulta previa a las comunidades \u00e9tnicas\",\"datePublished\":\"2024-01-29T13:49:14+00:00\",\"mainEntityOfPage\":{\"@id\":\"https:\/\/luchonoticias.com\/editor\/procuraduria-solicito-a-la-corte-constitucional-revisar-tutela-contra-la-reforma-a-la-salud-por-omitir-la-consulta-previa-a-las-comunidades-etnicas\/\"},\"wordCount\":329,\"commentCount\":0,\"publisher\":{\"@id\":\"https:\/\/luchonoticias.com\/editor\/#\/schema\/person\/7a7fd911f58561fd056dbac7b55af9cd\"},\"articleSection\":[\"Actualidad\",\"Destacado\"],\"inLanguage\":\"es\",\"potentialAction\":[{\"@type\":\"CommentAction\",\"name\":\"Comment\",\"target\":[\"https:\/\/luchonoticias.com\/editor\/procuraduria-solicito-a-la-corte-constitucional-revisar-tutela-contra-la-reforma-a-la-salud-por-omitir-la-consulta-previa-a-las-comunidades-etnicas\/#respond\"]}]},{\"@type\":\"WebPage\",\"@id\":\"https:\/\/luchonoticias.com\/editor\/procuraduria-solicito-a-la-corte-constitucional-revisar-tutela-contra-la-reforma-a-la-salud-por-omitir-la-consulta-previa-a-las-comunidades-etnicas\/\",\"url\":\"https:\/\/luchonoticias.com\/editor\/procuraduria-solicito-a-la-corte-constitucional-revisar-tutela-contra-la-reforma-a-la-salud-por-omitir-la-consulta-previa-a-las-comunidades-etnicas\/\",\"name\":\"Procuradur\u00eda solicit\u00f3 a la Corte Constitucional revisar tutela contra la reforma a la salud por omitir la consulta previa a las comunidades \u00e9tnicas -\",\"isPartOf\":{\"@id\":\"https:\/\/luchonoticias.com\/editor\/#website\"},\"datePublished\":\"2024-01-29T13:49:14+00:00\",\"breadcrumb\":{\"@id\":\"https:\/\/luchonoticias.com\/editor\/procuraduria-solicito-a-la-corte-constitucional-revisar-tutela-contra-la-reforma-a-la-salud-por-omitir-la-consulta-previa-a-las-comunidades-etnicas\/#breadcrumb\"},\"inLanguage\":\"es\",\"potentialAction\":[{\"@type\":\"ReadAction\",\"target\":[\"https:\/\/luchonoticias.com\/editor\/procuraduria-solicito-a-la-corte-constitucional-revisar-tutela-contra-la-reforma-a-la-salud-por-omitir-la-consulta-previa-a-las-comunidades-etnicas\/\"]}]},{\"@type\":\"BreadcrumbList\",\"@id\":\"https:\/\/luchonoticias.com\/editor\/procuraduria-solicito-a-la-corte-constitucional-revisar-tutela-contra-la-reforma-a-la-salud-por-omitir-la-consulta-previa-a-las-comunidades-etnicas\/#breadcrumb\",\"itemListElement\":[{\"@type\":\"ListItem\",\"position\":1,\"name\":\"Portada\",\"item\":\"https:\/\/luchonoticias.com\/editor\/\"},{\"@type\":\"ListItem\",\"position\":2,\"name\":\"Procuradur\u00eda solicit\u00f3 a la Corte Constitucional revisar tutela contra la reforma a la salud por omitir la consulta previa a las comunidades \u00e9tnicas\"}]},{\"@type\":\"WebSite\",\"@id\":\"https:\/\/luchonoticias.com\/editor\/#website\",\"url\":\"https:\/\/luchonoticias.com\/editor\/\",\"name\":\"\",\"description\":\"\",\"publisher\":{\"@id\":\"https:\/\/luchonoticias.com\/editor\/#\/schema\/person\/7a7fd911f58561fd056dbac7b55af9cd\"},\"potentialAction\":[{\"@type\":\"SearchAction\",\"target\":{\"@type\":\"EntryPoint\",\"urlTemplate\":\"https:\/\/luchonoticias.com\/editor\/?s={search_term_string}\"},\"query-input\":{\"@type\":\"PropertyValueSpecification\",\"valueRequired\":true,\"valueName\":\"search_term_string\"}}],\"inLanguage\":\"es\"},{\"@type\":[\"Person\",\"Organization\"],\"@id\":\"https:\/\/luchonoticias.com\/editor\/#\/schema\/person\/7a7fd911f58561fd056dbac7b55af9cd\",\"name\":\"admin\",\"image\":{\"@type\":\"ImageObject\",\"inLanguage\":\"es\",\"@id\":\"https:\/\/luchonoticias.com\/editor\/#\/schema\/person\/image\/\",\"url\":\"https:\/\/luchonoticias.com\/editor\/wp-content\/uploads\/2024\/02\/cropped-cropped-logolu.webp\",\"contentUrl\":\"https:\/\/luchonoticias.com\/editor\/wp-content\/uploads\/2024\/02\/cropped-cropped-logolu.webp\",\"width\":382,\"height\":170,\"caption\":\"admin\"},\"logo\":{\"@id\":\"https:\/\/luchonoticias.com\/editor\/#\/schema\/person\/image\/\"},\"sameAs\":[\"https:\/\/www.facebook.com\/luchonoticiasneiva\"]},{\"@type\":\"Person\",\"@id\":\"https:\/\/luchonoticias.com\/editor\/#\/schema\/person\/29217990ddf6f14e35912b2866d591fb\",\"name\":\"Editor General\",\"image\":{\"@type\":\"ImageObject\",\"inLanguage\":\"es\",\"@id\":\"https:\/\/luchonoticias.com\/editor\/#\/schema\/person\/image\/\",\"url\":\"https:\/\/luchonoticias.com\/editor\/wp-content\/uploads\/2024\/02\/cropped-cropped-logolu-150x150.webp\",\"contentUrl\":\"https:\/\/luchonoticias.com\/editor\/wp-content\/uploads\/2024\/02\/cropped-cropped-logolu-150x150.webp\",\"caption\":\"Editor General\"},\"sameAs\":[\"https:\/\/luchonoticias.com\/\"],\"url\":\"https:\/\/luchonoticias.com\/editor\/author\/editor-general\/\"}]}<\/script>\n<!-- \/ Yoast SEO plugin. -->","yoast_head_json":{"title":"Procuradur\u00eda solicit\u00f3 a la Corte Constitucional revisar tutela contra la reforma a la salud por omitir la consulta previa a las comunidades \u00e9tnicas -","robots":{"index":"index","follow":"follow","max-snippet":"max-snippet:-1","max-image-preview":"max-image-preview:large","max-video-preview":"max-video-preview:-1"},"canonical":"https:\/\/luchonoticias.com\/editor\/procuraduria-solicito-a-la-corte-constitucional-revisar-tutela-contra-la-reforma-a-la-salud-por-omitir-la-consulta-previa-a-las-comunidades-etnicas\/","og_locale":"es_ES","og_type":"article","og_title":"Procuradur\u00eda solicit\u00f3 a la Corte Constitucional revisar tutela contra la reforma a la salud por omitir la consulta previa a las comunidades \u00e9tnicas -","og_url":"https:\/\/luchonoticias.com\/editor\/procuraduria-solicito-a-la-corte-constitucional-revisar-tutela-contra-la-reforma-a-la-salud-por-omitir-la-consulta-previa-a-las-comunidades-etnicas\/","article_publisher":"https:\/\/www.facebook.com\/luchonoticiasneiva","article_published_time":"2024-01-29T13:49:14+00:00","author":"Editor General","twitter_card":"summary_large_image","twitter_misc":{"Escrito por":"Editor General","Tiempo de lectura":"2 minutos"},"schema":{"@context":"https:\/\/schema.org","@graph":[{"@type":"Article","@id":"https:\/\/luchonoticias.com\/editor\/procuraduria-solicito-a-la-corte-constitucional-revisar-tutela-contra-la-reforma-a-la-salud-por-omitir-la-consulta-previa-a-las-comunidades-etnicas\/#article","isPartOf":{"@id":"https:\/\/luchonoticias.com\/editor\/procuraduria-solicito-a-la-corte-constitucional-revisar-tutela-contra-la-reforma-a-la-salud-por-omitir-la-consulta-previa-a-las-comunidades-etnicas\/"},"author":{"name":"Editor General","@id":"https:\/\/luchonoticias.com\/editor\/#\/schema\/person\/29217990ddf6f14e35912b2866d591fb"},"headline":"Procuradur\u00eda solicit\u00f3 a la Corte Constitucional revisar tutela contra la reforma a la salud por omitir la consulta previa a las comunidades \u00e9tnicas","datePublished":"2024-01-29T13:49:14+00:00","mainEntityOfPage":{"@id":"https:\/\/luchonoticias.com\/editor\/procuraduria-solicito-a-la-corte-constitucional-revisar-tutela-contra-la-reforma-a-la-salud-por-omitir-la-consulta-previa-a-las-comunidades-etnicas\/"},"wordCount":329,"commentCount":0,"publisher":{"@id":"https:\/\/luchonoticias.com\/editor\/#\/schema\/person\/7a7fd911f58561fd056dbac7b55af9cd"},"articleSection":["Actualidad","Destacado"],"inLanguage":"es","potentialAction":[{"@type":"CommentAction","name":"Comment","target":["https:\/\/luchonoticias.com\/editor\/procuraduria-solicito-a-la-corte-constitucional-revisar-tutela-contra-la-reforma-a-la-salud-por-omitir-la-consulta-previa-a-las-comunidades-etnicas\/#respond"]}]},{"@type":"WebPage","@id":"https:\/\/luchonoticias.com\/editor\/procuraduria-solicito-a-la-corte-constitucional-revisar-tutela-contra-la-reforma-a-la-salud-por-omitir-la-consulta-previa-a-las-comunidades-etnicas\/","url":"https:\/\/luchonoticias.com\/editor\/procuraduria-solicito-a-la-corte-constitucional-revisar-tutela-contra-la-reforma-a-la-salud-por-omitir-la-consulta-previa-a-las-comunidades-etnicas\/","name":"Procuradur\u00eda solicit\u00f3 a la Corte Constitucional revisar tutela contra la reforma a la salud por omitir la consulta previa a las comunidades \u00e9tnicas -","isPartOf":{"@id":"https:\/\/luchonoticias.com\/editor\/#website"},"datePublished":"2024-01-29T13:49:14+00:00","breadcrumb":{"@id":"https:\/\/luchonoticias.com\/editor\/procuraduria-solicito-a-la-corte-constitucional-revisar-tutela-contra-la-reforma-a-la-salud-por-omitir-la-consulta-previa-a-las-comunidades-etnicas\/#breadcrumb"},"inLanguage":"es","potentialAction":[{"@type":"ReadAction","target":["https:\/\/luchonoticias.com\/editor\/procuraduria-solicito-a-la-corte-constitucional-revisar-tutela-contra-la-reforma-a-la-salud-por-omitir-la-consulta-previa-a-las-comunidades-etnicas\/"]}]},{"@type":"BreadcrumbList","@id":"https:\/\/luchonoticias.com\/editor\/procuraduria-solicito-a-la-corte-constitucional-revisar-tutela-contra-la-reforma-a-la-salud-por-omitir-la-consulta-previa-a-las-comunidades-etnicas\/#breadcrumb","itemListElement":[{"@type":"ListItem","position":1,"name":"Portada","item":"https:\/\/luchonoticias.com\/editor\/"},{"@type":"ListItem","position":2,"name":"Procuradur\u00eda solicit\u00f3 a la Corte Constitucional revisar tutela contra la reforma a la salud por omitir la consulta previa a las comunidades \u00e9tnicas"}]},{"@type":"WebSite","@id":"https:\/\/luchonoticias.com\/editor\/#website","url":"https:\/\/luchonoticias.com\/editor\/","name":"","description":"","publisher":{"@id":"https:\/\/luchonoticias.com\/editor\/#\/schema\/person\/7a7fd911f58561fd056dbac7b55af9cd"},"potentialAction":[{"@type":"SearchAction","target":{"@type":"EntryPoint","urlTemplate":"https:\/\/luchonoticias.com\/editor\/?s={search_term_string}"},"query-input":{"@type":"PropertyValueSpecification","valueRequired":true,"valueName":"search_term_string"}}],"inLanguage":"es"},{"@type":["Person","Organization"],"@id":"https:\/\/luchonoticias.com\/editor\/#\/schema\/person\/7a7fd911f58561fd056dbac7b55af9cd","name":"admin","image":{"@type":"ImageObject","inLanguage":"es","@id":"https:\/\/luchonoticias.com\/editor\/#\/schema\/person\/image\/","url":"https:\/\/luchonoticias.com\/editor\/wp-content\/uploads\/2024\/02\/cropped-cropped-logolu.webp","contentUrl":"https:\/\/luchonoticias.com\/editor\/wp-content\/uploads\/2024\/02\/cropped-cropped-logolu.webp","width":382,"height":170,"caption":"admin"},"logo":{"@id":"https:\/\/luchonoticias.com\/editor\/#\/schema\/person\/image\/"},"sameAs":["https:\/\/www.facebook.com\/luchonoticiasneiva"]},{"@type":"Person","@id":"https:\/\/luchonoticias.com\/editor\/#\/schema\/person\/29217990ddf6f14e35912b2866d591fb","name":"Editor General","image":{"@type":"ImageObject","inLanguage":"es","@id":"https:\/\/luchonoticias.com\/editor\/#\/schema\/person\/image\/","url":"https:\/\/luchonoticias.com\/editor\/wp-content\/uploads\/2024\/02\/cropped-cropped-logolu-150x150.webp","contentUrl":"https:\/\/luchonoticias.com\/editor\/wp-content\/uploads\/2024\/02\/cropped-cropped-logolu-150x150.webp","caption":"Editor General"},"sameAs":["https:\/\/luchonoticias.com\/"],"url":"https:\/\/luchonoticias.com\/editor\/author\/editor-general\/"}]}},"_links":{"self":[{"href":"https:\/\/luchonoticias.com\/editor\/wp-json\/wp\/v2\/posts\/67711","targetHints":{"allow":["GET"]}}],"collection":[{"href":"https:\/\/luchonoticias.com\/editor\/wp-json\/wp\/v2\/posts"}],"about":[{"href":"https:\/\/luchonoticias.com\/editor\/wp-json\/wp\/v2\/types\/post"}],"author":[{"embeddable":true,"href":"https:\/\/luchonoticias.com\/editor\/wp-json\/wp\/v2\/users\/2"}],"replies":[{"embeddable":true,"href":"https:\/\/luchonoticias.com\/editor\/wp-json\/wp\/v2\/comments?post=67711"}],"version-history":[{"count":0,"href":"https:\/\/luchonoticias.com\/editor\/wp-json\/wp\/v2\/posts\/67711\/revisions"}],"wp:attachment":[{"href":"https:\/\/luchonoticias.com\/editor\/wp-json\/wp\/v2\/media?parent=67711"}],"wp:term":[{"taxonomy":"category","embeddable":true,"href":"https:\/\/luchonoticias.com\/editor\/wp-json\/wp\/v2\/categories?post=67711"},{"taxonomy":"post_tag","embeddable":true,"href":"https:\/\/luchonoticias.com\/editor\/wp-json\/wp\/v2\/tags?post=67711"}],"curies":[{"name":"wp","href":"https:\/\/api.w.org\/{rel}","templated":true}]}}