{"id":67738,"date":"2024-01-29T15:14:07","date_gmt":"2024-01-29T20:14:07","guid":{"rendered":"https:\/\/luchonoticias.com\/?p=67738"},"modified":"2024-01-29T15:14:08","modified_gmt":"2024-01-29T20:14:08","slug":"cuando-encendia-fuego-a-la-capa-vegetal-fue-capturado-un-hombre-en-la-avenida-ines-garcia-duran-de-neiva","status":"publish","type":"post","link":"https:\/\/luchonoticias.com\/editor\/cuando-encendia-fuego-a-la-capa-vegetal-fue-capturado-un-hombre-en-la-avenida-ines-garcia-duran-de-neiva\/","title":{"rendered":"Cuando encend\u00eda fuego a la capa vegetal, fue capturado un hombre en la avenida In\u00e9s Garc\u00eda Duran de Neiva"},"content":{"rendered":"\n<p>La Polic\u00eda Nacional en las \u00faltimas horas, logra la captura en flagrancia de un hombre, quien con dos mecheras pretend\u00eda encender fuego a la capa vegetal ubicada cerca a un complejo de apartamentos en la avenida In\u00e9s Garc\u00eda Duran.<\/p>\n\n\n\n<p>De esta forma, gracias a la informaci\u00f3n oportuna de la comunidad, nuestro cuadrante 40 del CAI Bogot\u00e1, logra la captura de un hombre de 33 a\u00f1os de edad, residente en el barrio el Bosque, quien fue sorprendido prendiendo fuego a la zona verde y hojas secas ubicadas a un costado de esta importante arteria vial, pr\u00f3ximo a varios bloques de apartamentos ubicados en el sector.<\/p>\n\n\n\n<p>En este entendido, el personal policial logra controlar de manera r\u00e1pida la situaci\u00f3n, evitando la propagaci\u00f3n del fuego, el cual, de no ser as\u00ed, habr\u00eda puesto en riesgo a la comunidad residente del sector y la vida silvestre asentada en la zona.<\/p>\n\n\n\n<p>La persona capturada fue dejada a disposici\u00f3n de Fiscal\u00eda por el delito de Incendio, el cual contempla una pena de prisi\u00f3n, de treinta y dos (32) a ciento ochenta (180) meses de prisi\u00f3n y una multa de ciento treinta y tres punto treinta y tres (133.33) a setecientos cincuenta (750) salarios m\u00ednimos legales mensuales vigentes. La pena se\u00f1alada anteriormente se aumentar\u00e1 hasta en la mitad, si la conducta se cometiere en bosque, recurso flor\u00edstico o en \u00e1rea de especial importancia ecol\u00f3gica.<\/p>\n\n\n\n<p>La Polic\u00eda Nacional invita a la comunidad a tener en cuentas estas recomendaciones con el fin de evitar, se presenten este tipo de hechos:<\/p>\n\n\n\n<p>1. No fumar en el bosque ni arrojar cigarrillos fuera del veh\u00edculo. Una sola colilla encendida puede provocar un incendio que, en condiciones secas, se propaga con rapidez.<\/p>\n\n\n\n<p>2. En \u00e9pocas secas y con riesgo de incendios forestales, no iniciar ning\u00fan tipo de quema o fuego.<\/p>\n\n\n\n<p>3. No utilizar velas, antorchas o faroles y p\u00f3lvora.<\/p>\n\n\n\n<p>&nbsp;&nbsp; 4. No arroje vidrios y botellas, pueden causar el efecto lupa y producir fuego.<\/p>\n\n\n\n<p>5. No arroje desperdicios o cualquier tipo de material combustible en las zonas verdes.<\/p>\n\n\n\n<p>6. Dar aviso inmediato a las autoridades en caso de observar columnas de humo o quemas \u201ccontroladas\u201d, que se pueden convertir en incendios forestales.<\/p>\n","protected":false},"excerpt":{"rendered":"<p>La Polic\u00eda Nacional en las \u00faltimas horas, logra la captura en flagrancia de un hombre, quien con dos mecheras pretend\u00eda encender fuego a la capa vegetal ubicada cerca a un complejo de apartamentos en la avenida In\u00e9s Garc\u00eda Duran. De esta forma, gracias a la informaci\u00f3n oportuna de la comunidad, nuestro cuadrante 40 del CAI [&hellip;]<\/p>\n","protected":false},"author":2,"featured_media":0,"comment_status":"open","ping_status":"open","sticky":false,"template":"","format":"standard","meta":{"footnotes":""},"categories":[36,29],"tags":[],"class_list":["post-67738","post","type-post","status-publish","format-standard","hentry","category-destacado","category-judicial"],"yoast_head":"<!-- This site is optimized with the Yoast SEO plugin v26.6 - https:\/\/yoast.com\/wordpress\/plugins\/seo\/ -->\n<title>Cuando encend\u00eda fuego a la capa vegetal, fue capturado un hombre en la avenida In\u00e9s Garc\u00eda Duran de Neiva -<\/title>\n<meta name=\"robots\" content=\"index, follow, max-snippet:-1, max-image-preview:large, max-video-preview:-1\" \/>\n<link rel=\"canonical\" href=\"https:\/\/luchonoticias.com\/editor\/cuando-encendia-fuego-a-la-capa-vegetal-fue-capturado-un-hombre-en-la-avenida-ines-garcia-duran-de-neiva\/\" \/>\n<meta property=\"og:locale\" content=\"es_ES\" \/>\n<meta property=\"og:type\" content=\"article\" \/>\n<meta property=\"og:title\" content=\"Cuando encend\u00eda fuego a la capa vegetal, fue capturado un hombre en la avenida In\u00e9s Garc\u00eda Duran de Neiva -\" \/>\n<meta property=\"og:url\" content=\"https:\/\/luchonoticias.com\/editor\/cuando-encendia-fuego-a-la-capa-vegetal-fue-capturado-un-hombre-en-la-avenida-ines-garcia-duran-de-neiva\/\" \/>\n<meta property=\"article:publisher\" content=\"https:\/\/www.facebook.com\/luchonoticiasneiva\" \/>\n<meta property=\"article:published_time\" content=\"2024-01-29T20:14:07+00:00\" \/>\n<meta property=\"article:modified_time\" content=\"2024-01-29T20:14:08+00:00\" \/>\n<meta name=\"author\" content=\"Editor General\" \/>\n<meta name=\"twitter:card\" content=\"summary_large_image\" \/>\n<meta name=\"twitter:label1\" content=\"Escrito por\" \/>\n\t<meta name=\"twitter:data1\" content=\"Editor General\" \/>\n\t<meta name=\"twitter:label2\" content=\"Tiempo de lectura\" \/>\n\t<meta name=\"twitter:data2\" content=\"2 minutos\" \/>\n<script type=\"application\/ld+json\" class=\"yoast-schema-graph\">{\"@context\":\"https:\/\/schema.org\",\"@graph\":[{\"@type\":\"Article\",\"@id\":\"https:\/\/luchonoticias.com\/editor\/cuando-encendia-fuego-a-la-capa-vegetal-fue-capturado-un-hombre-en-la-avenida-ines-garcia-duran-de-neiva\/#article\",\"isPartOf\":{\"@id\":\"https:\/\/luchonoticias.com\/editor\/cuando-encendia-fuego-a-la-capa-vegetal-fue-capturado-un-hombre-en-la-avenida-ines-garcia-duran-de-neiva\/\"},\"author\":{\"name\":\"Editor General\",\"@id\":\"https:\/\/luchonoticias.com\/editor\/#\/schema\/person\/29217990ddf6f14e35912b2866d591fb\"},\"headline\":\"Cuando encend\u00eda fuego a la capa vegetal, fue capturado un hombre en la avenida In\u00e9s Garc\u00eda Duran de Neiva\",\"datePublished\":\"2024-01-29T20:14:07+00:00\",\"dateModified\":\"2024-01-29T20:14:08+00:00\",\"mainEntityOfPage\":{\"@id\":\"https:\/\/luchonoticias.com\/editor\/cuando-encendia-fuego-a-la-capa-vegetal-fue-capturado-un-hombre-en-la-avenida-ines-garcia-duran-de-neiva\/\"},\"wordCount\":393,\"commentCount\":0,\"publisher\":{\"@id\":\"https:\/\/luchonoticias.com\/editor\/#\/schema\/person\/7a7fd911f58561fd056dbac7b55af9cd\"},\"articleSection\":[\"Destacado\",\"Judicial\"],\"inLanguage\":\"es\",\"potentialAction\":[{\"@type\":\"CommentAction\",\"name\":\"Comment\",\"target\":[\"https:\/\/luchonoticias.com\/editor\/cuando-encendia-fuego-a-la-capa-vegetal-fue-capturado-un-hombre-en-la-avenida-ines-garcia-duran-de-neiva\/#respond\"]}]},{\"@type\":\"WebPage\",\"@id\":\"https:\/\/luchonoticias.com\/editor\/cuando-encendia-fuego-a-la-capa-vegetal-fue-capturado-un-hombre-en-la-avenida-ines-garcia-duran-de-neiva\/\",\"url\":\"https:\/\/luchonoticias.com\/editor\/cuando-encendia-fuego-a-la-capa-vegetal-fue-capturado-un-hombre-en-la-avenida-ines-garcia-duran-de-neiva\/\",\"name\":\"Cuando encend\u00eda fuego a la capa vegetal, fue capturado un hombre en la avenida In\u00e9s Garc\u00eda Duran de Neiva -\",\"isPartOf\":{\"@id\":\"https:\/\/luchonoticias.com\/editor\/#website\"},\"datePublished\":\"2024-01-29T20:14:07+00:00\",\"dateModified\":\"2024-01-29T20:14:08+00:00\",\"breadcrumb\":{\"@id\":\"https:\/\/luchonoticias.com\/editor\/cuando-encendia-fuego-a-la-capa-vegetal-fue-capturado-un-hombre-en-la-avenida-ines-garcia-duran-de-neiva\/#breadcrumb\"},\"inLanguage\":\"es\",\"potentialAction\":[{\"@type\":\"ReadAction\",\"target\":[\"https:\/\/luchonoticias.com\/editor\/cuando-encendia-fuego-a-la-capa-vegetal-fue-capturado-un-hombre-en-la-avenida-ines-garcia-duran-de-neiva\/\"]}]},{\"@type\":\"BreadcrumbList\",\"@id\":\"https:\/\/luchonoticias.com\/editor\/cuando-encendia-fuego-a-la-capa-vegetal-fue-capturado-un-hombre-en-la-avenida-ines-garcia-duran-de-neiva\/#breadcrumb\",\"itemListElement\":[{\"@type\":\"ListItem\",\"position\":1,\"name\":\"Portada\",\"item\":\"https:\/\/luchonoticias.com\/editor\/\"},{\"@type\":\"ListItem\",\"position\":2,\"name\":\"Cuando encend\u00eda fuego a la capa vegetal, fue capturado un hombre en la avenida In\u00e9s Garc\u00eda Duran de Neiva\"}]},{\"@type\":\"WebSite\",\"@id\":\"https:\/\/luchonoticias.com\/editor\/#website\",\"url\":\"https:\/\/luchonoticias.com\/editor\/\",\"name\":\"\",\"description\":\"\",\"publisher\":{\"@id\":\"https:\/\/luchonoticias.com\/editor\/#\/schema\/person\/7a7fd911f58561fd056dbac7b55af9cd\"},\"potentialAction\":[{\"@type\":\"SearchAction\",\"target\":{\"@type\":\"EntryPoint\",\"urlTemplate\":\"https:\/\/luchonoticias.com\/editor\/?s={search_term_string}\"},\"query-input\":{\"@type\":\"PropertyValueSpecification\",\"valueRequired\":true,\"valueName\":\"search_term_string\"}}],\"inLanguage\":\"es\"},{\"@type\":[\"Person\",\"Organization\"],\"@id\":\"https:\/\/luchonoticias.com\/editor\/#\/schema\/person\/7a7fd911f58561fd056dbac7b55af9cd\",\"name\":\"admin\",\"image\":{\"@type\":\"ImageObject\",\"inLanguage\":\"es\",\"@id\":\"https:\/\/luchonoticias.com\/editor\/#\/schema\/person\/image\/\",\"url\":\"https:\/\/luchonoticias.com\/editor\/wp-content\/uploads\/2024\/02\/cropped-cropped-logolu.webp\",\"contentUrl\":\"https:\/\/luchonoticias.com\/editor\/wp-content\/uploads\/2024\/02\/cropped-cropped-logolu.webp\",\"width\":382,\"height\":170,\"caption\":\"admin\"},\"logo\":{\"@id\":\"https:\/\/luchonoticias.com\/editor\/#\/schema\/person\/image\/\"},\"sameAs\":[\"https:\/\/www.facebook.com\/luchonoticiasneiva\"]},{\"@type\":\"Person\",\"@id\":\"https:\/\/luchonoticias.com\/editor\/#\/schema\/person\/29217990ddf6f14e35912b2866d591fb\",\"name\":\"Editor General\",\"image\":{\"@type\":\"ImageObject\",\"inLanguage\":\"es\",\"@id\":\"https:\/\/luchonoticias.com\/editor\/#\/schema\/person\/image\/\",\"url\":\"https:\/\/luchonoticias.com\/editor\/wp-content\/uploads\/2024\/02\/cropped-cropped-logolu-150x150.webp\",\"contentUrl\":\"https:\/\/luchonoticias.com\/editor\/wp-content\/uploads\/2024\/02\/cropped-cropped-logolu-150x150.webp\",\"caption\":\"Editor General\"},\"sameAs\":[\"https:\/\/luchonoticias.com\/\"],\"url\":\"https:\/\/luchonoticias.com\/editor\/author\/editor-general\/\"}]}<\/script>\n<!-- \/ Yoast SEO plugin. -->","yoast_head_json":{"title":"Cuando encend\u00eda fuego a la capa vegetal, fue capturado un hombre en la avenida In\u00e9s Garc\u00eda Duran de Neiva -","robots":{"index":"index","follow":"follow","max-snippet":"max-snippet:-1","max-image-preview":"max-image-preview:large","max-video-preview":"max-video-preview:-1"},"canonical":"https:\/\/luchonoticias.com\/editor\/cuando-encendia-fuego-a-la-capa-vegetal-fue-capturado-un-hombre-en-la-avenida-ines-garcia-duran-de-neiva\/","og_locale":"es_ES","og_type":"article","og_title":"Cuando encend\u00eda fuego a la capa vegetal, fue capturado un hombre en la avenida In\u00e9s Garc\u00eda Duran de Neiva -","og_url":"https:\/\/luchonoticias.com\/editor\/cuando-encendia-fuego-a-la-capa-vegetal-fue-capturado-un-hombre-en-la-avenida-ines-garcia-duran-de-neiva\/","article_publisher":"https:\/\/www.facebook.com\/luchonoticiasneiva","article_published_time":"2024-01-29T20:14:07+00:00","article_modified_time":"2024-01-29T20:14:08+00:00","author":"Editor General","twitter_card":"summary_large_image","twitter_misc":{"Escrito por":"Editor General","Tiempo de lectura":"2 minutos"},"schema":{"@context":"https:\/\/schema.org","@graph":[{"@type":"Article","@id":"https:\/\/luchonoticias.com\/editor\/cuando-encendia-fuego-a-la-capa-vegetal-fue-capturado-un-hombre-en-la-avenida-ines-garcia-duran-de-neiva\/#article","isPartOf":{"@id":"https:\/\/luchonoticias.com\/editor\/cuando-encendia-fuego-a-la-capa-vegetal-fue-capturado-un-hombre-en-la-avenida-ines-garcia-duran-de-neiva\/"},"author":{"name":"Editor General","@id":"https:\/\/luchonoticias.com\/editor\/#\/schema\/person\/29217990ddf6f14e35912b2866d591fb"},"headline":"Cuando encend\u00eda fuego a la capa vegetal, fue capturado un hombre en la avenida In\u00e9s Garc\u00eda Duran de Neiva","datePublished":"2024-01-29T20:14:07+00:00","dateModified":"2024-01-29T20:14:08+00:00","mainEntityOfPage":{"@id":"https:\/\/luchonoticias.com\/editor\/cuando-encendia-fuego-a-la-capa-vegetal-fue-capturado-un-hombre-en-la-avenida-ines-garcia-duran-de-neiva\/"},"wordCount":393,"commentCount":0,"publisher":{"@id":"https:\/\/luchonoticias.com\/editor\/#\/schema\/person\/7a7fd911f58561fd056dbac7b55af9cd"},"articleSection":["Destacado","Judicial"],"inLanguage":"es","potentialAction":[{"@type":"CommentAction","name":"Comment","target":["https:\/\/luchonoticias.com\/editor\/cuando-encendia-fuego-a-la-capa-vegetal-fue-capturado-un-hombre-en-la-avenida-ines-garcia-duran-de-neiva\/#respond"]}]},{"@type":"WebPage","@id":"https:\/\/luchonoticias.com\/editor\/cuando-encendia-fuego-a-la-capa-vegetal-fue-capturado-un-hombre-en-la-avenida-ines-garcia-duran-de-neiva\/","url":"https:\/\/luchonoticias.com\/editor\/cuando-encendia-fuego-a-la-capa-vegetal-fue-capturado-un-hombre-en-la-avenida-ines-garcia-duran-de-neiva\/","name":"Cuando encend\u00eda fuego a la capa vegetal, fue capturado un hombre en la avenida In\u00e9s Garc\u00eda Duran de Neiva -","isPartOf":{"@id":"https:\/\/luchonoticias.com\/editor\/#website"},"datePublished":"2024-01-29T20:14:07+00:00","dateModified":"2024-01-29T20:14:08+00:00","breadcrumb":{"@id":"https:\/\/luchonoticias.com\/editor\/cuando-encendia-fuego-a-la-capa-vegetal-fue-capturado-un-hombre-en-la-avenida-ines-garcia-duran-de-neiva\/#breadcrumb"},"inLanguage":"es","potentialAction":[{"@type":"ReadAction","target":["https:\/\/luchonoticias.com\/editor\/cuando-encendia-fuego-a-la-capa-vegetal-fue-capturado-un-hombre-en-la-avenida-ines-garcia-duran-de-neiva\/"]}]},{"@type":"BreadcrumbList","@id":"https:\/\/luchonoticias.com\/editor\/cuando-encendia-fuego-a-la-capa-vegetal-fue-capturado-un-hombre-en-la-avenida-ines-garcia-duran-de-neiva\/#breadcrumb","itemListElement":[{"@type":"ListItem","position":1,"name":"Portada","item":"https:\/\/luchonoticias.com\/editor\/"},{"@type":"ListItem","position":2,"name":"Cuando encend\u00eda fuego a la capa vegetal, fue capturado un hombre en la avenida In\u00e9s Garc\u00eda Duran de Neiva"}]},{"@type":"WebSite","@id":"https:\/\/luchonoticias.com\/editor\/#website","url":"https:\/\/luchonoticias.com\/editor\/","name":"","description":"","publisher":{"@id":"https:\/\/luchonoticias.com\/editor\/#\/schema\/person\/7a7fd911f58561fd056dbac7b55af9cd"},"potentialAction":[{"@type":"SearchAction","target":{"@type":"EntryPoint","urlTemplate":"https:\/\/luchonoticias.com\/editor\/?s={search_term_string}"},"query-input":{"@type":"PropertyValueSpecification","valueRequired":true,"valueName":"search_term_string"}}],"inLanguage":"es"},{"@type":["Person","Organization"],"@id":"https:\/\/luchonoticias.com\/editor\/#\/schema\/person\/7a7fd911f58561fd056dbac7b55af9cd","name":"admin","image":{"@type":"ImageObject","inLanguage":"es","@id":"https:\/\/luchonoticias.com\/editor\/#\/schema\/person\/image\/","url":"https:\/\/luchonoticias.com\/editor\/wp-content\/uploads\/2024\/02\/cropped-cropped-logolu.webp","contentUrl":"https:\/\/luchonoticias.com\/editor\/wp-content\/uploads\/2024\/02\/cropped-cropped-logolu.webp","width":382,"height":170,"caption":"admin"},"logo":{"@id":"https:\/\/luchonoticias.com\/editor\/#\/schema\/person\/image\/"},"sameAs":["https:\/\/www.facebook.com\/luchonoticiasneiva"]},{"@type":"Person","@id":"https:\/\/luchonoticias.com\/editor\/#\/schema\/person\/29217990ddf6f14e35912b2866d591fb","name":"Editor General","image":{"@type":"ImageObject","inLanguage":"es","@id":"https:\/\/luchonoticias.com\/editor\/#\/schema\/person\/image\/","url":"https:\/\/luchonoticias.com\/editor\/wp-content\/uploads\/2024\/02\/cropped-cropped-logolu-150x150.webp","contentUrl":"https:\/\/luchonoticias.com\/editor\/wp-content\/uploads\/2024\/02\/cropped-cropped-logolu-150x150.webp","caption":"Editor General"},"sameAs":["https:\/\/luchonoticias.com\/"],"url":"https:\/\/luchonoticias.com\/editor\/author\/editor-general\/"}]}},"_links":{"self":[{"href":"https:\/\/luchonoticias.com\/editor\/wp-json\/wp\/v2\/posts\/67738","targetHints":{"allow":["GET"]}}],"collection":[{"href":"https:\/\/luchonoticias.com\/editor\/wp-json\/wp\/v2\/posts"}],"about":[{"href":"https:\/\/luchonoticias.com\/editor\/wp-json\/wp\/v2\/types\/post"}],"author":[{"embeddable":true,"href":"https:\/\/luchonoticias.com\/editor\/wp-json\/wp\/v2\/users\/2"}],"replies":[{"embeddable":true,"href":"https:\/\/luchonoticias.com\/editor\/wp-json\/wp\/v2\/comments?post=67738"}],"version-history":[{"count":0,"href":"https:\/\/luchonoticias.com\/editor\/wp-json\/wp\/v2\/posts\/67738\/revisions"}],"wp:attachment":[{"href":"https:\/\/luchonoticias.com\/editor\/wp-json\/wp\/v2\/media?parent=67738"}],"wp:term":[{"taxonomy":"category","embeddable":true,"href":"https:\/\/luchonoticias.com\/editor\/wp-json\/wp\/v2\/categories?post=67738"},{"taxonomy":"post_tag","embeddable":true,"href":"https:\/\/luchonoticias.com\/editor\/wp-json\/wp\/v2\/tags?post=67738"}],"curies":[{"name":"wp","href":"https:\/\/api.w.org\/{rel}","templated":true}]}}