{"id":67741,"date":"2024-01-29T15:18:57","date_gmt":"2024-01-29T20:18:57","guid":{"rendered":"https:\/\/luchonoticias.com\/?p=67741"},"modified":"2024-01-29T15:18:58","modified_gmt":"2024-01-29T20:18:58","slug":"joven-abogado-huilense-asumio-el-reto-de-ser-secretario-de-la-asamblea-departamental","status":"publish","type":"post","link":"https:\/\/luchonoticias.com\/editor\/joven-abogado-huilense-asumio-el-reto-de-ser-secretario-de-la-asamblea-departamental\/","title":{"rendered":"Joven abogado huilense asumi\u00f3 el reto de ser Secretario de la Asamblea Departamental"},"content":{"rendered":"\n<p>Daniel Felipe Am\u00e9zquita Forero, un joven de 29 a\u00f1os, fue designado como el nuevo Secretario de la Asamblea Departamental, desempe\u00f1\u00e1ndose como el funcionario m\u00e1s joven en ocupar dicho cargo en la historia de la instituci\u00f3n.<\/p>\n\n\n\n<p>Am\u00e9zquita Forero, egresado de la Universidad Cooperativa de Colombia y especialista en Derecho Administrativo de la Universidad Antonio Nari\u00f1o, naci\u00f3 en Bogot\u00e1 pero lleva m\u00e1s de dos d\u00e9cadas residiendo en Neiva, y se considera un huilense de coraz\u00f3n.<\/p>\n\n\n\n<p>Asimismo, expres\u00f3 que este nuevo desaf\u00edo representa tanto un reto personal como profesional, destacando la importancia de trabajar de la mano con los diputados para impulsar el desarrollo y los objetivos de la corporaci\u00f3n.<\/p>\n\n\n\n<figure class=\"wp-block-image size-large\"><img decoding=\"async\" src=\"https:\/\/luchonoticias.com\/wp-content\/uploads\/2024\/01\/WhatsApp-Image-2024-01-29-at-2.14.40-PM-1024x683.jpeg\" alt=\"\" class=\"wp-image-67743\"\/><\/figure>\n\n\n\n<p>Entre sus compromisos como nuevo secretario, Am\u00e9zquita Forero enfatiz\u00f3 la necesidad de trabajar con eficiencia y fortalecer el uso de tecnolog\u00edas de la informaci\u00f3n y la comunicaci\u00f3n (TIC) para que la comunidad pueda estar al tanto de las actividades de la corporaci\u00f3n. Adem\u00e1s, planea apoyar el talento humano a trav\u00e9s de capacitaciones y fortalecer el sistema de archivo de la instituci\u00f3n.<\/p>\n\n\n\n<p>Una de las preocupaciones generales es c\u00f3mo cambiar la percepci\u00f3n de la Secretar\u00eda de la Asamblea, que en ocasiones pasa desapercibida para la ciudadan\u00eda. Daniel Am\u00e9zquita subray\u00f3 el papel fundamental que desempe\u00f1a esta oficina en el proceso legislativo, siendo responsable de coordinar la distribuci\u00f3n de proyectos entre los diputados y las dem\u00e1s instancias gubernamentales.<\/p>\n\n\n\n<p>En este sentido, el nuevo Secretario, se comprometi\u00f3 a trabajar en estrecha colaboraci\u00f3n con el reglamento interno de la Asamblea para garantizar una comunicaci\u00f3n efectiva y transparente en el proceso legislativo, buscando as\u00ed aumentar el conocimiento y la participaci\u00f3n ciudadana en las actividades de la corporaci\u00f3n, utilizando medios de comunicaci\u00f3n y redes sociales como herramientas clave para lograr este objetivo.<\/p>\n\n\n\n<figure class=\"wp-block-image size-large\"><img decoding=\"async\" src=\"https:\/\/luchonoticias.com\/wp-content\/uploads\/2024\/01\/WhatsApp-Image-2024-01-29-at-2.14.41-PM-1-1024x682.jpeg\" alt=\"\" class=\"wp-image-67744\"\/><\/figure>\n\n\n\n<p>Con su juventud y formaci\u00f3n acad\u00e9mica, Daniel Felipe Am\u00e9zquita asume este nuevo cargo con la convicci\u00f3n de contribuir al fortalecimiento institucional y al servicio p\u00fablico en el departamento del Huila.<\/p>\n","protected":false},"excerpt":{"rendered":"<p>Daniel Felipe Am\u00e9zquita Forero, un joven de 29 a\u00f1os, fue designado como el nuevo Secretario de la Asamblea Departamental, desempe\u00f1\u00e1ndose como el funcionario m\u00e1s joven en ocupar dicho cargo en la historia de la instituci\u00f3n. Am\u00e9zquita Forero, egresado de la Universidad Cooperativa de Colombia y especialista en Derecho Administrativo de la Universidad Antonio Nari\u00f1o, naci\u00f3 [&hellip;]<\/p>\n","protected":false},"author":2,"featured_media":0,"comment_status":"open","ping_status":"open","sticky":false,"template":"","format":"standard","meta":{"footnotes":""},"categories":[36,35],"tags":[],"class_list":["post-67741","post","type-post","status-publish","format-standard","hentry","category-destacado","category-regional"],"yoast_head":"<!-- This site is optimized with the Yoast SEO plugin v26.6 - https:\/\/yoast.com\/wordpress\/plugins\/seo\/ -->\n<title>Joven abogado huilense asumi\u00f3 el reto de ser Secretario de la Asamblea Departamental -<\/title>\n<meta name=\"robots\" content=\"index, follow, max-snippet:-1, max-image-preview:large, max-video-preview:-1\" \/>\n<link rel=\"canonical\" href=\"https:\/\/luchonoticias.com\/editor\/joven-abogado-huilense-asumio-el-reto-de-ser-secretario-de-la-asamblea-departamental\/\" \/>\n<meta property=\"og:locale\" content=\"es_ES\" \/>\n<meta property=\"og:type\" content=\"article\" \/>\n<meta property=\"og:title\" content=\"Joven abogado huilense asumi\u00f3 el reto de ser Secretario de la Asamblea Departamental -\" \/>\n<meta property=\"og:url\" content=\"https:\/\/luchonoticias.com\/editor\/joven-abogado-huilense-asumio-el-reto-de-ser-secretario-de-la-asamblea-departamental\/\" \/>\n<meta property=\"article:publisher\" content=\"https:\/\/www.facebook.com\/luchonoticiasneiva\" \/>\n<meta property=\"article:published_time\" content=\"2024-01-29T20:18:57+00:00\" \/>\n<meta property=\"article:modified_time\" content=\"2024-01-29T20:18:58+00:00\" \/>\n<meta property=\"og:image\" content=\"https:\/\/luchonoticias.com\/wp-content\/uploads\/2024\/01\/WhatsApp-Image-2024-01-29-at-2.14.40-PM-1024x683.jpeg\" \/>\n<meta name=\"author\" content=\"Editor General\" \/>\n<meta name=\"twitter:card\" content=\"summary_large_image\" \/>\n<meta name=\"twitter:label1\" content=\"Escrito por\" \/>\n\t<meta name=\"twitter:data1\" content=\"Editor General\" \/>\n\t<meta name=\"twitter:label2\" content=\"Tiempo de lectura\" \/>\n\t<meta name=\"twitter:data2\" content=\"2 minutos\" \/>\n<script type=\"application\/ld+json\" class=\"yoast-schema-graph\">{\"@context\":\"https:\/\/schema.org\",\"@graph\":[{\"@type\":\"Article\",\"@id\":\"https:\/\/luchonoticias.com\/editor\/joven-abogado-huilense-asumio-el-reto-de-ser-secretario-de-la-asamblea-departamental\/#article\",\"isPartOf\":{\"@id\":\"https:\/\/luchonoticias.com\/editor\/joven-abogado-huilense-asumio-el-reto-de-ser-secretario-de-la-asamblea-departamental\/\"},\"author\":{\"name\":\"Editor General\",\"@id\":\"https:\/\/luchonoticias.com\/editor\/#\/schema\/person\/29217990ddf6f14e35912b2866d591fb\"},\"headline\":\"Joven abogado huilense asumi\u00f3 el reto de ser Secretario de la Asamblea Departamental\",\"datePublished\":\"2024-01-29T20:18:57+00:00\",\"dateModified\":\"2024-01-29T20:18:58+00:00\",\"mainEntityOfPage\":{\"@id\":\"https:\/\/luchonoticias.com\/editor\/joven-abogado-huilense-asumio-el-reto-de-ser-secretario-de-la-asamblea-departamental\/\"},\"wordCount\":362,\"commentCount\":0,\"publisher\":{\"@id\":\"https:\/\/luchonoticias.com\/editor\/#\/schema\/person\/7a7fd911f58561fd056dbac7b55af9cd\"},\"image\":{\"@id\":\"https:\/\/luchonoticias.com\/editor\/joven-abogado-huilense-asumio-el-reto-de-ser-secretario-de-la-asamblea-departamental\/#primaryimage\"},\"thumbnailUrl\":\"https:\/\/luchonoticias.com\/wp-content\/uploads\/2024\/01\/WhatsApp-Image-2024-01-29-at-2.14.40-PM-1024x683.jpeg\",\"articleSection\":[\"Destacado\",\"Regional\"],\"inLanguage\":\"es\",\"potentialAction\":[{\"@type\":\"CommentAction\",\"name\":\"Comment\",\"target\":[\"https:\/\/luchonoticias.com\/editor\/joven-abogado-huilense-asumio-el-reto-de-ser-secretario-de-la-asamblea-departamental\/#respond\"]}]},{\"@type\":\"WebPage\",\"@id\":\"https:\/\/luchonoticias.com\/editor\/joven-abogado-huilense-asumio-el-reto-de-ser-secretario-de-la-asamblea-departamental\/\",\"url\":\"https:\/\/luchonoticias.com\/editor\/joven-abogado-huilense-asumio-el-reto-de-ser-secretario-de-la-asamblea-departamental\/\",\"name\":\"Joven abogado huilense asumi\u00f3 el reto de ser Secretario de la Asamblea Departamental -\",\"isPartOf\":{\"@id\":\"https:\/\/luchonoticias.com\/editor\/#website\"},\"primaryImageOfPage\":{\"@id\":\"https:\/\/luchonoticias.com\/editor\/joven-abogado-huilense-asumio-el-reto-de-ser-secretario-de-la-asamblea-departamental\/#primaryimage\"},\"image\":{\"@id\":\"https:\/\/luchonoticias.com\/editor\/joven-abogado-huilense-asumio-el-reto-de-ser-secretario-de-la-asamblea-departamental\/#primaryimage\"},\"thumbnailUrl\":\"https:\/\/luchonoticias.com\/wp-content\/uploads\/2024\/01\/WhatsApp-Image-2024-01-29-at-2.14.40-PM-1024x683.jpeg\",\"datePublished\":\"2024-01-29T20:18:57+00:00\",\"dateModified\":\"2024-01-29T20:18:58+00:00\",\"breadcrumb\":{\"@id\":\"https:\/\/luchonoticias.com\/editor\/joven-abogado-huilense-asumio-el-reto-de-ser-secretario-de-la-asamblea-departamental\/#breadcrumb\"},\"inLanguage\":\"es\",\"potentialAction\":[{\"@type\":\"ReadAction\",\"target\":[\"https:\/\/luchonoticias.com\/editor\/joven-abogado-huilense-asumio-el-reto-de-ser-secretario-de-la-asamblea-departamental\/\"]}]},{\"@type\":\"ImageObject\",\"inLanguage\":\"es\",\"@id\":\"https:\/\/luchonoticias.com\/editor\/joven-abogado-huilense-asumio-el-reto-de-ser-secretario-de-la-asamblea-departamental\/#primaryimage\",\"url\":\"https:\/\/luchonoticias.com\/wp-content\/uploads\/2024\/01\/WhatsApp-Image-2024-01-29-at-2.14.40-PM-1024x683.jpeg\",\"contentUrl\":\"https:\/\/luchonoticias.com\/wp-content\/uploads\/2024\/01\/WhatsApp-Image-2024-01-29-at-2.14.40-PM-1024x683.jpeg\"},{\"@type\":\"BreadcrumbList\",\"@id\":\"https:\/\/luchonoticias.com\/editor\/joven-abogado-huilense-asumio-el-reto-de-ser-secretario-de-la-asamblea-departamental\/#breadcrumb\",\"itemListElement\":[{\"@type\":\"ListItem\",\"position\":1,\"name\":\"Portada\",\"item\":\"https:\/\/luchonoticias.com\/editor\/\"},{\"@type\":\"ListItem\",\"position\":2,\"name\":\"Joven abogado huilense asumi\u00f3 el reto de ser Secretario de la Asamblea Departamental\"}]},{\"@type\":\"WebSite\",\"@id\":\"https:\/\/luchonoticias.com\/editor\/#website\",\"url\":\"https:\/\/luchonoticias.com\/editor\/\",\"name\":\"\",\"description\":\"\",\"publisher\":{\"@id\":\"https:\/\/luchonoticias.com\/editor\/#\/schema\/person\/7a7fd911f58561fd056dbac7b55af9cd\"},\"potentialAction\":[{\"@type\":\"SearchAction\",\"target\":{\"@type\":\"EntryPoint\",\"urlTemplate\":\"https:\/\/luchonoticias.com\/editor\/?s={search_term_string}\"},\"query-input\":{\"@type\":\"PropertyValueSpecification\",\"valueRequired\":true,\"valueName\":\"search_term_string\"}}],\"inLanguage\":\"es\"},{\"@type\":[\"Person\",\"Organization\"],\"@id\":\"https:\/\/luchonoticias.com\/editor\/#\/schema\/person\/7a7fd911f58561fd056dbac7b55af9cd\",\"name\":\"admin\",\"image\":{\"@type\":\"ImageObject\",\"inLanguage\":\"es\",\"@id\":\"https:\/\/luchonoticias.com\/editor\/#\/schema\/person\/image\/\",\"url\":\"https:\/\/luchonoticias.com\/editor\/wp-content\/uploads\/2024\/02\/cropped-cropped-logolu.webp\",\"contentUrl\":\"https:\/\/luchonoticias.com\/editor\/wp-content\/uploads\/2024\/02\/cropped-cropped-logolu.webp\",\"width\":382,\"height\":170,\"caption\":\"admin\"},\"logo\":{\"@id\":\"https:\/\/luchonoticias.com\/editor\/#\/schema\/person\/image\/\"},\"sameAs\":[\"https:\/\/www.facebook.com\/luchonoticiasneiva\"]},{\"@type\":\"Person\",\"@id\":\"https:\/\/luchonoticias.com\/editor\/#\/schema\/person\/29217990ddf6f14e35912b2866d591fb\",\"name\":\"Editor General\",\"image\":{\"@type\":\"ImageObject\",\"inLanguage\":\"es\",\"@id\":\"https:\/\/luchonoticias.com\/editor\/#\/schema\/person\/image\/\",\"url\":\"https:\/\/luchonoticias.com\/editor\/wp-content\/uploads\/2024\/02\/cropped-cropped-logolu-150x150.webp\",\"contentUrl\":\"https:\/\/luchonoticias.com\/editor\/wp-content\/uploads\/2024\/02\/cropped-cropped-logolu-150x150.webp\",\"caption\":\"Editor General\"},\"sameAs\":[\"https:\/\/luchonoticias.com\/\"],\"url\":\"https:\/\/luchonoticias.com\/editor\/author\/editor-general\/\"}]}<\/script>\n<!-- \/ Yoast SEO plugin. -->","yoast_head_json":{"title":"Joven abogado huilense asumi\u00f3 el reto de ser Secretario de la Asamblea Departamental -","robots":{"index":"index","follow":"follow","max-snippet":"max-snippet:-1","max-image-preview":"max-image-preview:large","max-video-preview":"max-video-preview:-1"},"canonical":"https:\/\/luchonoticias.com\/editor\/joven-abogado-huilense-asumio-el-reto-de-ser-secretario-de-la-asamblea-departamental\/","og_locale":"es_ES","og_type":"article","og_title":"Joven abogado huilense asumi\u00f3 el reto de ser Secretario de la Asamblea Departamental -","og_url":"https:\/\/luchonoticias.com\/editor\/joven-abogado-huilense-asumio-el-reto-de-ser-secretario-de-la-asamblea-departamental\/","article_publisher":"https:\/\/www.facebook.com\/luchonoticiasneiva","article_published_time":"2024-01-29T20:18:57+00:00","article_modified_time":"2024-01-29T20:18:58+00:00","og_image":[{"url":"https:\/\/luchonoticias.com\/wp-content\/uploads\/2024\/01\/WhatsApp-Image-2024-01-29-at-2.14.40-PM-1024x683.jpeg","type":"","width":"","height":""}],"author":"Editor General","twitter_card":"summary_large_image","twitter_misc":{"Escrito por":"Editor General","Tiempo de lectura":"2 minutos"},"schema":{"@context":"https:\/\/schema.org","@graph":[{"@type":"Article","@id":"https:\/\/luchonoticias.com\/editor\/joven-abogado-huilense-asumio-el-reto-de-ser-secretario-de-la-asamblea-departamental\/#article","isPartOf":{"@id":"https:\/\/luchonoticias.com\/editor\/joven-abogado-huilense-asumio-el-reto-de-ser-secretario-de-la-asamblea-departamental\/"},"author":{"name":"Editor General","@id":"https:\/\/luchonoticias.com\/editor\/#\/schema\/person\/29217990ddf6f14e35912b2866d591fb"},"headline":"Joven abogado huilense asumi\u00f3 el reto de ser Secretario de la Asamblea Departamental","datePublished":"2024-01-29T20:18:57+00:00","dateModified":"2024-01-29T20:18:58+00:00","mainEntityOfPage":{"@id":"https:\/\/luchonoticias.com\/editor\/joven-abogado-huilense-asumio-el-reto-de-ser-secretario-de-la-asamblea-departamental\/"},"wordCount":362,"commentCount":0,"publisher":{"@id":"https:\/\/luchonoticias.com\/editor\/#\/schema\/person\/7a7fd911f58561fd056dbac7b55af9cd"},"image":{"@id":"https:\/\/luchonoticias.com\/editor\/joven-abogado-huilense-asumio-el-reto-de-ser-secretario-de-la-asamblea-departamental\/#primaryimage"},"thumbnailUrl":"https:\/\/luchonoticias.com\/wp-content\/uploads\/2024\/01\/WhatsApp-Image-2024-01-29-at-2.14.40-PM-1024x683.jpeg","articleSection":["Destacado","Regional"],"inLanguage":"es","potentialAction":[{"@type":"CommentAction","name":"Comment","target":["https:\/\/luchonoticias.com\/editor\/joven-abogado-huilense-asumio-el-reto-de-ser-secretario-de-la-asamblea-departamental\/#respond"]}]},{"@type":"WebPage","@id":"https:\/\/luchonoticias.com\/editor\/joven-abogado-huilense-asumio-el-reto-de-ser-secretario-de-la-asamblea-departamental\/","url":"https:\/\/luchonoticias.com\/editor\/joven-abogado-huilense-asumio-el-reto-de-ser-secretario-de-la-asamblea-departamental\/","name":"Joven abogado huilense asumi\u00f3 el reto de ser Secretario de la Asamblea Departamental -","isPartOf":{"@id":"https:\/\/luchonoticias.com\/editor\/#website"},"primaryImageOfPage":{"@id":"https:\/\/luchonoticias.com\/editor\/joven-abogado-huilense-asumio-el-reto-de-ser-secretario-de-la-asamblea-departamental\/#primaryimage"},"image":{"@id":"https:\/\/luchonoticias.com\/editor\/joven-abogado-huilense-asumio-el-reto-de-ser-secretario-de-la-asamblea-departamental\/#primaryimage"},"thumbnailUrl":"https:\/\/luchonoticias.com\/wp-content\/uploads\/2024\/01\/WhatsApp-Image-2024-01-29-at-2.14.40-PM-1024x683.jpeg","datePublished":"2024-01-29T20:18:57+00:00","dateModified":"2024-01-29T20:18:58+00:00","breadcrumb":{"@id":"https:\/\/luchonoticias.com\/editor\/joven-abogado-huilense-asumio-el-reto-de-ser-secretario-de-la-asamblea-departamental\/#breadcrumb"},"inLanguage":"es","potentialAction":[{"@type":"ReadAction","target":["https:\/\/luchonoticias.com\/editor\/joven-abogado-huilense-asumio-el-reto-de-ser-secretario-de-la-asamblea-departamental\/"]}]},{"@type":"ImageObject","inLanguage":"es","@id":"https:\/\/luchonoticias.com\/editor\/joven-abogado-huilense-asumio-el-reto-de-ser-secretario-de-la-asamblea-departamental\/#primaryimage","url":"https:\/\/luchonoticias.com\/wp-content\/uploads\/2024\/01\/WhatsApp-Image-2024-01-29-at-2.14.40-PM-1024x683.jpeg","contentUrl":"https:\/\/luchonoticias.com\/wp-content\/uploads\/2024\/01\/WhatsApp-Image-2024-01-29-at-2.14.40-PM-1024x683.jpeg"},{"@type":"BreadcrumbList","@id":"https:\/\/luchonoticias.com\/editor\/joven-abogado-huilense-asumio-el-reto-de-ser-secretario-de-la-asamblea-departamental\/#breadcrumb","itemListElement":[{"@type":"ListItem","position":1,"name":"Portada","item":"https:\/\/luchonoticias.com\/editor\/"},{"@type":"ListItem","position":2,"name":"Joven abogado huilense asumi\u00f3 el reto de ser Secretario de la Asamblea Departamental"}]},{"@type":"WebSite","@id":"https:\/\/luchonoticias.com\/editor\/#website","url":"https:\/\/luchonoticias.com\/editor\/","name":"","description":"","publisher":{"@id":"https:\/\/luchonoticias.com\/editor\/#\/schema\/person\/7a7fd911f58561fd056dbac7b55af9cd"},"potentialAction":[{"@type":"SearchAction","target":{"@type":"EntryPoint","urlTemplate":"https:\/\/luchonoticias.com\/editor\/?s={search_term_string}"},"query-input":{"@type":"PropertyValueSpecification","valueRequired":true,"valueName":"search_term_string"}}],"inLanguage":"es"},{"@type":["Person","Organization"],"@id":"https:\/\/luchonoticias.com\/editor\/#\/schema\/person\/7a7fd911f58561fd056dbac7b55af9cd","name":"admin","image":{"@type":"ImageObject","inLanguage":"es","@id":"https:\/\/luchonoticias.com\/editor\/#\/schema\/person\/image\/","url":"https:\/\/luchonoticias.com\/editor\/wp-content\/uploads\/2024\/02\/cropped-cropped-logolu.webp","contentUrl":"https:\/\/luchonoticias.com\/editor\/wp-content\/uploads\/2024\/02\/cropped-cropped-logolu.webp","width":382,"height":170,"caption":"admin"},"logo":{"@id":"https:\/\/luchonoticias.com\/editor\/#\/schema\/person\/image\/"},"sameAs":["https:\/\/www.facebook.com\/luchonoticiasneiva"]},{"@type":"Person","@id":"https:\/\/luchonoticias.com\/editor\/#\/schema\/person\/29217990ddf6f14e35912b2866d591fb","name":"Editor General","image":{"@type":"ImageObject","inLanguage":"es","@id":"https:\/\/luchonoticias.com\/editor\/#\/schema\/person\/image\/","url":"https:\/\/luchonoticias.com\/editor\/wp-content\/uploads\/2024\/02\/cropped-cropped-logolu-150x150.webp","contentUrl":"https:\/\/luchonoticias.com\/editor\/wp-content\/uploads\/2024\/02\/cropped-cropped-logolu-150x150.webp","caption":"Editor General"},"sameAs":["https:\/\/luchonoticias.com\/"],"url":"https:\/\/luchonoticias.com\/editor\/author\/editor-general\/"}]}},"_links":{"self":[{"href":"https:\/\/luchonoticias.com\/editor\/wp-json\/wp\/v2\/posts\/67741","targetHints":{"allow":["GET"]}}],"collection":[{"href":"https:\/\/luchonoticias.com\/editor\/wp-json\/wp\/v2\/posts"}],"about":[{"href":"https:\/\/luchonoticias.com\/editor\/wp-json\/wp\/v2\/types\/post"}],"author":[{"embeddable":true,"href":"https:\/\/luchonoticias.com\/editor\/wp-json\/wp\/v2\/users\/2"}],"replies":[{"embeddable":true,"href":"https:\/\/luchonoticias.com\/editor\/wp-json\/wp\/v2\/comments?post=67741"}],"version-history":[{"count":0,"href":"https:\/\/luchonoticias.com\/editor\/wp-json\/wp\/v2\/posts\/67741\/revisions"}],"wp:attachment":[{"href":"https:\/\/luchonoticias.com\/editor\/wp-json\/wp\/v2\/media?parent=67741"}],"wp:term":[{"taxonomy":"category","embeddable":true,"href":"https:\/\/luchonoticias.com\/editor\/wp-json\/wp\/v2\/categories?post=67741"},{"taxonomy":"post_tag","embeddable":true,"href":"https:\/\/luchonoticias.com\/editor\/wp-json\/wp\/v2\/tags?post=67741"}],"curies":[{"name":"wp","href":"https:\/\/api.w.org\/{rel}","templated":true}]}}