{"id":67749,"date":"2024-01-30T07:03:09","date_gmt":"2024-01-30T12:03:09","guid":{"rendered":"https:\/\/luchonoticias.com\/?p=67749"},"modified":"2024-01-30T07:03:10","modified_gmt":"2024-01-30T12:03:10","slug":"usco-ofrece-amnistia-a-estudiantes-que-quieren-culminar-sus-estudios","status":"publish","type":"post","link":"https:\/\/luchonoticias.com\/editor\/usco-ofrece-amnistia-a-estudiantes-que-quieren-culminar-sus-estudios\/","title":{"rendered":"USCO ofrece amnist\u00eda a estudiantes que quieren culminar sus estudios"},"content":{"rendered":"\n<p>En un esfuerzo por respaldar a aquellos estudiantes de todas las cohortes, que a pesar de haber completado sus materias y cursos no lograron graduarse en el tiempo previsto para ello por el Manual de Convivencia o vencieron los plazos, la Universidad Surcolombiana ha implementado una amnist\u00eda.<\/p>\n\n\n\n<p>La Vicerrectora Acad\u00e9mica, Mar\u00eda Fernanda Jaime Osorio, al resaltar la importancia de la iniciativa aprobada por el Consejo Superior Universitario en 2023, trascendental para los proyectos de vida de muchos huilenses, explic\u00f3 que esta busca brindar una oportunidad a aquellos que a\u00fan no han culminado sus tesis de grado o modalidades equivalentes y por ello no han podido recibir su diploma.<\/p>\n\n\n\n<p>\u201cEl estudiante que termin\u00f3 todas las asignaturas, los cursos del plan de estudio, pero se le pas\u00f3 el tiempo y no termin\u00f3 su tesis de grado o su modalidad de grado, puede acogerse a esta amnist\u00eda\u201d, precis\u00f3 la Vicerrectora sobre lo que busca esta opci\u00f3n, aprobada mediante el Acuerdo 037 de 2023<\/p>\n\n\n\n<p>El proceso es sencillo. El estudiante solo necesita presentar una solicitud por escrito en la Jefatura del Programa, acogi\u00e9ndose al Acuerdo 037 de 2023. Adem\u00e1s, debe informar sobre el avance de su modalidad de grado.<\/p>\n\n\n\n<p>\u201cEl Comit\u00e9 de Curr\u00edculo del programa dar\u00e1 una respuesta sobre asesor y, una vez aceptado, comunicar\u00e1 al Consejo de Facultad para que se apruebe esta amnist\u00eda\u00bb, concluye la Vicerrectora.<\/p>\n\n\n\n<figure class=\"wp-block-gallery has-nested-images columns-default is-cropped wp-block-gallery-1 is-layout-flex wp-block-gallery-is-layout-flex\">\n<figure class=\"wp-block-image size-large\"><img decoding=\"async\" data-id=\"67751\" src=\"https:\/\/luchonoticias.com\/wp-content\/uploads\/2024\/01\/WhatsApp-Image-2024-01-29-at-4.29.03-PM-2-1024x682.jpeg\" alt=\"\" class=\"wp-image-67751\"\/><\/figure>\n\n\n\n<figure class=\"wp-block-image size-large\"><img decoding=\"async\" data-id=\"67752\" src=\"https:\/\/luchonoticias.com\/wp-content\/uploads\/2024\/01\/WhatsApp-Image-2024-01-29-at-4.29.03-PM-1-1024x682.jpeg\" alt=\"\" class=\"wp-image-67752\"\/><\/figure>\n<\/figure>\n\n\n\n<p>La medida comenz\u00f3 a beneficiar a estudiantes desde el segundo semestre de 2023, y se prolongar\u00e1 por los periodos acad\u00e9micos 2024-1, 2024-2 y 2025-1, por lo que todav\u00eda hay tiempo para que aquellos que no conoc\u00edan esta oportunidad o que est\u00e9n en esa situaci\u00f3n, presenten la solicitud al Comit\u00e9 de Curr\u00edculo del programa durante las tres primeras semanas de clase.<\/p>\n\n\n\n<p>\u201cRecordemos que iniciamos el 5 de febrero, entonces, est\u00e1n a tiempo de hacer las averiguaciones, de hacer la solicitud y de hacerse beneficiarios\u201d, recalc\u00f3 la Vicerrectora Acad\u00e9mica.<\/p>\n\n\n\n<p>Esta iniciativa ha permitido a un considerable n\u00famero de estudiantes de la Facultad de Ingenier\u00eda, por ejemplo, graduarse el a\u00f1o pasado, completar sus modalidades de grado y, finalmente, obtener sus t\u00edtulos.<\/p>\n\n\n\n<p>Para aquellos que han excedido el tiempo establecido por el Manual de Convivencia, esta amnist\u00eda representa una oportunidad \u00fanica. \u201cSi se agotaron los dos plazos otorgados y no se graduaron, esta es la oportunidad de reingresar a la Universidad Surcolombiana para finalizar sus estudios\u201d, resalt\u00f3 la Vicerrectora.<\/p>\n","protected":false},"excerpt":{"rendered":"<p>En un esfuerzo por respaldar a aquellos estudiantes de todas las cohortes, que a pesar de haber completado sus materias y cursos no lograron graduarse en el tiempo previsto para ello por el Manual de Convivencia o vencieron los plazos, la Universidad Surcolombiana ha implementado una amnist\u00eda. La Vicerrectora Acad\u00e9mica, Mar\u00eda Fernanda Jaime Osorio, al [&hellip;]<\/p>\n","protected":false},"author":2,"featured_media":0,"comment_status":"open","ping_status":"open","sticky":false,"template":"","format":"standard","meta":{"footnotes":""},"categories":[36,31],"tags":[],"class_list":["post-67749","post","type-post","status-publish","format-standard","hentry","category-destacado","category-local"],"yoast_head":"<!-- This site is optimized with the Yoast SEO plugin v26.6 - https:\/\/yoast.com\/wordpress\/plugins\/seo\/ -->\n<title>USCO ofrece amnist\u00eda a estudiantes que quieren culminar sus estudios -<\/title>\n<meta name=\"robots\" content=\"index, follow, max-snippet:-1, max-image-preview:large, max-video-preview:-1\" \/>\n<link rel=\"canonical\" href=\"https:\/\/luchonoticias.com\/editor\/usco-ofrece-amnistia-a-estudiantes-que-quieren-culminar-sus-estudios\/\" \/>\n<meta property=\"og:locale\" content=\"es_ES\" \/>\n<meta property=\"og:type\" content=\"article\" \/>\n<meta property=\"og:title\" content=\"USCO ofrece amnist\u00eda a estudiantes que quieren culminar sus estudios -\" \/>\n<meta property=\"og:url\" content=\"https:\/\/luchonoticias.com\/editor\/usco-ofrece-amnistia-a-estudiantes-que-quieren-culminar-sus-estudios\/\" \/>\n<meta property=\"article:publisher\" content=\"https:\/\/www.facebook.com\/luchonoticiasneiva\" \/>\n<meta property=\"article:published_time\" content=\"2024-01-30T12:03:09+00:00\" \/>\n<meta property=\"article:modified_time\" content=\"2024-01-30T12:03:10+00:00\" \/>\n<meta property=\"og:image\" content=\"https:\/\/luchonoticias.com\/wp-content\/uploads\/2024\/01\/WhatsApp-Image-2024-01-29-at-4.29.03-PM-2-1024x682.jpeg\" \/>\n<meta name=\"author\" content=\"Editor General\" \/>\n<meta name=\"twitter:card\" content=\"summary_large_image\" \/>\n<meta name=\"twitter:label1\" content=\"Escrito por\" \/>\n\t<meta name=\"twitter:data1\" content=\"Editor General\" \/>\n\t<meta name=\"twitter:label2\" content=\"Tiempo de lectura\" \/>\n\t<meta name=\"twitter:data2\" content=\"2 minutos\" \/>\n<script type=\"application\/ld+json\" class=\"yoast-schema-graph\">{\"@context\":\"https:\/\/schema.org\",\"@graph\":[{\"@type\":\"Article\",\"@id\":\"https:\/\/luchonoticias.com\/editor\/usco-ofrece-amnistia-a-estudiantes-que-quieren-culminar-sus-estudios\/#article\",\"isPartOf\":{\"@id\":\"https:\/\/luchonoticias.com\/editor\/usco-ofrece-amnistia-a-estudiantes-que-quieren-culminar-sus-estudios\/\"},\"author\":{\"name\":\"Editor General\",\"@id\":\"https:\/\/luchonoticias.com\/editor\/#\/schema\/person\/29217990ddf6f14e35912b2866d591fb\"},\"headline\":\"USCO ofrece amnist\u00eda a estudiantes que quieren culminar sus estudios\",\"datePublished\":\"2024-01-30T12:03:09+00:00\",\"dateModified\":\"2024-01-30T12:03:10+00:00\",\"mainEntityOfPage\":{\"@id\":\"https:\/\/luchonoticias.com\/editor\/usco-ofrece-amnistia-a-estudiantes-que-quieren-culminar-sus-estudios\/\"},\"wordCount\":416,\"commentCount\":0,\"publisher\":{\"@id\":\"https:\/\/luchonoticias.com\/editor\/#\/schema\/person\/7a7fd911f58561fd056dbac7b55af9cd\"},\"image\":{\"@id\":\"https:\/\/luchonoticias.com\/editor\/usco-ofrece-amnistia-a-estudiantes-que-quieren-culminar-sus-estudios\/#primaryimage\"},\"thumbnailUrl\":\"https:\/\/luchonoticias.com\/wp-content\/uploads\/2024\/01\/WhatsApp-Image-2024-01-29-at-4.29.03-PM-2-1024x682.jpeg\",\"articleSection\":[\"Destacado\",\"Local\"],\"inLanguage\":\"es\",\"potentialAction\":[{\"@type\":\"CommentAction\",\"name\":\"Comment\",\"target\":[\"https:\/\/luchonoticias.com\/editor\/usco-ofrece-amnistia-a-estudiantes-que-quieren-culminar-sus-estudios\/#respond\"]}]},{\"@type\":\"WebPage\",\"@id\":\"https:\/\/luchonoticias.com\/editor\/usco-ofrece-amnistia-a-estudiantes-que-quieren-culminar-sus-estudios\/\",\"url\":\"https:\/\/luchonoticias.com\/editor\/usco-ofrece-amnistia-a-estudiantes-que-quieren-culminar-sus-estudios\/\",\"name\":\"USCO ofrece amnist\u00eda a estudiantes que quieren culminar sus estudios -\",\"isPartOf\":{\"@id\":\"https:\/\/luchonoticias.com\/editor\/#website\"},\"primaryImageOfPage\":{\"@id\":\"https:\/\/luchonoticias.com\/editor\/usco-ofrece-amnistia-a-estudiantes-que-quieren-culminar-sus-estudios\/#primaryimage\"},\"image\":{\"@id\":\"https:\/\/luchonoticias.com\/editor\/usco-ofrece-amnistia-a-estudiantes-que-quieren-culminar-sus-estudios\/#primaryimage\"},\"thumbnailUrl\":\"https:\/\/luchonoticias.com\/wp-content\/uploads\/2024\/01\/WhatsApp-Image-2024-01-29-at-4.29.03-PM-2-1024x682.jpeg\",\"datePublished\":\"2024-01-30T12:03:09+00:00\",\"dateModified\":\"2024-01-30T12:03:10+00:00\",\"breadcrumb\":{\"@id\":\"https:\/\/luchonoticias.com\/editor\/usco-ofrece-amnistia-a-estudiantes-que-quieren-culminar-sus-estudios\/#breadcrumb\"},\"inLanguage\":\"es\",\"potentialAction\":[{\"@type\":\"ReadAction\",\"target\":[\"https:\/\/luchonoticias.com\/editor\/usco-ofrece-amnistia-a-estudiantes-que-quieren-culminar-sus-estudios\/\"]}]},{\"@type\":\"ImageObject\",\"inLanguage\":\"es\",\"@id\":\"https:\/\/luchonoticias.com\/editor\/usco-ofrece-amnistia-a-estudiantes-que-quieren-culminar-sus-estudios\/#primaryimage\",\"url\":\"https:\/\/luchonoticias.com\/wp-content\/uploads\/2024\/01\/WhatsApp-Image-2024-01-29-at-4.29.03-PM-2-1024x682.jpeg\",\"contentUrl\":\"https:\/\/luchonoticias.com\/wp-content\/uploads\/2024\/01\/WhatsApp-Image-2024-01-29-at-4.29.03-PM-2-1024x682.jpeg\"},{\"@type\":\"BreadcrumbList\",\"@id\":\"https:\/\/luchonoticias.com\/editor\/usco-ofrece-amnistia-a-estudiantes-que-quieren-culminar-sus-estudios\/#breadcrumb\",\"itemListElement\":[{\"@type\":\"ListItem\",\"position\":1,\"name\":\"Portada\",\"item\":\"https:\/\/luchonoticias.com\/editor\/\"},{\"@type\":\"ListItem\",\"position\":2,\"name\":\"USCO ofrece amnist\u00eda a estudiantes que quieren culminar sus estudios\"}]},{\"@type\":\"WebSite\",\"@id\":\"https:\/\/luchonoticias.com\/editor\/#website\",\"url\":\"https:\/\/luchonoticias.com\/editor\/\",\"name\":\"\",\"description\":\"\",\"publisher\":{\"@id\":\"https:\/\/luchonoticias.com\/editor\/#\/schema\/person\/7a7fd911f58561fd056dbac7b55af9cd\"},\"potentialAction\":[{\"@type\":\"SearchAction\",\"target\":{\"@type\":\"EntryPoint\",\"urlTemplate\":\"https:\/\/luchonoticias.com\/editor\/?s={search_term_string}\"},\"query-input\":{\"@type\":\"PropertyValueSpecification\",\"valueRequired\":true,\"valueName\":\"search_term_string\"}}],\"inLanguage\":\"es\"},{\"@type\":[\"Person\",\"Organization\"],\"@id\":\"https:\/\/luchonoticias.com\/editor\/#\/schema\/person\/7a7fd911f58561fd056dbac7b55af9cd\",\"name\":\"admin\",\"image\":{\"@type\":\"ImageObject\",\"inLanguage\":\"es\",\"@id\":\"https:\/\/luchonoticias.com\/editor\/#\/schema\/person\/image\/\",\"url\":\"https:\/\/luchonoticias.com\/editor\/wp-content\/uploads\/2024\/02\/cropped-cropped-logolu.webp\",\"contentUrl\":\"https:\/\/luchonoticias.com\/editor\/wp-content\/uploads\/2024\/02\/cropped-cropped-logolu.webp\",\"width\":382,\"height\":170,\"caption\":\"admin\"},\"logo\":{\"@id\":\"https:\/\/luchonoticias.com\/editor\/#\/schema\/person\/image\/\"},\"sameAs\":[\"https:\/\/www.facebook.com\/luchonoticiasneiva\"]},{\"@type\":\"Person\",\"@id\":\"https:\/\/luchonoticias.com\/editor\/#\/schema\/person\/29217990ddf6f14e35912b2866d591fb\",\"name\":\"Editor General\",\"image\":{\"@type\":\"ImageObject\",\"inLanguage\":\"es\",\"@id\":\"https:\/\/luchonoticias.com\/editor\/#\/schema\/person\/image\/\",\"url\":\"https:\/\/luchonoticias.com\/editor\/wp-content\/uploads\/2024\/02\/cropped-cropped-logolu-150x150.webp\",\"contentUrl\":\"https:\/\/luchonoticias.com\/editor\/wp-content\/uploads\/2024\/02\/cropped-cropped-logolu-150x150.webp\",\"caption\":\"Editor General\"},\"sameAs\":[\"https:\/\/luchonoticias.com\/\"],\"url\":\"https:\/\/luchonoticias.com\/editor\/author\/editor-general\/\"}]}<\/script>\n<!-- \/ Yoast SEO plugin. -->","yoast_head_json":{"title":"USCO ofrece amnist\u00eda a estudiantes que quieren culminar sus estudios -","robots":{"index":"index","follow":"follow","max-snippet":"max-snippet:-1","max-image-preview":"max-image-preview:large","max-video-preview":"max-video-preview:-1"},"canonical":"https:\/\/luchonoticias.com\/editor\/usco-ofrece-amnistia-a-estudiantes-que-quieren-culminar-sus-estudios\/","og_locale":"es_ES","og_type":"article","og_title":"USCO ofrece amnist\u00eda a estudiantes que quieren culminar sus estudios -","og_url":"https:\/\/luchonoticias.com\/editor\/usco-ofrece-amnistia-a-estudiantes-que-quieren-culminar-sus-estudios\/","article_publisher":"https:\/\/www.facebook.com\/luchonoticiasneiva","article_published_time":"2024-01-30T12:03:09+00:00","article_modified_time":"2024-01-30T12:03:10+00:00","og_image":[{"url":"https:\/\/luchonoticias.com\/wp-content\/uploads\/2024\/01\/WhatsApp-Image-2024-01-29-at-4.29.03-PM-2-1024x682.jpeg","type":"","width":"","height":""}],"author":"Editor General","twitter_card":"summary_large_image","twitter_misc":{"Escrito por":"Editor General","Tiempo de lectura":"2 minutos"},"schema":{"@context":"https:\/\/schema.org","@graph":[{"@type":"Article","@id":"https:\/\/luchonoticias.com\/editor\/usco-ofrece-amnistia-a-estudiantes-que-quieren-culminar-sus-estudios\/#article","isPartOf":{"@id":"https:\/\/luchonoticias.com\/editor\/usco-ofrece-amnistia-a-estudiantes-que-quieren-culminar-sus-estudios\/"},"author":{"name":"Editor General","@id":"https:\/\/luchonoticias.com\/editor\/#\/schema\/person\/29217990ddf6f14e35912b2866d591fb"},"headline":"USCO ofrece amnist\u00eda a estudiantes que quieren culminar sus estudios","datePublished":"2024-01-30T12:03:09+00:00","dateModified":"2024-01-30T12:03:10+00:00","mainEntityOfPage":{"@id":"https:\/\/luchonoticias.com\/editor\/usco-ofrece-amnistia-a-estudiantes-que-quieren-culminar-sus-estudios\/"},"wordCount":416,"commentCount":0,"publisher":{"@id":"https:\/\/luchonoticias.com\/editor\/#\/schema\/person\/7a7fd911f58561fd056dbac7b55af9cd"},"image":{"@id":"https:\/\/luchonoticias.com\/editor\/usco-ofrece-amnistia-a-estudiantes-que-quieren-culminar-sus-estudios\/#primaryimage"},"thumbnailUrl":"https:\/\/luchonoticias.com\/wp-content\/uploads\/2024\/01\/WhatsApp-Image-2024-01-29-at-4.29.03-PM-2-1024x682.jpeg","articleSection":["Destacado","Local"],"inLanguage":"es","potentialAction":[{"@type":"CommentAction","name":"Comment","target":["https:\/\/luchonoticias.com\/editor\/usco-ofrece-amnistia-a-estudiantes-que-quieren-culminar-sus-estudios\/#respond"]}]},{"@type":"WebPage","@id":"https:\/\/luchonoticias.com\/editor\/usco-ofrece-amnistia-a-estudiantes-que-quieren-culminar-sus-estudios\/","url":"https:\/\/luchonoticias.com\/editor\/usco-ofrece-amnistia-a-estudiantes-que-quieren-culminar-sus-estudios\/","name":"USCO ofrece amnist\u00eda a estudiantes que quieren culminar sus estudios -","isPartOf":{"@id":"https:\/\/luchonoticias.com\/editor\/#website"},"primaryImageOfPage":{"@id":"https:\/\/luchonoticias.com\/editor\/usco-ofrece-amnistia-a-estudiantes-que-quieren-culminar-sus-estudios\/#primaryimage"},"image":{"@id":"https:\/\/luchonoticias.com\/editor\/usco-ofrece-amnistia-a-estudiantes-que-quieren-culminar-sus-estudios\/#primaryimage"},"thumbnailUrl":"https:\/\/luchonoticias.com\/wp-content\/uploads\/2024\/01\/WhatsApp-Image-2024-01-29-at-4.29.03-PM-2-1024x682.jpeg","datePublished":"2024-01-30T12:03:09+00:00","dateModified":"2024-01-30T12:03:10+00:00","breadcrumb":{"@id":"https:\/\/luchonoticias.com\/editor\/usco-ofrece-amnistia-a-estudiantes-que-quieren-culminar-sus-estudios\/#breadcrumb"},"inLanguage":"es","potentialAction":[{"@type":"ReadAction","target":["https:\/\/luchonoticias.com\/editor\/usco-ofrece-amnistia-a-estudiantes-que-quieren-culminar-sus-estudios\/"]}]},{"@type":"ImageObject","inLanguage":"es","@id":"https:\/\/luchonoticias.com\/editor\/usco-ofrece-amnistia-a-estudiantes-que-quieren-culminar-sus-estudios\/#primaryimage","url":"https:\/\/luchonoticias.com\/wp-content\/uploads\/2024\/01\/WhatsApp-Image-2024-01-29-at-4.29.03-PM-2-1024x682.jpeg","contentUrl":"https:\/\/luchonoticias.com\/wp-content\/uploads\/2024\/01\/WhatsApp-Image-2024-01-29-at-4.29.03-PM-2-1024x682.jpeg"},{"@type":"BreadcrumbList","@id":"https:\/\/luchonoticias.com\/editor\/usco-ofrece-amnistia-a-estudiantes-que-quieren-culminar-sus-estudios\/#breadcrumb","itemListElement":[{"@type":"ListItem","position":1,"name":"Portada","item":"https:\/\/luchonoticias.com\/editor\/"},{"@type":"ListItem","position":2,"name":"USCO ofrece amnist\u00eda a estudiantes que quieren culminar sus estudios"}]},{"@type":"WebSite","@id":"https:\/\/luchonoticias.com\/editor\/#website","url":"https:\/\/luchonoticias.com\/editor\/","name":"","description":"","publisher":{"@id":"https:\/\/luchonoticias.com\/editor\/#\/schema\/person\/7a7fd911f58561fd056dbac7b55af9cd"},"potentialAction":[{"@type":"SearchAction","target":{"@type":"EntryPoint","urlTemplate":"https:\/\/luchonoticias.com\/editor\/?s={search_term_string}"},"query-input":{"@type":"PropertyValueSpecification","valueRequired":true,"valueName":"search_term_string"}}],"inLanguage":"es"},{"@type":["Person","Organization"],"@id":"https:\/\/luchonoticias.com\/editor\/#\/schema\/person\/7a7fd911f58561fd056dbac7b55af9cd","name":"admin","image":{"@type":"ImageObject","inLanguage":"es","@id":"https:\/\/luchonoticias.com\/editor\/#\/schema\/person\/image\/","url":"https:\/\/luchonoticias.com\/editor\/wp-content\/uploads\/2024\/02\/cropped-cropped-logolu.webp","contentUrl":"https:\/\/luchonoticias.com\/editor\/wp-content\/uploads\/2024\/02\/cropped-cropped-logolu.webp","width":382,"height":170,"caption":"admin"},"logo":{"@id":"https:\/\/luchonoticias.com\/editor\/#\/schema\/person\/image\/"},"sameAs":["https:\/\/www.facebook.com\/luchonoticiasneiva"]},{"@type":"Person","@id":"https:\/\/luchonoticias.com\/editor\/#\/schema\/person\/29217990ddf6f14e35912b2866d591fb","name":"Editor General","image":{"@type":"ImageObject","inLanguage":"es","@id":"https:\/\/luchonoticias.com\/editor\/#\/schema\/person\/image\/","url":"https:\/\/luchonoticias.com\/editor\/wp-content\/uploads\/2024\/02\/cropped-cropped-logolu-150x150.webp","contentUrl":"https:\/\/luchonoticias.com\/editor\/wp-content\/uploads\/2024\/02\/cropped-cropped-logolu-150x150.webp","caption":"Editor General"},"sameAs":["https:\/\/luchonoticias.com\/"],"url":"https:\/\/luchonoticias.com\/editor\/author\/editor-general\/"}]}},"_links":{"self":[{"href":"https:\/\/luchonoticias.com\/editor\/wp-json\/wp\/v2\/posts\/67749","targetHints":{"allow":["GET"]}}],"collection":[{"href":"https:\/\/luchonoticias.com\/editor\/wp-json\/wp\/v2\/posts"}],"about":[{"href":"https:\/\/luchonoticias.com\/editor\/wp-json\/wp\/v2\/types\/post"}],"author":[{"embeddable":true,"href":"https:\/\/luchonoticias.com\/editor\/wp-json\/wp\/v2\/users\/2"}],"replies":[{"embeddable":true,"href":"https:\/\/luchonoticias.com\/editor\/wp-json\/wp\/v2\/comments?post=67749"}],"version-history":[{"count":0,"href":"https:\/\/luchonoticias.com\/editor\/wp-json\/wp\/v2\/posts\/67749\/revisions"}],"wp:attachment":[{"href":"https:\/\/luchonoticias.com\/editor\/wp-json\/wp\/v2\/media?parent=67749"}],"wp:term":[{"taxonomy":"category","embeddable":true,"href":"https:\/\/luchonoticias.com\/editor\/wp-json\/wp\/v2\/categories?post=67749"},{"taxonomy":"post_tag","embeddable":true,"href":"https:\/\/luchonoticias.com\/editor\/wp-json\/wp\/v2\/tags?post=67749"}],"curies":[{"name":"wp","href":"https:\/\/api.w.org\/{rel}","templated":true}]}}