{"id":67763,"date":"2024-01-30T07:13:51","date_gmt":"2024-01-30T12:13:51","guid":{"rendered":"https:\/\/luchonoticias.com\/?p=67763"},"modified":"2024-01-30T07:13:52","modified_gmt":"2024-01-30T12:13:52","slug":"puertos-verdes-y-seguros-comercio-maritimo-y-energias-renovables-temas-que-apoyaran-tres-ciudades-europeas-en-colombia","status":"publish","type":"post","link":"https:\/\/luchonoticias.com\/editor\/puertos-verdes-y-seguros-comercio-maritimo-y-energias-renovables-temas-que-apoyaran-tres-ciudades-europeas-en-colombia\/","title":{"rendered":"Puertos verdes y seguros, comercio mar\u00edtimo y energ\u00edas renovables, temas que apoyar\u00e1n tres ciudades europeas en Colombia"},"content":{"rendered":"\n<p>Promover puertos verdes y seguros, incentivar el comercio mar\u00edtimo y cooperar para la transici\u00f3n energ\u00e9tica y la producci\u00f3n de energ\u00edas renovables son los objetivos de la visita que iniciaron a Colombia este lunes los alcaldes de Hamburgo (Alemania), Amberes (B\u00e9lgica) y R\u00f3terdam (Pa\u00edses Bajos), tres de los puertos m\u00e1s importantes de Europa.<\/p>\n\n\n\n<p>El alcalde de Hamburgo, Peter Tschentscher; de Amberes, Bart De Wever; y R\u00f3terdam, Ahmed Aboutaleb, iniciaron su agenda en una reuni\u00f3n con el ministro de Comercio, Industria y Turismo, Germ\u00e1n Uma\u00f1a Mendoza; y el viceministro de Relaciones Exteriores, Francisco Coy, en el Palacio de San Carlos, sede del Ministerio de Relaciones Exteriores.<\/p>\n\n\n\n<p>En el encuentro particip\u00f3 tambi\u00e9n el director de la Polic\u00eda Nacional, general William Ren\u00e9 Salamanca, quien destac\u00f3 \u201cel firme prop\u00f3sito de consolidar los lazos de cooperaci\u00f3n\u201d con los pa\u00edses de los alcaldes visitantes para \u201cser m\u00e1s contundentes en la lucha contra el crimen organizado transnacional\u201d.<\/p>\n\n\n\n<p>Durante su visita de tres d\u00edas, los funcionarios europeos se trasladar\u00e1n a Buenaventura para conocer el principal puerto del Pac\u00edfico colombiano.<\/p>\n\n\n\n<p>El embajador de Colombia en Bruselas, Jorge Rojas Rodr\u00edguez, indic\u00f3 que Colombia es \u201csocio estrat\u00e9gico de B\u00e9lgica, Pa\u00edses Bajos y Alemania para potenciar puertos seguros, explorar alianzas para una transici\u00f3n energ\u00e9tica justa e incentivar el comercio mar\u00edtimo\u201d.<\/p>\n\n\n\n<p>Agreg\u00f3 que \u201cBuenaventura y La Guajira son referentes clave para esa alianza estrat\u00e9gica\u201d.<\/p>\n\n\n\n<p>Los jefes de las administraciones de Amberes, R\u00f3terdam y Hamburgo tuvieron tambi\u00e9n una sesi\u00f3n de trabajo con el ministro de Transporte, William Camargo, quien propuso establecer una mesa t\u00e9cnica para estructurar proyectos y comenzar la transici\u00f3n energ\u00e9tica justa en puertos europeos y colombianos.<\/p>\n","protected":false},"excerpt":{"rendered":"<p>Promover puertos verdes y seguros, incentivar el comercio mar\u00edtimo y cooperar para la transici\u00f3n energ\u00e9tica y la producci\u00f3n de energ\u00edas renovables son los objetivos de la visita que iniciaron a Colombia este lunes los alcaldes de Hamburgo (Alemania), Amberes (B\u00e9lgica) y R\u00f3terdam (Pa\u00edses Bajos), tres de los puertos m\u00e1s importantes de Europa. El alcalde de [&hellip;]<\/p>\n","protected":false},"author":2,"featured_media":0,"comment_status":"open","ping_status":"open","sticky":false,"template":"","format":"standard","meta":{"footnotes":""},"categories":[28,36],"tags":[],"class_list":["post-67763","post","type-post","status-publish","format-standard","hentry","category-actualidad","category-destacado"],"yoast_head":"<!-- This site is optimized with the Yoast SEO plugin v26.6 - https:\/\/yoast.com\/wordpress\/plugins\/seo\/ -->\n<title>Puertos verdes y seguros, comercio mar\u00edtimo y energ\u00edas renovables, temas que apoyar\u00e1n tres ciudades europeas en Colombia -<\/title>\n<meta name=\"robots\" content=\"index, follow, max-snippet:-1, max-image-preview:large, max-video-preview:-1\" \/>\n<link rel=\"canonical\" href=\"https:\/\/luchonoticias.com\/editor\/puertos-verdes-y-seguros-comercio-maritimo-y-energias-renovables-temas-que-apoyaran-tres-ciudades-europeas-en-colombia\/\" \/>\n<meta property=\"og:locale\" content=\"es_ES\" \/>\n<meta property=\"og:type\" content=\"article\" \/>\n<meta property=\"og:title\" content=\"Puertos verdes y seguros, comercio mar\u00edtimo y energ\u00edas renovables, temas que apoyar\u00e1n tres ciudades europeas en Colombia -\" \/>\n<meta property=\"og:url\" content=\"https:\/\/luchonoticias.com\/editor\/puertos-verdes-y-seguros-comercio-maritimo-y-energias-renovables-temas-que-apoyaran-tres-ciudades-europeas-en-colombia\/\" \/>\n<meta property=\"article:publisher\" content=\"https:\/\/www.facebook.com\/luchonoticiasneiva\" \/>\n<meta property=\"article:published_time\" content=\"2024-01-30T12:13:51+00:00\" \/>\n<meta property=\"article:modified_time\" content=\"2024-01-30T12:13:52+00:00\" \/>\n<meta name=\"author\" content=\"Editor General\" \/>\n<meta name=\"twitter:card\" content=\"summary_large_image\" \/>\n<meta name=\"twitter:label1\" content=\"Escrito por\" \/>\n\t<meta name=\"twitter:data1\" content=\"Editor General\" \/>\n\t<meta name=\"twitter:label2\" content=\"Tiempo de lectura\" \/>\n\t<meta name=\"twitter:data2\" content=\"1 minuto\" \/>\n<script type=\"application\/ld+json\" class=\"yoast-schema-graph\">{\"@context\":\"https:\/\/schema.org\",\"@graph\":[{\"@type\":\"Article\",\"@id\":\"https:\/\/luchonoticias.com\/editor\/puertos-verdes-y-seguros-comercio-maritimo-y-energias-renovables-temas-que-apoyaran-tres-ciudades-europeas-en-colombia\/#article\",\"isPartOf\":{\"@id\":\"https:\/\/luchonoticias.com\/editor\/puertos-verdes-y-seguros-comercio-maritimo-y-energias-renovables-temas-que-apoyaran-tres-ciudades-europeas-en-colombia\/\"},\"author\":{\"name\":\"Editor General\",\"@id\":\"https:\/\/luchonoticias.com\/editor\/#\/schema\/person\/29217990ddf6f14e35912b2866d591fb\"},\"headline\":\"Puertos verdes y seguros, comercio mar\u00edtimo y energ\u00edas renovables, temas que apoyar\u00e1n tres ciudades europeas en Colombia\",\"datePublished\":\"2024-01-30T12:13:51+00:00\",\"dateModified\":\"2024-01-30T12:13:52+00:00\",\"mainEntityOfPage\":{\"@id\":\"https:\/\/luchonoticias.com\/editor\/puertos-verdes-y-seguros-comercio-maritimo-y-energias-renovables-temas-que-apoyaran-tres-ciudades-europeas-en-colombia\/\"},\"wordCount\":319,\"commentCount\":0,\"publisher\":{\"@id\":\"https:\/\/luchonoticias.com\/editor\/#\/schema\/person\/7a7fd911f58561fd056dbac7b55af9cd\"},\"articleSection\":[\"Actualidad\",\"Destacado\"],\"inLanguage\":\"es\",\"potentialAction\":[{\"@type\":\"CommentAction\",\"name\":\"Comment\",\"target\":[\"https:\/\/luchonoticias.com\/editor\/puertos-verdes-y-seguros-comercio-maritimo-y-energias-renovables-temas-que-apoyaran-tres-ciudades-europeas-en-colombia\/#respond\"]}]},{\"@type\":\"WebPage\",\"@id\":\"https:\/\/luchonoticias.com\/editor\/puertos-verdes-y-seguros-comercio-maritimo-y-energias-renovables-temas-que-apoyaran-tres-ciudades-europeas-en-colombia\/\",\"url\":\"https:\/\/luchonoticias.com\/editor\/puertos-verdes-y-seguros-comercio-maritimo-y-energias-renovables-temas-que-apoyaran-tres-ciudades-europeas-en-colombia\/\",\"name\":\"Puertos verdes y seguros, comercio mar\u00edtimo y energ\u00edas renovables, temas que apoyar\u00e1n tres ciudades europeas en Colombia -\",\"isPartOf\":{\"@id\":\"https:\/\/luchonoticias.com\/editor\/#website\"},\"datePublished\":\"2024-01-30T12:13:51+00:00\",\"dateModified\":\"2024-01-30T12:13:52+00:00\",\"breadcrumb\":{\"@id\":\"https:\/\/luchonoticias.com\/editor\/puertos-verdes-y-seguros-comercio-maritimo-y-energias-renovables-temas-que-apoyaran-tres-ciudades-europeas-en-colombia\/#breadcrumb\"},\"inLanguage\":\"es\",\"potentialAction\":[{\"@type\":\"ReadAction\",\"target\":[\"https:\/\/luchonoticias.com\/editor\/puertos-verdes-y-seguros-comercio-maritimo-y-energias-renovables-temas-que-apoyaran-tres-ciudades-europeas-en-colombia\/\"]}]},{\"@type\":\"BreadcrumbList\",\"@id\":\"https:\/\/luchonoticias.com\/editor\/puertos-verdes-y-seguros-comercio-maritimo-y-energias-renovables-temas-que-apoyaran-tres-ciudades-europeas-en-colombia\/#breadcrumb\",\"itemListElement\":[{\"@type\":\"ListItem\",\"position\":1,\"name\":\"Portada\",\"item\":\"https:\/\/luchonoticias.com\/editor\/\"},{\"@type\":\"ListItem\",\"position\":2,\"name\":\"Puertos verdes y seguros, comercio mar\u00edtimo y energ\u00edas renovables, temas que apoyar\u00e1n tres ciudades europeas en Colombia\"}]},{\"@type\":\"WebSite\",\"@id\":\"https:\/\/luchonoticias.com\/editor\/#website\",\"url\":\"https:\/\/luchonoticias.com\/editor\/\",\"name\":\"\",\"description\":\"\",\"publisher\":{\"@id\":\"https:\/\/luchonoticias.com\/editor\/#\/schema\/person\/7a7fd911f58561fd056dbac7b55af9cd\"},\"potentialAction\":[{\"@type\":\"SearchAction\",\"target\":{\"@type\":\"EntryPoint\",\"urlTemplate\":\"https:\/\/luchonoticias.com\/editor\/?s={search_term_string}\"},\"query-input\":{\"@type\":\"PropertyValueSpecification\",\"valueRequired\":true,\"valueName\":\"search_term_string\"}}],\"inLanguage\":\"es\"},{\"@type\":[\"Person\",\"Organization\"],\"@id\":\"https:\/\/luchonoticias.com\/editor\/#\/schema\/person\/7a7fd911f58561fd056dbac7b55af9cd\",\"name\":\"admin\",\"image\":{\"@type\":\"ImageObject\",\"inLanguage\":\"es\",\"@id\":\"https:\/\/luchonoticias.com\/editor\/#\/schema\/person\/image\/\",\"url\":\"https:\/\/luchonoticias.com\/editor\/wp-content\/uploads\/2024\/02\/cropped-cropped-logolu.webp\",\"contentUrl\":\"https:\/\/luchonoticias.com\/editor\/wp-content\/uploads\/2024\/02\/cropped-cropped-logolu.webp\",\"width\":382,\"height\":170,\"caption\":\"admin\"},\"logo\":{\"@id\":\"https:\/\/luchonoticias.com\/editor\/#\/schema\/person\/image\/\"},\"sameAs\":[\"https:\/\/www.facebook.com\/luchonoticiasneiva\"]},{\"@type\":\"Person\",\"@id\":\"https:\/\/luchonoticias.com\/editor\/#\/schema\/person\/29217990ddf6f14e35912b2866d591fb\",\"name\":\"Editor General\",\"image\":{\"@type\":\"ImageObject\",\"inLanguage\":\"es\",\"@id\":\"https:\/\/luchonoticias.com\/editor\/#\/schema\/person\/image\/\",\"url\":\"https:\/\/luchonoticias.com\/editor\/wp-content\/uploads\/2024\/02\/cropped-cropped-logolu-150x150.webp\",\"contentUrl\":\"https:\/\/luchonoticias.com\/editor\/wp-content\/uploads\/2024\/02\/cropped-cropped-logolu-150x150.webp\",\"caption\":\"Editor General\"},\"sameAs\":[\"https:\/\/luchonoticias.com\/\"],\"url\":\"https:\/\/luchonoticias.com\/editor\/author\/editor-general\/\"}]}<\/script>\n<!-- \/ Yoast SEO plugin. -->","yoast_head_json":{"title":"Puertos verdes y seguros, comercio mar\u00edtimo y energ\u00edas renovables, temas que apoyar\u00e1n tres ciudades europeas en Colombia -","robots":{"index":"index","follow":"follow","max-snippet":"max-snippet:-1","max-image-preview":"max-image-preview:large","max-video-preview":"max-video-preview:-1"},"canonical":"https:\/\/luchonoticias.com\/editor\/puertos-verdes-y-seguros-comercio-maritimo-y-energias-renovables-temas-que-apoyaran-tres-ciudades-europeas-en-colombia\/","og_locale":"es_ES","og_type":"article","og_title":"Puertos verdes y seguros, comercio mar\u00edtimo y energ\u00edas renovables, temas que apoyar\u00e1n tres ciudades europeas en Colombia -","og_url":"https:\/\/luchonoticias.com\/editor\/puertos-verdes-y-seguros-comercio-maritimo-y-energias-renovables-temas-que-apoyaran-tres-ciudades-europeas-en-colombia\/","article_publisher":"https:\/\/www.facebook.com\/luchonoticiasneiva","article_published_time":"2024-01-30T12:13:51+00:00","article_modified_time":"2024-01-30T12:13:52+00:00","author":"Editor General","twitter_card":"summary_large_image","twitter_misc":{"Escrito por":"Editor General","Tiempo de lectura":"1 minuto"},"schema":{"@context":"https:\/\/schema.org","@graph":[{"@type":"Article","@id":"https:\/\/luchonoticias.com\/editor\/puertos-verdes-y-seguros-comercio-maritimo-y-energias-renovables-temas-que-apoyaran-tres-ciudades-europeas-en-colombia\/#article","isPartOf":{"@id":"https:\/\/luchonoticias.com\/editor\/puertos-verdes-y-seguros-comercio-maritimo-y-energias-renovables-temas-que-apoyaran-tres-ciudades-europeas-en-colombia\/"},"author":{"name":"Editor General","@id":"https:\/\/luchonoticias.com\/editor\/#\/schema\/person\/29217990ddf6f14e35912b2866d591fb"},"headline":"Puertos verdes y seguros, comercio mar\u00edtimo y energ\u00edas renovables, temas que apoyar\u00e1n tres ciudades europeas en Colombia","datePublished":"2024-01-30T12:13:51+00:00","dateModified":"2024-01-30T12:13:52+00:00","mainEntityOfPage":{"@id":"https:\/\/luchonoticias.com\/editor\/puertos-verdes-y-seguros-comercio-maritimo-y-energias-renovables-temas-que-apoyaran-tres-ciudades-europeas-en-colombia\/"},"wordCount":319,"commentCount":0,"publisher":{"@id":"https:\/\/luchonoticias.com\/editor\/#\/schema\/person\/7a7fd911f58561fd056dbac7b55af9cd"},"articleSection":["Actualidad","Destacado"],"inLanguage":"es","potentialAction":[{"@type":"CommentAction","name":"Comment","target":["https:\/\/luchonoticias.com\/editor\/puertos-verdes-y-seguros-comercio-maritimo-y-energias-renovables-temas-que-apoyaran-tres-ciudades-europeas-en-colombia\/#respond"]}]},{"@type":"WebPage","@id":"https:\/\/luchonoticias.com\/editor\/puertos-verdes-y-seguros-comercio-maritimo-y-energias-renovables-temas-que-apoyaran-tres-ciudades-europeas-en-colombia\/","url":"https:\/\/luchonoticias.com\/editor\/puertos-verdes-y-seguros-comercio-maritimo-y-energias-renovables-temas-que-apoyaran-tres-ciudades-europeas-en-colombia\/","name":"Puertos verdes y seguros, comercio mar\u00edtimo y energ\u00edas renovables, temas que apoyar\u00e1n tres ciudades europeas en Colombia -","isPartOf":{"@id":"https:\/\/luchonoticias.com\/editor\/#website"},"datePublished":"2024-01-30T12:13:51+00:00","dateModified":"2024-01-30T12:13:52+00:00","breadcrumb":{"@id":"https:\/\/luchonoticias.com\/editor\/puertos-verdes-y-seguros-comercio-maritimo-y-energias-renovables-temas-que-apoyaran-tres-ciudades-europeas-en-colombia\/#breadcrumb"},"inLanguage":"es","potentialAction":[{"@type":"ReadAction","target":["https:\/\/luchonoticias.com\/editor\/puertos-verdes-y-seguros-comercio-maritimo-y-energias-renovables-temas-que-apoyaran-tres-ciudades-europeas-en-colombia\/"]}]},{"@type":"BreadcrumbList","@id":"https:\/\/luchonoticias.com\/editor\/puertos-verdes-y-seguros-comercio-maritimo-y-energias-renovables-temas-que-apoyaran-tres-ciudades-europeas-en-colombia\/#breadcrumb","itemListElement":[{"@type":"ListItem","position":1,"name":"Portada","item":"https:\/\/luchonoticias.com\/editor\/"},{"@type":"ListItem","position":2,"name":"Puertos verdes y seguros, comercio mar\u00edtimo y energ\u00edas renovables, temas que apoyar\u00e1n tres ciudades europeas en Colombia"}]},{"@type":"WebSite","@id":"https:\/\/luchonoticias.com\/editor\/#website","url":"https:\/\/luchonoticias.com\/editor\/","name":"","description":"","publisher":{"@id":"https:\/\/luchonoticias.com\/editor\/#\/schema\/person\/7a7fd911f58561fd056dbac7b55af9cd"},"potentialAction":[{"@type":"SearchAction","target":{"@type":"EntryPoint","urlTemplate":"https:\/\/luchonoticias.com\/editor\/?s={search_term_string}"},"query-input":{"@type":"PropertyValueSpecification","valueRequired":true,"valueName":"search_term_string"}}],"inLanguage":"es"},{"@type":["Person","Organization"],"@id":"https:\/\/luchonoticias.com\/editor\/#\/schema\/person\/7a7fd911f58561fd056dbac7b55af9cd","name":"admin","image":{"@type":"ImageObject","inLanguage":"es","@id":"https:\/\/luchonoticias.com\/editor\/#\/schema\/person\/image\/","url":"https:\/\/luchonoticias.com\/editor\/wp-content\/uploads\/2024\/02\/cropped-cropped-logolu.webp","contentUrl":"https:\/\/luchonoticias.com\/editor\/wp-content\/uploads\/2024\/02\/cropped-cropped-logolu.webp","width":382,"height":170,"caption":"admin"},"logo":{"@id":"https:\/\/luchonoticias.com\/editor\/#\/schema\/person\/image\/"},"sameAs":["https:\/\/www.facebook.com\/luchonoticiasneiva"]},{"@type":"Person","@id":"https:\/\/luchonoticias.com\/editor\/#\/schema\/person\/29217990ddf6f14e35912b2866d591fb","name":"Editor General","image":{"@type":"ImageObject","inLanguage":"es","@id":"https:\/\/luchonoticias.com\/editor\/#\/schema\/person\/image\/","url":"https:\/\/luchonoticias.com\/editor\/wp-content\/uploads\/2024\/02\/cropped-cropped-logolu-150x150.webp","contentUrl":"https:\/\/luchonoticias.com\/editor\/wp-content\/uploads\/2024\/02\/cropped-cropped-logolu-150x150.webp","caption":"Editor General"},"sameAs":["https:\/\/luchonoticias.com\/"],"url":"https:\/\/luchonoticias.com\/editor\/author\/editor-general\/"}]}},"_links":{"self":[{"href":"https:\/\/luchonoticias.com\/editor\/wp-json\/wp\/v2\/posts\/67763","targetHints":{"allow":["GET"]}}],"collection":[{"href":"https:\/\/luchonoticias.com\/editor\/wp-json\/wp\/v2\/posts"}],"about":[{"href":"https:\/\/luchonoticias.com\/editor\/wp-json\/wp\/v2\/types\/post"}],"author":[{"embeddable":true,"href":"https:\/\/luchonoticias.com\/editor\/wp-json\/wp\/v2\/users\/2"}],"replies":[{"embeddable":true,"href":"https:\/\/luchonoticias.com\/editor\/wp-json\/wp\/v2\/comments?post=67763"}],"version-history":[{"count":0,"href":"https:\/\/luchonoticias.com\/editor\/wp-json\/wp\/v2\/posts\/67763\/revisions"}],"wp:attachment":[{"href":"https:\/\/luchonoticias.com\/editor\/wp-json\/wp\/v2\/media?parent=67763"}],"wp:term":[{"taxonomy":"category","embeddable":true,"href":"https:\/\/luchonoticias.com\/editor\/wp-json\/wp\/v2\/categories?post=67763"},{"taxonomy":"post_tag","embeddable":true,"href":"https:\/\/luchonoticias.com\/editor\/wp-json\/wp\/v2\/tags?post=67763"}],"curies":[{"name":"wp","href":"https:\/\/api.w.org\/{rel}","templated":true}]}}