{"id":67766,"date":"2024-01-30T07:15:07","date_gmt":"2024-01-30T12:15:07","guid":{"rendered":"https:\/\/luchonoticias.com\/?p=67766"},"modified":"2024-01-30T07:15:08","modified_gmt":"2024-01-30T12:15:08","slug":"gobierno-nacional-y-el-eln-acuerdan-ampliar-cese-al-fuego-hasta-el-5-de-febrero","status":"publish","type":"post","link":"https:\/\/luchonoticias.com\/editor\/gobierno-nacional-y-el-eln-acuerdan-ampliar-cese-al-fuego-hasta-el-5-de-febrero\/","title":{"rendered":"Gobierno Nacional y el ELN acuerdan ampliar cese al fuego hasta el 5 de febrero"},"content":{"rendered":"\n<p>El Gobierno Nacional y la guerrilla del ELN acordaron ampliar el cese bilateral al fuego hasta el pr\u00f3ximo 5 de febrero, mientras toman decisiones de fondo frente a las condiciones de una pr\u00f3rroga m\u00e1s amplia.<\/p>\n\n\n\n<p>\u201cTeniendo en cuenta que el d\u00eda de hoy, 29 de enero de 2024, expira el CFBNT (cese al fuego bilateral, nacional y temporal), se dar\u00e1 continuidad hasta el d\u00eda 5 de febrero de 2024 en las condiciones del Acuerdo N\u00ba 10 del 9 de junio de 2023 y de los protocolos que lo han regido hasta ahora\u201d, cita un comunicado emitido hoy por la Mesa de Di\u00e1logos reunida en La Habana.<\/p>\n\n\n\n<p>Agrega que \u201cuna vez culminada la evaluaci\u00f3n del CFBNT y el presente ciclo, se firmar\u00e1 la pr\u00f3rroga del CFBNT que fortalecer\u00e1, desarrollar\u00e1 e incluir\u00e1 los aspectos relacionados con el mismo que est\u00e1n contenidos en los acuerdos 9 al 21, suscritos desde junio del 2023 hasta la fecha\u201d.<\/p>\n\n\n\n<p>Entre estos aspectos est\u00e1 \u201cla suspensi\u00f3n de las retenciones con fines econ\u00f3micos (secuestros extorsivos)\u201d por parte del ELN, as\u00ed como la reanudaci\u00f3n del proceso de participaci\u00f3n de la sociedad y la creaci\u00f3n de una red nacional de participaci\u00f3n.<\/p>\n\n\n\n<p>El ministro de Defensa, Iv\u00e1n Vel\u00e1squez G\u00f3mez, viaj\u00f3 el fin de semana a La Habana, con el fin de participar en la Mesa de Di\u00e1logos para tratar asuntos relacionados con la pr\u00f3rroga del cese al fuego.<\/p>\n\n\n\n<p>En la actualidad, el Gobierno Nacional y el ELN trabajan en el desarrollo del VI Ciclo de la Mesa de Di\u00e1logos, en el cual abordan temas relacionados con el cese al fuego bilateral, la misi\u00f3n de verificaci\u00f3n, el desarrollo de 8 zonas cr\u00edticas y la atenci\u00f3n a temas humanitarios.<\/p>\n","protected":false},"excerpt":{"rendered":"<p>El Gobierno Nacional y la guerrilla del ELN acordaron ampliar el cese bilateral al fuego hasta el pr\u00f3ximo 5 de febrero, mientras toman decisiones de fondo frente a las condiciones de una pr\u00f3rroga m\u00e1s amplia. \u201cTeniendo en cuenta que el d\u00eda de hoy, 29 de enero de 2024, expira el CFBNT (cese al fuego bilateral, [&hellip;]<\/p>\n","protected":false},"author":2,"featured_media":0,"comment_status":"open","ping_status":"open","sticky":false,"template":"","format":"standard","meta":{"footnotes":""},"categories":[36,32],"tags":[],"class_list":["post-67766","post","type-post","status-publish","format-standard","hentry","category-destacado","category-nacional"],"yoast_head":"<!-- This site is optimized with the Yoast SEO plugin v26.6 - https:\/\/yoast.com\/wordpress\/plugins\/seo\/ -->\n<title>Gobierno Nacional y el ELN acuerdan ampliar cese al fuego hasta el 5 de febrero -<\/title>\n<meta name=\"robots\" content=\"index, follow, max-snippet:-1, max-image-preview:large, max-video-preview:-1\" \/>\n<link rel=\"canonical\" href=\"https:\/\/luchonoticias.com\/editor\/gobierno-nacional-y-el-eln-acuerdan-ampliar-cese-al-fuego-hasta-el-5-de-febrero\/\" \/>\n<meta property=\"og:locale\" content=\"es_ES\" \/>\n<meta property=\"og:type\" content=\"article\" \/>\n<meta property=\"og:title\" content=\"Gobierno Nacional y el ELN acuerdan ampliar cese al fuego hasta el 5 de febrero -\" \/>\n<meta property=\"og:url\" content=\"https:\/\/luchonoticias.com\/editor\/gobierno-nacional-y-el-eln-acuerdan-ampliar-cese-al-fuego-hasta-el-5-de-febrero\/\" \/>\n<meta property=\"article:publisher\" content=\"https:\/\/www.facebook.com\/luchonoticiasneiva\" \/>\n<meta property=\"article:published_time\" content=\"2024-01-30T12:15:07+00:00\" \/>\n<meta property=\"article:modified_time\" content=\"2024-01-30T12:15:08+00:00\" \/>\n<meta name=\"author\" content=\"Editor General\" \/>\n<meta name=\"twitter:card\" content=\"summary_large_image\" \/>\n<meta name=\"twitter:label1\" content=\"Escrito por\" \/>\n\t<meta name=\"twitter:data1\" content=\"Editor General\" \/>\n\t<meta name=\"twitter:label2\" content=\"Tiempo de lectura\" \/>\n\t<meta name=\"twitter:data2\" content=\"1 minuto\" \/>\n<script type=\"application\/ld+json\" class=\"yoast-schema-graph\">{\"@context\":\"https:\/\/schema.org\",\"@graph\":[{\"@type\":\"Article\",\"@id\":\"https:\/\/luchonoticias.com\/editor\/gobierno-nacional-y-el-eln-acuerdan-ampliar-cese-al-fuego-hasta-el-5-de-febrero\/#article\",\"isPartOf\":{\"@id\":\"https:\/\/luchonoticias.com\/editor\/gobierno-nacional-y-el-eln-acuerdan-ampliar-cese-al-fuego-hasta-el-5-de-febrero\/\"},\"author\":{\"name\":\"Editor General\",\"@id\":\"https:\/\/luchonoticias.com\/editor\/#\/schema\/person\/29217990ddf6f14e35912b2866d591fb\"},\"headline\":\"Gobierno Nacional y el ELN acuerdan ampliar cese al fuego hasta el 5 de febrero\",\"datePublished\":\"2024-01-30T12:15:07+00:00\",\"dateModified\":\"2024-01-30T12:15:08+00:00\",\"mainEntityOfPage\":{\"@id\":\"https:\/\/luchonoticias.com\/editor\/gobierno-nacional-y-el-eln-acuerdan-ampliar-cese-al-fuego-hasta-el-5-de-febrero\/\"},\"wordCount\":303,\"commentCount\":0,\"publisher\":{\"@id\":\"https:\/\/luchonoticias.com\/editor\/#\/schema\/person\/7a7fd911f58561fd056dbac7b55af9cd\"},\"articleSection\":[\"Destacado\",\"Nacional\"],\"inLanguage\":\"es\",\"potentialAction\":[{\"@type\":\"CommentAction\",\"name\":\"Comment\",\"target\":[\"https:\/\/luchonoticias.com\/editor\/gobierno-nacional-y-el-eln-acuerdan-ampliar-cese-al-fuego-hasta-el-5-de-febrero\/#respond\"]}]},{\"@type\":\"WebPage\",\"@id\":\"https:\/\/luchonoticias.com\/editor\/gobierno-nacional-y-el-eln-acuerdan-ampliar-cese-al-fuego-hasta-el-5-de-febrero\/\",\"url\":\"https:\/\/luchonoticias.com\/editor\/gobierno-nacional-y-el-eln-acuerdan-ampliar-cese-al-fuego-hasta-el-5-de-febrero\/\",\"name\":\"Gobierno Nacional y el ELN acuerdan ampliar cese al fuego hasta el 5 de febrero -\",\"isPartOf\":{\"@id\":\"https:\/\/luchonoticias.com\/editor\/#website\"},\"datePublished\":\"2024-01-30T12:15:07+00:00\",\"dateModified\":\"2024-01-30T12:15:08+00:00\",\"breadcrumb\":{\"@id\":\"https:\/\/luchonoticias.com\/editor\/gobierno-nacional-y-el-eln-acuerdan-ampliar-cese-al-fuego-hasta-el-5-de-febrero\/#breadcrumb\"},\"inLanguage\":\"es\",\"potentialAction\":[{\"@type\":\"ReadAction\",\"target\":[\"https:\/\/luchonoticias.com\/editor\/gobierno-nacional-y-el-eln-acuerdan-ampliar-cese-al-fuego-hasta-el-5-de-febrero\/\"]}]},{\"@type\":\"BreadcrumbList\",\"@id\":\"https:\/\/luchonoticias.com\/editor\/gobierno-nacional-y-el-eln-acuerdan-ampliar-cese-al-fuego-hasta-el-5-de-febrero\/#breadcrumb\",\"itemListElement\":[{\"@type\":\"ListItem\",\"position\":1,\"name\":\"Portada\",\"item\":\"https:\/\/luchonoticias.com\/editor\/\"},{\"@type\":\"ListItem\",\"position\":2,\"name\":\"Gobierno Nacional y el ELN acuerdan ampliar cese al fuego hasta el 5 de febrero\"}]},{\"@type\":\"WebSite\",\"@id\":\"https:\/\/luchonoticias.com\/editor\/#website\",\"url\":\"https:\/\/luchonoticias.com\/editor\/\",\"name\":\"\",\"description\":\"\",\"publisher\":{\"@id\":\"https:\/\/luchonoticias.com\/editor\/#\/schema\/person\/7a7fd911f58561fd056dbac7b55af9cd\"},\"potentialAction\":[{\"@type\":\"SearchAction\",\"target\":{\"@type\":\"EntryPoint\",\"urlTemplate\":\"https:\/\/luchonoticias.com\/editor\/?s={search_term_string}\"},\"query-input\":{\"@type\":\"PropertyValueSpecification\",\"valueRequired\":true,\"valueName\":\"search_term_string\"}}],\"inLanguage\":\"es\"},{\"@type\":[\"Person\",\"Organization\"],\"@id\":\"https:\/\/luchonoticias.com\/editor\/#\/schema\/person\/7a7fd911f58561fd056dbac7b55af9cd\",\"name\":\"admin\",\"image\":{\"@type\":\"ImageObject\",\"inLanguage\":\"es\",\"@id\":\"https:\/\/luchonoticias.com\/editor\/#\/schema\/person\/image\/\",\"url\":\"https:\/\/luchonoticias.com\/editor\/wp-content\/uploads\/2024\/02\/cropped-cropped-logolu.webp\",\"contentUrl\":\"https:\/\/luchonoticias.com\/editor\/wp-content\/uploads\/2024\/02\/cropped-cropped-logolu.webp\",\"width\":382,\"height\":170,\"caption\":\"admin\"},\"logo\":{\"@id\":\"https:\/\/luchonoticias.com\/editor\/#\/schema\/person\/image\/\"},\"sameAs\":[\"https:\/\/www.facebook.com\/luchonoticiasneiva\"]},{\"@type\":\"Person\",\"@id\":\"https:\/\/luchonoticias.com\/editor\/#\/schema\/person\/29217990ddf6f14e35912b2866d591fb\",\"name\":\"Editor General\",\"image\":{\"@type\":\"ImageObject\",\"inLanguage\":\"es\",\"@id\":\"https:\/\/luchonoticias.com\/editor\/#\/schema\/person\/image\/\",\"url\":\"https:\/\/luchonoticias.com\/editor\/wp-content\/uploads\/2024\/02\/cropped-cropped-logolu-150x150.webp\",\"contentUrl\":\"https:\/\/luchonoticias.com\/editor\/wp-content\/uploads\/2024\/02\/cropped-cropped-logolu-150x150.webp\",\"caption\":\"Editor General\"},\"sameAs\":[\"https:\/\/luchonoticias.com\/\"],\"url\":\"https:\/\/luchonoticias.com\/editor\/author\/editor-general\/\"}]}<\/script>\n<!-- \/ Yoast SEO plugin. -->","yoast_head_json":{"title":"Gobierno Nacional y el ELN acuerdan ampliar cese al fuego hasta el 5 de febrero -","robots":{"index":"index","follow":"follow","max-snippet":"max-snippet:-1","max-image-preview":"max-image-preview:large","max-video-preview":"max-video-preview:-1"},"canonical":"https:\/\/luchonoticias.com\/editor\/gobierno-nacional-y-el-eln-acuerdan-ampliar-cese-al-fuego-hasta-el-5-de-febrero\/","og_locale":"es_ES","og_type":"article","og_title":"Gobierno Nacional y el ELN acuerdan ampliar cese al fuego hasta el 5 de febrero -","og_url":"https:\/\/luchonoticias.com\/editor\/gobierno-nacional-y-el-eln-acuerdan-ampliar-cese-al-fuego-hasta-el-5-de-febrero\/","article_publisher":"https:\/\/www.facebook.com\/luchonoticiasneiva","article_published_time":"2024-01-30T12:15:07+00:00","article_modified_time":"2024-01-30T12:15:08+00:00","author":"Editor General","twitter_card":"summary_large_image","twitter_misc":{"Escrito por":"Editor General","Tiempo de lectura":"1 minuto"},"schema":{"@context":"https:\/\/schema.org","@graph":[{"@type":"Article","@id":"https:\/\/luchonoticias.com\/editor\/gobierno-nacional-y-el-eln-acuerdan-ampliar-cese-al-fuego-hasta-el-5-de-febrero\/#article","isPartOf":{"@id":"https:\/\/luchonoticias.com\/editor\/gobierno-nacional-y-el-eln-acuerdan-ampliar-cese-al-fuego-hasta-el-5-de-febrero\/"},"author":{"name":"Editor General","@id":"https:\/\/luchonoticias.com\/editor\/#\/schema\/person\/29217990ddf6f14e35912b2866d591fb"},"headline":"Gobierno Nacional y el ELN acuerdan ampliar cese al fuego hasta el 5 de febrero","datePublished":"2024-01-30T12:15:07+00:00","dateModified":"2024-01-30T12:15:08+00:00","mainEntityOfPage":{"@id":"https:\/\/luchonoticias.com\/editor\/gobierno-nacional-y-el-eln-acuerdan-ampliar-cese-al-fuego-hasta-el-5-de-febrero\/"},"wordCount":303,"commentCount":0,"publisher":{"@id":"https:\/\/luchonoticias.com\/editor\/#\/schema\/person\/7a7fd911f58561fd056dbac7b55af9cd"},"articleSection":["Destacado","Nacional"],"inLanguage":"es","potentialAction":[{"@type":"CommentAction","name":"Comment","target":["https:\/\/luchonoticias.com\/editor\/gobierno-nacional-y-el-eln-acuerdan-ampliar-cese-al-fuego-hasta-el-5-de-febrero\/#respond"]}]},{"@type":"WebPage","@id":"https:\/\/luchonoticias.com\/editor\/gobierno-nacional-y-el-eln-acuerdan-ampliar-cese-al-fuego-hasta-el-5-de-febrero\/","url":"https:\/\/luchonoticias.com\/editor\/gobierno-nacional-y-el-eln-acuerdan-ampliar-cese-al-fuego-hasta-el-5-de-febrero\/","name":"Gobierno Nacional y el ELN acuerdan ampliar cese al fuego hasta el 5 de febrero -","isPartOf":{"@id":"https:\/\/luchonoticias.com\/editor\/#website"},"datePublished":"2024-01-30T12:15:07+00:00","dateModified":"2024-01-30T12:15:08+00:00","breadcrumb":{"@id":"https:\/\/luchonoticias.com\/editor\/gobierno-nacional-y-el-eln-acuerdan-ampliar-cese-al-fuego-hasta-el-5-de-febrero\/#breadcrumb"},"inLanguage":"es","potentialAction":[{"@type":"ReadAction","target":["https:\/\/luchonoticias.com\/editor\/gobierno-nacional-y-el-eln-acuerdan-ampliar-cese-al-fuego-hasta-el-5-de-febrero\/"]}]},{"@type":"BreadcrumbList","@id":"https:\/\/luchonoticias.com\/editor\/gobierno-nacional-y-el-eln-acuerdan-ampliar-cese-al-fuego-hasta-el-5-de-febrero\/#breadcrumb","itemListElement":[{"@type":"ListItem","position":1,"name":"Portada","item":"https:\/\/luchonoticias.com\/editor\/"},{"@type":"ListItem","position":2,"name":"Gobierno Nacional y el ELN acuerdan ampliar cese al fuego hasta el 5 de febrero"}]},{"@type":"WebSite","@id":"https:\/\/luchonoticias.com\/editor\/#website","url":"https:\/\/luchonoticias.com\/editor\/","name":"","description":"","publisher":{"@id":"https:\/\/luchonoticias.com\/editor\/#\/schema\/person\/7a7fd911f58561fd056dbac7b55af9cd"},"potentialAction":[{"@type":"SearchAction","target":{"@type":"EntryPoint","urlTemplate":"https:\/\/luchonoticias.com\/editor\/?s={search_term_string}"},"query-input":{"@type":"PropertyValueSpecification","valueRequired":true,"valueName":"search_term_string"}}],"inLanguage":"es"},{"@type":["Person","Organization"],"@id":"https:\/\/luchonoticias.com\/editor\/#\/schema\/person\/7a7fd911f58561fd056dbac7b55af9cd","name":"admin","image":{"@type":"ImageObject","inLanguage":"es","@id":"https:\/\/luchonoticias.com\/editor\/#\/schema\/person\/image\/","url":"https:\/\/luchonoticias.com\/editor\/wp-content\/uploads\/2024\/02\/cropped-cropped-logolu.webp","contentUrl":"https:\/\/luchonoticias.com\/editor\/wp-content\/uploads\/2024\/02\/cropped-cropped-logolu.webp","width":382,"height":170,"caption":"admin"},"logo":{"@id":"https:\/\/luchonoticias.com\/editor\/#\/schema\/person\/image\/"},"sameAs":["https:\/\/www.facebook.com\/luchonoticiasneiva"]},{"@type":"Person","@id":"https:\/\/luchonoticias.com\/editor\/#\/schema\/person\/29217990ddf6f14e35912b2866d591fb","name":"Editor General","image":{"@type":"ImageObject","inLanguage":"es","@id":"https:\/\/luchonoticias.com\/editor\/#\/schema\/person\/image\/","url":"https:\/\/luchonoticias.com\/editor\/wp-content\/uploads\/2024\/02\/cropped-cropped-logolu-150x150.webp","contentUrl":"https:\/\/luchonoticias.com\/editor\/wp-content\/uploads\/2024\/02\/cropped-cropped-logolu-150x150.webp","caption":"Editor General"},"sameAs":["https:\/\/luchonoticias.com\/"],"url":"https:\/\/luchonoticias.com\/editor\/author\/editor-general\/"}]}},"_links":{"self":[{"href":"https:\/\/luchonoticias.com\/editor\/wp-json\/wp\/v2\/posts\/67766","targetHints":{"allow":["GET"]}}],"collection":[{"href":"https:\/\/luchonoticias.com\/editor\/wp-json\/wp\/v2\/posts"}],"about":[{"href":"https:\/\/luchonoticias.com\/editor\/wp-json\/wp\/v2\/types\/post"}],"author":[{"embeddable":true,"href":"https:\/\/luchonoticias.com\/editor\/wp-json\/wp\/v2\/users\/2"}],"replies":[{"embeddable":true,"href":"https:\/\/luchonoticias.com\/editor\/wp-json\/wp\/v2\/comments?post=67766"}],"version-history":[{"count":0,"href":"https:\/\/luchonoticias.com\/editor\/wp-json\/wp\/v2\/posts\/67766\/revisions"}],"wp:attachment":[{"href":"https:\/\/luchonoticias.com\/editor\/wp-json\/wp\/v2\/media?parent=67766"}],"wp:term":[{"taxonomy":"category","embeddable":true,"href":"https:\/\/luchonoticias.com\/editor\/wp-json\/wp\/v2\/categories?post=67766"},{"taxonomy":"post_tag","embeddable":true,"href":"https:\/\/luchonoticias.com\/editor\/wp-json\/wp\/v2\/tags?post=67766"}],"curies":[{"name":"wp","href":"https:\/\/api.w.org\/{rel}","templated":true}]}}