{"id":67774,"date":"2024-01-30T14:59:06","date_gmt":"2024-01-30T19:59:06","guid":{"rendered":"https:\/\/luchonoticias.com\/?p=67774"},"modified":"2024-01-30T14:59:07","modified_gmt":"2024-01-30T19:59:07","slug":"capturados-presuntos-extorsionistas-se-identificaban-como-paramilitares-para-intimidar-a-sus-victimas","status":"publish","type":"post","link":"https:\/\/luchonoticias.com\/editor\/capturados-presuntos-extorsionistas-se-identificaban-como-paramilitares-para-intimidar-a-sus-victimas\/","title":{"rendered":"Capturados presuntos extorsionistas: se identificaban como paramilitares para intimidar a sus v\u00edctimas"},"content":{"rendered":"\n<p>En una acci\u00f3n coordinada e interinstitucional entre tropas de Gaula Militar de la Novena Brigada, Gaula Polic\u00eda y CTI de la Fiscal\u00eda, se logr\u00f3 neutralizar un nuevo caso de extorsi\u00f3n contra un comerciante del sur del Huila.<\/p>\n\n\n\n<p>Desde hace dos meses, la v\u00edctima ven\u00eda recibiendo llamadas extorsivas en las que, como estrategia de presi\u00f3n psicol\u00f3gica, los delincuentes se hac\u00edan pasar como integrantes de un grupo paramilitar, para exigir una suma inicial de 60 millones de pesos.<\/p>\n\n\n\n<p>Despu\u00e9s de la negociaci\u00f3n los delincuentes bajaron la cifra a 40 millones y exigieron, como pago del restante, la entrega de un veh\u00edculo de propiedad del ciudadano, avaluado en aproximadamente 18 millones de pesos.<\/p>\n\n\n\n<p>La denuncia oportuna a la l\u00ednea 147 permiti\u00f3 asesorar a la v\u00edctima e iniciar el proceso de judicializaci\u00f3n, el que finaliz\u00f3 con la captura en flagrancia de los dos presuntos integrantes de una banda de delincuencia organizada, cuando se dispon\u00edan a recibir el dinero y el automotor, producto de las acciones intimidatorias.<\/p>\n","protected":false},"excerpt":{"rendered":"<p>En una acci\u00f3n coordinada e interinstitucional entre tropas de Gaula Militar de la Novena Brigada, Gaula Polic\u00eda y CTI de la Fiscal\u00eda, se logr\u00f3 neutralizar un nuevo caso de extorsi\u00f3n contra un comerciante del sur del Huila. Desde hace dos meses, la v\u00edctima ven\u00eda recibiendo llamadas extorsivas en las que, como estrategia de presi\u00f3n psicol\u00f3gica, [&hellip;]<\/p>\n","protected":false},"author":2,"featured_media":0,"comment_status":"open","ping_status":"open","sticky":false,"template":"","format":"standard","meta":{"footnotes":""},"categories":[36,29],"tags":[],"class_list":["post-67774","post","type-post","status-publish","format-standard","hentry","category-destacado","category-judicial"],"yoast_head":"<!-- This site is optimized with the Yoast SEO plugin v26.6 - https:\/\/yoast.com\/wordpress\/plugins\/seo\/ -->\n<title>Capturados presuntos extorsionistas: se identificaban como paramilitares para intimidar a sus v\u00edctimas -<\/title>\n<meta name=\"robots\" content=\"index, follow, max-snippet:-1, max-image-preview:large, max-video-preview:-1\" \/>\n<link rel=\"canonical\" href=\"https:\/\/luchonoticias.com\/editor\/capturados-presuntos-extorsionistas-se-identificaban-como-paramilitares-para-intimidar-a-sus-victimas\/\" \/>\n<meta property=\"og:locale\" content=\"es_ES\" \/>\n<meta property=\"og:type\" content=\"article\" \/>\n<meta property=\"og:title\" content=\"Capturados presuntos extorsionistas: se identificaban como paramilitares para intimidar a sus v\u00edctimas -\" \/>\n<meta property=\"og:url\" content=\"https:\/\/luchonoticias.com\/editor\/capturados-presuntos-extorsionistas-se-identificaban-como-paramilitares-para-intimidar-a-sus-victimas\/\" \/>\n<meta property=\"article:publisher\" content=\"https:\/\/www.facebook.com\/luchonoticiasneiva\" \/>\n<meta property=\"article:published_time\" content=\"2024-01-30T19:59:06+00:00\" \/>\n<meta property=\"article:modified_time\" content=\"2024-01-30T19:59:07+00:00\" \/>\n<meta name=\"author\" content=\"Editor General\" \/>\n<meta name=\"twitter:card\" content=\"summary_large_image\" \/>\n<meta name=\"twitter:label1\" content=\"Escrito por\" \/>\n\t<meta name=\"twitter:data1\" content=\"Editor General\" \/>\n\t<meta name=\"twitter:label2\" content=\"Tiempo de lectura\" \/>\n\t<meta name=\"twitter:data2\" content=\"1 minuto\" \/>\n<script type=\"application\/ld+json\" class=\"yoast-schema-graph\">{\"@context\":\"https:\/\/schema.org\",\"@graph\":[{\"@type\":\"Article\",\"@id\":\"https:\/\/luchonoticias.com\/editor\/capturados-presuntos-extorsionistas-se-identificaban-como-paramilitares-para-intimidar-a-sus-victimas\/#article\",\"isPartOf\":{\"@id\":\"https:\/\/luchonoticias.com\/editor\/capturados-presuntos-extorsionistas-se-identificaban-como-paramilitares-para-intimidar-a-sus-victimas\/\"},\"author\":{\"name\":\"Editor General\",\"@id\":\"https:\/\/luchonoticias.com\/editor\/#\/schema\/person\/29217990ddf6f14e35912b2866d591fb\"},\"headline\":\"Capturados presuntos extorsionistas: se identificaban como paramilitares para intimidar a sus v\u00edctimas\",\"datePublished\":\"2024-01-30T19:59:06+00:00\",\"dateModified\":\"2024-01-30T19:59:07+00:00\",\"mainEntityOfPage\":{\"@id\":\"https:\/\/luchonoticias.com\/editor\/capturados-presuntos-extorsionistas-se-identificaban-como-paramilitares-para-intimidar-a-sus-victimas\/\"},\"wordCount\":187,\"commentCount\":0,\"publisher\":{\"@id\":\"https:\/\/luchonoticias.com\/editor\/#\/schema\/person\/7a7fd911f58561fd056dbac7b55af9cd\"},\"articleSection\":[\"Destacado\",\"Judicial\"],\"inLanguage\":\"es\",\"potentialAction\":[{\"@type\":\"CommentAction\",\"name\":\"Comment\",\"target\":[\"https:\/\/luchonoticias.com\/editor\/capturados-presuntos-extorsionistas-se-identificaban-como-paramilitares-para-intimidar-a-sus-victimas\/#respond\"]}]},{\"@type\":\"WebPage\",\"@id\":\"https:\/\/luchonoticias.com\/editor\/capturados-presuntos-extorsionistas-se-identificaban-como-paramilitares-para-intimidar-a-sus-victimas\/\",\"url\":\"https:\/\/luchonoticias.com\/editor\/capturados-presuntos-extorsionistas-se-identificaban-como-paramilitares-para-intimidar-a-sus-victimas\/\",\"name\":\"Capturados presuntos extorsionistas: se identificaban como paramilitares para intimidar a sus v\u00edctimas -\",\"isPartOf\":{\"@id\":\"https:\/\/luchonoticias.com\/editor\/#website\"},\"datePublished\":\"2024-01-30T19:59:06+00:00\",\"dateModified\":\"2024-01-30T19:59:07+00:00\",\"breadcrumb\":{\"@id\":\"https:\/\/luchonoticias.com\/editor\/capturados-presuntos-extorsionistas-se-identificaban-como-paramilitares-para-intimidar-a-sus-victimas\/#breadcrumb\"},\"inLanguage\":\"es\",\"potentialAction\":[{\"@type\":\"ReadAction\",\"target\":[\"https:\/\/luchonoticias.com\/editor\/capturados-presuntos-extorsionistas-se-identificaban-como-paramilitares-para-intimidar-a-sus-victimas\/\"]}]},{\"@type\":\"BreadcrumbList\",\"@id\":\"https:\/\/luchonoticias.com\/editor\/capturados-presuntos-extorsionistas-se-identificaban-como-paramilitares-para-intimidar-a-sus-victimas\/#breadcrumb\",\"itemListElement\":[{\"@type\":\"ListItem\",\"position\":1,\"name\":\"Portada\",\"item\":\"https:\/\/luchonoticias.com\/editor\/\"},{\"@type\":\"ListItem\",\"position\":2,\"name\":\"Capturados presuntos extorsionistas: se identificaban como paramilitares para intimidar a sus v\u00edctimas\"}]},{\"@type\":\"WebSite\",\"@id\":\"https:\/\/luchonoticias.com\/editor\/#website\",\"url\":\"https:\/\/luchonoticias.com\/editor\/\",\"name\":\"\",\"description\":\"\",\"publisher\":{\"@id\":\"https:\/\/luchonoticias.com\/editor\/#\/schema\/person\/7a7fd911f58561fd056dbac7b55af9cd\"},\"potentialAction\":[{\"@type\":\"SearchAction\",\"target\":{\"@type\":\"EntryPoint\",\"urlTemplate\":\"https:\/\/luchonoticias.com\/editor\/?s={search_term_string}\"},\"query-input\":{\"@type\":\"PropertyValueSpecification\",\"valueRequired\":true,\"valueName\":\"search_term_string\"}}],\"inLanguage\":\"es\"},{\"@type\":[\"Person\",\"Organization\"],\"@id\":\"https:\/\/luchonoticias.com\/editor\/#\/schema\/person\/7a7fd911f58561fd056dbac7b55af9cd\",\"name\":\"admin\",\"image\":{\"@type\":\"ImageObject\",\"inLanguage\":\"es\",\"@id\":\"https:\/\/luchonoticias.com\/editor\/#\/schema\/person\/image\/\",\"url\":\"https:\/\/luchonoticias.com\/editor\/wp-content\/uploads\/2024\/02\/cropped-cropped-logolu.webp\",\"contentUrl\":\"https:\/\/luchonoticias.com\/editor\/wp-content\/uploads\/2024\/02\/cropped-cropped-logolu.webp\",\"width\":382,\"height\":170,\"caption\":\"admin\"},\"logo\":{\"@id\":\"https:\/\/luchonoticias.com\/editor\/#\/schema\/person\/image\/\"},\"sameAs\":[\"https:\/\/www.facebook.com\/luchonoticiasneiva\"]},{\"@type\":\"Person\",\"@id\":\"https:\/\/luchonoticias.com\/editor\/#\/schema\/person\/29217990ddf6f14e35912b2866d591fb\",\"name\":\"Editor General\",\"image\":{\"@type\":\"ImageObject\",\"inLanguage\":\"es\",\"@id\":\"https:\/\/luchonoticias.com\/editor\/#\/schema\/person\/image\/\",\"url\":\"https:\/\/luchonoticias.com\/editor\/wp-content\/uploads\/2024\/02\/cropped-cropped-logolu-150x150.webp\",\"contentUrl\":\"https:\/\/luchonoticias.com\/editor\/wp-content\/uploads\/2024\/02\/cropped-cropped-logolu-150x150.webp\",\"caption\":\"Editor General\"},\"sameAs\":[\"https:\/\/luchonoticias.com\/\"],\"url\":\"https:\/\/luchonoticias.com\/editor\/author\/editor-general\/\"}]}<\/script>\n<!-- \/ Yoast SEO plugin. -->","yoast_head_json":{"title":"Capturados presuntos extorsionistas: se identificaban como paramilitares para intimidar a sus v\u00edctimas -","robots":{"index":"index","follow":"follow","max-snippet":"max-snippet:-1","max-image-preview":"max-image-preview:large","max-video-preview":"max-video-preview:-1"},"canonical":"https:\/\/luchonoticias.com\/editor\/capturados-presuntos-extorsionistas-se-identificaban-como-paramilitares-para-intimidar-a-sus-victimas\/","og_locale":"es_ES","og_type":"article","og_title":"Capturados presuntos extorsionistas: se identificaban como paramilitares para intimidar a sus v\u00edctimas -","og_url":"https:\/\/luchonoticias.com\/editor\/capturados-presuntos-extorsionistas-se-identificaban-como-paramilitares-para-intimidar-a-sus-victimas\/","article_publisher":"https:\/\/www.facebook.com\/luchonoticiasneiva","article_published_time":"2024-01-30T19:59:06+00:00","article_modified_time":"2024-01-30T19:59:07+00:00","author":"Editor General","twitter_card":"summary_large_image","twitter_misc":{"Escrito por":"Editor General","Tiempo de lectura":"1 minuto"},"schema":{"@context":"https:\/\/schema.org","@graph":[{"@type":"Article","@id":"https:\/\/luchonoticias.com\/editor\/capturados-presuntos-extorsionistas-se-identificaban-como-paramilitares-para-intimidar-a-sus-victimas\/#article","isPartOf":{"@id":"https:\/\/luchonoticias.com\/editor\/capturados-presuntos-extorsionistas-se-identificaban-como-paramilitares-para-intimidar-a-sus-victimas\/"},"author":{"name":"Editor General","@id":"https:\/\/luchonoticias.com\/editor\/#\/schema\/person\/29217990ddf6f14e35912b2866d591fb"},"headline":"Capturados presuntos extorsionistas: se identificaban como paramilitares para intimidar a sus v\u00edctimas","datePublished":"2024-01-30T19:59:06+00:00","dateModified":"2024-01-30T19:59:07+00:00","mainEntityOfPage":{"@id":"https:\/\/luchonoticias.com\/editor\/capturados-presuntos-extorsionistas-se-identificaban-como-paramilitares-para-intimidar-a-sus-victimas\/"},"wordCount":187,"commentCount":0,"publisher":{"@id":"https:\/\/luchonoticias.com\/editor\/#\/schema\/person\/7a7fd911f58561fd056dbac7b55af9cd"},"articleSection":["Destacado","Judicial"],"inLanguage":"es","potentialAction":[{"@type":"CommentAction","name":"Comment","target":["https:\/\/luchonoticias.com\/editor\/capturados-presuntos-extorsionistas-se-identificaban-como-paramilitares-para-intimidar-a-sus-victimas\/#respond"]}]},{"@type":"WebPage","@id":"https:\/\/luchonoticias.com\/editor\/capturados-presuntos-extorsionistas-se-identificaban-como-paramilitares-para-intimidar-a-sus-victimas\/","url":"https:\/\/luchonoticias.com\/editor\/capturados-presuntos-extorsionistas-se-identificaban-como-paramilitares-para-intimidar-a-sus-victimas\/","name":"Capturados presuntos extorsionistas: se identificaban como paramilitares para intimidar a sus v\u00edctimas -","isPartOf":{"@id":"https:\/\/luchonoticias.com\/editor\/#website"},"datePublished":"2024-01-30T19:59:06+00:00","dateModified":"2024-01-30T19:59:07+00:00","breadcrumb":{"@id":"https:\/\/luchonoticias.com\/editor\/capturados-presuntos-extorsionistas-se-identificaban-como-paramilitares-para-intimidar-a-sus-victimas\/#breadcrumb"},"inLanguage":"es","potentialAction":[{"@type":"ReadAction","target":["https:\/\/luchonoticias.com\/editor\/capturados-presuntos-extorsionistas-se-identificaban-como-paramilitares-para-intimidar-a-sus-victimas\/"]}]},{"@type":"BreadcrumbList","@id":"https:\/\/luchonoticias.com\/editor\/capturados-presuntos-extorsionistas-se-identificaban-como-paramilitares-para-intimidar-a-sus-victimas\/#breadcrumb","itemListElement":[{"@type":"ListItem","position":1,"name":"Portada","item":"https:\/\/luchonoticias.com\/editor\/"},{"@type":"ListItem","position":2,"name":"Capturados presuntos extorsionistas: se identificaban como paramilitares para intimidar a sus v\u00edctimas"}]},{"@type":"WebSite","@id":"https:\/\/luchonoticias.com\/editor\/#website","url":"https:\/\/luchonoticias.com\/editor\/","name":"","description":"","publisher":{"@id":"https:\/\/luchonoticias.com\/editor\/#\/schema\/person\/7a7fd911f58561fd056dbac7b55af9cd"},"potentialAction":[{"@type":"SearchAction","target":{"@type":"EntryPoint","urlTemplate":"https:\/\/luchonoticias.com\/editor\/?s={search_term_string}"},"query-input":{"@type":"PropertyValueSpecification","valueRequired":true,"valueName":"search_term_string"}}],"inLanguage":"es"},{"@type":["Person","Organization"],"@id":"https:\/\/luchonoticias.com\/editor\/#\/schema\/person\/7a7fd911f58561fd056dbac7b55af9cd","name":"admin","image":{"@type":"ImageObject","inLanguage":"es","@id":"https:\/\/luchonoticias.com\/editor\/#\/schema\/person\/image\/","url":"https:\/\/luchonoticias.com\/editor\/wp-content\/uploads\/2024\/02\/cropped-cropped-logolu.webp","contentUrl":"https:\/\/luchonoticias.com\/editor\/wp-content\/uploads\/2024\/02\/cropped-cropped-logolu.webp","width":382,"height":170,"caption":"admin"},"logo":{"@id":"https:\/\/luchonoticias.com\/editor\/#\/schema\/person\/image\/"},"sameAs":["https:\/\/www.facebook.com\/luchonoticiasneiva"]},{"@type":"Person","@id":"https:\/\/luchonoticias.com\/editor\/#\/schema\/person\/29217990ddf6f14e35912b2866d591fb","name":"Editor General","image":{"@type":"ImageObject","inLanguage":"es","@id":"https:\/\/luchonoticias.com\/editor\/#\/schema\/person\/image\/","url":"https:\/\/luchonoticias.com\/editor\/wp-content\/uploads\/2024\/02\/cropped-cropped-logolu-150x150.webp","contentUrl":"https:\/\/luchonoticias.com\/editor\/wp-content\/uploads\/2024\/02\/cropped-cropped-logolu-150x150.webp","caption":"Editor General"},"sameAs":["https:\/\/luchonoticias.com\/"],"url":"https:\/\/luchonoticias.com\/editor\/author\/editor-general\/"}]}},"_links":{"self":[{"href":"https:\/\/luchonoticias.com\/editor\/wp-json\/wp\/v2\/posts\/67774","targetHints":{"allow":["GET"]}}],"collection":[{"href":"https:\/\/luchonoticias.com\/editor\/wp-json\/wp\/v2\/posts"}],"about":[{"href":"https:\/\/luchonoticias.com\/editor\/wp-json\/wp\/v2\/types\/post"}],"author":[{"embeddable":true,"href":"https:\/\/luchonoticias.com\/editor\/wp-json\/wp\/v2\/users\/2"}],"replies":[{"embeddable":true,"href":"https:\/\/luchonoticias.com\/editor\/wp-json\/wp\/v2\/comments?post=67774"}],"version-history":[{"count":0,"href":"https:\/\/luchonoticias.com\/editor\/wp-json\/wp\/v2\/posts\/67774\/revisions"}],"wp:attachment":[{"href":"https:\/\/luchonoticias.com\/editor\/wp-json\/wp\/v2\/media?parent=67774"}],"wp:term":[{"taxonomy":"category","embeddable":true,"href":"https:\/\/luchonoticias.com\/editor\/wp-json\/wp\/v2\/categories?post=67774"},{"taxonomy":"post_tag","embeddable":true,"href":"https:\/\/luchonoticias.com\/editor\/wp-json\/wp\/v2\/tags?post=67774"}],"curies":[{"name":"wp","href":"https:\/\/api.w.org\/{rel}","templated":true}]}}