{"id":67777,"date":"2024-01-30T15:01:43","date_gmt":"2024-01-30T20:01:43","guid":{"rendered":"https:\/\/luchonoticias.com\/?p=67777"},"modified":"2024-01-30T15:01:44","modified_gmt":"2024-01-30T20:01:44","slug":"concejo-de-neiva-pide-resultados-al-contralor-municipal-en-investigaciones-y-fiscalizacion-del-municipio","status":"publish","type":"post","link":"https:\/\/luchonoticias.com\/editor\/concejo-de-neiva-pide-resultados-al-contralor-municipal-en-investigaciones-y-fiscalizacion-del-municipio\/","title":{"rendered":"Concejo de Neiva pide resultados al Contralor Municipal en investigaciones y fiscalizaci\u00f3n del municipio"},"content":{"rendered":"\n<p>Durante la sesi\u00f3n realizada el d\u00eda de hoy en la Corporaci\u00f3n Concejo de Neiva, el Contralor Municipal Gilberto Mateus Quintero, se dispuso a dar respuesta a los interrogantes formulados por parte de los honorables concejales quienes mostraron preocupaci\u00f3n por la gesti\u00f3n realizada de control a entidades como la Alcald\u00eda de Neiva, Empresas P\u00fablicas de Neiva, el Sistema Estrat\u00e9gico de Transporte P\u00fablico, entre otras.<\/p>\n\n\n\n<p>\u201dCumplimos con el objetivo de que nos presentara un informe, tenemos que decir que se hizo de manera extempor\u00e1nea, lo dejamos claro aqu\u00ed en nuestra intervenci\u00f3n y esperamos que en la pr\u00f3xima invitaci\u00f3n tengamos datos m\u00e1s concretos y reales. Lo que busc\u00e1bamos era encontrar un diagn\u00f3stico de c\u00f3mo estaban los procesos de fiscalizaci\u00f3n y de control por parte de la Contralor\u00eda Municipal\u2026\u201d Indic\u00f3 H\u00e9ctor Camilo Perdomo, concejal citante.<\/p>\n\n\n\n<p>Por su parte el presidente de la Corporaci\u00f3n Juan Diego Amaya, cuestion\u00f3 al contralor frente a las acciones que se han realizado en temas cruciales como la oficina de rentas, la asignaci\u00f3n de espacios p\u00fablicos, entre otros, \u201dDe nada nos vale las auditorias, los hallazgos, las veedur\u00edas, las socializaciones, los informes, si no hay resultados y resultados es recuperar plata y encontrar responsables. Atravezamos, tal vez la peor administraci\u00f3n, tal vez la m\u00e1s corrupta de la historia reciente de Neiva\u201d tambi\u00e9n le exigi\u00f3 a la Contralor\u00eda Municipal, resultados. \u201dLa Contralor\u00eda est\u00e1 para recuperar recursos p\u00fablicos, si no recupera recursos p\u00fablicos, no tiene sentido que exista la Contralor\u00eda Municipal\u201d<\/p>\n\n\n\n<p>Asimismo, el contralor municipal indic\u00f3 que vienen trabajando de manera responsable, y que busca hacer sinergia con el Concejo Municipal, para hacerle frente a todas las denuncias e inquietudes que medios de comunicaci\u00f3n y comunidad que diariamente pone en conocimiento de la Contralor\u00eda Municipal. \u201dAqu\u00ed no hay que hacer otra cosa que trabajar en equipo, compartiendo la informaci\u00f3n, que cada uno puede aportarle y nosotros dentro de nuestras competencias, funciones y atribuciones, darle a conocer a la opini\u00f3n p\u00fablica nuestros resultados\u201d<\/p>\n\n\n\n<p>El concejal Johan Steed Ort\u00edz, radic\u00f3 una nueva invitaci\u00f3n al contralor municipal para el pr\u00f3ximo 22 de febrero.<\/p>\n","protected":false},"excerpt":{"rendered":"<p>Durante la sesi\u00f3n realizada el d\u00eda de hoy en la Corporaci\u00f3n Concejo de Neiva, el Contralor Municipal Gilberto Mateus Quintero, se dispuso a dar respuesta a los interrogantes formulados por parte de los honorables concejales quienes mostraron preocupaci\u00f3n por la gesti\u00f3n realizada de control a entidades como la Alcald\u00eda de Neiva, Empresas P\u00fablicas de Neiva, [&hellip;]<\/p>\n","protected":false},"author":2,"featured_media":0,"comment_status":"open","ping_status":"open","sticky":false,"template":"","format":"standard","meta":{"footnotes":""},"categories":[36,617],"tags":[],"class_list":["post-67777","post","type-post","status-publish","format-standard","hentry","category-destacado","category-politica"],"yoast_head":"<!-- This site is optimized with the Yoast SEO plugin v26.6 - https:\/\/yoast.com\/wordpress\/plugins\/seo\/ -->\n<title>Concejo de Neiva pide resultados al Contralor Municipal en investigaciones y fiscalizaci\u00f3n del municipio -<\/title>\n<meta name=\"robots\" content=\"index, follow, max-snippet:-1, max-image-preview:large, max-video-preview:-1\" \/>\n<link rel=\"canonical\" href=\"https:\/\/luchonoticias.com\/editor\/concejo-de-neiva-pide-resultados-al-contralor-municipal-en-investigaciones-y-fiscalizacion-del-municipio\/\" \/>\n<meta property=\"og:locale\" content=\"es_ES\" \/>\n<meta property=\"og:type\" content=\"article\" \/>\n<meta property=\"og:title\" content=\"Concejo de Neiva pide resultados al Contralor Municipal en investigaciones y fiscalizaci\u00f3n del municipio -\" \/>\n<meta property=\"og:url\" content=\"https:\/\/luchonoticias.com\/editor\/concejo-de-neiva-pide-resultados-al-contralor-municipal-en-investigaciones-y-fiscalizacion-del-municipio\/\" \/>\n<meta property=\"article:publisher\" content=\"https:\/\/www.facebook.com\/luchonoticiasneiva\" \/>\n<meta property=\"article:published_time\" content=\"2024-01-30T20:01:43+00:00\" \/>\n<meta property=\"article:modified_time\" content=\"2024-01-30T20:01:44+00:00\" \/>\n<meta name=\"author\" content=\"Editor General\" \/>\n<meta name=\"twitter:card\" content=\"summary_large_image\" \/>\n<meta name=\"twitter:label1\" content=\"Escrito por\" \/>\n\t<meta name=\"twitter:data1\" content=\"Editor General\" \/>\n\t<meta name=\"twitter:label2\" content=\"Tiempo de lectura\" \/>\n\t<meta name=\"twitter:data2\" content=\"2 minutos\" \/>\n<script type=\"application\/ld+json\" class=\"yoast-schema-graph\">{\"@context\":\"https:\/\/schema.org\",\"@graph\":[{\"@type\":\"Article\",\"@id\":\"https:\/\/luchonoticias.com\/editor\/concejo-de-neiva-pide-resultados-al-contralor-municipal-en-investigaciones-y-fiscalizacion-del-municipio\/#article\",\"isPartOf\":{\"@id\":\"https:\/\/luchonoticias.com\/editor\/concejo-de-neiva-pide-resultados-al-contralor-municipal-en-investigaciones-y-fiscalizacion-del-municipio\/\"},\"author\":{\"name\":\"Editor General\",\"@id\":\"https:\/\/luchonoticias.com\/editor\/#\/schema\/person\/29217990ddf6f14e35912b2866d591fb\"},\"headline\":\"Concejo de Neiva pide resultados al Contralor Municipal en investigaciones y fiscalizaci\u00f3n del municipio\",\"datePublished\":\"2024-01-30T20:01:43+00:00\",\"dateModified\":\"2024-01-30T20:01:44+00:00\",\"mainEntityOfPage\":{\"@id\":\"https:\/\/luchonoticias.com\/editor\/concejo-de-neiva-pide-resultados-al-contralor-municipal-en-investigaciones-y-fiscalizacion-del-municipio\/\"},\"wordCount\":392,\"commentCount\":0,\"publisher\":{\"@id\":\"https:\/\/luchonoticias.com\/editor\/#\/schema\/person\/7a7fd911f58561fd056dbac7b55af9cd\"},\"articleSection\":[\"Destacado\",\"Pol\u00edtica\"],\"inLanguage\":\"es\",\"potentialAction\":[{\"@type\":\"CommentAction\",\"name\":\"Comment\",\"target\":[\"https:\/\/luchonoticias.com\/editor\/concejo-de-neiva-pide-resultados-al-contralor-municipal-en-investigaciones-y-fiscalizacion-del-municipio\/#respond\"]}]},{\"@type\":\"WebPage\",\"@id\":\"https:\/\/luchonoticias.com\/editor\/concejo-de-neiva-pide-resultados-al-contralor-municipal-en-investigaciones-y-fiscalizacion-del-municipio\/\",\"url\":\"https:\/\/luchonoticias.com\/editor\/concejo-de-neiva-pide-resultados-al-contralor-municipal-en-investigaciones-y-fiscalizacion-del-municipio\/\",\"name\":\"Concejo de Neiva pide resultados al Contralor Municipal en investigaciones y fiscalizaci\u00f3n del municipio -\",\"isPartOf\":{\"@id\":\"https:\/\/luchonoticias.com\/editor\/#website\"},\"datePublished\":\"2024-01-30T20:01:43+00:00\",\"dateModified\":\"2024-01-30T20:01:44+00:00\",\"breadcrumb\":{\"@id\":\"https:\/\/luchonoticias.com\/editor\/concejo-de-neiva-pide-resultados-al-contralor-municipal-en-investigaciones-y-fiscalizacion-del-municipio\/#breadcrumb\"},\"inLanguage\":\"es\",\"potentialAction\":[{\"@type\":\"ReadAction\",\"target\":[\"https:\/\/luchonoticias.com\/editor\/concejo-de-neiva-pide-resultados-al-contralor-municipal-en-investigaciones-y-fiscalizacion-del-municipio\/\"]}]},{\"@type\":\"BreadcrumbList\",\"@id\":\"https:\/\/luchonoticias.com\/editor\/concejo-de-neiva-pide-resultados-al-contralor-municipal-en-investigaciones-y-fiscalizacion-del-municipio\/#breadcrumb\",\"itemListElement\":[{\"@type\":\"ListItem\",\"position\":1,\"name\":\"Portada\",\"item\":\"https:\/\/luchonoticias.com\/editor\/\"},{\"@type\":\"ListItem\",\"position\":2,\"name\":\"Concejo de Neiva pide resultados al Contralor Municipal en investigaciones y fiscalizaci\u00f3n del municipio\"}]},{\"@type\":\"WebSite\",\"@id\":\"https:\/\/luchonoticias.com\/editor\/#website\",\"url\":\"https:\/\/luchonoticias.com\/editor\/\",\"name\":\"\",\"description\":\"\",\"publisher\":{\"@id\":\"https:\/\/luchonoticias.com\/editor\/#\/schema\/person\/7a7fd911f58561fd056dbac7b55af9cd\"},\"potentialAction\":[{\"@type\":\"SearchAction\",\"target\":{\"@type\":\"EntryPoint\",\"urlTemplate\":\"https:\/\/luchonoticias.com\/editor\/?s={search_term_string}\"},\"query-input\":{\"@type\":\"PropertyValueSpecification\",\"valueRequired\":true,\"valueName\":\"search_term_string\"}}],\"inLanguage\":\"es\"},{\"@type\":[\"Person\",\"Organization\"],\"@id\":\"https:\/\/luchonoticias.com\/editor\/#\/schema\/person\/7a7fd911f58561fd056dbac7b55af9cd\",\"name\":\"admin\",\"image\":{\"@type\":\"ImageObject\",\"inLanguage\":\"es\",\"@id\":\"https:\/\/luchonoticias.com\/editor\/#\/schema\/person\/image\/\",\"url\":\"https:\/\/luchonoticias.com\/editor\/wp-content\/uploads\/2024\/02\/cropped-cropped-logolu.webp\",\"contentUrl\":\"https:\/\/luchonoticias.com\/editor\/wp-content\/uploads\/2024\/02\/cropped-cropped-logolu.webp\",\"width\":382,\"height\":170,\"caption\":\"admin\"},\"logo\":{\"@id\":\"https:\/\/luchonoticias.com\/editor\/#\/schema\/person\/image\/\"},\"sameAs\":[\"https:\/\/www.facebook.com\/luchonoticiasneiva\"]},{\"@type\":\"Person\",\"@id\":\"https:\/\/luchonoticias.com\/editor\/#\/schema\/person\/29217990ddf6f14e35912b2866d591fb\",\"name\":\"Editor General\",\"image\":{\"@type\":\"ImageObject\",\"inLanguage\":\"es\",\"@id\":\"https:\/\/luchonoticias.com\/editor\/#\/schema\/person\/image\/\",\"url\":\"https:\/\/luchonoticias.com\/editor\/wp-content\/uploads\/2024\/02\/cropped-cropped-logolu-150x150.webp\",\"contentUrl\":\"https:\/\/luchonoticias.com\/editor\/wp-content\/uploads\/2024\/02\/cropped-cropped-logolu-150x150.webp\",\"caption\":\"Editor General\"},\"sameAs\":[\"https:\/\/luchonoticias.com\/\"],\"url\":\"https:\/\/luchonoticias.com\/editor\/author\/editor-general\/\"}]}<\/script>\n<!-- \/ Yoast SEO plugin. -->","yoast_head_json":{"title":"Concejo de Neiva pide resultados al Contralor Municipal en investigaciones y fiscalizaci\u00f3n del municipio -","robots":{"index":"index","follow":"follow","max-snippet":"max-snippet:-1","max-image-preview":"max-image-preview:large","max-video-preview":"max-video-preview:-1"},"canonical":"https:\/\/luchonoticias.com\/editor\/concejo-de-neiva-pide-resultados-al-contralor-municipal-en-investigaciones-y-fiscalizacion-del-municipio\/","og_locale":"es_ES","og_type":"article","og_title":"Concejo de Neiva pide resultados al Contralor Municipal en investigaciones y fiscalizaci\u00f3n del municipio -","og_url":"https:\/\/luchonoticias.com\/editor\/concejo-de-neiva-pide-resultados-al-contralor-municipal-en-investigaciones-y-fiscalizacion-del-municipio\/","article_publisher":"https:\/\/www.facebook.com\/luchonoticiasneiva","article_published_time":"2024-01-30T20:01:43+00:00","article_modified_time":"2024-01-30T20:01:44+00:00","author":"Editor General","twitter_card":"summary_large_image","twitter_misc":{"Escrito por":"Editor General","Tiempo de lectura":"2 minutos"},"schema":{"@context":"https:\/\/schema.org","@graph":[{"@type":"Article","@id":"https:\/\/luchonoticias.com\/editor\/concejo-de-neiva-pide-resultados-al-contralor-municipal-en-investigaciones-y-fiscalizacion-del-municipio\/#article","isPartOf":{"@id":"https:\/\/luchonoticias.com\/editor\/concejo-de-neiva-pide-resultados-al-contralor-municipal-en-investigaciones-y-fiscalizacion-del-municipio\/"},"author":{"name":"Editor General","@id":"https:\/\/luchonoticias.com\/editor\/#\/schema\/person\/29217990ddf6f14e35912b2866d591fb"},"headline":"Concejo de Neiva pide resultados al Contralor Municipal en investigaciones y fiscalizaci\u00f3n del municipio","datePublished":"2024-01-30T20:01:43+00:00","dateModified":"2024-01-30T20:01:44+00:00","mainEntityOfPage":{"@id":"https:\/\/luchonoticias.com\/editor\/concejo-de-neiva-pide-resultados-al-contralor-municipal-en-investigaciones-y-fiscalizacion-del-municipio\/"},"wordCount":392,"commentCount":0,"publisher":{"@id":"https:\/\/luchonoticias.com\/editor\/#\/schema\/person\/7a7fd911f58561fd056dbac7b55af9cd"},"articleSection":["Destacado","Pol\u00edtica"],"inLanguage":"es","potentialAction":[{"@type":"CommentAction","name":"Comment","target":["https:\/\/luchonoticias.com\/editor\/concejo-de-neiva-pide-resultados-al-contralor-municipal-en-investigaciones-y-fiscalizacion-del-municipio\/#respond"]}]},{"@type":"WebPage","@id":"https:\/\/luchonoticias.com\/editor\/concejo-de-neiva-pide-resultados-al-contralor-municipal-en-investigaciones-y-fiscalizacion-del-municipio\/","url":"https:\/\/luchonoticias.com\/editor\/concejo-de-neiva-pide-resultados-al-contralor-municipal-en-investigaciones-y-fiscalizacion-del-municipio\/","name":"Concejo de Neiva pide resultados al Contralor Municipal en investigaciones y fiscalizaci\u00f3n del municipio -","isPartOf":{"@id":"https:\/\/luchonoticias.com\/editor\/#website"},"datePublished":"2024-01-30T20:01:43+00:00","dateModified":"2024-01-30T20:01:44+00:00","breadcrumb":{"@id":"https:\/\/luchonoticias.com\/editor\/concejo-de-neiva-pide-resultados-al-contralor-municipal-en-investigaciones-y-fiscalizacion-del-municipio\/#breadcrumb"},"inLanguage":"es","potentialAction":[{"@type":"ReadAction","target":["https:\/\/luchonoticias.com\/editor\/concejo-de-neiva-pide-resultados-al-contralor-municipal-en-investigaciones-y-fiscalizacion-del-municipio\/"]}]},{"@type":"BreadcrumbList","@id":"https:\/\/luchonoticias.com\/editor\/concejo-de-neiva-pide-resultados-al-contralor-municipal-en-investigaciones-y-fiscalizacion-del-municipio\/#breadcrumb","itemListElement":[{"@type":"ListItem","position":1,"name":"Portada","item":"https:\/\/luchonoticias.com\/editor\/"},{"@type":"ListItem","position":2,"name":"Concejo de Neiva pide resultados al Contralor Municipal en investigaciones y fiscalizaci\u00f3n del municipio"}]},{"@type":"WebSite","@id":"https:\/\/luchonoticias.com\/editor\/#website","url":"https:\/\/luchonoticias.com\/editor\/","name":"","description":"","publisher":{"@id":"https:\/\/luchonoticias.com\/editor\/#\/schema\/person\/7a7fd911f58561fd056dbac7b55af9cd"},"potentialAction":[{"@type":"SearchAction","target":{"@type":"EntryPoint","urlTemplate":"https:\/\/luchonoticias.com\/editor\/?s={search_term_string}"},"query-input":{"@type":"PropertyValueSpecification","valueRequired":true,"valueName":"search_term_string"}}],"inLanguage":"es"},{"@type":["Person","Organization"],"@id":"https:\/\/luchonoticias.com\/editor\/#\/schema\/person\/7a7fd911f58561fd056dbac7b55af9cd","name":"admin","image":{"@type":"ImageObject","inLanguage":"es","@id":"https:\/\/luchonoticias.com\/editor\/#\/schema\/person\/image\/","url":"https:\/\/luchonoticias.com\/editor\/wp-content\/uploads\/2024\/02\/cropped-cropped-logolu.webp","contentUrl":"https:\/\/luchonoticias.com\/editor\/wp-content\/uploads\/2024\/02\/cropped-cropped-logolu.webp","width":382,"height":170,"caption":"admin"},"logo":{"@id":"https:\/\/luchonoticias.com\/editor\/#\/schema\/person\/image\/"},"sameAs":["https:\/\/www.facebook.com\/luchonoticiasneiva"]},{"@type":"Person","@id":"https:\/\/luchonoticias.com\/editor\/#\/schema\/person\/29217990ddf6f14e35912b2866d591fb","name":"Editor General","image":{"@type":"ImageObject","inLanguage":"es","@id":"https:\/\/luchonoticias.com\/editor\/#\/schema\/person\/image\/","url":"https:\/\/luchonoticias.com\/editor\/wp-content\/uploads\/2024\/02\/cropped-cropped-logolu-150x150.webp","contentUrl":"https:\/\/luchonoticias.com\/editor\/wp-content\/uploads\/2024\/02\/cropped-cropped-logolu-150x150.webp","caption":"Editor General"},"sameAs":["https:\/\/luchonoticias.com\/"],"url":"https:\/\/luchonoticias.com\/editor\/author\/editor-general\/"}]}},"_links":{"self":[{"href":"https:\/\/luchonoticias.com\/editor\/wp-json\/wp\/v2\/posts\/67777","targetHints":{"allow":["GET"]}}],"collection":[{"href":"https:\/\/luchonoticias.com\/editor\/wp-json\/wp\/v2\/posts"}],"about":[{"href":"https:\/\/luchonoticias.com\/editor\/wp-json\/wp\/v2\/types\/post"}],"author":[{"embeddable":true,"href":"https:\/\/luchonoticias.com\/editor\/wp-json\/wp\/v2\/users\/2"}],"replies":[{"embeddable":true,"href":"https:\/\/luchonoticias.com\/editor\/wp-json\/wp\/v2\/comments?post=67777"}],"version-history":[{"count":0,"href":"https:\/\/luchonoticias.com\/editor\/wp-json\/wp\/v2\/posts\/67777\/revisions"}],"wp:attachment":[{"href":"https:\/\/luchonoticias.com\/editor\/wp-json\/wp\/v2\/media?parent=67777"}],"wp:term":[{"taxonomy":"category","embeddable":true,"href":"https:\/\/luchonoticias.com\/editor\/wp-json\/wp\/v2\/categories?post=67777"},{"taxonomy":"post_tag","embeddable":true,"href":"https:\/\/luchonoticias.com\/editor\/wp-json\/wp\/v2\/tags?post=67777"}],"curies":[{"name":"wp","href":"https:\/\/api.w.org\/{rel}","templated":true}]}}