{"id":67780,"date":"2024-01-30T15:03:43","date_gmt":"2024-01-30T20:03:43","guid":{"rendered":"https:\/\/luchonoticias.com\/?p=67780"},"modified":"2024-01-30T15:03:44","modified_gmt":"2024-01-30T20:03:44","slug":"27-jovenes-huilenses-juraron-bandera-como-auxiliares-de-policia","status":"publish","type":"post","link":"https:\/\/luchonoticias.com\/editor\/27-jovenes-huilenses-juraron-bandera-como-auxiliares-de-policia\/","title":{"rendered":"27 j\u00f3venes huilenses juraron bandera como auxiliares de polic\u00eda."},"content":{"rendered":"\n<p>El comando del Departamento de Polic\u00eda Huila presidi\u00f3 la ceremonia de juramento de bandera de 27 j\u00f3venes que prestar\u00e1n sus servicios a los huilenses en las diferentes estaciones del departamento, en zona urbana y rural.<\/p>\n\n\n\n<p>Las 20 mujeres y siete hombres que juraron bandera para prestar su servicio militar en la Polic\u00eda son oriundos del departamento del Huila y prestar\u00e1n su servicio dentro del mismo departamento a partir de la pr\u00f3xima semana.<\/p>\n\n\n\n<figure class=\"wp-block-image size-large is-style-rounded\"><img decoding=\"async\" src=\"https:\/\/luchonoticias.com\/wp-content\/uploads\/2024\/01\/WhatsApp-Image-2024-01-30-at-12.18.45-PM-1-1024x461.jpeg\" alt=\"\" class=\"wp-image-67782\"\/><\/figure>\n\n\n\n<p>Estos j\u00f3venes estar\u00e1n vinculados a especialidades como infancia y adolescencia, turismo, protecci\u00f3n ambiental y animal, seguridad de instalaciones y prevenci\u00f3n y educaci\u00f3n ciudadana.<\/p>\n\n\n\n<p>El comandante (e) del departamento de Polic\u00eda Huila, teniente coronel Henry Alexander Mu\u00f1oz Pinilla asegur\u00f3 que es un orgullo para la Instituci\u00f3n recibir a estas 20 mujeres y siete hombres que har\u00e1n parte de la gran familia del departamento de Polic\u00eda Huila prestando un servicio ciudadano en las calles y en zona rural del departamento.<\/p>\n","protected":false},"excerpt":{"rendered":"<p>El comando del Departamento de Polic\u00eda Huila presidi\u00f3 la ceremonia de juramento de bandera de 27 j\u00f3venes que prestar\u00e1n sus servicios a los huilenses en las diferentes estaciones del departamento, en zona urbana y rural. Las 20 mujeres y siete hombres que juraron bandera para prestar su servicio militar en la Polic\u00eda son oriundos del [&hellip;]<\/p>\n","protected":false},"author":2,"featured_media":0,"comment_status":"open","ping_status":"open","sticky":false,"template":"","format":"standard","meta":{"footnotes":""},"categories":[36,35],"tags":[],"class_list":["post-67780","post","type-post","status-publish","format-standard","hentry","category-destacado","category-regional"],"yoast_head":"<!-- This site is optimized with the Yoast SEO plugin v26.6 - https:\/\/yoast.com\/wordpress\/plugins\/seo\/ -->\n<title>27 j\u00f3venes huilenses juraron bandera como auxiliares de polic\u00eda. -<\/title>\n<meta name=\"robots\" content=\"index, follow, max-snippet:-1, max-image-preview:large, max-video-preview:-1\" \/>\n<link rel=\"canonical\" href=\"https:\/\/luchonoticias.com\/editor\/27-jovenes-huilenses-juraron-bandera-como-auxiliares-de-policia\/\" \/>\n<meta property=\"og:locale\" content=\"es_ES\" \/>\n<meta property=\"og:type\" content=\"article\" \/>\n<meta property=\"og:title\" content=\"27 j\u00f3venes huilenses juraron bandera como auxiliares de polic\u00eda. -\" \/>\n<meta property=\"og:url\" content=\"https:\/\/luchonoticias.com\/editor\/27-jovenes-huilenses-juraron-bandera-como-auxiliares-de-policia\/\" \/>\n<meta property=\"article:publisher\" content=\"https:\/\/www.facebook.com\/luchonoticiasneiva\" \/>\n<meta property=\"article:published_time\" content=\"2024-01-30T20:03:43+00:00\" \/>\n<meta property=\"article:modified_time\" content=\"2024-01-30T20:03:44+00:00\" \/>\n<meta property=\"og:image\" content=\"https:\/\/luchonoticias.com\/wp-content\/uploads\/2024\/01\/WhatsApp-Image-2024-01-30-at-12.18.45-PM-1-1024x461.jpeg\" \/>\n<meta name=\"author\" content=\"Editor General\" \/>\n<meta name=\"twitter:card\" content=\"summary_large_image\" \/>\n<meta name=\"twitter:label1\" content=\"Escrito por\" \/>\n\t<meta name=\"twitter:data1\" content=\"Editor General\" \/>\n\t<meta name=\"twitter:label2\" content=\"Tiempo de lectura\" \/>\n\t<meta name=\"twitter:data2\" content=\"1 minuto\" \/>\n<script type=\"application\/ld+json\" class=\"yoast-schema-graph\">{\"@context\":\"https:\/\/schema.org\",\"@graph\":[{\"@type\":\"Article\",\"@id\":\"https:\/\/luchonoticias.com\/editor\/27-jovenes-huilenses-juraron-bandera-como-auxiliares-de-policia\/#article\",\"isPartOf\":{\"@id\":\"https:\/\/luchonoticias.com\/editor\/27-jovenes-huilenses-juraron-bandera-como-auxiliares-de-policia\/\"},\"author\":{\"name\":\"Editor General\",\"@id\":\"https:\/\/luchonoticias.com\/editor\/#\/schema\/person\/29217990ddf6f14e35912b2866d591fb\"},\"headline\":\"27 j\u00f3venes huilenses juraron bandera como auxiliares de polic\u00eda.\",\"datePublished\":\"2024-01-30T20:03:43+00:00\",\"dateModified\":\"2024-01-30T20:03:44+00:00\",\"mainEntityOfPage\":{\"@id\":\"https:\/\/luchonoticias.com\/editor\/27-jovenes-huilenses-juraron-bandera-como-auxiliares-de-policia\/\"},\"wordCount\":173,\"commentCount\":0,\"publisher\":{\"@id\":\"https:\/\/luchonoticias.com\/editor\/#\/schema\/person\/7a7fd911f58561fd056dbac7b55af9cd\"},\"image\":{\"@id\":\"https:\/\/luchonoticias.com\/editor\/27-jovenes-huilenses-juraron-bandera-como-auxiliares-de-policia\/#primaryimage\"},\"thumbnailUrl\":\"https:\/\/luchonoticias.com\/wp-content\/uploads\/2024\/01\/WhatsApp-Image-2024-01-30-at-12.18.45-PM-1-1024x461.jpeg\",\"articleSection\":[\"Destacado\",\"Regional\"],\"inLanguage\":\"es\",\"potentialAction\":[{\"@type\":\"CommentAction\",\"name\":\"Comment\",\"target\":[\"https:\/\/luchonoticias.com\/editor\/27-jovenes-huilenses-juraron-bandera-como-auxiliares-de-policia\/#respond\"]}]},{\"@type\":\"WebPage\",\"@id\":\"https:\/\/luchonoticias.com\/editor\/27-jovenes-huilenses-juraron-bandera-como-auxiliares-de-policia\/\",\"url\":\"https:\/\/luchonoticias.com\/editor\/27-jovenes-huilenses-juraron-bandera-como-auxiliares-de-policia\/\",\"name\":\"27 j\u00f3venes huilenses juraron bandera como auxiliares de polic\u00eda. -\",\"isPartOf\":{\"@id\":\"https:\/\/luchonoticias.com\/editor\/#website\"},\"primaryImageOfPage\":{\"@id\":\"https:\/\/luchonoticias.com\/editor\/27-jovenes-huilenses-juraron-bandera-como-auxiliares-de-policia\/#primaryimage\"},\"image\":{\"@id\":\"https:\/\/luchonoticias.com\/editor\/27-jovenes-huilenses-juraron-bandera-como-auxiliares-de-policia\/#primaryimage\"},\"thumbnailUrl\":\"https:\/\/luchonoticias.com\/wp-content\/uploads\/2024\/01\/WhatsApp-Image-2024-01-30-at-12.18.45-PM-1-1024x461.jpeg\",\"datePublished\":\"2024-01-30T20:03:43+00:00\",\"dateModified\":\"2024-01-30T20:03:44+00:00\",\"breadcrumb\":{\"@id\":\"https:\/\/luchonoticias.com\/editor\/27-jovenes-huilenses-juraron-bandera-como-auxiliares-de-policia\/#breadcrumb\"},\"inLanguage\":\"es\",\"potentialAction\":[{\"@type\":\"ReadAction\",\"target\":[\"https:\/\/luchonoticias.com\/editor\/27-jovenes-huilenses-juraron-bandera-como-auxiliares-de-policia\/\"]}]},{\"@type\":\"ImageObject\",\"inLanguage\":\"es\",\"@id\":\"https:\/\/luchonoticias.com\/editor\/27-jovenes-huilenses-juraron-bandera-como-auxiliares-de-policia\/#primaryimage\",\"url\":\"https:\/\/luchonoticias.com\/wp-content\/uploads\/2024\/01\/WhatsApp-Image-2024-01-30-at-12.18.45-PM-1-1024x461.jpeg\",\"contentUrl\":\"https:\/\/luchonoticias.com\/wp-content\/uploads\/2024\/01\/WhatsApp-Image-2024-01-30-at-12.18.45-PM-1-1024x461.jpeg\"},{\"@type\":\"BreadcrumbList\",\"@id\":\"https:\/\/luchonoticias.com\/editor\/27-jovenes-huilenses-juraron-bandera-como-auxiliares-de-policia\/#breadcrumb\",\"itemListElement\":[{\"@type\":\"ListItem\",\"position\":1,\"name\":\"Portada\",\"item\":\"https:\/\/luchonoticias.com\/editor\/\"},{\"@type\":\"ListItem\",\"position\":2,\"name\":\"27 j\u00f3venes huilenses juraron bandera como auxiliares de polic\u00eda.\"}]},{\"@type\":\"WebSite\",\"@id\":\"https:\/\/luchonoticias.com\/editor\/#website\",\"url\":\"https:\/\/luchonoticias.com\/editor\/\",\"name\":\"\",\"description\":\"\",\"publisher\":{\"@id\":\"https:\/\/luchonoticias.com\/editor\/#\/schema\/person\/7a7fd911f58561fd056dbac7b55af9cd\"},\"potentialAction\":[{\"@type\":\"SearchAction\",\"target\":{\"@type\":\"EntryPoint\",\"urlTemplate\":\"https:\/\/luchonoticias.com\/editor\/?s={search_term_string}\"},\"query-input\":{\"@type\":\"PropertyValueSpecification\",\"valueRequired\":true,\"valueName\":\"search_term_string\"}}],\"inLanguage\":\"es\"},{\"@type\":[\"Person\",\"Organization\"],\"@id\":\"https:\/\/luchonoticias.com\/editor\/#\/schema\/person\/7a7fd911f58561fd056dbac7b55af9cd\",\"name\":\"admin\",\"image\":{\"@type\":\"ImageObject\",\"inLanguage\":\"es\",\"@id\":\"https:\/\/luchonoticias.com\/editor\/#\/schema\/person\/image\/\",\"url\":\"https:\/\/luchonoticias.com\/editor\/wp-content\/uploads\/2024\/02\/cropped-cropped-logolu.webp\",\"contentUrl\":\"https:\/\/luchonoticias.com\/editor\/wp-content\/uploads\/2024\/02\/cropped-cropped-logolu.webp\",\"width\":382,\"height\":170,\"caption\":\"admin\"},\"logo\":{\"@id\":\"https:\/\/luchonoticias.com\/editor\/#\/schema\/person\/image\/\"},\"sameAs\":[\"https:\/\/www.facebook.com\/luchonoticiasneiva\"]},{\"@type\":\"Person\",\"@id\":\"https:\/\/luchonoticias.com\/editor\/#\/schema\/person\/29217990ddf6f14e35912b2866d591fb\",\"name\":\"Editor General\",\"image\":{\"@type\":\"ImageObject\",\"inLanguage\":\"es\",\"@id\":\"https:\/\/luchonoticias.com\/editor\/#\/schema\/person\/image\/\",\"url\":\"https:\/\/luchonoticias.com\/editor\/wp-content\/uploads\/2024\/02\/cropped-cropped-logolu-150x150.webp\",\"contentUrl\":\"https:\/\/luchonoticias.com\/editor\/wp-content\/uploads\/2024\/02\/cropped-cropped-logolu-150x150.webp\",\"caption\":\"Editor General\"},\"sameAs\":[\"https:\/\/luchonoticias.com\/\"],\"url\":\"https:\/\/luchonoticias.com\/editor\/author\/editor-general\/\"}]}<\/script>\n<!-- \/ Yoast SEO plugin. -->","yoast_head_json":{"title":"27 j\u00f3venes huilenses juraron bandera como auxiliares de polic\u00eda. -","robots":{"index":"index","follow":"follow","max-snippet":"max-snippet:-1","max-image-preview":"max-image-preview:large","max-video-preview":"max-video-preview:-1"},"canonical":"https:\/\/luchonoticias.com\/editor\/27-jovenes-huilenses-juraron-bandera-como-auxiliares-de-policia\/","og_locale":"es_ES","og_type":"article","og_title":"27 j\u00f3venes huilenses juraron bandera como auxiliares de polic\u00eda. -","og_url":"https:\/\/luchonoticias.com\/editor\/27-jovenes-huilenses-juraron-bandera-como-auxiliares-de-policia\/","article_publisher":"https:\/\/www.facebook.com\/luchonoticiasneiva","article_published_time":"2024-01-30T20:03:43+00:00","article_modified_time":"2024-01-30T20:03:44+00:00","og_image":[{"url":"https:\/\/luchonoticias.com\/wp-content\/uploads\/2024\/01\/WhatsApp-Image-2024-01-30-at-12.18.45-PM-1-1024x461.jpeg","type":"","width":"","height":""}],"author":"Editor General","twitter_card":"summary_large_image","twitter_misc":{"Escrito por":"Editor General","Tiempo de lectura":"1 minuto"},"schema":{"@context":"https:\/\/schema.org","@graph":[{"@type":"Article","@id":"https:\/\/luchonoticias.com\/editor\/27-jovenes-huilenses-juraron-bandera-como-auxiliares-de-policia\/#article","isPartOf":{"@id":"https:\/\/luchonoticias.com\/editor\/27-jovenes-huilenses-juraron-bandera-como-auxiliares-de-policia\/"},"author":{"name":"Editor General","@id":"https:\/\/luchonoticias.com\/editor\/#\/schema\/person\/29217990ddf6f14e35912b2866d591fb"},"headline":"27 j\u00f3venes huilenses juraron bandera como auxiliares de polic\u00eda.","datePublished":"2024-01-30T20:03:43+00:00","dateModified":"2024-01-30T20:03:44+00:00","mainEntityOfPage":{"@id":"https:\/\/luchonoticias.com\/editor\/27-jovenes-huilenses-juraron-bandera-como-auxiliares-de-policia\/"},"wordCount":173,"commentCount":0,"publisher":{"@id":"https:\/\/luchonoticias.com\/editor\/#\/schema\/person\/7a7fd911f58561fd056dbac7b55af9cd"},"image":{"@id":"https:\/\/luchonoticias.com\/editor\/27-jovenes-huilenses-juraron-bandera-como-auxiliares-de-policia\/#primaryimage"},"thumbnailUrl":"https:\/\/luchonoticias.com\/wp-content\/uploads\/2024\/01\/WhatsApp-Image-2024-01-30-at-12.18.45-PM-1-1024x461.jpeg","articleSection":["Destacado","Regional"],"inLanguage":"es","potentialAction":[{"@type":"CommentAction","name":"Comment","target":["https:\/\/luchonoticias.com\/editor\/27-jovenes-huilenses-juraron-bandera-como-auxiliares-de-policia\/#respond"]}]},{"@type":"WebPage","@id":"https:\/\/luchonoticias.com\/editor\/27-jovenes-huilenses-juraron-bandera-como-auxiliares-de-policia\/","url":"https:\/\/luchonoticias.com\/editor\/27-jovenes-huilenses-juraron-bandera-como-auxiliares-de-policia\/","name":"27 j\u00f3venes huilenses juraron bandera como auxiliares de polic\u00eda. -","isPartOf":{"@id":"https:\/\/luchonoticias.com\/editor\/#website"},"primaryImageOfPage":{"@id":"https:\/\/luchonoticias.com\/editor\/27-jovenes-huilenses-juraron-bandera-como-auxiliares-de-policia\/#primaryimage"},"image":{"@id":"https:\/\/luchonoticias.com\/editor\/27-jovenes-huilenses-juraron-bandera-como-auxiliares-de-policia\/#primaryimage"},"thumbnailUrl":"https:\/\/luchonoticias.com\/wp-content\/uploads\/2024\/01\/WhatsApp-Image-2024-01-30-at-12.18.45-PM-1-1024x461.jpeg","datePublished":"2024-01-30T20:03:43+00:00","dateModified":"2024-01-30T20:03:44+00:00","breadcrumb":{"@id":"https:\/\/luchonoticias.com\/editor\/27-jovenes-huilenses-juraron-bandera-como-auxiliares-de-policia\/#breadcrumb"},"inLanguage":"es","potentialAction":[{"@type":"ReadAction","target":["https:\/\/luchonoticias.com\/editor\/27-jovenes-huilenses-juraron-bandera-como-auxiliares-de-policia\/"]}]},{"@type":"ImageObject","inLanguage":"es","@id":"https:\/\/luchonoticias.com\/editor\/27-jovenes-huilenses-juraron-bandera-como-auxiliares-de-policia\/#primaryimage","url":"https:\/\/luchonoticias.com\/wp-content\/uploads\/2024\/01\/WhatsApp-Image-2024-01-30-at-12.18.45-PM-1-1024x461.jpeg","contentUrl":"https:\/\/luchonoticias.com\/wp-content\/uploads\/2024\/01\/WhatsApp-Image-2024-01-30-at-12.18.45-PM-1-1024x461.jpeg"},{"@type":"BreadcrumbList","@id":"https:\/\/luchonoticias.com\/editor\/27-jovenes-huilenses-juraron-bandera-como-auxiliares-de-policia\/#breadcrumb","itemListElement":[{"@type":"ListItem","position":1,"name":"Portada","item":"https:\/\/luchonoticias.com\/editor\/"},{"@type":"ListItem","position":2,"name":"27 j\u00f3venes huilenses juraron bandera como auxiliares de polic\u00eda."}]},{"@type":"WebSite","@id":"https:\/\/luchonoticias.com\/editor\/#website","url":"https:\/\/luchonoticias.com\/editor\/","name":"","description":"","publisher":{"@id":"https:\/\/luchonoticias.com\/editor\/#\/schema\/person\/7a7fd911f58561fd056dbac7b55af9cd"},"potentialAction":[{"@type":"SearchAction","target":{"@type":"EntryPoint","urlTemplate":"https:\/\/luchonoticias.com\/editor\/?s={search_term_string}"},"query-input":{"@type":"PropertyValueSpecification","valueRequired":true,"valueName":"search_term_string"}}],"inLanguage":"es"},{"@type":["Person","Organization"],"@id":"https:\/\/luchonoticias.com\/editor\/#\/schema\/person\/7a7fd911f58561fd056dbac7b55af9cd","name":"admin","image":{"@type":"ImageObject","inLanguage":"es","@id":"https:\/\/luchonoticias.com\/editor\/#\/schema\/person\/image\/","url":"https:\/\/luchonoticias.com\/editor\/wp-content\/uploads\/2024\/02\/cropped-cropped-logolu.webp","contentUrl":"https:\/\/luchonoticias.com\/editor\/wp-content\/uploads\/2024\/02\/cropped-cropped-logolu.webp","width":382,"height":170,"caption":"admin"},"logo":{"@id":"https:\/\/luchonoticias.com\/editor\/#\/schema\/person\/image\/"},"sameAs":["https:\/\/www.facebook.com\/luchonoticiasneiva"]},{"@type":"Person","@id":"https:\/\/luchonoticias.com\/editor\/#\/schema\/person\/29217990ddf6f14e35912b2866d591fb","name":"Editor General","image":{"@type":"ImageObject","inLanguage":"es","@id":"https:\/\/luchonoticias.com\/editor\/#\/schema\/person\/image\/","url":"https:\/\/luchonoticias.com\/editor\/wp-content\/uploads\/2024\/02\/cropped-cropped-logolu-150x150.webp","contentUrl":"https:\/\/luchonoticias.com\/editor\/wp-content\/uploads\/2024\/02\/cropped-cropped-logolu-150x150.webp","caption":"Editor General"},"sameAs":["https:\/\/luchonoticias.com\/"],"url":"https:\/\/luchonoticias.com\/editor\/author\/editor-general\/"}]}},"_links":{"self":[{"href":"https:\/\/luchonoticias.com\/editor\/wp-json\/wp\/v2\/posts\/67780","targetHints":{"allow":["GET"]}}],"collection":[{"href":"https:\/\/luchonoticias.com\/editor\/wp-json\/wp\/v2\/posts"}],"about":[{"href":"https:\/\/luchonoticias.com\/editor\/wp-json\/wp\/v2\/types\/post"}],"author":[{"embeddable":true,"href":"https:\/\/luchonoticias.com\/editor\/wp-json\/wp\/v2\/users\/2"}],"replies":[{"embeddable":true,"href":"https:\/\/luchonoticias.com\/editor\/wp-json\/wp\/v2\/comments?post=67780"}],"version-history":[{"count":0,"href":"https:\/\/luchonoticias.com\/editor\/wp-json\/wp\/v2\/posts\/67780\/revisions"}],"wp:attachment":[{"href":"https:\/\/luchonoticias.com\/editor\/wp-json\/wp\/v2\/media?parent=67780"}],"wp:term":[{"taxonomy":"category","embeddable":true,"href":"https:\/\/luchonoticias.com\/editor\/wp-json\/wp\/v2\/categories?post=67780"},{"taxonomy":"post_tag","embeddable":true,"href":"https:\/\/luchonoticias.com\/editor\/wp-json\/wp\/v2\/tags?post=67780"}],"curies":[{"name":"wp","href":"https:\/\/api.w.org\/{rel}","templated":true}]}}