{"id":67790,"date":"2024-01-30T15:12:53","date_gmt":"2024-01-30T20:12:53","guid":{"rendered":"https:\/\/luchonoticias.com\/?p=67790"},"modified":"2024-01-30T15:12:54","modified_gmt":"2024-01-30T20:12:54","slug":"procuraduria-pidio-a-jep-ordenar-medidas-cautelares-en-beneficio-de-comunidades-negras-afrodescendientes-raizales-y-palenqueras","status":"publish","type":"post","link":"https:\/\/luchonoticias.com\/editor\/procuraduria-pidio-a-jep-ordenar-medidas-cautelares-en-beneficio-de-comunidades-negras-afrodescendientes-raizales-y-palenqueras\/","title":{"rendered":"Procuradur\u00eda pidi\u00f3 a JEP ordenar medidas cautelares en beneficio de comunidades Negras, Afrodescendientes, Raizales y Palenqueras"},"content":{"rendered":"\n<p>La Procuradur\u00eda General de la Naci\u00f3n solicit\u00f3 a la JEP que<strong>&nbsp;ordene a los ministerios del Interior, de Justicia y de Igualdad<\/strong>, poner en marcha un plan conjunto para garantizar que se&nbsp;<strong>actualicen los reglamentos internos de los Consejos Comunitarios de las comunidades Negras, Afrodescendientes, Raizales y Palenqueras, NARP<\/strong>, localizados en los territorios de concentraci\u00f3n del macrocaso 09 que investiga los cr\u00edmenes cometidos contra pueblos y territorios \u00e9tnicos.<\/p>\n\n\n\n<p>Con esta solicitud de la Procuradur\u00eda se&nbsp;<strong>impulsa la reivindicaci\u00f3n de derechos&nbsp;<\/strong>promovida por 18 Consejos Comunitarios y otras organizaciones sociales NARP de la Costa Pac\u00edfica.<\/p>\n\n\n\n<p>En su intervenci\u00f3n el procurador delegado ante la JEP, Christian Wolffh\u00fcgel Guti\u00e9rrez, precis\u00f3 que la actualizaci\u00f3n de los reglamentos propende por un efecto justo, reparador y transformador que permitir\u00e1&nbsp;<strong>comprender las realidades de estos pueblos y garantizar sus derechos a la igualdad material y acceso a la justicia<\/strong>, logrando que se reconozca a las autoridades propias y se observen los principios de di\u00e1logo intercultural, interjurisdiccional e interjusticias.<\/p>\n\n\n\n<p>Para el Ministerio P\u00fablico la citada actualizaci\u00f3n resulta de vital importancia, dado que a la fecha&nbsp;<strong>los reglamentos internos no cuentan con un componente de justicia y de derecho propio&nbsp;<\/strong>que permita comprender sus particularidades, en especial los impactos diferenciados que ocasionaron los hechos victimizante sobre la vida, cultura, cosmovisi\u00f3n, pr\u00e1cticas tradicionales e identidad \u00e9tnica de estas comunidades.<\/p>\n\n\n\n<p>Adem\u00e1s, ello permitir\u00e1 que las sanciones que imponga la Justicia Transicional resulten realmente reparadoras para los pueblos y comunidades NARP, m\u00e1s a\u00fan cuando \u201c<em>los informes que conoce la JEP dan cuenta de un&nbsp;<strong>proceso de desarraigo y de dispersi\u00f3n social&nbsp;<\/strong>con afectaciones sucesivas, simult\u00e1neas e interdependientes, que tuvieron por efectos la invisibilizaci\u00f3n de sus procesos, el debilitamiento de su identidad colectiva, el desconocimiento de sus formas de organizaci\u00f3n, la restricci\u00f3n de su autonom\u00eda y la limitaci\u00f3n de su ejercicio a la justicia propia<\/em>\u201d, se explica en la solicitud de medida cautelar.<\/p>\n\n\n\n<p>El delegado se\u00f1ala finalmente, que esta actualizaci\u00f3n es transcendental como medida de prevenci\u00f3n temprana para<strong>&nbsp;evitar la posible materializaci\u00f3n de escenarios de riesgo derivados de los contextos de exclusi\u00f3n y discriminaci\u00f3n<\/strong>, y como un mecanismo id\u00f3neo de participaci\u00f3n efectiva de las v\u00edctimas.<\/p>\n","protected":false},"excerpt":{"rendered":"<p>La Procuradur\u00eda General de la Naci\u00f3n solicit\u00f3 a la JEP que&nbsp;ordene a los ministerios del Interior, de Justicia y de Igualdad, poner en marcha un plan conjunto para garantizar que se&nbsp;actualicen los reglamentos internos de los Consejos Comunitarios de las comunidades Negras, Afrodescendientes, Raizales y Palenqueras, NARP, localizados en los territorios de concentraci\u00f3n del macrocaso [&hellip;]<\/p>\n","protected":false},"author":2,"featured_media":0,"comment_status":"open","ping_status":"open","sticky":false,"template":"","format":"standard","meta":{"footnotes":""},"categories":[36,32],"tags":[],"class_list":["post-67790","post","type-post","status-publish","format-standard","hentry","category-destacado","category-nacional"],"yoast_head":"<!-- This site is optimized with the Yoast SEO plugin v26.6 - https:\/\/yoast.com\/wordpress\/plugins\/seo\/ -->\n<title>Procuradur\u00eda pidi\u00f3 a JEP ordenar medidas cautelares en beneficio de comunidades Negras, Afrodescendientes, Raizales y Palenqueras -<\/title>\n<meta name=\"robots\" content=\"index, follow, max-snippet:-1, max-image-preview:large, max-video-preview:-1\" \/>\n<link rel=\"canonical\" href=\"https:\/\/luchonoticias.com\/editor\/procuraduria-pidio-a-jep-ordenar-medidas-cautelares-en-beneficio-de-comunidades-negras-afrodescendientes-raizales-y-palenqueras\/\" \/>\n<meta property=\"og:locale\" content=\"es_ES\" \/>\n<meta property=\"og:type\" content=\"article\" \/>\n<meta property=\"og:title\" content=\"Procuradur\u00eda pidi\u00f3 a JEP ordenar medidas cautelares en beneficio de comunidades Negras, Afrodescendientes, Raizales y Palenqueras -\" \/>\n<meta property=\"og:url\" content=\"https:\/\/luchonoticias.com\/editor\/procuraduria-pidio-a-jep-ordenar-medidas-cautelares-en-beneficio-de-comunidades-negras-afrodescendientes-raizales-y-palenqueras\/\" \/>\n<meta property=\"article:publisher\" content=\"https:\/\/www.facebook.com\/luchonoticiasneiva\" \/>\n<meta property=\"article:published_time\" content=\"2024-01-30T20:12:53+00:00\" \/>\n<meta property=\"article:modified_time\" content=\"2024-01-30T20:12:54+00:00\" \/>\n<meta name=\"author\" content=\"Editor General\" \/>\n<meta name=\"twitter:card\" content=\"summary_large_image\" \/>\n<meta name=\"twitter:label1\" content=\"Escrito por\" \/>\n\t<meta name=\"twitter:data1\" content=\"Editor General\" \/>\n\t<meta name=\"twitter:label2\" content=\"Tiempo de lectura\" \/>\n\t<meta name=\"twitter:data2\" content=\"2 minutos\" \/>\n<script type=\"application\/ld+json\" class=\"yoast-schema-graph\">{\"@context\":\"https:\/\/schema.org\",\"@graph\":[{\"@type\":\"Article\",\"@id\":\"https:\/\/luchonoticias.com\/editor\/procuraduria-pidio-a-jep-ordenar-medidas-cautelares-en-beneficio-de-comunidades-negras-afrodescendientes-raizales-y-palenqueras\/#article\",\"isPartOf\":{\"@id\":\"https:\/\/luchonoticias.com\/editor\/procuraduria-pidio-a-jep-ordenar-medidas-cautelares-en-beneficio-de-comunidades-negras-afrodescendientes-raizales-y-palenqueras\/\"},\"author\":{\"name\":\"Editor General\",\"@id\":\"https:\/\/luchonoticias.com\/editor\/#\/schema\/person\/29217990ddf6f14e35912b2866d591fb\"},\"headline\":\"Procuradur\u00eda pidi\u00f3 a JEP ordenar medidas cautelares en beneficio de comunidades Negras, Afrodescendientes, Raizales y Palenqueras\",\"datePublished\":\"2024-01-30T20:12:53+00:00\",\"dateModified\":\"2024-01-30T20:12:54+00:00\",\"mainEntityOfPage\":{\"@id\":\"https:\/\/luchonoticias.com\/editor\/procuraduria-pidio-a-jep-ordenar-medidas-cautelares-en-beneficio-de-comunidades-negras-afrodescendientes-raizales-y-palenqueras\/\"},\"wordCount\":412,\"commentCount\":0,\"publisher\":{\"@id\":\"https:\/\/luchonoticias.com\/editor\/#\/schema\/person\/7a7fd911f58561fd056dbac7b55af9cd\"},\"articleSection\":[\"Destacado\",\"Nacional\"],\"inLanguage\":\"es\",\"potentialAction\":[{\"@type\":\"CommentAction\",\"name\":\"Comment\",\"target\":[\"https:\/\/luchonoticias.com\/editor\/procuraduria-pidio-a-jep-ordenar-medidas-cautelares-en-beneficio-de-comunidades-negras-afrodescendientes-raizales-y-palenqueras\/#respond\"]}]},{\"@type\":\"WebPage\",\"@id\":\"https:\/\/luchonoticias.com\/editor\/procuraduria-pidio-a-jep-ordenar-medidas-cautelares-en-beneficio-de-comunidades-negras-afrodescendientes-raizales-y-palenqueras\/\",\"url\":\"https:\/\/luchonoticias.com\/editor\/procuraduria-pidio-a-jep-ordenar-medidas-cautelares-en-beneficio-de-comunidades-negras-afrodescendientes-raizales-y-palenqueras\/\",\"name\":\"Procuradur\u00eda pidi\u00f3 a JEP ordenar medidas cautelares en beneficio de comunidades Negras, Afrodescendientes, Raizales y Palenqueras -\",\"isPartOf\":{\"@id\":\"https:\/\/luchonoticias.com\/editor\/#website\"},\"datePublished\":\"2024-01-30T20:12:53+00:00\",\"dateModified\":\"2024-01-30T20:12:54+00:00\",\"breadcrumb\":{\"@id\":\"https:\/\/luchonoticias.com\/editor\/procuraduria-pidio-a-jep-ordenar-medidas-cautelares-en-beneficio-de-comunidades-negras-afrodescendientes-raizales-y-palenqueras\/#breadcrumb\"},\"inLanguage\":\"es\",\"potentialAction\":[{\"@type\":\"ReadAction\",\"target\":[\"https:\/\/luchonoticias.com\/editor\/procuraduria-pidio-a-jep-ordenar-medidas-cautelares-en-beneficio-de-comunidades-negras-afrodescendientes-raizales-y-palenqueras\/\"]}]},{\"@type\":\"BreadcrumbList\",\"@id\":\"https:\/\/luchonoticias.com\/editor\/procuraduria-pidio-a-jep-ordenar-medidas-cautelares-en-beneficio-de-comunidades-negras-afrodescendientes-raizales-y-palenqueras\/#breadcrumb\",\"itemListElement\":[{\"@type\":\"ListItem\",\"position\":1,\"name\":\"Portada\",\"item\":\"https:\/\/luchonoticias.com\/editor\/\"},{\"@type\":\"ListItem\",\"position\":2,\"name\":\"Procuradur\u00eda pidi\u00f3 a JEP ordenar medidas cautelares en beneficio de comunidades Negras, Afrodescendientes, Raizales y Palenqueras\"}]},{\"@type\":\"WebSite\",\"@id\":\"https:\/\/luchonoticias.com\/editor\/#website\",\"url\":\"https:\/\/luchonoticias.com\/editor\/\",\"name\":\"\",\"description\":\"\",\"publisher\":{\"@id\":\"https:\/\/luchonoticias.com\/editor\/#\/schema\/person\/7a7fd911f58561fd056dbac7b55af9cd\"},\"potentialAction\":[{\"@type\":\"SearchAction\",\"target\":{\"@type\":\"EntryPoint\",\"urlTemplate\":\"https:\/\/luchonoticias.com\/editor\/?s={search_term_string}\"},\"query-input\":{\"@type\":\"PropertyValueSpecification\",\"valueRequired\":true,\"valueName\":\"search_term_string\"}}],\"inLanguage\":\"es\"},{\"@type\":[\"Person\",\"Organization\"],\"@id\":\"https:\/\/luchonoticias.com\/editor\/#\/schema\/person\/7a7fd911f58561fd056dbac7b55af9cd\",\"name\":\"admin\",\"image\":{\"@type\":\"ImageObject\",\"inLanguage\":\"es\",\"@id\":\"https:\/\/luchonoticias.com\/editor\/#\/schema\/person\/image\/\",\"url\":\"https:\/\/luchonoticias.com\/editor\/wp-content\/uploads\/2024\/02\/cropped-cropped-logolu.webp\",\"contentUrl\":\"https:\/\/luchonoticias.com\/editor\/wp-content\/uploads\/2024\/02\/cropped-cropped-logolu.webp\",\"width\":382,\"height\":170,\"caption\":\"admin\"},\"logo\":{\"@id\":\"https:\/\/luchonoticias.com\/editor\/#\/schema\/person\/image\/\"},\"sameAs\":[\"https:\/\/www.facebook.com\/luchonoticiasneiva\"]},{\"@type\":\"Person\",\"@id\":\"https:\/\/luchonoticias.com\/editor\/#\/schema\/person\/29217990ddf6f14e35912b2866d591fb\",\"name\":\"Editor General\",\"image\":{\"@type\":\"ImageObject\",\"inLanguage\":\"es\",\"@id\":\"https:\/\/luchonoticias.com\/editor\/#\/schema\/person\/image\/\",\"url\":\"https:\/\/luchonoticias.com\/editor\/wp-content\/uploads\/2024\/02\/cropped-cropped-logolu-150x150.webp\",\"contentUrl\":\"https:\/\/luchonoticias.com\/editor\/wp-content\/uploads\/2024\/02\/cropped-cropped-logolu-150x150.webp\",\"caption\":\"Editor General\"},\"sameAs\":[\"https:\/\/luchonoticias.com\/\"],\"url\":\"https:\/\/luchonoticias.com\/editor\/author\/editor-general\/\"}]}<\/script>\n<!-- \/ Yoast SEO plugin. -->","yoast_head_json":{"title":"Procuradur\u00eda pidi\u00f3 a JEP ordenar medidas cautelares en beneficio de comunidades Negras, Afrodescendientes, Raizales y Palenqueras -","robots":{"index":"index","follow":"follow","max-snippet":"max-snippet:-1","max-image-preview":"max-image-preview:large","max-video-preview":"max-video-preview:-1"},"canonical":"https:\/\/luchonoticias.com\/editor\/procuraduria-pidio-a-jep-ordenar-medidas-cautelares-en-beneficio-de-comunidades-negras-afrodescendientes-raizales-y-palenqueras\/","og_locale":"es_ES","og_type":"article","og_title":"Procuradur\u00eda pidi\u00f3 a JEP ordenar medidas cautelares en beneficio de comunidades Negras, Afrodescendientes, Raizales y Palenqueras -","og_url":"https:\/\/luchonoticias.com\/editor\/procuraduria-pidio-a-jep-ordenar-medidas-cautelares-en-beneficio-de-comunidades-negras-afrodescendientes-raizales-y-palenqueras\/","article_publisher":"https:\/\/www.facebook.com\/luchonoticiasneiva","article_published_time":"2024-01-30T20:12:53+00:00","article_modified_time":"2024-01-30T20:12:54+00:00","author":"Editor General","twitter_card":"summary_large_image","twitter_misc":{"Escrito por":"Editor General","Tiempo de lectura":"2 minutos"},"schema":{"@context":"https:\/\/schema.org","@graph":[{"@type":"Article","@id":"https:\/\/luchonoticias.com\/editor\/procuraduria-pidio-a-jep-ordenar-medidas-cautelares-en-beneficio-de-comunidades-negras-afrodescendientes-raizales-y-palenqueras\/#article","isPartOf":{"@id":"https:\/\/luchonoticias.com\/editor\/procuraduria-pidio-a-jep-ordenar-medidas-cautelares-en-beneficio-de-comunidades-negras-afrodescendientes-raizales-y-palenqueras\/"},"author":{"name":"Editor General","@id":"https:\/\/luchonoticias.com\/editor\/#\/schema\/person\/29217990ddf6f14e35912b2866d591fb"},"headline":"Procuradur\u00eda pidi\u00f3 a JEP ordenar medidas cautelares en beneficio de comunidades Negras, Afrodescendientes, Raizales y Palenqueras","datePublished":"2024-01-30T20:12:53+00:00","dateModified":"2024-01-30T20:12:54+00:00","mainEntityOfPage":{"@id":"https:\/\/luchonoticias.com\/editor\/procuraduria-pidio-a-jep-ordenar-medidas-cautelares-en-beneficio-de-comunidades-negras-afrodescendientes-raizales-y-palenqueras\/"},"wordCount":412,"commentCount":0,"publisher":{"@id":"https:\/\/luchonoticias.com\/editor\/#\/schema\/person\/7a7fd911f58561fd056dbac7b55af9cd"},"articleSection":["Destacado","Nacional"],"inLanguage":"es","potentialAction":[{"@type":"CommentAction","name":"Comment","target":["https:\/\/luchonoticias.com\/editor\/procuraduria-pidio-a-jep-ordenar-medidas-cautelares-en-beneficio-de-comunidades-negras-afrodescendientes-raizales-y-palenqueras\/#respond"]}]},{"@type":"WebPage","@id":"https:\/\/luchonoticias.com\/editor\/procuraduria-pidio-a-jep-ordenar-medidas-cautelares-en-beneficio-de-comunidades-negras-afrodescendientes-raizales-y-palenqueras\/","url":"https:\/\/luchonoticias.com\/editor\/procuraduria-pidio-a-jep-ordenar-medidas-cautelares-en-beneficio-de-comunidades-negras-afrodescendientes-raizales-y-palenqueras\/","name":"Procuradur\u00eda pidi\u00f3 a JEP ordenar medidas cautelares en beneficio de comunidades Negras, Afrodescendientes, Raizales y Palenqueras -","isPartOf":{"@id":"https:\/\/luchonoticias.com\/editor\/#website"},"datePublished":"2024-01-30T20:12:53+00:00","dateModified":"2024-01-30T20:12:54+00:00","breadcrumb":{"@id":"https:\/\/luchonoticias.com\/editor\/procuraduria-pidio-a-jep-ordenar-medidas-cautelares-en-beneficio-de-comunidades-negras-afrodescendientes-raizales-y-palenqueras\/#breadcrumb"},"inLanguage":"es","potentialAction":[{"@type":"ReadAction","target":["https:\/\/luchonoticias.com\/editor\/procuraduria-pidio-a-jep-ordenar-medidas-cautelares-en-beneficio-de-comunidades-negras-afrodescendientes-raizales-y-palenqueras\/"]}]},{"@type":"BreadcrumbList","@id":"https:\/\/luchonoticias.com\/editor\/procuraduria-pidio-a-jep-ordenar-medidas-cautelares-en-beneficio-de-comunidades-negras-afrodescendientes-raizales-y-palenqueras\/#breadcrumb","itemListElement":[{"@type":"ListItem","position":1,"name":"Portada","item":"https:\/\/luchonoticias.com\/editor\/"},{"@type":"ListItem","position":2,"name":"Procuradur\u00eda pidi\u00f3 a JEP ordenar medidas cautelares en beneficio de comunidades Negras, Afrodescendientes, Raizales y Palenqueras"}]},{"@type":"WebSite","@id":"https:\/\/luchonoticias.com\/editor\/#website","url":"https:\/\/luchonoticias.com\/editor\/","name":"","description":"","publisher":{"@id":"https:\/\/luchonoticias.com\/editor\/#\/schema\/person\/7a7fd911f58561fd056dbac7b55af9cd"},"potentialAction":[{"@type":"SearchAction","target":{"@type":"EntryPoint","urlTemplate":"https:\/\/luchonoticias.com\/editor\/?s={search_term_string}"},"query-input":{"@type":"PropertyValueSpecification","valueRequired":true,"valueName":"search_term_string"}}],"inLanguage":"es"},{"@type":["Person","Organization"],"@id":"https:\/\/luchonoticias.com\/editor\/#\/schema\/person\/7a7fd911f58561fd056dbac7b55af9cd","name":"admin","image":{"@type":"ImageObject","inLanguage":"es","@id":"https:\/\/luchonoticias.com\/editor\/#\/schema\/person\/image\/","url":"https:\/\/luchonoticias.com\/editor\/wp-content\/uploads\/2024\/02\/cropped-cropped-logolu.webp","contentUrl":"https:\/\/luchonoticias.com\/editor\/wp-content\/uploads\/2024\/02\/cropped-cropped-logolu.webp","width":382,"height":170,"caption":"admin"},"logo":{"@id":"https:\/\/luchonoticias.com\/editor\/#\/schema\/person\/image\/"},"sameAs":["https:\/\/www.facebook.com\/luchonoticiasneiva"]},{"@type":"Person","@id":"https:\/\/luchonoticias.com\/editor\/#\/schema\/person\/29217990ddf6f14e35912b2866d591fb","name":"Editor General","image":{"@type":"ImageObject","inLanguage":"es","@id":"https:\/\/luchonoticias.com\/editor\/#\/schema\/person\/image\/","url":"https:\/\/luchonoticias.com\/editor\/wp-content\/uploads\/2024\/02\/cropped-cropped-logolu-150x150.webp","contentUrl":"https:\/\/luchonoticias.com\/editor\/wp-content\/uploads\/2024\/02\/cropped-cropped-logolu-150x150.webp","caption":"Editor General"},"sameAs":["https:\/\/luchonoticias.com\/"],"url":"https:\/\/luchonoticias.com\/editor\/author\/editor-general\/"}]}},"_links":{"self":[{"href":"https:\/\/luchonoticias.com\/editor\/wp-json\/wp\/v2\/posts\/67790","targetHints":{"allow":["GET"]}}],"collection":[{"href":"https:\/\/luchonoticias.com\/editor\/wp-json\/wp\/v2\/posts"}],"about":[{"href":"https:\/\/luchonoticias.com\/editor\/wp-json\/wp\/v2\/types\/post"}],"author":[{"embeddable":true,"href":"https:\/\/luchonoticias.com\/editor\/wp-json\/wp\/v2\/users\/2"}],"replies":[{"embeddable":true,"href":"https:\/\/luchonoticias.com\/editor\/wp-json\/wp\/v2\/comments?post=67790"}],"version-history":[{"count":0,"href":"https:\/\/luchonoticias.com\/editor\/wp-json\/wp\/v2\/posts\/67790\/revisions"}],"wp:attachment":[{"href":"https:\/\/luchonoticias.com\/editor\/wp-json\/wp\/v2\/media?parent=67790"}],"wp:term":[{"taxonomy":"category","embeddable":true,"href":"https:\/\/luchonoticias.com\/editor\/wp-json\/wp\/v2\/categories?post=67790"},{"taxonomy":"post_tag","embeddable":true,"href":"https:\/\/luchonoticias.com\/editor\/wp-json\/wp\/v2\/tags?post=67790"}],"curies":[{"name":"wp","href":"https:\/\/api.w.org\/{rel}","templated":true}]}}