{"id":67796,"date":"2024-01-31T06:10:26","date_gmt":"2024-01-31T11:10:26","guid":{"rendered":"https:\/\/luchonoticias.com\/?p=67796"},"modified":"2024-01-31T06:10:27","modified_gmt":"2024-01-31T11:10:27","slug":"capturado-alias-el-calvo-con-orden-judicial-por-hurto-calificado-y-agravado","status":"publish","type":"post","link":"https:\/\/luchonoticias.com\/editor\/capturado-alias-el-calvo-con-orden-judicial-por-hurto-calificado-y-agravado\/","title":{"rendered":"Capturado alias \u2018El Calvo\u2019 con orden judicial por hurto calificado y agravado"},"content":{"rendered":"\n<p>De esta forma, uniformados adscritos a la Seccional de Investigaci\u00f3n Criminal SIJIN, en despliegue de actividades operativas y preventivas en la comuna 6 , logran la captura de un hombre conocido como \u201cEl Calvo\u201d de 29 a\u00f1os de edad, el cual al verificar su documento de identidad registra orden de captura vigente por el delito de hurto agravado y calificado.<\/p>\n\n\n\n<p>Es de anotar que esta persona, le figura anotaciones judiciales por los delitos de violencia intrafamiliar, fuga de presos y hurto, adem\u00e1s hizo parte del desarticulado Grupo de delincuencia organizada \u00abLos Topos\u00bb dedicados al hurto de cable de telefon\u00eda celular.<\/p>\n\n\n\n<p>El capturado fue dejado a disposici\u00f3n de la autoridad competente, donde un juez de control de garant\u00edas, determinar\u00e1 su situaci\u00f3n jur\u00eddica.<\/p>\n\n\n\n<p>La Polic\u00eda Metropolitana de Neiva, en cabeza del se\u00f1or Coronel Alexander Castillo Marin, invita a la ciudadan\u00eda, a que denuncie a la l\u00ednea de emergencia 123 cualquier situaci\u00f3n, situaci\u00f3n que atente contra la seguridad y convivencia.<\/p>\n","protected":false},"excerpt":{"rendered":"<p>De esta forma, uniformados adscritos a la Seccional de Investigaci\u00f3n Criminal SIJIN, en despliegue de actividades operativas y preventivas en la comuna 6 , logran la captura de un hombre conocido como \u201cEl Calvo\u201d de 29 a\u00f1os de edad, el cual al verificar su documento de identidad registra orden de captura vigente por el delito [&hellip;]<\/p>\n","protected":false},"author":2,"featured_media":0,"comment_status":"open","ping_status":"open","sticky":false,"template":"","format":"standard","meta":{"footnotes":""},"categories":[36,29],"tags":[],"class_list":["post-67796","post","type-post","status-publish","format-standard","hentry","category-destacado","category-judicial"],"yoast_head":"<!-- This site is optimized with the Yoast SEO plugin v26.6 - https:\/\/yoast.com\/wordpress\/plugins\/seo\/ -->\n<title>Capturado alias \u2018El Calvo\u2019 con orden judicial por hurto calificado y agravado -<\/title>\n<meta name=\"robots\" content=\"index, follow, max-snippet:-1, max-image-preview:large, max-video-preview:-1\" \/>\n<link rel=\"canonical\" href=\"https:\/\/luchonoticias.com\/editor\/capturado-alias-el-calvo-con-orden-judicial-por-hurto-calificado-y-agravado\/\" \/>\n<meta property=\"og:locale\" content=\"es_ES\" \/>\n<meta property=\"og:type\" content=\"article\" \/>\n<meta property=\"og:title\" content=\"Capturado alias \u2018El Calvo\u2019 con orden judicial por hurto calificado y agravado -\" \/>\n<meta property=\"og:url\" content=\"https:\/\/luchonoticias.com\/editor\/capturado-alias-el-calvo-con-orden-judicial-por-hurto-calificado-y-agravado\/\" \/>\n<meta property=\"article:publisher\" content=\"https:\/\/www.facebook.com\/luchonoticiasneiva\" \/>\n<meta property=\"article:published_time\" content=\"2024-01-31T11:10:26+00:00\" \/>\n<meta property=\"article:modified_time\" content=\"2024-01-31T11:10:27+00:00\" \/>\n<meta name=\"author\" content=\"Editor General\" \/>\n<meta name=\"twitter:card\" content=\"summary_large_image\" \/>\n<meta name=\"twitter:label1\" content=\"Escrito por\" \/>\n\t<meta name=\"twitter:data1\" content=\"Editor General\" \/>\n\t<meta name=\"twitter:label2\" content=\"Tiempo de lectura\" \/>\n\t<meta name=\"twitter:data2\" content=\"1 minuto\" \/>\n<script type=\"application\/ld+json\" class=\"yoast-schema-graph\">{\"@context\":\"https:\/\/schema.org\",\"@graph\":[{\"@type\":\"Article\",\"@id\":\"https:\/\/luchonoticias.com\/editor\/capturado-alias-el-calvo-con-orden-judicial-por-hurto-calificado-y-agravado\/#article\",\"isPartOf\":{\"@id\":\"https:\/\/luchonoticias.com\/editor\/capturado-alias-el-calvo-con-orden-judicial-por-hurto-calificado-y-agravado\/\"},\"author\":{\"name\":\"Editor General\",\"@id\":\"https:\/\/luchonoticias.com\/editor\/#\/schema\/person\/29217990ddf6f14e35912b2866d591fb\"},\"headline\":\"Capturado alias \u2018El Calvo\u2019 con orden judicial por hurto calificado y agravado\",\"datePublished\":\"2024-01-31T11:10:26+00:00\",\"dateModified\":\"2024-01-31T11:10:27+00:00\",\"mainEntityOfPage\":{\"@id\":\"https:\/\/luchonoticias.com\/editor\/capturado-alias-el-calvo-con-orden-judicial-por-hurto-calificado-y-agravado\/\"},\"wordCount\":179,\"commentCount\":0,\"publisher\":{\"@id\":\"https:\/\/luchonoticias.com\/editor\/#\/schema\/person\/7a7fd911f58561fd056dbac7b55af9cd\"},\"articleSection\":[\"Destacado\",\"Judicial\"],\"inLanguage\":\"es\",\"potentialAction\":[{\"@type\":\"CommentAction\",\"name\":\"Comment\",\"target\":[\"https:\/\/luchonoticias.com\/editor\/capturado-alias-el-calvo-con-orden-judicial-por-hurto-calificado-y-agravado\/#respond\"]}]},{\"@type\":\"WebPage\",\"@id\":\"https:\/\/luchonoticias.com\/editor\/capturado-alias-el-calvo-con-orden-judicial-por-hurto-calificado-y-agravado\/\",\"url\":\"https:\/\/luchonoticias.com\/editor\/capturado-alias-el-calvo-con-orden-judicial-por-hurto-calificado-y-agravado\/\",\"name\":\"Capturado alias \u2018El Calvo\u2019 con orden judicial por hurto calificado y agravado -\",\"isPartOf\":{\"@id\":\"https:\/\/luchonoticias.com\/editor\/#website\"},\"datePublished\":\"2024-01-31T11:10:26+00:00\",\"dateModified\":\"2024-01-31T11:10:27+00:00\",\"breadcrumb\":{\"@id\":\"https:\/\/luchonoticias.com\/editor\/capturado-alias-el-calvo-con-orden-judicial-por-hurto-calificado-y-agravado\/#breadcrumb\"},\"inLanguage\":\"es\",\"potentialAction\":[{\"@type\":\"ReadAction\",\"target\":[\"https:\/\/luchonoticias.com\/editor\/capturado-alias-el-calvo-con-orden-judicial-por-hurto-calificado-y-agravado\/\"]}]},{\"@type\":\"BreadcrumbList\",\"@id\":\"https:\/\/luchonoticias.com\/editor\/capturado-alias-el-calvo-con-orden-judicial-por-hurto-calificado-y-agravado\/#breadcrumb\",\"itemListElement\":[{\"@type\":\"ListItem\",\"position\":1,\"name\":\"Portada\",\"item\":\"https:\/\/luchonoticias.com\/editor\/\"},{\"@type\":\"ListItem\",\"position\":2,\"name\":\"Capturado alias \u2018El Calvo\u2019 con orden judicial por hurto calificado y agravado\"}]},{\"@type\":\"WebSite\",\"@id\":\"https:\/\/luchonoticias.com\/editor\/#website\",\"url\":\"https:\/\/luchonoticias.com\/editor\/\",\"name\":\"\",\"description\":\"\",\"publisher\":{\"@id\":\"https:\/\/luchonoticias.com\/editor\/#\/schema\/person\/7a7fd911f58561fd056dbac7b55af9cd\"},\"potentialAction\":[{\"@type\":\"SearchAction\",\"target\":{\"@type\":\"EntryPoint\",\"urlTemplate\":\"https:\/\/luchonoticias.com\/editor\/?s={search_term_string}\"},\"query-input\":{\"@type\":\"PropertyValueSpecification\",\"valueRequired\":true,\"valueName\":\"search_term_string\"}}],\"inLanguage\":\"es\"},{\"@type\":[\"Person\",\"Organization\"],\"@id\":\"https:\/\/luchonoticias.com\/editor\/#\/schema\/person\/7a7fd911f58561fd056dbac7b55af9cd\",\"name\":\"admin\",\"image\":{\"@type\":\"ImageObject\",\"inLanguage\":\"es\",\"@id\":\"https:\/\/luchonoticias.com\/editor\/#\/schema\/person\/image\/\",\"url\":\"https:\/\/luchonoticias.com\/editor\/wp-content\/uploads\/2024\/02\/cropped-cropped-logolu.webp\",\"contentUrl\":\"https:\/\/luchonoticias.com\/editor\/wp-content\/uploads\/2024\/02\/cropped-cropped-logolu.webp\",\"width\":382,\"height\":170,\"caption\":\"admin\"},\"logo\":{\"@id\":\"https:\/\/luchonoticias.com\/editor\/#\/schema\/person\/image\/\"},\"sameAs\":[\"https:\/\/www.facebook.com\/luchonoticiasneiva\"]},{\"@type\":\"Person\",\"@id\":\"https:\/\/luchonoticias.com\/editor\/#\/schema\/person\/29217990ddf6f14e35912b2866d591fb\",\"name\":\"Editor General\",\"image\":{\"@type\":\"ImageObject\",\"inLanguage\":\"es\",\"@id\":\"https:\/\/luchonoticias.com\/editor\/#\/schema\/person\/image\/\",\"url\":\"https:\/\/luchonoticias.com\/editor\/wp-content\/uploads\/2024\/02\/cropped-cropped-logolu-150x150.webp\",\"contentUrl\":\"https:\/\/luchonoticias.com\/editor\/wp-content\/uploads\/2024\/02\/cropped-cropped-logolu-150x150.webp\",\"caption\":\"Editor General\"},\"sameAs\":[\"https:\/\/luchonoticias.com\/\"],\"url\":\"https:\/\/luchonoticias.com\/editor\/author\/editor-general\/\"}]}<\/script>\n<!-- \/ Yoast SEO plugin. -->","yoast_head_json":{"title":"Capturado alias \u2018El Calvo\u2019 con orden judicial por hurto calificado y agravado -","robots":{"index":"index","follow":"follow","max-snippet":"max-snippet:-1","max-image-preview":"max-image-preview:large","max-video-preview":"max-video-preview:-1"},"canonical":"https:\/\/luchonoticias.com\/editor\/capturado-alias-el-calvo-con-orden-judicial-por-hurto-calificado-y-agravado\/","og_locale":"es_ES","og_type":"article","og_title":"Capturado alias \u2018El Calvo\u2019 con orden judicial por hurto calificado y agravado -","og_url":"https:\/\/luchonoticias.com\/editor\/capturado-alias-el-calvo-con-orden-judicial-por-hurto-calificado-y-agravado\/","article_publisher":"https:\/\/www.facebook.com\/luchonoticiasneiva","article_published_time":"2024-01-31T11:10:26+00:00","article_modified_time":"2024-01-31T11:10:27+00:00","author":"Editor General","twitter_card":"summary_large_image","twitter_misc":{"Escrito por":"Editor General","Tiempo de lectura":"1 minuto"},"schema":{"@context":"https:\/\/schema.org","@graph":[{"@type":"Article","@id":"https:\/\/luchonoticias.com\/editor\/capturado-alias-el-calvo-con-orden-judicial-por-hurto-calificado-y-agravado\/#article","isPartOf":{"@id":"https:\/\/luchonoticias.com\/editor\/capturado-alias-el-calvo-con-orden-judicial-por-hurto-calificado-y-agravado\/"},"author":{"name":"Editor General","@id":"https:\/\/luchonoticias.com\/editor\/#\/schema\/person\/29217990ddf6f14e35912b2866d591fb"},"headline":"Capturado alias \u2018El Calvo\u2019 con orden judicial por hurto calificado y agravado","datePublished":"2024-01-31T11:10:26+00:00","dateModified":"2024-01-31T11:10:27+00:00","mainEntityOfPage":{"@id":"https:\/\/luchonoticias.com\/editor\/capturado-alias-el-calvo-con-orden-judicial-por-hurto-calificado-y-agravado\/"},"wordCount":179,"commentCount":0,"publisher":{"@id":"https:\/\/luchonoticias.com\/editor\/#\/schema\/person\/7a7fd911f58561fd056dbac7b55af9cd"},"articleSection":["Destacado","Judicial"],"inLanguage":"es","potentialAction":[{"@type":"CommentAction","name":"Comment","target":["https:\/\/luchonoticias.com\/editor\/capturado-alias-el-calvo-con-orden-judicial-por-hurto-calificado-y-agravado\/#respond"]}]},{"@type":"WebPage","@id":"https:\/\/luchonoticias.com\/editor\/capturado-alias-el-calvo-con-orden-judicial-por-hurto-calificado-y-agravado\/","url":"https:\/\/luchonoticias.com\/editor\/capturado-alias-el-calvo-con-orden-judicial-por-hurto-calificado-y-agravado\/","name":"Capturado alias \u2018El Calvo\u2019 con orden judicial por hurto calificado y agravado -","isPartOf":{"@id":"https:\/\/luchonoticias.com\/editor\/#website"},"datePublished":"2024-01-31T11:10:26+00:00","dateModified":"2024-01-31T11:10:27+00:00","breadcrumb":{"@id":"https:\/\/luchonoticias.com\/editor\/capturado-alias-el-calvo-con-orden-judicial-por-hurto-calificado-y-agravado\/#breadcrumb"},"inLanguage":"es","potentialAction":[{"@type":"ReadAction","target":["https:\/\/luchonoticias.com\/editor\/capturado-alias-el-calvo-con-orden-judicial-por-hurto-calificado-y-agravado\/"]}]},{"@type":"BreadcrumbList","@id":"https:\/\/luchonoticias.com\/editor\/capturado-alias-el-calvo-con-orden-judicial-por-hurto-calificado-y-agravado\/#breadcrumb","itemListElement":[{"@type":"ListItem","position":1,"name":"Portada","item":"https:\/\/luchonoticias.com\/editor\/"},{"@type":"ListItem","position":2,"name":"Capturado alias \u2018El Calvo\u2019 con orden judicial por hurto calificado y agravado"}]},{"@type":"WebSite","@id":"https:\/\/luchonoticias.com\/editor\/#website","url":"https:\/\/luchonoticias.com\/editor\/","name":"","description":"","publisher":{"@id":"https:\/\/luchonoticias.com\/editor\/#\/schema\/person\/7a7fd911f58561fd056dbac7b55af9cd"},"potentialAction":[{"@type":"SearchAction","target":{"@type":"EntryPoint","urlTemplate":"https:\/\/luchonoticias.com\/editor\/?s={search_term_string}"},"query-input":{"@type":"PropertyValueSpecification","valueRequired":true,"valueName":"search_term_string"}}],"inLanguage":"es"},{"@type":["Person","Organization"],"@id":"https:\/\/luchonoticias.com\/editor\/#\/schema\/person\/7a7fd911f58561fd056dbac7b55af9cd","name":"admin","image":{"@type":"ImageObject","inLanguage":"es","@id":"https:\/\/luchonoticias.com\/editor\/#\/schema\/person\/image\/","url":"https:\/\/luchonoticias.com\/editor\/wp-content\/uploads\/2024\/02\/cropped-cropped-logolu.webp","contentUrl":"https:\/\/luchonoticias.com\/editor\/wp-content\/uploads\/2024\/02\/cropped-cropped-logolu.webp","width":382,"height":170,"caption":"admin"},"logo":{"@id":"https:\/\/luchonoticias.com\/editor\/#\/schema\/person\/image\/"},"sameAs":["https:\/\/www.facebook.com\/luchonoticiasneiva"]},{"@type":"Person","@id":"https:\/\/luchonoticias.com\/editor\/#\/schema\/person\/29217990ddf6f14e35912b2866d591fb","name":"Editor General","image":{"@type":"ImageObject","inLanguage":"es","@id":"https:\/\/luchonoticias.com\/editor\/#\/schema\/person\/image\/","url":"https:\/\/luchonoticias.com\/editor\/wp-content\/uploads\/2024\/02\/cropped-cropped-logolu-150x150.webp","contentUrl":"https:\/\/luchonoticias.com\/editor\/wp-content\/uploads\/2024\/02\/cropped-cropped-logolu-150x150.webp","caption":"Editor General"},"sameAs":["https:\/\/luchonoticias.com\/"],"url":"https:\/\/luchonoticias.com\/editor\/author\/editor-general\/"}]}},"_links":{"self":[{"href":"https:\/\/luchonoticias.com\/editor\/wp-json\/wp\/v2\/posts\/67796","targetHints":{"allow":["GET"]}}],"collection":[{"href":"https:\/\/luchonoticias.com\/editor\/wp-json\/wp\/v2\/posts"}],"about":[{"href":"https:\/\/luchonoticias.com\/editor\/wp-json\/wp\/v2\/types\/post"}],"author":[{"embeddable":true,"href":"https:\/\/luchonoticias.com\/editor\/wp-json\/wp\/v2\/users\/2"}],"replies":[{"embeddable":true,"href":"https:\/\/luchonoticias.com\/editor\/wp-json\/wp\/v2\/comments?post=67796"}],"version-history":[{"count":0,"href":"https:\/\/luchonoticias.com\/editor\/wp-json\/wp\/v2\/posts\/67796\/revisions"}],"wp:attachment":[{"href":"https:\/\/luchonoticias.com\/editor\/wp-json\/wp\/v2\/media?parent=67796"}],"wp:term":[{"taxonomy":"category","embeddable":true,"href":"https:\/\/luchonoticias.com\/editor\/wp-json\/wp\/v2\/categories?post=67796"},{"taxonomy":"post_tag","embeddable":true,"href":"https:\/\/luchonoticias.com\/editor\/wp-json\/wp\/v2\/tags?post=67796"}],"curies":[{"name":"wp","href":"https:\/\/api.w.org\/{rel}","templated":true}]}}