{"id":67799,"date":"2024-01-31T06:12:10","date_gmt":"2024-01-31T11:12:10","guid":{"rendered":"https:\/\/luchonoticias.com\/?p=67799"},"modified":"2024-01-31T06:12:11","modified_gmt":"2024-01-31T11:12:11","slug":"policia-nacional-continua-con-el-programa-escolarizado-contra-las-drogas-en-colegios-de-neiva","status":"publish","type":"post","link":"https:\/\/luchonoticias.com\/editor\/policia-nacional-continua-con-el-programa-escolarizado-contra-las-drogas-en-colegios-de-neiva\/","title":{"rendered":"Polic\u00eda Nacional contin\u00faa con el programa escolarizado contra las drogas en colegios de Neiva"},"content":{"rendered":"\n<p>La Polic\u00eda Metropolitana de Neiva, en cabeza del Grupo Antinarc\u00f3ticos de la Regi\u00f3n # 2, da inicio al programa contra las drogas, con enfoque Escolar en las diferentes Instituciones Educativas del \u00e1rea metropolitana de Neiva.<\/p>\n\n\n\n<p>Durante las actividades se hace la entrega de material pedag\u00f3gico totalmente gratis a ni\u00f1o, ni\u00f1a y adolescente, con el fin de aportar a la formaci\u00f3n de la ni\u00f1ez y fortalecer el trabajo que realizan los docentes, para evitar que lleguen al escalofriante mundo de las drogas y la violencia.<\/p>\n\n\n\n<p>Es de anotar que nuestro objetivo es brindar protecci\u00f3n, ense\u00f1ando toma de decisiones, y mostrar la verdadera cara de las drogas y como destruyen nuestros sue\u00f1os, de igual forma ense\u00f1ar que no podemos recibir cosas a extra\u00f1os, permanecer siempre acompa\u00f1ados de un adulto responsable, aportando as\u00ed a entornos escolares seguros.<\/p>\n\n\n\n<p>La Polic\u00eda Metropolitana de Neiva, invita a las instituciones educativas, empresas y universidades, a que sean part\u00edcipes de este importante programa, haciendo la solicitud al correo diran.r2-arpre@policia.gov.co y al n\u00famero 3195509808, en toda el \u00e1rea metropolitana de Neiva.<\/p>\n","protected":false},"excerpt":{"rendered":"<p>La Polic\u00eda Metropolitana de Neiva, en cabeza del Grupo Antinarc\u00f3ticos de la Regi\u00f3n # 2, da inicio al programa contra las drogas, con enfoque Escolar en las diferentes Instituciones Educativas del \u00e1rea metropolitana de Neiva. Durante las actividades se hace la entrega de material pedag\u00f3gico totalmente gratis a ni\u00f1o, ni\u00f1a y adolescente, con el fin [&hellip;]<\/p>\n","protected":false},"author":2,"featured_media":0,"comment_status":"open","ping_status":"open","sticky":false,"template":"","format":"standard","meta":{"footnotes":""},"categories":[36,31],"tags":[],"class_list":["post-67799","post","type-post","status-publish","format-standard","hentry","category-destacado","category-local"],"yoast_head":"<!-- This site is optimized with the Yoast SEO plugin v26.6 - https:\/\/yoast.com\/wordpress\/plugins\/seo\/ -->\n<title>Polic\u00eda Nacional contin\u00faa con el programa escolarizado contra las drogas en colegios de Neiva -<\/title>\n<meta name=\"robots\" content=\"index, follow, max-snippet:-1, max-image-preview:large, max-video-preview:-1\" \/>\n<link rel=\"canonical\" href=\"https:\/\/luchonoticias.com\/editor\/policia-nacional-continua-con-el-programa-escolarizado-contra-las-drogas-en-colegios-de-neiva\/\" \/>\n<meta property=\"og:locale\" content=\"es_ES\" \/>\n<meta property=\"og:type\" content=\"article\" \/>\n<meta property=\"og:title\" content=\"Polic\u00eda Nacional contin\u00faa con el programa escolarizado contra las drogas en colegios de Neiva -\" \/>\n<meta property=\"og:url\" content=\"https:\/\/luchonoticias.com\/editor\/policia-nacional-continua-con-el-programa-escolarizado-contra-las-drogas-en-colegios-de-neiva\/\" \/>\n<meta property=\"article:publisher\" content=\"https:\/\/www.facebook.com\/luchonoticiasneiva\" \/>\n<meta property=\"article:published_time\" content=\"2024-01-31T11:12:10+00:00\" \/>\n<meta property=\"article:modified_time\" content=\"2024-01-31T11:12:11+00:00\" \/>\n<meta name=\"author\" content=\"Editor General\" \/>\n<meta name=\"twitter:card\" content=\"summary_large_image\" \/>\n<meta name=\"twitter:label1\" content=\"Escrito por\" \/>\n\t<meta name=\"twitter:data1\" content=\"Editor General\" \/>\n\t<meta name=\"twitter:label2\" content=\"Tiempo de lectura\" \/>\n\t<meta name=\"twitter:data2\" content=\"1 minuto\" \/>\n<script type=\"application\/ld+json\" class=\"yoast-schema-graph\">{\"@context\":\"https:\/\/schema.org\",\"@graph\":[{\"@type\":\"Article\",\"@id\":\"https:\/\/luchonoticias.com\/editor\/policia-nacional-continua-con-el-programa-escolarizado-contra-las-drogas-en-colegios-de-neiva\/#article\",\"isPartOf\":{\"@id\":\"https:\/\/luchonoticias.com\/editor\/policia-nacional-continua-con-el-programa-escolarizado-contra-las-drogas-en-colegios-de-neiva\/\"},\"author\":{\"name\":\"Editor General\",\"@id\":\"https:\/\/luchonoticias.com\/editor\/#\/schema\/person\/29217990ddf6f14e35912b2866d591fb\"},\"headline\":\"Polic\u00eda Nacional contin\u00faa con el programa escolarizado contra las drogas en colegios de Neiva\",\"datePublished\":\"2024-01-31T11:12:10+00:00\",\"dateModified\":\"2024-01-31T11:12:11+00:00\",\"mainEntityOfPage\":{\"@id\":\"https:\/\/luchonoticias.com\/editor\/policia-nacional-continua-con-el-programa-escolarizado-contra-las-drogas-en-colegios-de-neiva\/\"},\"wordCount\":207,\"commentCount\":0,\"publisher\":{\"@id\":\"https:\/\/luchonoticias.com\/editor\/#\/schema\/person\/7a7fd911f58561fd056dbac7b55af9cd\"},\"articleSection\":[\"Destacado\",\"Local\"],\"inLanguage\":\"es\",\"potentialAction\":[{\"@type\":\"CommentAction\",\"name\":\"Comment\",\"target\":[\"https:\/\/luchonoticias.com\/editor\/policia-nacional-continua-con-el-programa-escolarizado-contra-las-drogas-en-colegios-de-neiva\/#respond\"]}]},{\"@type\":\"WebPage\",\"@id\":\"https:\/\/luchonoticias.com\/editor\/policia-nacional-continua-con-el-programa-escolarizado-contra-las-drogas-en-colegios-de-neiva\/\",\"url\":\"https:\/\/luchonoticias.com\/editor\/policia-nacional-continua-con-el-programa-escolarizado-contra-las-drogas-en-colegios-de-neiva\/\",\"name\":\"Polic\u00eda Nacional contin\u00faa con el programa escolarizado contra las drogas en colegios de Neiva -\",\"isPartOf\":{\"@id\":\"https:\/\/luchonoticias.com\/editor\/#website\"},\"datePublished\":\"2024-01-31T11:12:10+00:00\",\"dateModified\":\"2024-01-31T11:12:11+00:00\",\"breadcrumb\":{\"@id\":\"https:\/\/luchonoticias.com\/editor\/policia-nacional-continua-con-el-programa-escolarizado-contra-las-drogas-en-colegios-de-neiva\/#breadcrumb\"},\"inLanguage\":\"es\",\"potentialAction\":[{\"@type\":\"ReadAction\",\"target\":[\"https:\/\/luchonoticias.com\/editor\/policia-nacional-continua-con-el-programa-escolarizado-contra-las-drogas-en-colegios-de-neiva\/\"]}]},{\"@type\":\"BreadcrumbList\",\"@id\":\"https:\/\/luchonoticias.com\/editor\/policia-nacional-continua-con-el-programa-escolarizado-contra-las-drogas-en-colegios-de-neiva\/#breadcrumb\",\"itemListElement\":[{\"@type\":\"ListItem\",\"position\":1,\"name\":\"Portada\",\"item\":\"https:\/\/luchonoticias.com\/editor\/\"},{\"@type\":\"ListItem\",\"position\":2,\"name\":\"Polic\u00eda Nacional contin\u00faa con el programa escolarizado contra las drogas en colegios de Neiva\"}]},{\"@type\":\"WebSite\",\"@id\":\"https:\/\/luchonoticias.com\/editor\/#website\",\"url\":\"https:\/\/luchonoticias.com\/editor\/\",\"name\":\"\",\"description\":\"\",\"publisher\":{\"@id\":\"https:\/\/luchonoticias.com\/editor\/#\/schema\/person\/7a7fd911f58561fd056dbac7b55af9cd\"},\"potentialAction\":[{\"@type\":\"SearchAction\",\"target\":{\"@type\":\"EntryPoint\",\"urlTemplate\":\"https:\/\/luchonoticias.com\/editor\/?s={search_term_string}\"},\"query-input\":{\"@type\":\"PropertyValueSpecification\",\"valueRequired\":true,\"valueName\":\"search_term_string\"}}],\"inLanguage\":\"es\"},{\"@type\":[\"Person\",\"Organization\"],\"@id\":\"https:\/\/luchonoticias.com\/editor\/#\/schema\/person\/7a7fd911f58561fd056dbac7b55af9cd\",\"name\":\"admin\",\"image\":{\"@type\":\"ImageObject\",\"inLanguage\":\"es\",\"@id\":\"https:\/\/luchonoticias.com\/editor\/#\/schema\/person\/image\/\",\"url\":\"https:\/\/luchonoticias.com\/editor\/wp-content\/uploads\/2024\/02\/cropped-cropped-logolu.webp\",\"contentUrl\":\"https:\/\/luchonoticias.com\/editor\/wp-content\/uploads\/2024\/02\/cropped-cropped-logolu.webp\",\"width\":382,\"height\":170,\"caption\":\"admin\"},\"logo\":{\"@id\":\"https:\/\/luchonoticias.com\/editor\/#\/schema\/person\/image\/\"},\"sameAs\":[\"https:\/\/www.facebook.com\/luchonoticiasneiva\"]},{\"@type\":\"Person\",\"@id\":\"https:\/\/luchonoticias.com\/editor\/#\/schema\/person\/29217990ddf6f14e35912b2866d591fb\",\"name\":\"Editor General\",\"image\":{\"@type\":\"ImageObject\",\"inLanguage\":\"es\",\"@id\":\"https:\/\/luchonoticias.com\/editor\/#\/schema\/person\/image\/\",\"url\":\"https:\/\/luchonoticias.com\/editor\/wp-content\/uploads\/2024\/02\/cropped-cropped-logolu-150x150.webp\",\"contentUrl\":\"https:\/\/luchonoticias.com\/editor\/wp-content\/uploads\/2024\/02\/cropped-cropped-logolu-150x150.webp\",\"caption\":\"Editor General\"},\"sameAs\":[\"https:\/\/luchonoticias.com\/\"],\"url\":\"https:\/\/luchonoticias.com\/editor\/author\/editor-general\/\"}]}<\/script>\n<!-- \/ Yoast SEO plugin. -->","yoast_head_json":{"title":"Polic\u00eda Nacional contin\u00faa con el programa escolarizado contra las drogas en colegios de Neiva -","robots":{"index":"index","follow":"follow","max-snippet":"max-snippet:-1","max-image-preview":"max-image-preview:large","max-video-preview":"max-video-preview:-1"},"canonical":"https:\/\/luchonoticias.com\/editor\/policia-nacional-continua-con-el-programa-escolarizado-contra-las-drogas-en-colegios-de-neiva\/","og_locale":"es_ES","og_type":"article","og_title":"Polic\u00eda Nacional contin\u00faa con el programa escolarizado contra las drogas en colegios de Neiva -","og_url":"https:\/\/luchonoticias.com\/editor\/policia-nacional-continua-con-el-programa-escolarizado-contra-las-drogas-en-colegios-de-neiva\/","article_publisher":"https:\/\/www.facebook.com\/luchonoticiasneiva","article_published_time":"2024-01-31T11:12:10+00:00","article_modified_time":"2024-01-31T11:12:11+00:00","author":"Editor General","twitter_card":"summary_large_image","twitter_misc":{"Escrito por":"Editor General","Tiempo de lectura":"1 minuto"},"schema":{"@context":"https:\/\/schema.org","@graph":[{"@type":"Article","@id":"https:\/\/luchonoticias.com\/editor\/policia-nacional-continua-con-el-programa-escolarizado-contra-las-drogas-en-colegios-de-neiva\/#article","isPartOf":{"@id":"https:\/\/luchonoticias.com\/editor\/policia-nacional-continua-con-el-programa-escolarizado-contra-las-drogas-en-colegios-de-neiva\/"},"author":{"name":"Editor General","@id":"https:\/\/luchonoticias.com\/editor\/#\/schema\/person\/29217990ddf6f14e35912b2866d591fb"},"headline":"Polic\u00eda Nacional contin\u00faa con el programa escolarizado contra las drogas en colegios de Neiva","datePublished":"2024-01-31T11:12:10+00:00","dateModified":"2024-01-31T11:12:11+00:00","mainEntityOfPage":{"@id":"https:\/\/luchonoticias.com\/editor\/policia-nacional-continua-con-el-programa-escolarizado-contra-las-drogas-en-colegios-de-neiva\/"},"wordCount":207,"commentCount":0,"publisher":{"@id":"https:\/\/luchonoticias.com\/editor\/#\/schema\/person\/7a7fd911f58561fd056dbac7b55af9cd"},"articleSection":["Destacado","Local"],"inLanguage":"es","potentialAction":[{"@type":"CommentAction","name":"Comment","target":["https:\/\/luchonoticias.com\/editor\/policia-nacional-continua-con-el-programa-escolarizado-contra-las-drogas-en-colegios-de-neiva\/#respond"]}]},{"@type":"WebPage","@id":"https:\/\/luchonoticias.com\/editor\/policia-nacional-continua-con-el-programa-escolarizado-contra-las-drogas-en-colegios-de-neiva\/","url":"https:\/\/luchonoticias.com\/editor\/policia-nacional-continua-con-el-programa-escolarizado-contra-las-drogas-en-colegios-de-neiva\/","name":"Polic\u00eda Nacional contin\u00faa con el programa escolarizado contra las drogas en colegios de Neiva -","isPartOf":{"@id":"https:\/\/luchonoticias.com\/editor\/#website"},"datePublished":"2024-01-31T11:12:10+00:00","dateModified":"2024-01-31T11:12:11+00:00","breadcrumb":{"@id":"https:\/\/luchonoticias.com\/editor\/policia-nacional-continua-con-el-programa-escolarizado-contra-las-drogas-en-colegios-de-neiva\/#breadcrumb"},"inLanguage":"es","potentialAction":[{"@type":"ReadAction","target":["https:\/\/luchonoticias.com\/editor\/policia-nacional-continua-con-el-programa-escolarizado-contra-las-drogas-en-colegios-de-neiva\/"]}]},{"@type":"BreadcrumbList","@id":"https:\/\/luchonoticias.com\/editor\/policia-nacional-continua-con-el-programa-escolarizado-contra-las-drogas-en-colegios-de-neiva\/#breadcrumb","itemListElement":[{"@type":"ListItem","position":1,"name":"Portada","item":"https:\/\/luchonoticias.com\/editor\/"},{"@type":"ListItem","position":2,"name":"Polic\u00eda Nacional contin\u00faa con el programa escolarizado contra las drogas en colegios de Neiva"}]},{"@type":"WebSite","@id":"https:\/\/luchonoticias.com\/editor\/#website","url":"https:\/\/luchonoticias.com\/editor\/","name":"","description":"","publisher":{"@id":"https:\/\/luchonoticias.com\/editor\/#\/schema\/person\/7a7fd911f58561fd056dbac7b55af9cd"},"potentialAction":[{"@type":"SearchAction","target":{"@type":"EntryPoint","urlTemplate":"https:\/\/luchonoticias.com\/editor\/?s={search_term_string}"},"query-input":{"@type":"PropertyValueSpecification","valueRequired":true,"valueName":"search_term_string"}}],"inLanguage":"es"},{"@type":["Person","Organization"],"@id":"https:\/\/luchonoticias.com\/editor\/#\/schema\/person\/7a7fd911f58561fd056dbac7b55af9cd","name":"admin","image":{"@type":"ImageObject","inLanguage":"es","@id":"https:\/\/luchonoticias.com\/editor\/#\/schema\/person\/image\/","url":"https:\/\/luchonoticias.com\/editor\/wp-content\/uploads\/2024\/02\/cropped-cropped-logolu.webp","contentUrl":"https:\/\/luchonoticias.com\/editor\/wp-content\/uploads\/2024\/02\/cropped-cropped-logolu.webp","width":382,"height":170,"caption":"admin"},"logo":{"@id":"https:\/\/luchonoticias.com\/editor\/#\/schema\/person\/image\/"},"sameAs":["https:\/\/www.facebook.com\/luchonoticiasneiva"]},{"@type":"Person","@id":"https:\/\/luchonoticias.com\/editor\/#\/schema\/person\/29217990ddf6f14e35912b2866d591fb","name":"Editor General","image":{"@type":"ImageObject","inLanguage":"es","@id":"https:\/\/luchonoticias.com\/editor\/#\/schema\/person\/image\/","url":"https:\/\/luchonoticias.com\/editor\/wp-content\/uploads\/2024\/02\/cropped-cropped-logolu-150x150.webp","contentUrl":"https:\/\/luchonoticias.com\/editor\/wp-content\/uploads\/2024\/02\/cropped-cropped-logolu-150x150.webp","caption":"Editor General"},"sameAs":["https:\/\/luchonoticias.com\/"],"url":"https:\/\/luchonoticias.com\/editor\/author\/editor-general\/"}]}},"_links":{"self":[{"href":"https:\/\/luchonoticias.com\/editor\/wp-json\/wp\/v2\/posts\/67799","targetHints":{"allow":["GET"]}}],"collection":[{"href":"https:\/\/luchonoticias.com\/editor\/wp-json\/wp\/v2\/posts"}],"about":[{"href":"https:\/\/luchonoticias.com\/editor\/wp-json\/wp\/v2\/types\/post"}],"author":[{"embeddable":true,"href":"https:\/\/luchonoticias.com\/editor\/wp-json\/wp\/v2\/users\/2"}],"replies":[{"embeddable":true,"href":"https:\/\/luchonoticias.com\/editor\/wp-json\/wp\/v2\/comments?post=67799"}],"version-history":[{"count":0,"href":"https:\/\/luchonoticias.com\/editor\/wp-json\/wp\/v2\/posts\/67799\/revisions"}],"wp:attachment":[{"href":"https:\/\/luchonoticias.com\/editor\/wp-json\/wp\/v2\/media?parent=67799"}],"wp:term":[{"taxonomy":"category","embeddable":true,"href":"https:\/\/luchonoticias.com\/editor\/wp-json\/wp\/v2\/categories?post=67799"},{"taxonomy":"post_tag","embeddable":true,"href":"https:\/\/luchonoticias.com\/editor\/wp-json\/wp\/v2\/tags?post=67799"}],"curies":[{"name":"wp","href":"https:\/\/api.w.org\/{rel}","templated":true}]}}