{"id":67929,"date":"2024-02-02T07:19:04","date_gmt":"2024-02-02T12:19:04","guid":{"rendered":"https:\/\/luchonoticias.com\/?p=67929"},"modified":"2024-02-02T07:19:06","modified_gmt":"2024-02-02T12:19:06","slug":"universidad-internacional-de-la-rioja-y-gobernacion-del-huila-firman-convenio-para-formar-gratuitamente-a-docentes-del-departamento","status":"publish","type":"post","link":"https:\/\/luchonoticias.com\/editor\/universidad-internacional-de-la-rioja-y-gobernacion-del-huila-firman-convenio-para-formar-gratuitamente-a-docentes-del-departamento\/","title":{"rendered":"Universidad Internacional de La Rioja y Gobernaci\u00f3n del Huila firman convenio para formar gratuitamente a docentes del Departamento"},"content":{"rendered":"\n<p>La Universidad Internacional de La Rioja (UNIR) y la Gobernaci\u00f3n del Huila han firmado un convenio para formar gratuitamente a docentes del departamento. El convenio tiene como objetivo brindar a los profesores de ense\u00f1anza primaria y secundaria del Huila la oportunidad para mejorar sus habilidades y competencias digitales en contenidos y herramientas digitales, inteligencia artificial aplicada al aula, liderazgo y gesti\u00f3n de equipos.<\/p>\n\n\n\n<p>\u201cHemos decidido convenir con la universidad internacional de La Rioja la UNIR, este prestigioso claustro universitario espa\u00f1ol un convenio, qu\u00e9 beneficia a los rectores, a los docentes y administrativos de las diferentes Instituciones Educativas, D\u00f3nde est\u00e1 secretar\u00eda ejerce su funci\u00f3n\u201d manifest\u00f3 Orlando Parga secretario de Educaci\u00f3n del Huila. Con estos diplomados se espera que sean m\u00e1s de 500 profesionales los beneficiados y se espera que a su vez esos conocimientos sean aplicados en las aulas de clases.<\/p>\n\n\n\n<p>\u201cEstamos muy emocionados de poder ofrecer esta oportunidad a los docentes del Huila\u201d, dijo Manuel Herrera, director Acad\u00e9mico Global de Relaciones Internacionales de UNIR. \u201cEste convenio es una muestra m\u00e1s del compromiso de UNIR con la educaci\u00f3n y la formaci\u00f3n de calidad\u201d.<\/p>\n\n\n\n<p>El convenio tambi\u00e9n incluye descuentos en diferentes maestr\u00edas con la Universidad de La Rioja, el \u00fanico requisito es ser docente vinculado con la Secretar\u00eda de Educaci\u00f3n del Huila.<\/p>\n","protected":false},"excerpt":{"rendered":"<p>La Universidad Internacional de La Rioja (UNIR) y la Gobernaci\u00f3n del Huila han firmado un convenio para formar gratuitamente a docentes del departamento. El convenio tiene como objetivo brindar a los profesores de ense\u00f1anza primaria y secundaria del Huila la oportunidad para mejorar sus habilidades y competencias digitales en contenidos y herramientas digitales, inteligencia artificial [&hellip;]<\/p>\n","protected":false},"author":2,"featured_media":0,"comment_status":"open","ping_status":"open","sticky":false,"template":"","format":"standard","meta":{"footnotes":""},"categories":[36,33],"tags":[],"class_list":["post-67929","post","type-post","status-publish","format-standard","hentry","category-destacado","category-huila"],"yoast_head":"<!-- This site is optimized with the Yoast SEO plugin v26.6 - https:\/\/yoast.com\/wordpress\/plugins\/seo\/ -->\n<title>Universidad Internacional de La Rioja y Gobernaci\u00f3n del Huila firman convenio para formar gratuitamente a docentes del Departamento -<\/title>\n<meta name=\"robots\" content=\"index, follow, max-snippet:-1, max-image-preview:large, max-video-preview:-1\" \/>\n<link rel=\"canonical\" href=\"https:\/\/luchonoticias.com\/editor\/universidad-internacional-de-la-rioja-y-gobernacion-del-huila-firman-convenio-para-formar-gratuitamente-a-docentes-del-departamento\/\" \/>\n<meta property=\"og:locale\" content=\"es_ES\" \/>\n<meta property=\"og:type\" content=\"article\" \/>\n<meta property=\"og:title\" content=\"Universidad Internacional de La Rioja y Gobernaci\u00f3n del Huila firman convenio para formar gratuitamente a docentes del Departamento -\" \/>\n<meta property=\"og:url\" content=\"https:\/\/luchonoticias.com\/editor\/universidad-internacional-de-la-rioja-y-gobernacion-del-huila-firman-convenio-para-formar-gratuitamente-a-docentes-del-departamento\/\" \/>\n<meta property=\"article:publisher\" content=\"https:\/\/www.facebook.com\/luchonoticiasneiva\" \/>\n<meta property=\"article:published_time\" content=\"2024-02-02T12:19:04+00:00\" \/>\n<meta property=\"article:modified_time\" content=\"2024-02-02T12:19:06+00:00\" \/>\n<meta name=\"author\" content=\"Editor General\" \/>\n<meta name=\"twitter:card\" content=\"summary_large_image\" \/>\n<meta name=\"twitter:label1\" content=\"Escrito por\" \/>\n\t<meta name=\"twitter:data1\" content=\"Editor General\" \/>\n\t<meta name=\"twitter:label2\" content=\"Tiempo de lectura\" \/>\n\t<meta name=\"twitter:data2\" content=\"1 minuto\" \/>\n<script type=\"application\/ld+json\" class=\"yoast-schema-graph\">{\"@context\":\"https:\/\/schema.org\",\"@graph\":[{\"@type\":\"Article\",\"@id\":\"https:\/\/luchonoticias.com\/editor\/universidad-internacional-de-la-rioja-y-gobernacion-del-huila-firman-convenio-para-formar-gratuitamente-a-docentes-del-departamento\/#article\",\"isPartOf\":{\"@id\":\"https:\/\/luchonoticias.com\/editor\/universidad-internacional-de-la-rioja-y-gobernacion-del-huila-firman-convenio-para-formar-gratuitamente-a-docentes-del-departamento\/\"},\"author\":{\"name\":\"Editor General\",\"@id\":\"https:\/\/luchonoticias.com\/editor\/#\/schema\/person\/29217990ddf6f14e35912b2866d591fb\"},\"headline\":\"Universidad Internacional de La Rioja y Gobernaci\u00f3n del Huila firman convenio para formar gratuitamente a docentes del Departamento\",\"datePublished\":\"2024-02-02T12:19:04+00:00\",\"dateModified\":\"2024-02-02T12:19:06+00:00\",\"mainEntityOfPage\":{\"@id\":\"https:\/\/luchonoticias.com\/editor\/universidad-internacional-de-la-rioja-y-gobernacion-del-huila-firman-convenio-para-formar-gratuitamente-a-docentes-del-departamento\/\"},\"wordCount\":245,\"commentCount\":0,\"publisher\":{\"@id\":\"https:\/\/luchonoticias.com\/editor\/#\/schema\/person\/7a7fd911f58561fd056dbac7b55af9cd\"},\"articleSection\":[\"Destacado\",\"Huila\"],\"inLanguage\":\"es\",\"potentialAction\":[{\"@type\":\"CommentAction\",\"name\":\"Comment\",\"target\":[\"https:\/\/luchonoticias.com\/editor\/universidad-internacional-de-la-rioja-y-gobernacion-del-huila-firman-convenio-para-formar-gratuitamente-a-docentes-del-departamento\/#respond\"]}]},{\"@type\":\"WebPage\",\"@id\":\"https:\/\/luchonoticias.com\/editor\/universidad-internacional-de-la-rioja-y-gobernacion-del-huila-firman-convenio-para-formar-gratuitamente-a-docentes-del-departamento\/\",\"url\":\"https:\/\/luchonoticias.com\/editor\/universidad-internacional-de-la-rioja-y-gobernacion-del-huila-firman-convenio-para-formar-gratuitamente-a-docentes-del-departamento\/\",\"name\":\"Universidad Internacional de La Rioja y Gobernaci\u00f3n del Huila firman convenio para formar gratuitamente a docentes del Departamento -\",\"isPartOf\":{\"@id\":\"https:\/\/luchonoticias.com\/editor\/#website\"},\"datePublished\":\"2024-02-02T12:19:04+00:00\",\"dateModified\":\"2024-02-02T12:19:06+00:00\",\"breadcrumb\":{\"@id\":\"https:\/\/luchonoticias.com\/editor\/universidad-internacional-de-la-rioja-y-gobernacion-del-huila-firman-convenio-para-formar-gratuitamente-a-docentes-del-departamento\/#breadcrumb\"},\"inLanguage\":\"es\",\"potentialAction\":[{\"@type\":\"ReadAction\",\"target\":[\"https:\/\/luchonoticias.com\/editor\/universidad-internacional-de-la-rioja-y-gobernacion-del-huila-firman-convenio-para-formar-gratuitamente-a-docentes-del-departamento\/\"]}]},{\"@type\":\"BreadcrumbList\",\"@id\":\"https:\/\/luchonoticias.com\/editor\/universidad-internacional-de-la-rioja-y-gobernacion-del-huila-firman-convenio-para-formar-gratuitamente-a-docentes-del-departamento\/#breadcrumb\",\"itemListElement\":[{\"@type\":\"ListItem\",\"position\":1,\"name\":\"Portada\",\"item\":\"https:\/\/luchonoticias.com\/editor\/\"},{\"@type\":\"ListItem\",\"position\":2,\"name\":\"Universidad Internacional de La Rioja y Gobernaci\u00f3n del Huila firman convenio para formar gratuitamente a docentes del Departamento\"}]},{\"@type\":\"WebSite\",\"@id\":\"https:\/\/luchonoticias.com\/editor\/#website\",\"url\":\"https:\/\/luchonoticias.com\/editor\/\",\"name\":\"\",\"description\":\"\",\"publisher\":{\"@id\":\"https:\/\/luchonoticias.com\/editor\/#\/schema\/person\/7a7fd911f58561fd056dbac7b55af9cd\"},\"potentialAction\":[{\"@type\":\"SearchAction\",\"target\":{\"@type\":\"EntryPoint\",\"urlTemplate\":\"https:\/\/luchonoticias.com\/editor\/?s={search_term_string}\"},\"query-input\":{\"@type\":\"PropertyValueSpecification\",\"valueRequired\":true,\"valueName\":\"search_term_string\"}}],\"inLanguage\":\"es\"},{\"@type\":[\"Person\",\"Organization\"],\"@id\":\"https:\/\/luchonoticias.com\/editor\/#\/schema\/person\/7a7fd911f58561fd056dbac7b55af9cd\",\"name\":\"admin\",\"image\":{\"@type\":\"ImageObject\",\"inLanguage\":\"es\",\"@id\":\"https:\/\/luchonoticias.com\/editor\/#\/schema\/person\/image\/\",\"url\":\"https:\/\/luchonoticias.com\/editor\/wp-content\/uploads\/2024\/02\/cropped-cropped-logolu.webp\",\"contentUrl\":\"https:\/\/luchonoticias.com\/editor\/wp-content\/uploads\/2024\/02\/cropped-cropped-logolu.webp\",\"width\":382,\"height\":170,\"caption\":\"admin\"},\"logo\":{\"@id\":\"https:\/\/luchonoticias.com\/editor\/#\/schema\/person\/image\/\"},\"sameAs\":[\"https:\/\/www.facebook.com\/luchonoticiasneiva\"]},{\"@type\":\"Person\",\"@id\":\"https:\/\/luchonoticias.com\/editor\/#\/schema\/person\/29217990ddf6f14e35912b2866d591fb\",\"name\":\"Editor General\",\"image\":{\"@type\":\"ImageObject\",\"inLanguage\":\"es\",\"@id\":\"https:\/\/luchonoticias.com\/editor\/#\/schema\/person\/image\/\",\"url\":\"https:\/\/luchonoticias.com\/editor\/wp-content\/uploads\/2024\/02\/cropped-cropped-logolu-150x150.webp\",\"contentUrl\":\"https:\/\/luchonoticias.com\/editor\/wp-content\/uploads\/2024\/02\/cropped-cropped-logolu-150x150.webp\",\"caption\":\"Editor General\"},\"sameAs\":[\"https:\/\/luchonoticias.com\/\"],\"url\":\"https:\/\/luchonoticias.com\/editor\/author\/editor-general\/\"}]}<\/script>\n<!-- \/ Yoast SEO plugin. -->","yoast_head_json":{"title":"Universidad Internacional de La Rioja y Gobernaci\u00f3n del Huila firman convenio para formar gratuitamente a docentes del Departamento -","robots":{"index":"index","follow":"follow","max-snippet":"max-snippet:-1","max-image-preview":"max-image-preview:large","max-video-preview":"max-video-preview:-1"},"canonical":"https:\/\/luchonoticias.com\/editor\/universidad-internacional-de-la-rioja-y-gobernacion-del-huila-firman-convenio-para-formar-gratuitamente-a-docentes-del-departamento\/","og_locale":"es_ES","og_type":"article","og_title":"Universidad Internacional de La Rioja y Gobernaci\u00f3n del Huila firman convenio para formar gratuitamente a docentes del Departamento -","og_url":"https:\/\/luchonoticias.com\/editor\/universidad-internacional-de-la-rioja-y-gobernacion-del-huila-firman-convenio-para-formar-gratuitamente-a-docentes-del-departamento\/","article_publisher":"https:\/\/www.facebook.com\/luchonoticiasneiva","article_published_time":"2024-02-02T12:19:04+00:00","article_modified_time":"2024-02-02T12:19:06+00:00","author":"Editor General","twitter_card":"summary_large_image","twitter_misc":{"Escrito por":"Editor General","Tiempo de lectura":"1 minuto"},"schema":{"@context":"https:\/\/schema.org","@graph":[{"@type":"Article","@id":"https:\/\/luchonoticias.com\/editor\/universidad-internacional-de-la-rioja-y-gobernacion-del-huila-firman-convenio-para-formar-gratuitamente-a-docentes-del-departamento\/#article","isPartOf":{"@id":"https:\/\/luchonoticias.com\/editor\/universidad-internacional-de-la-rioja-y-gobernacion-del-huila-firman-convenio-para-formar-gratuitamente-a-docentes-del-departamento\/"},"author":{"name":"Editor General","@id":"https:\/\/luchonoticias.com\/editor\/#\/schema\/person\/29217990ddf6f14e35912b2866d591fb"},"headline":"Universidad Internacional de La Rioja y Gobernaci\u00f3n del Huila firman convenio para formar gratuitamente a docentes del Departamento","datePublished":"2024-02-02T12:19:04+00:00","dateModified":"2024-02-02T12:19:06+00:00","mainEntityOfPage":{"@id":"https:\/\/luchonoticias.com\/editor\/universidad-internacional-de-la-rioja-y-gobernacion-del-huila-firman-convenio-para-formar-gratuitamente-a-docentes-del-departamento\/"},"wordCount":245,"commentCount":0,"publisher":{"@id":"https:\/\/luchonoticias.com\/editor\/#\/schema\/person\/7a7fd911f58561fd056dbac7b55af9cd"},"articleSection":["Destacado","Huila"],"inLanguage":"es","potentialAction":[{"@type":"CommentAction","name":"Comment","target":["https:\/\/luchonoticias.com\/editor\/universidad-internacional-de-la-rioja-y-gobernacion-del-huila-firman-convenio-para-formar-gratuitamente-a-docentes-del-departamento\/#respond"]}]},{"@type":"WebPage","@id":"https:\/\/luchonoticias.com\/editor\/universidad-internacional-de-la-rioja-y-gobernacion-del-huila-firman-convenio-para-formar-gratuitamente-a-docentes-del-departamento\/","url":"https:\/\/luchonoticias.com\/editor\/universidad-internacional-de-la-rioja-y-gobernacion-del-huila-firman-convenio-para-formar-gratuitamente-a-docentes-del-departamento\/","name":"Universidad Internacional de La Rioja y Gobernaci\u00f3n del Huila firman convenio para formar gratuitamente a docentes del Departamento -","isPartOf":{"@id":"https:\/\/luchonoticias.com\/editor\/#website"},"datePublished":"2024-02-02T12:19:04+00:00","dateModified":"2024-02-02T12:19:06+00:00","breadcrumb":{"@id":"https:\/\/luchonoticias.com\/editor\/universidad-internacional-de-la-rioja-y-gobernacion-del-huila-firman-convenio-para-formar-gratuitamente-a-docentes-del-departamento\/#breadcrumb"},"inLanguage":"es","potentialAction":[{"@type":"ReadAction","target":["https:\/\/luchonoticias.com\/editor\/universidad-internacional-de-la-rioja-y-gobernacion-del-huila-firman-convenio-para-formar-gratuitamente-a-docentes-del-departamento\/"]}]},{"@type":"BreadcrumbList","@id":"https:\/\/luchonoticias.com\/editor\/universidad-internacional-de-la-rioja-y-gobernacion-del-huila-firman-convenio-para-formar-gratuitamente-a-docentes-del-departamento\/#breadcrumb","itemListElement":[{"@type":"ListItem","position":1,"name":"Portada","item":"https:\/\/luchonoticias.com\/editor\/"},{"@type":"ListItem","position":2,"name":"Universidad Internacional de La Rioja y Gobernaci\u00f3n del Huila firman convenio para formar gratuitamente a docentes del Departamento"}]},{"@type":"WebSite","@id":"https:\/\/luchonoticias.com\/editor\/#website","url":"https:\/\/luchonoticias.com\/editor\/","name":"","description":"","publisher":{"@id":"https:\/\/luchonoticias.com\/editor\/#\/schema\/person\/7a7fd911f58561fd056dbac7b55af9cd"},"potentialAction":[{"@type":"SearchAction","target":{"@type":"EntryPoint","urlTemplate":"https:\/\/luchonoticias.com\/editor\/?s={search_term_string}"},"query-input":{"@type":"PropertyValueSpecification","valueRequired":true,"valueName":"search_term_string"}}],"inLanguage":"es"},{"@type":["Person","Organization"],"@id":"https:\/\/luchonoticias.com\/editor\/#\/schema\/person\/7a7fd911f58561fd056dbac7b55af9cd","name":"admin","image":{"@type":"ImageObject","inLanguage":"es","@id":"https:\/\/luchonoticias.com\/editor\/#\/schema\/person\/image\/","url":"https:\/\/luchonoticias.com\/editor\/wp-content\/uploads\/2024\/02\/cropped-cropped-logolu.webp","contentUrl":"https:\/\/luchonoticias.com\/editor\/wp-content\/uploads\/2024\/02\/cropped-cropped-logolu.webp","width":382,"height":170,"caption":"admin"},"logo":{"@id":"https:\/\/luchonoticias.com\/editor\/#\/schema\/person\/image\/"},"sameAs":["https:\/\/www.facebook.com\/luchonoticiasneiva"]},{"@type":"Person","@id":"https:\/\/luchonoticias.com\/editor\/#\/schema\/person\/29217990ddf6f14e35912b2866d591fb","name":"Editor General","image":{"@type":"ImageObject","inLanguage":"es","@id":"https:\/\/luchonoticias.com\/editor\/#\/schema\/person\/image\/","url":"https:\/\/luchonoticias.com\/editor\/wp-content\/uploads\/2024\/02\/cropped-cropped-logolu-150x150.webp","contentUrl":"https:\/\/luchonoticias.com\/editor\/wp-content\/uploads\/2024\/02\/cropped-cropped-logolu-150x150.webp","caption":"Editor General"},"sameAs":["https:\/\/luchonoticias.com\/"],"url":"https:\/\/luchonoticias.com\/editor\/author\/editor-general\/"}]}},"_links":{"self":[{"href":"https:\/\/luchonoticias.com\/editor\/wp-json\/wp\/v2\/posts\/67929","targetHints":{"allow":["GET"]}}],"collection":[{"href":"https:\/\/luchonoticias.com\/editor\/wp-json\/wp\/v2\/posts"}],"about":[{"href":"https:\/\/luchonoticias.com\/editor\/wp-json\/wp\/v2\/types\/post"}],"author":[{"embeddable":true,"href":"https:\/\/luchonoticias.com\/editor\/wp-json\/wp\/v2\/users\/2"}],"replies":[{"embeddable":true,"href":"https:\/\/luchonoticias.com\/editor\/wp-json\/wp\/v2\/comments?post=67929"}],"version-history":[{"count":0,"href":"https:\/\/luchonoticias.com\/editor\/wp-json\/wp\/v2\/posts\/67929\/revisions"}],"wp:attachment":[{"href":"https:\/\/luchonoticias.com\/editor\/wp-json\/wp\/v2\/media?parent=67929"}],"wp:term":[{"taxonomy":"category","embeddable":true,"href":"https:\/\/luchonoticias.com\/editor\/wp-json\/wp\/v2\/categories?post=67929"},{"taxonomy":"post_tag","embeddable":true,"href":"https:\/\/luchonoticias.com\/editor\/wp-json\/wp\/v2\/tags?post=67929"}],"curies":[{"name":"wp","href":"https:\/\/api.w.org\/{rel}","templated":true}]}}