{"id":67932,"date":"2024-02-02T07:23:22","date_gmt":"2024-02-02T12:23:22","guid":{"rendered":"https:\/\/luchonoticias.com\/?p=67932"},"modified":"2024-02-02T07:23:23","modified_gmt":"2024-02-02T12:23:23","slug":"capturados-2-sujetos-por-hurto-a-motocicleta-y-falsedad-marcaria-de-un-automovil","status":"publish","type":"post","link":"https:\/\/luchonoticias.com\/editor\/capturados-2-sujetos-por-hurto-a-motocicleta-y-falsedad-marcaria-de-un-automovil\/","title":{"rendered":"Capturados 2 sujetos por hurto a motocicleta y falsedad marcaria de un autom\u00f3vil"},"content":{"rendered":"\n<p>La primera captura tuvo lugar sobre la ruta 45 en la v\u00eda que de Garz\u00f3n conduce a Neiva por el delito de receptaci\u00f3n, se trata de un joven que se movilizaba en una motocicleta que hab\u00eda sido hurtada en el Cauca, el sujeto al parecer ten\u00eda como destino la capital del departamento del Huila, el hombre fue dejado a disposici\u00f3n de la fiscal\u00eda.<\/p>\n\n\n\n<p>Entre tanto, un hombre fue capturado por el delito de falsedad marcar\u00eda ya que se movilizaba en un autom\u00f3vil con la licencia de conducci\u00f3n falsificada, el capturado y el veh\u00edculo fueron dejado a disposici\u00f3n de la autoridad judicial, este ciudadano ten\u00eda como destino el departamento del Tolima.<\/p>\n\n\n\n<p>La Seccional de Tr\u00e1nsito y Transportes recomienda a la ciudadan\u00eda adquirir su licencia de conducci\u00f3n en lugares autorizados y reconocidos por el Ministerio de Transportes y evitar que inescrupulosos se aprovechen y los asalten en su buena fe con licencia fraudulentas.<\/p>\n\n\n\n<p>Finalmente, la Polic\u00eda Nacional a trav\u00e9s de la Seccional de Investigaci\u00f3n Criminal recomienda que antes de comprar una motocicleta usada pueda verificar en la sala de automotores que dicho velomotor no haya sido reportado por hurto u otros delitos.<\/p>\n","protected":false},"excerpt":{"rendered":"<p>La primera captura tuvo lugar sobre la ruta 45 en la v\u00eda que de Garz\u00f3n conduce a Neiva por el delito de receptaci\u00f3n, se trata de un joven que se movilizaba en una motocicleta que hab\u00eda sido hurtada en el Cauca, el sujeto al parecer ten\u00eda como destino la capital del departamento del Huila, el [&hellip;]<\/p>\n","protected":false},"author":2,"featured_media":0,"comment_status":"open","ping_status":"open","sticky":false,"template":"","format":"standard","meta":{"footnotes":""},"categories":[36,29],"tags":[],"class_list":["post-67932","post","type-post","status-publish","format-standard","hentry","category-destacado","category-judicial"],"yoast_head":"<!-- This site is optimized with the Yoast SEO plugin v26.6 - https:\/\/yoast.com\/wordpress\/plugins\/seo\/ -->\n<title>Capturados 2 sujetos por hurto a motocicleta y falsedad marcaria de un autom\u00f3vil -<\/title>\n<meta name=\"robots\" content=\"index, follow, max-snippet:-1, max-image-preview:large, max-video-preview:-1\" \/>\n<link rel=\"canonical\" href=\"https:\/\/luchonoticias.com\/editor\/capturados-2-sujetos-por-hurto-a-motocicleta-y-falsedad-marcaria-de-un-automovil\/\" \/>\n<meta property=\"og:locale\" content=\"es_ES\" \/>\n<meta property=\"og:type\" content=\"article\" \/>\n<meta property=\"og:title\" content=\"Capturados 2 sujetos por hurto a motocicleta y falsedad marcaria de un autom\u00f3vil -\" \/>\n<meta property=\"og:url\" content=\"https:\/\/luchonoticias.com\/editor\/capturados-2-sujetos-por-hurto-a-motocicleta-y-falsedad-marcaria-de-un-automovil\/\" \/>\n<meta property=\"article:publisher\" content=\"https:\/\/www.facebook.com\/luchonoticiasneiva\" \/>\n<meta property=\"article:published_time\" content=\"2024-02-02T12:23:22+00:00\" \/>\n<meta property=\"article:modified_time\" content=\"2024-02-02T12:23:23+00:00\" \/>\n<meta name=\"author\" content=\"Editor General\" \/>\n<meta name=\"twitter:card\" content=\"summary_large_image\" \/>\n<meta name=\"twitter:label1\" content=\"Escrito por\" \/>\n\t<meta name=\"twitter:data1\" content=\"Editor General\" \/>\n\t<meta name=\"twitter:label2\" content=\"Tiempo de lectura\" \/>\n\t<meta name=\"twitter:data2\" content=\"1 minuto\" \/>\n<script type=\"application\/ld+json\" class=\"yoast-schema-graph\">{\"@context\":\"https:\/\/schema.org\",\"@graph\":[{\"@type\":\"Article\",\"@id\":\"https:\/\/luchonoticias.com\/editor\/capturados-2-sujetos-por-hurto-a-motocicleta-y-falsedad-marcaria-de-un-automovil\/#article\",\"isPartOf\":{\"@id\":\"https:\/\/luchonoticias.com\/editor\/capturados-2-sujetos-por-hurto-a-motocicleta-y-falsedad-marcaria-de-un-automovil\/\"},\"author\":{\"name\":\"Editor General\",\"@id\":\"https:\/\/luchonoticias.com\/editor\/#\/schema\/person\/29217990ddf6f14e35912b2866d591fb\"},\"headline\":\"Capturados 2 sujetos por hurto a motocicleta y falsedad marcaria de un autom\u00f3vil\",\"datePublished\":\"2024-02-02T12:23:22+00:00\",\"dateModified\":\"2024-02-02T12:23:23+00:00\",\"mainEntityOfPage\":{\"@id\":\"https:\/\/luchonoticias.com\/editor\/capturados-2-sujetos-por-hurto-a-motocicleta-y-falsedad-marcaria-de-un-automovil\/\"},\"wordCount\":221,\"commentCount\":0,\"publisher\":{\"@id\":\"https:\/\/luchonoticias.com\/editor\/#\/schema\/person\/7a7fd911f58561fd056dbac7b55af9cd\"},\"articleSection\":[\"Destacado\",\"Judicial\"],\"inLanguage\":\"es\",\"potentialAction\":[{\"@type\":\"CommentAction\",\"name\":\"Comment\",\"target\":[\"https:\/\/luchonoticias.com\/editor\/capturados-2-sujetos-por-hurto-a-motocicleta-y-falsedad-marcaria-de-un-automovil\/#respond\"]}]},{\"@type\":\"WebPage\",\"@id\":\"https:\/\/luchonoticias.com\/editor\/capturados-2-sujetos-por-hurto-a-motocicleta-y-falsedad-marcaria-de-un-automovil\/\",\"url\":\"https:\/\/luchonoticias.com\/editor\/capturados-2-sujetos-por-hurto-a-motocicleta-y-falsedad-marcaria-de-un-automovil\/\",\"name\":\"Capturados 2 sujetos por hurto a motocicleta y falsedad marcaria de un autom\u00f3vil -\",\"isPartOf\":{\"@id\":\"https:\/\/luchonoticias.com\/editor\/#website\"},\"datePublished\":\"2024-02-02T12:23:22+00:00\",\"dateModified\":\"2024-02-02T12:23:23+00:00\",\"breadcrumb\":{\"@id\":\"https:\/\/luchonoticias.com\/editor\/capturados-2-sujetos-por-hurto-a-motocicleta-y-falsedad-marcaria-de-un-automovil\/#breadcrumb\"},\"inLanguage\":\"es\",\"potentialAction\":[{\"@type\":\"ReadAction\",\"target\":[\"https:\/\/luchonoticias.com\/editor\/capturados-2-sujetos-por-hurto-a-motocicleta-y-falsedad-marcaria-de-un-automovil\/\"]}]},{\"@type\":\"BreadcrumbList\",\"@id\":\"https:\/\/luchonoticias.com\/editor\/capturados-2-sujetos-por-hurto-a-motocicleta-y-falsedad-marcaria-de-un-automovil\/#breadcrumb\",\"itemListElement\":[{\"@type\":\"ListItem\",\"position\":1,\"name\":\"Portada\",\"item\":\"https:\/\/luchonoticias.com\/editor\/\"},{\"@type\":\"ListItem\",\"position\":2,\"name\":\"Capturados 2 sujetos por hurto a motocicleta y falsedad marcaria de un autom\u00f3vil\"}]},{\"@type\":\"WebSite\",\"@id\":\"https:\/\/luchonoticias.com\/editor\/#website\",\"url\":\"https:\/\/luchonoticias.com\/editor\/\",\"name\":\"\",\"description\":\"\",\"publisher\":{\"@id\":\"https:\/\/luchonoticias.com\/editor\/#\/schema\/person\/7a7fd911f58561fd056dbac7b55af9cd\"},\"potentialAction\":[{\"@type\":\"SearchAction\",\"target\":{\"@type\":\"EntryPoint\",\"urlTemplate\":\"https:\/\/luchonoticias.com\/editor\/?s={search_term_string}\"},\"query-input\":{\"@type\":\"PropertyValueSpecification\",\"valueRequired\":true,\"valueName\":\"search_term_string\"}}],\"inLanguage\":\"es\"},{\"@type\":[\"Person\",\"Organization\"],\"@id\":\"https:\/\/luchonoticias.com\/editor\/#\/schema\/person\/7a7fd911f58561fd056dbac7b55af9cd\",\"name\":\"admin\",\"image\":{\"@type\":\"ImageObject\",\"inLanguage\":\"es\",\"@id\":\"https:\/\/luchonoticias.com\/editor\/#\/schema\/person\/image\/\",\"url\":\"https:\/\/luchonoticias.com\/editor\/wp-content\/uploads\/2024\/02\/cropped-cropped-logolu.webp\",\"contentUrl\":\"https:\/\/luchonoticias.com\/editor\/wp-content\/uploads\/2024\/02\/cropped-cropped-logolu.webp\",\"width\":382,\"height\":170,\"caption\":\"admin\"},\"logo\":{\"@id\":\"https:\/\/luchonoticias.com\/editor\/#\/schema\/person\/image\/\"},\"sameAs\":[\"https:\/\/www.facebook.com\/luchonoticiasneiva\"]},{\"@type\":\"Person\",\"@id\":\"https:\/\/luchonoticias.com\/editor\/#\/schema\/person\/29217990ddf6f14e35912b2866d591fb\",\"name\":\"Editor General\",\"image\":{\"@type\":\"ImageObject\",\"inLanguage\":\"es\",\"@id\":\"https:\/\/luchonoticias.com\/editor\/#\/schema\/person\/image\/\",\"url\":\"https:\/\/luchonoticias.com\/editor\/wp-content\/uploads\/2024\/02\/cropped-cropped-logolu-150x150.webp\",\"contentUrl\":\"https:\/\/luchonoticias.com\/editor\/wp-content\/uploads\/2024\/02\/cropped-cropped-logolu-150x150.webp\",\"caption\":\"Editor General\"},\"sameAs\":[\"https:\/\/luchonoticias.com\/\"],\"url\":\"https:\/\/luchonoticias.com\/editor\/author\/editor-general\/\"}]}<\/script>\n<!-- \/ Yoast SEO plugin. -->","yoast_head_json":{"title":"Capturados 2 sujetos por hurto a motocicleta y falsedad marcaria de un autom\u00f3vil -","robots":{"index":"index","follow":"follow","max-snippet":"max-snippet:-1","max-image-preview":"max-image-preview:large","max-video-preview":"max-video-preview:-1"},"canonical":"https:\/\/luchonoticias.com\/editor\/capturados-2-sujetos-por-hurto-a-motocicleta-y-falsedad-marcaria-de-un-automovil\/","og_locale":"es_ES","og_type":"article","og_title":"Capturados 2 sujetos por hurto a motocicleta y falsedad marcaria de un autom\u00f3vil -","og_url":"https:\/\/luchonoticias.com\/editor\/capturados-2-sujetos-por-hurto-a-motocicleta-y-falsedad-marcaria-de-un-automovil\/","article_publisher":"https:\/\/www.facebook.com\/luchonoticiasneiva","article_published_time":"2024-02-02T12:23:22+00:00","article_modified_time":"2024-02-02T12:23:23+00:00","author":"Editor General","twitter_card":"summary_large_image","twitter_misc":{"Escrito por":"Editor General","Tiempo de lectura":"1 minuto"},"schema":{"@context":"https:\/\/schema.org","@graph":[{"@type":"Article","@id":"https:\/\/luchonoticias.com\/editor\/capturados-2-sujetos-por-hurto-a-motocicleta-y-falsedad-marcaria-de-un-automovil\/#article","isPartOf":{"@id":"https:\/\/luchonoticias.com\/editor\/capturados-2-sujetos-por-hurto-a-motocicleta-y-falsedad-marcaria-de-un-automovil\/"},"author":{"name":"Editor General","@id":"https:\/\/luchonoticias.com\/editor\/#\/schema\/person\/29217990ddf6f14e35912b2866d591fb"},"headline":"Capturados 2 sujetos por hurto a motocicleta y falsedad marcaria de un autom\u00f3vil","datePublished":"2024-02-02T12:23:22+00:00","dateModified":"2024-02-02T12:23:23+00:00","mainEntityOfPage":{"@id":"https:\/\/luchonoticias.com\/editor\/capturados-2-sujetos-por-hurto-a-motocicleta-y-falsedad-marcaria-de-un-automovil\/"},"wordCount":221,"commentCount":0,"publisher":{"@id":"https:\/\/luchonoticias.com\/editor\/#\/schema\/person\/7a7fd911f58561fd056dbac7b55af9cd"},"articleSection":["Destacado","Judicial"],"inLanguage":"es","potentialAction":[{"@type":"CommentAction","name":"Comment","target":["https:\/\/luchonoticias.com\/editor\/capturados-2-sujetos-por-hurto-a-motocicleta-y-falsedad-marcaria-de-un-automovil\/#respond"]}]},{"@type":"WebPage","@id":"https:\/\/luchonoticias.com\/editor\/capturados-2-sujetos-por-hurto-a-motocicleta-y-falsedad-marcaria-de-un-automovil\/","url":"https:\/\/luchonoticias.com\/editor\/capturados-2-sujetos-por-hurto-a-motocicleta-y-falsedad-marcaria-de-un-automovil\/","name":"Capturados 2 sujetos por hurto a motocicleta y falsedad marcaria de un autom\u00f3vil -","isPartOf":{"@id":"https:\/\/luchonoticias.com\/editor\/#website"},"datePublished":"2024-02-02T12:23:22+00:00","dateModified":"2024-02-02T12:23:23+00:00","breadcrumb":{"@id":"https:\/\/luchonoticias.com\/editor\/capturados-2-sujetos-por-hurto-a-motocicleta-y-falsedad-marcaria-de-un-automovil\/#breadcrumb"},"inLanguage":"es","potentialAction":[{"@type":"ReadAction","target":["https:\/\/luchonoticias.com\/editor\/capturados-2-sujetos-por-hurto-a-motocicleta-y-falsedad-marcaria-de-un-automovil\/"]}]},{"@type":"BreadcrumbList","@id":"https:\/\/luchonoticias.com\/editor\/capturados-2-sujetos-por-hurto-a-motocicleta-y-falsedad-marcaria-de-un-automovil\/#breadcrumb","itemListElement":[{"@type":"ListItem","position":1,"name":"Portada","item":"https:\/\/luchonoticias.com\/editor\/"},{"@type":"ListItem","position":2,"name":"Capturados 2 sujetos por hurto a motocicleta y falsedad marcaria de un autom\u00f3vil"}]},{"@type":"WebSite","@id":"https:\/\/luchonoticias.com\/editor\/#website","url":"https:\/\/luchonoticias.com\/editor\/","name":"","description":"","publisher":{"@id":"https:\/\/luchonoticias.com\/editor\/#\/schema\/person\/7a7fd911f58561fd056dbac7b55af9cd"},"potentialAction":[{"@type":"SearchAction","target":{"@type":"EntryPoint","urlTemplate":"https:\/\/luchonoticias.com\/editor\/?s={search_term_string}"},"query-input":{"@type":"PropertyValueSpecification","valueRequired":true,"valueName":"search_term_string"}}],"inLanguage":"es"},{"@type":["Person","Organization"],"@id":"https:\/\/luchonoticias.com\/editor\/#\/schema\/person\/7a7fd911f58561fd056dbac7b55af9cd","name":"admin","image":{"@type":"ImageObject","inLanguage":"es","@id":"https:\/\/luchonoticias.com\/editor\/#\/schema\/person\/image\/","url":"https:\/\/luchonoticias.com\/editor\/wp-content\/uploads\/2024\/02\/cropped-cropped-logolu.webp","contentUrl":"https:\/\/luchonoticias.com\/editor\/wp-content\/uploads\/2024\/02\/cropped-cropped-logolu.webp","width":382,"height":170,"caption":"admin"},"logo":{"@id":"https:\/\/luchonoticias.com\/editor\/#\/schema\/person\/image\/"},"sameAs":["https:\/\/www.facebook.com\/luchonoticiasneiva"]},{"@type":"Person","@id":"https:\/\/luchonoticias.com\/editor\/#\/schema\/person\/29217990ddf6f14e35912b2866d591fb","name":"Editor General","image":{"@type":"ImageObject","inLanguage":"es","@id":"https:\/\/luchonoticias.com\/editor\/#\/schema\/person\/image\/","url":"https:\/\/luchonoticias.com\/editor\/wp-content\/uploads\/2024\/02\/cropped-cropped-logolu-150x150.webp","contentUrl":"https:\/\/luchonoticias.com\/editor\/wp-content\/uploads\/2024\/02\/cropped-cropped-logolu-150x150.webp","caption":"Editor General"},"sameAs":["https:\/\/luchonoticias.com\/"],"url":"https:\/\/luchonoticias.com\/editor\/author\/editor-general\/"}]}},"_links":{"self":[{"href":"https:\/\/luchonoticias.com\/editor\/wp-json\/wp\/v2\/posts\/67932","targetHints":{"allow":["GET"]}}],"collection":[{"href":"https:\/\/luchonoticias.com\/editor\/wp-json\/wp\/v2\/posts"}],"about":[{"href":"https:\/\/luchonoticias.com\/editor\/wp-json\/wp\/v2\/types\/post"}],"author":[{"embeddable":true,"href":"https:\/\/luchonoticias.com\/editor\/wp-json\/wp\/v2\/users\/2"}],"replies":[{"embeddable":true,"href":"https:\/\/luchonoticias.com\/editor\/wp-json\/wp\/v2\/comments?post=67932"}],"version-history":[{"count":0,"href":"https:\/\/luchonoticias.com\/editor\/wp-json\/wp\/v2\/posts\/67932\/revisions"}],"wp:attachment":[{"href":"https:\/\/luchonoticias.com\/editor\/wp-json\/wp\/v2\/media?parent=67932"}],"wp:term":[{"taxonomy":"category","embeddable":true,"href":"https:\/\/luchonoticias.com\/editor\/wp-json\/wp\/v2\/categories?post=67932"},{"taxonomy":"post_tag","embeddable":true,"href":"https:\/\/luchonoticias.com\/editor\/wp-json\/wp\/v2\/tags?post=67932"}],"curies":[{"name":"wp","href":"https:\/\/api.w.org\/{rel}","templated":true}]}}