{"id":67935,"date":"2024-02-02T07:25:17","date_gmt":"2024-02-02T12:25:17","guid":{"rendered":"https:\/\/luchonoticias.com\/?p=67935"},"modified":"2024-02-02T07:25:18","modified_gmt":"2024-02-02T12:25:18","slug":"gobierno-da-lineamientos-para-incorporar-en-planes-territoriales-politica-publica-de-victimas","status":"publish","type":"post","link":"https:\/\/luchonoticias.com\/editor\/gobierno-da-lineamientos-para-incorporar-en-planes-territoriales-politica-publica-de-victimas\/","title":{"rendered":"Gobierno da lineamientos para incorporar en planes territoriales pol\u00edtica p\u00fablica de v\u00edctimas"},"content":{"rendered":"\n<p>La atenci\u00f3n y reparaci\u00f3n integral de las v\u00edctimas del conflicto armado es uno de los prop\u00f3sitos principales del Gobierno del Cambio para consolidar la paz.<\/p>\n\n\n\n<p>A trav\u00e9s de la Gu\u00eda para la incorporaci\u00f3n de la pol\u00edtica p\u00fablica de v\u00edctimas (PPV), el gobierno busca que los 1.102 nuevos alcaldes y 132 gobernadores cuenten con las herramientas para garantizar los derechos de las v\u00edctimas a trav\u00e9s de sus Planes de Desarrollo Territorial.<\/p>\n\n\n\n<p>Para el presidente Petro, las v\u00edctimas son la base para consolidar la verdad y paz en Colombia.<\/p>\n\n\n\n<p>\u201cLa mayor reivindicaci\u00f3n hacia ustedes es que no haya m\u00e1s v\u00edctimas y que su n\u00famero no siga creciendo. En ello, mi Gobierno va a ayudar en todo lo que se pueda, en avanzar en la reparaci\u00f3n\u201d, dijo el jefe de estado durante la pasada conmemoraci\u00f3n del D\u00eda Nacional de la Memoria y Solidaridad.&nbsp;<\/p>\n\n\n\n<p>(Le puede interesar: https:\/\/petro.presidencia.gov.co\/prensa\/Paginas\/Gobierno-del-Cambio-realizo-mas-de-163-000-giros-a-victimas-del-conflicto-armado-por-1-4-billones-240102.aspx&nbsp; )<\/p>\n\n\n\n<p>Los mandatarios locales y regionales tendr\u00e1n acceso al ABC de los lineamientos y a los tres ejes que facilitar\u00e1n la incorporaci\u00f3n de la pol\u00edtica p\u00fablica en sus Planes de Desarrollo Territorial:<\/p>\n\n\n\n<p>1. Medidas exclusivas para la poblaci\u00f3n v\u00edctima del conflicto armado.<\/p>\n\n\n\n<p>2. Medidas sociales y dirigidas a la poblaci\u00f3n vulnerable que contribuyen a la superaci\u00f3n del Estado de Cosas Inconstitucional, decretada para la poblaci\u00f3n en situaci\u00f3n de desplazamiento forzado.<\/p>\n\n\n\n<p>3. Medidas individuales y colectivas que aportan a la reparaci\u00f3n.<\/p>\n\n\n\n<p>Seg\u00fan cifras de la Unidad para las V\u00edctimas, m\u00e1s del 18 por ciento del total de la poblaci\u00f3n se encuentra incluida en el Registro \u00danico de V\u00edctimas.<\/p>\n\n\n\n<p>En el 2024 se garantizar\u00e1 un presupuesto de 4,4 billones de pesos, superior a los 2,7 billones de pesos del 2023, lo que significar\u00e1 un gran avance para superar los rezagos con las v\u00edctimas. De este total, 3,4 billones se destinar\u00e1n a procesos de reparaci\u00f3n.<\/p>\n","protected":false},"excerpt":{"rendered":"<p>La atenci\u00f3n y reparaci\u00f3n integral de las v\u00edctimas del conflicto armado es uno de los prop\u00f3sitos principales del Gobierno del Cambio para consolidar la paz. A trav\u00e9s de la Gu\u00eda para la incorporaci\u00f3n de la pol\u00edtica p\u00fablica de v\u00edctimas (PPV), el gobierno busca que los 1.102 nuevos alcaldes y 132 gobernadores cuenten con las herramientas [&hellip;]<\/p>\n","protected":false},"author":2,"featured_media":0,"comment_status":"open","ping_status":"open","sticky":false,"template":"","format":"standard","meta":{"footnotes":""},"categories":[36,32],"tags":[],"class_list":["post-67935","post","type-post","status-publish","format-standard","hentry","category-destacado","category-nacional"],"yoast_head":"<!-- This site is optimized with the Yoast SEO plugin v26.6 - https:\/\/yoast.com\/wordpress\/plugins\/seo\/ -->\n<title>Gobierno da lineamientos para incorporar en planes territoriales pol\u00edtica p\u00fablica de v\u00edctimas -<\/title>\n<meta name=\"robots\" content=\"index, follow, max-snippet:-1, max-image-preview:large, max-video-preview:-1\" \/>\n<link rel=\"canonical\" href=\"https:\/\/luchonoticias.com\/editor\/gobierno-da-lineamientos-para-incorporar-en-planes-territoriales-politica-publica-de-victimas\/\" \/>\n<meta property=\"og:locale\" content=\"es_ES\" \/>\n<meta property=\"og:type\" content=\"article\" \/>\n<meta property=\"og:title\" content=\"Gobierno da lineamientos para incorporar en planes territoriales pol\u00edtica p\u00fablica de v\u00edctimas -\" \/>\n<meta property=\"og:url\" content=\"https:\/\/luchonoticias.com\/editor\/gobierno-da-lineamientos-para-incorporar-en-planes-territoriales-politica-publica-de-victimas\/\" \/>\n<meta property=\"article:publisher\" content=\"https:\/\/www.facebook.com\/luchonoticiasneiva\" \/>\n<meta property=\"article:published_time\" content=\"2024-02-02T12:25:17+00:00\" \/>\n<meta property=\"article:modified_time\" content=\"2024-02-02T12:25:18+00:00\" \/>\n<meta name=\"author\" content=\"Editor General\" \/>\n<meta name=\"twitter:card\" content=\"summary_large_image\" \/>\n<meta name=\"twitter:label1\" content=\"Escrito por\" \/>\n\t<meta name=\"twitter:data1\" content=\"Editor General\" \/>\n\t<meta name=\"twitter:label2\" content=\"Tiempo de lectura\" \/>\n\t<meta name=\"twitter:data2\" content=\"2 minutos\" \/>\n<script type=\"application\/ld+json\" class=\"yoast-schema-graph\">{\"@context\":\"https:\/\/schema.org\",\"@graph\":[{\"@type\":\"Article\",\"@id\":\"https:\/\/luchonoticias.com\/editor\/gobierno-da-lineamientos-para-incorporar-en-planes-territoriales-politica-publica-de-victimas\/#article\",\"isPartOf\":{\"@id\":\"https:\/\/luchonoticias.com\/editor\/gobierno-da-lineamientos-para-incorporar-en-planes-territoriales-politica-publica-de-victimas\/\"},\"author\":{\"name\":\"Editor General\",\"@id\":\"https:\/\/luchonoticias.com\/editor\/#\/schema\/person\/29217990ddf6f14e35912b2866d591fb\"},\"headline\":\"Gobierno da lineamientos para incorporar en planes territoriales pol\u00edtica p\u00fablica de v\u00edctimas\",\"datePublished\":\"2024-02-02T12:25:17+00:00\",\"dateModified\":\"2024-02-02T12:25:18+00:00\",\"mainEntityOfPage\":{\"@id\":\"https:\/\/luchonoticias.com\/editor\/gobierno-da-lineamientos-para-incorporar-en-planes-territoriales-politica-publica-de-victimas\/\"},\"wordCount\":353,\"commentCount\":0,\"publisher\":{\"@id\":\"https:\/\/luchonoticias.com\/editor\/#\/schema\/person\/7a7fd911f58561fd056dbac7b55af9cd\"},\"articleSection\":[\"Destacado\",\"Nacional\"],\"inLanguage\":\"es\",\"potentialAction\":[{\"@type\":\"CommentAction\",\"name\":\"Comment\",\"target\":[\"https:\/\/luchonoticias.com\/editor\/gobierno-da-lineamientos-para-incorporar-en-planes-territoriales-politica-publica-de-victimas\/#respond\"]}]},{\"@type\":\"WebPage\",\"@id\":\"https:\/\/luchonoticias.com\/editor\/gobierno-da-lineamientos-para-incorporar-en-planes-territoriales-politica-publica-de-victimas\/\",\"url\":\"https:\/\/luchonoticias.com\/editor\/gobierno-da-lineamientos-para-incorporar-en-planes-territoriales-politica-publica-de-victimas\/\",\"name\":\"Gobierno da lineamientos para incorporar en planes territoriales pol\u00edtica p\u00fablica de v\u00edctimas -\",\"isPartOf\":{\"@id\":\"https:\/\/luchonoticias.com\/editor\/#website\"},\"datePublished\":\"2024-02-02T12:25:17+00:00\",\"dateModified\":\"2024-02-02T12:25:18+00:00\",\"breadcrumb\":{\"@id\":\"https:\/\/luchonoticias.com\/editor\/gobierno-da-lineamientos-para-incorporar-en-planes-territoriales-politica-publica-de-victimas\/#breadcrumb\"},\"inLanguage\":\"es\",\"potentialAction\":[{\"@type\":\"ReadAction\",\"target\":[\"https:\/\/luchonoticias.com\/editor\/gobierno-da-lineamientos-para-incorporar-en-planes-territoriales-politica-publica-de-victimas\/\"]}]},{\"@type\":\"BreadcrumbList\",\"@id\":\"https:\/\/luchonoticias.com\/editor\/gobierno-da-lineamientos-para-incorporar-en-planes-territoriales-politica-publica-de-victimas\/#breadcrumb\",\"itemListElement\":[{\"@type\":\"ListItem\",\"position\":1,\"name\":\"Portada\",\"item\":\"https:\/\/luchonoticias.com\/editor\/\"},{\"@type\":\"ListItem\",\"position\":2,\"name\":\"Gobierno da lineamientos para incorporar en planes territoriales pol\u00edtica p\u00fablica de v\u00edctimas\"}]},{\"@type\":\"WebSite\",\"@id\":\"https:\/\/luchonoticias.com\/editor\/#website\",\"url\":\"https:\/\/luchonoticias.com\/editor\/\",\"name\":\"\",\"description\":\"\",\"publisher\":{\"@id\":\"https:\/\/luchonoticias.com\/editor\/#\/schema\/person\/7a7fd911f58561fd056dbac7b55af9cd\"},\"potentialAction\":[{\"@type\":\"SearchAction\",\"target\":{\"@type\":\"EntryPoint\",\"urlTemplate\":\"https:\/\/luchonoticias.com\/editor\/?s={search_term_string}\"},\"query-input\":{\"@type\":\"PropertyValueSpecification\",\"valueRequired\":true,\"valueName\":\"search_term_string\"}}],\"inLanguage\":\"es\"},{\"@type\":[\"Person\",\"Organization\"],\"@id\":\"https:\/\/luchonoticias.com\/editor\/#\/schema\/person\/7a7fd911f58561fd056dbac7b55af9cd\",\"name\":\"admin\",\"image\":{\"@type\":\"ImageObject\",\"inLanguage\":\"es\",\"@id\":\"https:\/\/luchonoticias.com\/editor\/#\/schema\/person\/image\/\",\"url\":\"https:\/\/luchonoticias.com\/editor\/wp-content\/uploads\/2024\/02\/cropped-cropped-logolu.webp\",\"contentUrl\":\"https:\/\/luchonoticias.com\/editor\/wp-content\/uploads\/2024\/02\/cropped-cropped-logolu.webp\",\"width\":382,\"height\":170,\"caption\":\"admin\"},\"logo\":{\"@id\":\"https:\/\/luchonoticias.com\/editor\/#\/schema\/person\/image\/\"},\"sameAs\":[\"https:\/\/www.facebook.com\/luchonoticiasneiva\"]},{\"@type\":\"Person\",\"@id\":\"https:\/\/luchonoticias.com\/editor\/#\/schema\/person\/29217990ddf6f14e35912b2866d591fb\",\"name\":\"Editor General\",\"image\":{\"@type\":\"ImageObject\",\"inLanguage\":\"es\",\"@id\":\"https:\/\/luchonoticias.com\/editor\/#\/schema\/person\/image\/\",\"url\":\"https:\/\/luchonoticias.com\/editor\/wp-content\/uploads\/2024\/02\/cropped-cropped-logolu-150x150.webp\",\"contentUrl\":\"https:\/\/luchonoticias.com\/editor\/wp-content\/uploads\/2024\/02\/cropped-cropped-logolu-150x150.webp\",\"caption\":\"Editor General\"},\"sameAs\":[\"https:\/\/luchonoticias.com\/\"],\"url\":\"https:\/\/luchonoticias.com\/editor\/author\/editor-general\/\"}]}<\/script>\n<!-- \/ Yoast SEO plugin. -->","yoast_head_json":{"title":"Gobierno da lineamientos para incorporar en planes territoriales pol\u00edtica p\u00fablica de v\u00edctimas -","robots":{"index":"index","follow":"follow","max-snippet":"max-snippet:-1","max-image-preview":"max-image-preview:large","max-video-preview":"max-video-preview:-1"},"canonical":"https:\/\/luchonoticias.com\/editor\/gobierno-da-lineamientos-para-incorporar-en-planes-territoriales-politica-publica-de-victimas\/","og_locale":"es_ES","og_type":"article","og_title":"Gobierno da lineamientos para incorporar en planes territoriales pol\u00edtica p\u00fablica de v\u00edctimas -","og_url":"https:\/\/luchonoticias.com\/editor\/gobierno-da-lineamientos-para-incorporar-en-planes-territoriales-politica-publica-de-victimas\/","article_publisher":"https:\/\/www.facebook.com\/luchonoticiasneiva","article_published_time":"2024-02-02T12:25:17+00:00","article_modified_time":"2024-02-02T12:25:18+00:00","author":"Editor General","twitter_card":"summary_large_image","twitter_misc":{"Escrito por":"Editor General","Tiempo de lectura":"2 minutos"},"schema":{"@context":"https:\/\/schema.org","@graph":[{"@type":"Article","@id":"https:\/\/luchonoticias.com\/editor\/gobierno-da-lineamientos-para-incorporar-en-planes-territoriales-politica-publica-de-victimas\/#article","isPartOf":{"@id":"https:\/\/luchonoticias.com\/editor\/gobierno-da-lineamientos-para-incorporar-en-planes-territoriales-politica-publica-de-victimas\/"},"author":{"name":"Editor General","@id":"https:\/\/luchonoticias.com\/editor\/#\/schema\/person\/29217990ddf6f14e35912b2866d591fb"},"headline":"Gobierno da lineamientos para incorporar en planes territoriales pol\u00edtica p\u00fablica de v\u00edctimas","datePublished":"2024-02-02T12:25:17+00:00","dateModified":"2024-02-02T12:25:18+00:00","mainEntityOfPage":{"@id":"https:\/\/luchonoticias.com\/editor\/gobierno-da-lineamientos-para-incorporar-en-planes-territoriales-politica-publica-de-victimas\/"},"wordCount":353,"commentCount":0,"publisher":{"@id":"https:\/\/luchonoticias.com\/editor\/#\/schema\/person\/7a7fd911f58561fd056dbac7b55af9cd"},"articleSection":["Destacado","Nacional"],"inLanguage":"es","potentialAction":[{"@type":"CommentAction","name":"Comment","target":["https:\/\/luchonoticias.com\/editor\/gobierno-da-lineamientos-para-incorporar-en-planes-territoriales-politica-publica-de-victimas\/#respond"]}]},{"@type":"WebPage","@id":"https:\/\/luchonoticias.com\/editor\/gobierno-da-lineamientos-para-incorporar-en-planes-territoriales-politica-publica-de-victimas\/","url":"https:\/\/luchonoticias.com\/editor\/gobierno-da-lineamientos-para-incorporar-en-planes-territoriales-politica-publica-de-victimas\/","name":"Gobierno da lineamientos para incorporar en planes territoriales pol\u00edtica p\u00fablica de v\u00edctimas -","isPartOf":{"@id":"https:\/\/luchonoticias.com\/editor\/#website"},"datePublished":"2024-02-02T12:25:17+00:00","dateModified":"2024-02-02T12:25:18+00:00","breadcrumb":{"@id":"https:\/\/luchonoticias.com\/editor\/gobierno-da-lineamientos-para-incorporar-en-planes-territoriales-politica-publica-de-victimas\/#breadcrumb"},"inLanguage":"es","potentialAction":[{"@type":"ReadAction","target":["https:\/\/luchonoticias.com\/editor\/gobierno-da-lineamientos-para-incorporar-en-planes-territoriales-politica-publica-de-victimas\/"]}]},{"@type":"BreadcrumbList","@id":"https:\/\/luchonoticias.com\/editor\/gobierno-da-lineamientos-para-incorporar-en-planes-territoriales-politica-publica-de-victimas\/#breadcrumb","itemListElement":[{"@type":"ListItem","position":1,"name":"Portada","item":"https:\/\/luchonoticias.com\/editor\/"},{"@type":"ListItem","position":2,"name":"Gobierno da lineamientos para incorporar en planes territoriales pol\u00edtica p\u00fablica de v\u00edctimas"}]},{"@type":"WebSite","@id":"https:\/\/luchonoticias.com\/editor\/#website","url":"https:\/\/luchonoticias.com\/editor\/","name":"","description":"","publisher":{"@id":"https:\/\/luchonoticias.com\/editor\/#\/schema\/person\/7a7fd911f58561fd056dbac7b55af9cd"},"potentialAction":[{"@type":"SearchAction","target":{"@type":"EntryPoint","urlTemplate":"https:\/\/luchonoticias.com\/editor\/?s={search_term_string}"},"query-input":{"@type":"PropertyValueSpecification","valueRequired":true,"valueName":"search_term_string"}}],"inLanguage":"es"},{"@type":["Person","Organization"],"@id":"https:\/\/luchonoticias.com\/editor\/#\/schema\/person\/7a7fd911f58561fd056dbac7b55af9cd","name":"admin","image":{"@type":"ImageObject","inLanguage":"es","@id":"https:\/\/luchonoticias.com\/editor\/#\/schema\/person\/image\/","url":"https:\/\/luchonoticias.com\/editor\/wp-content\/uploads\/2024\/02\/cropped-cropped-logolu.webp","contentUrl":"https:\/\/luchonoticias.com\/editor\/wp-content\/uploads\/2024\/02\/cropped-cropped-logolu.webp","width":382,"height":170,"caption":"admin"},"logo":{"@id":"https:\/\/luchonoticias.com\/editor\/#\/schema\/person\/image\/"},"sameAs":["https:\/\/www.facebook.com\/luchonoticiasneiva"]},{"@type":"Person","@id":"https:\/\/luchonoticias.com\/editor\/#\/schema\/person\/29217990ddf6f14e35912b2866d591fb","name":"Editor General","image":{"@type":"ImageObject","inLanguage":"es","@id":"https:\/\/luchonoticias.com\/editor\/#\/schema\/person\/image\/","url":"https:\/\/luchonoticias.com\/editor\/wp-content\/uploads\/2024\/02\/cropped-cropped-logolu-150x150.webp","contentUrl":"https:\/\/luchonoticias.com\/editor\/wp-content\/uploads\/2024\/02\/cropped-cropped-logolu-150x150.webp","caption":"Editor General"},"sameAs":["https:\/\/luchonoticias.com\/"],"url":"https:\/\/luchonoticias.com\/editor\/author\/editor-general\/"}]}},"_links":{"self":[{"href":"https:\/\/luchonoticias.com\/editor\/wp-json\/wp\/v2\/posts\/67935","targetHints":{"allow":["GET"]}}],"collection":[{"href":"https:\/\/luchonoticias.com\/editor\/wp-json\/wp\/v2\/posts"}],"about":[{"href":"https:\/\/luchonoticias.com\/editor\/wp-json\/wp\/v2\/types\/post"}],"author":[{"embeddable":true,"href":"https:\/\/luchonoticias.com\/editor\/wp-json\/wp\/v2\/users\/2"}],"replies":[{"embeddable":true,"href":"https:\/\/luchonoticias.com\/editor\/wp-json\/wp\/v2\/comments?post=67935"}],"version-history":[{"count":0,"href":"https:\/\/luchonoticias.com\/editor\/wp-json\/wp\/v2\/posts\/67935\/revisions"}],"wp:attachment":[{"href":"https:\/\/luchonoticias.com\/editor\/wp-json\/wp\/v2\/media?parent=67935"}],"wp:term":[{"taxonomy":"category","embeddable":true,"href":"https:\/\/luchonoticias.com\/editor\/wp-json\/wp\/v2\/categories?post=67935"},{"taxonomy":"post_tag","embeddable":true,"href":"https:\/\/luchonoticias.com\/editor\/wp-json\/wp\/v2\/tags?post=67935"}],"curies":[{"name":"wp","href":"https:\/\/api.w.org\/{rel}","templated":true}]}}