{"id":67938,"date":"2024-02-02T07:26:53","date_gmt":"2024-02-02T12:26:53","guid":{"rendered":"https:\/\/luchonoticias.com\/?p=67938"},"modified":"2024-02-02T11:22:53","modified_gmt":"2024-02-02T16:22:53","slug":"arranca-segunda-fase-de-operativos-contra-la-extorsion-en-10-carceles-del-pais","status":"publish","type":"post","link":"https:\/\/luchonoticias.com\/editor\/arranca-segunda-fase-de-operativos-contra-la-extorsion-en-10-carceles-del-pais\/","title":{"rendered":"Arranca segunda fase de operativos contra la extorsi\u00f3n en 10 c\u00e1rceles del pa\u00eds"},"content":{"rendered":"\n<p>La \u2018Operaci\u00f3n Domin\u00f3\u2019, una estrategia implementada para prevenir la extorsi\u00f3n a la ciudadan\u00eda cometida dentro de las c\u00e1rceles, luchar contra la corrupci\u00f3n y mantener el control y la seguridad dentro de los establecimientos de reclusi\u00f3n del orden nacional, entro en su segunda fase en el pa\u00eds.<\/p>\n\n\n\n<p>El anuncio lo hizo el director general del Instituto Nacional Penitenciario y Carcelario de Colombia (INPEC), el Coronel de la Polic\u00eda Daniel Fernando Guti\u00e9rrez, quien entreg\u00f3 un balance de las operaciones.<\/p>\n\n\n\n<p>\u201cNuestro objetivo es que este plan se focalice en diez (10) centros penitenciarios del pa\u00eds y se hagan operativos de control y registro de manera aleatoria. El a\u00f1o pasado hubo m\u00e1s de 100 intervenciones y este a\u00f1o queremos duplicar esa cifra\u201d, se\u00f1al\u00f3 el funcionario.<\/p>\n\n\n\n<p>Mediante una labor interinstitucional que incluye a la guardia penitenciaria, el Grupo de Acci\u00f3n Unificada contra la Extorsi\u00f3n y el Secuestro (GAULA) de la Polic\u00eda en siete centros penitenciarios y carcelarios, se han incautado 2.430 celulares, 10.158 accesorios y la apertura de 332 procesos penales y disciplinarios en contra de funcionarios del INPEC por ingreso de celulares, SIM cards y otros elementos.<\/p>\n\n\n\n<p>\u201cLo que buscamos es que, semanalmente, haya controles por parte de la guardia del INPEC y que, en coordinaci\u00f3n con el Gaula, al menos quincenalmente haya un control aleatorio y focalizado en los centros penitenciarios\u00bb, dijo<\/p>\n\n\n\n<p>Las acciones han permitido tambi\u00e9n iniciar la indagaci\u00f3n previa en otros 286 casos y 46 entraron a investigaci\u00f3n disciplinaria.<\/p>\n\n\n\n<p>Eel INPEC identific\u00f3 a 29 personas se\u00f1aladas de cometer, al parecer de manera permanente, el presunto delito de extorsi\u00f3n, a partir de informaci\u00f3n suministrada por el GAULA.<\/p>\n\n\n\n<p>Los controles implementados han permitido el traslado de varios de los implicados a c\u00e1rceles de alta seguridad, lo mismo que la puesta en marcha de operativos constantes, celdas unipersonales y comunicaciones controladas debidamente vigiladas.<\/p>\n\n\n\n<p>Tambi\u00e9n, se avanz\u00f3 en la identificaci\u00f3n de personal del INPEC que permite el ingreso de equipos m\u00f3viles y esta informaci\u00f3n fue puesta en conocimiento de los hechos ante la Fiscal\u00eda General de la Naci\u00f3n. Esto, para contrarrestar los hechos de corrupci\u00f3n en el sistema penitenciario.<\/p>\n\n\n\n<p>En 2023 hubo 23 denuncias penales contra funcionarios del INPEC por prevaricato por omisi\u00f3n, 2 por prevaricato por acci\u00f3n, y 71 por abuso de autoridad. Estas denuncias se relacionan con hechos de corrupci\u00f3n de ingresos de celulares y otros.<\/p>\n\n\n\n<p>La Agencia Nacional del Espectro (ANE) pidi\u00f3 delimitar el rol de los operadores de telefon\u00eda celular en torno al apoyo en la eliminaci\u00f3n o restricci\u00f3n de las se\u00f1ales de comunicaci\u00f3n en c\u00e1rceles.<\/p>\n\n\n\n<p>En ese sentido, el Ministerio de Justicia, en coordinaci\u00f3n con el INPEC, el Ministerio de Tecnolog\u00edas de la Informaci\u00f3n y las Comunicaciones (MinTIC) y otras entidades, est\u00e1 trabajando en un cambio tecnol\u00f3gico que permita la inhibici\u00f3n de se\u00f1al para garantizar que en los centros penitenciarios no haya posibilidad de comunicaci\u00f3n a trav\u00e9s por celular.<\/p>\n","protected":false},"excerpt":{"rendered":"<p>La \u2018Operaci\u00f3n Domin\u00f3\u2019, una estrategia implementada para prevenir la extorsi\u00f3n a la ciudadan\u00eda cometida dentro de las c\u00e1rceles, luchar contra la corrupci\u00f3n y mantener el control y la seguridad dentro de los establecimientos de reclusi\u00f3n del orden nacional, entro en su segunda fase en el pa\u00eds. El anuncio lo hizo el director general del Instituto [&hellip;]<\/p>\n","protected":false},"author":2,"featured_media":0,"comment_status":"open","ping_status":"open","sticky":false,"template":"","format":"standard","meta":{"footnotes":""},"categories":[36,29],"tags":[],"class_list":["post-67938","post","type-post","status-publish","format-standard","hentry","category-destacado","category-judicial"],"yoast_head":"<!-- This site is optimized with the Yoast SEO plugin v26.6 - https:\/\/yoast.com\/wordpress\/plugins\/seo\/ -->\n<title>Arranca segunda fase de operativos contra la extorsi\u00f3n en 10 c\u00e1rceles del pa\u00eds -<\/title>\n<meta name=\"robots\" content=\"index, follow, max-snippet:-1, max-image-preview:large, max-video-preview:-1\" \/>\n<link rel=\"canonical\" href=\"https:\/\/luchonoticias.com\/editor\/arranca-segunda-fase-de-operativos-contra-la-extorsion-en-10-carceles-del-pais\/\" \/>\n<meta property=\"og:locale\" content=\"es_ES\" \/>\n<meta property=\"og:type\" content=\"article\" \/>\n<meta property=\"og:title\" content=\"Arranca segunda fase de operativos contra la extorsi\u00f3n en 10 c\u00e1rceles del pa\u00eds -\" \/>\n<meta property=\"og:url\" content=\"https:\/\/luchonoticias.com\/editor\/arranca-segunda-fase-de-operativos-contra-la-extorsion-en-10-carceles-del-pais\/\" \/>\n<meta property=\"article:publisher\" content=\"https:\/\/www.facebook.com\/luchonoticiasneiva\" \/>\n<meta property=\"article:published_time\" content=\"2024-02-02T12:26:53+00:00\" \/>\n<meta property=\"article:modified_time\" content=\"2024-02-02T16:22:53+00:00\" \/>\n<meta name=\"author\" content=\"Editor General\" \/>\n<meta name=\"twitter:card\" content=\"summary_large_image\" \/>\n<meta name=\"twitter:label1\" content=\"Escrito por\" \/>\n\t<meta name=\"twitter:data1\" content=\"Editor General\" \/>\n\t<meta name=\"twitter:label2\" content=\"Tiempo de lectura\" \/>\n\t<meta name=\"twitter:data2\" content=\"3 minutos\" \/>\n<script type=\"application\/ld+json\" class=\"yoast-schema-graph\">{\"@context\":\"https:\/\/schema.org\",\"@graph\":[{\"@type\":\"Article\",\"@id\":\"https:\/\/luchonoticias.com\/editor\/arranca-segunda-fase-de-operativos-contra-la-extorsion-en-10-carceles-del-pais\/#article\",\"isPartOf\":{\"@id\":\"https:\/\/luchonoticias.com\/editor\/arranca-segunda-fase-de-operativos-contra-la-extorsion-en-10-carceles-del-pais\/\"},\"author\":{\"name\":\"Editor General\",\"@id\":\"https:\/\/luchonoticias.com\/editor\/#\/schema\/person\/29217990ddf6f14e35912b2866d591fb\"},\"headline\":\"Arranca segunda fase de operativos contra la extorsi\u00f3n en 10 c\u00e1rceles del pa\u00eds\",\"datePublished\":\"2024-02-02T12:26:53+00:00\",\"dateModified\":\"2024-02-02T16:22:53+00:00\",\"mainEntityOfPage\":{\"@id\":\"https:\/\/luchonoticias.com\/editor\/arranca-segunda-fase-de-operativos-contra-la-extorsion-en-10-carceles-del-pais\/\"},\"wordCount\":521,\"commentCount\":0,\"publisher\":{\"@id\":\"https:\/\/luchonoticias.com\/editor\/#\/schema\/person\/7a7fd911f58561fd056dbac7b55af9cd\"},\"articleSection\":[\"Destacado\",\"Judicial\"],\"inLanguage\":\"es\",\"potentialAction\":[{\"@type\":\"CommentAction\",\"name\":\"Comment\",\"target\":[\"https:\/\/luchonoticias.com\/editor\/arranca-segunda-fase-de-operativos-contra-la-extorsion-en-10-carceles-del-pais\/#respond\"]}]},{\"@type\":\"WebPage\",\"@id\":\"https:\/\/luchonoticias.com\/editor\/arranca-segunda-fase-de-operativos-contra-la-extorsion-en-10-carceles-del-pais\/\",\"url\":\"https:\/\/luchonoticias.com\/editor\/arranca-segunda-fase-de-operativos-contra-la-extorsion-en-10-carceles-del-pais\/\",\"name\":\"Arranca segunda fase de operativos contra la extorsi\u00f3n en 10 c\u00e1rceles del pa\u00eds -\",\"isPartOf\":{\"@id\":\"https:\/\/luchonoticias.com\/editor\/#website\"},\"datePublished\":\"2024-02-02T12:26:53+00:00\",\"dateModified\":\"2024-02-02T16:22:53+00:00\",\"breadcrumb\":{\"@id\":\"https:\/\/luchonoticias.com\/editor\/arranca-segunda-fase-de-operativos-contra-la-extorsion-en-10-carceles-del-pais\/#breadcrumb\"},\"inLanguage\":\"es\",\"potentialAction\":[{\"@type\":\"ReadAction\",\"target\":[\"https:\/\/luchonoticias.com\/editor\/arranca-segunda-fase-de-operativos-contra-la-extorsion-en-10-carceles-del-pais\/\"]}]},{\"@type\":\"BreadcrumbList\",\"@id\":\"https:\/\/luchonoticias.com\/editor\/arranca-segunda-fase-de-operativos-contra-la-extorsion-en-10-carceles-del-pais\/#breadcrumb\",\"itemListElement\":[{\"@type\":\"ListItem\",\"position\":1,\"name\":\"Portada\",\"item\":\"https:\/\/luchonoticias.com\/editor\/\"},{\"@type\":\"ListItem\",\"position\":2,\"name\":\"Arranca segunda fase de operativos contra la extorsi\u00f3n en 10 c\u00e1rceles del pa\u00eds\"}]},{\"@type\":\"WebSite\",\"@id\":\"https:\/\/luchonoticias.com\/editor\/#website\",\"url\":\"https:\/\/luchonoticias.com\/editor\/\",\"name\":\"\",\"description\":\"\",\"publisher\":{\"@id\":\"https:\/\/luchonoticias.com\/editor\/#\/schema\/person\/7a7fd911f58561fd056dbac7b55af9cd\"},\"potentialAction\":[{\"@type\":\"SearchAction\",\"target\":{\"@type\":\"EntryPoint\",\"urlTemplate\":\"https:\/\/luchonoticias.com\/editor\/?s={search_term_string}\"},\"query-input\":{\"@type\":\"PropertyValueSpecification\",\"valueRequired\":true,\"valueName\":\"search_term_string\"}}],\"inLanguage\":\"es\"},{\"@type\":[\"Person\",\"Organization\"],\"@id\":\"https:\/\/luchonoticias.com\/editor\/#\/schema\/person\/7a7fd911f58561fd056dbac7b55af9cd\",\"name\":\"admin\",\"image\":{\"@type\":\"ImageObject\",\"inLanguage\":\"es\",\"@id\":\"https:\/\/luchonoticias.com\/editor\/#\/schema\/person\/image\/\",\"url\":\"https:\/\/luchonoticias.com\/editor\/wp-content\/uploads\/2024\/02\/cropped-cropped-logolu.webp\",\"contentUrl\":\"https:\/\/luchonoticias.com\/editor\/wp-content\/uploads\/2024\/02\/cropped-cropped-logolu.webp\",\"width\":382,\"height\":170,\"caption\":\"admin\"},\"logo\":{\"@id\":\"https:\/\/luchonoticias.com\/editor\/#\/schema\/person\/image\/\"},\"sameAs\":[\"https:\/\/www.facebook.com\/luchonoticiasneiva\"]},{\"@type\":\"Person\",\"@id\":\"https:\/\/luchonoticias.com\/editor\/#\/schema\/person\/29217990ddf6f14e35912b2866d591fb\",\"name\":\"Editor General\",\"image\":{\"@type\":\"ImageObject\",\"inLanguage\":\"es\",\"@id\":\"https:\/\/luchonoticias.com\/editor\/#\/schema\/person\/image\/\",\"url\":\"https:\/\/luchonoticias.com\/editor\/wp-content\/uploads\/2024\/02\/cropped-cropped-logolu-150x150.webp\",\"contentUrl\":\"https:\/\/luchonoticias.com\/editor\/wp-content\/uploads\/2024\/02\/cropped-cropped-logolu-150x150.webp\",\"caption\":\"Editor General\"},\"sameAs\":[\"https:\/\/luchonoticias.com\/\"],\"url\":\"https:\/\/luchonoticias.com\/editor\/author\/editor-general\/\"}]}<\/script>\n<!-- \/ Yoast SEO plugin. -->","yoast_head_json":{"title":"Arranca segunda fase de operativos contra la extorsi\u00f3n en 10 c\u00e1rceles del pa\u00eds -","robots":{"index":"index","follow":"follow","max-snippet":"max-snippet:-1","max-image-preview":"max-image-preview:large","max-video-preview":"max-video-preview:-1"},"canonical":"https:\/\/luchonoticias.com\/editor\/arranca-segunda-fase-de-operativos-contra-la-extorsion-en-10-carceles-del-pais\/","og_locale":"es_ES","og_type":"article","og_title":"Arranca segunda fase de operativos contra la extorsi\u00f3n en 10 c\u00e1rceles del pa\u00eds -","og_url":"https:\/\/luchonoticias.com\/editor\/arranca-segunda-fase-de-operativos-contra-la-extorsion-en-10-carceles-del-pais\/","article_publisher":"https:\/\/www.facebook.com\/luchonoticiasneiva","article_published_time":"2024-02-02T12:26:53+00:00","article_modified_time":"2024-02-02T16:22:53+00:00","author":"Editor General","twitter_card":"summary_large_image","twitter_misc":{"Escrito por":"Editor General","Tiempo de lectura":"3 minutos"},"schema":{"@context":"https:\/\/schema.org","@graph":[{"@type":"Article","@id":"https:\/\/luchonoticias.com\/editor\/arranca-segunda-fase-de-operativos-contra-la-extorsion-en-10-carceles-del-pais\/#article","isPartOf":{"@id":"https:\/\/luchonoticias.com\/editor\/arranca-segunda-fase-de-operativos-contra-la-extorsion-en-10-carceles-del-pais\/"},"author":{"name":"Editor General","@id":"https:\/\/luchonoticias.com\/editor\/#\/schema\/person\/29217990ddf6f14e35912b2866d591fb"},"headline":"Arranca segunda fase de operativos contra la extorsi\u00f3n en 10 c\u00e1rceles del pa\u00eds","datePublished":"2024-02-02T12:26:53+00:00","dateModified":"2024-02-02T16:22:53+00:00","mainEntityOfPage":{"@id":"https:\/\/luchonoticias.com\/editor\/arranca-segunda-fase-de-operativos-contra-la-extorsion-en-10-carceles-del-pais\/"},"wordCount":521,"commentCount":0,"publisher":{"@id":"https:\/\/luchonoticias.com\/editor\/#\/schema\/person\/7a7fd911f58561fd056dbac7b55af9cd"},"articleSection":["Destacado","Judicial"],"inLanguage":"es","potentialAction":[{"@type":"CommentAction","name":"Comment","target":["https:\/\/luchonoticias.com\/editor\/arranca-segunda-fase-de-operativos-contra-la-extorsion-en-10-carceles-del-pais\/#respond"]}]},{"@type":"WebPage","@id":"https:\/\/luchonoticias.com\/editor\/arranca-segunda-fase-de-operativos-contra-la-extorsion-en-10-carceles-del-pais\/","url":"https:\/\/luchonoticias.com\/editor\/arranca-segunda-fase-de-operativos-contra-la-extorsion-en-10-carceles-del-pais\/","name":"Arranca segunda fase de operativos contra la extorsi\u00f3n en 10 c\u00e1rceles del pa\u00eds -","isPartOf":{"@id":"https:\/\/luchonoticias.com\/editor\/#website"},"datePublished":"2024-02-02T12:26:53+00:00","dateModified":"2024-02-02T16:22:53+00:00","breadcrumb":{"@id":"https:\/\/luchonoticias.com\/editor\/arranca-segunda-fase-de-operativos-contra-la-extorsion-en-10-carceles-del-pais\/#breadcrumb"},"inLanguage":"es","potentialAction":[{"@type":"ReadAction","target":["https:\/\/luchonoticias.com\/editor\/arranca-segunda-fase-de-operativos-contra-la-extorsion-en-10-carceles-del-pais\/"]}]},{"@type":"BreadcrumbList","@id":"https:\/\/luchonoticias.com\/editor\/arranca-segunda-fase-de-operativos-contra-la-extorsion-en-10-carceles-del-pais\/#breadcrumb","itemListElement":[{"@type":"ListItem","position":1,"name":"Portada","item":"https:\/\/luchonoticias.com\/editor\/"},{"@type":"ListItem","position":2,"name":"Arranca segunda fase de operativos contra la extorsi\u00f3n en 10 c\u00e1rceles del pa\u00eds"}]},{"@type":"WebSite","@id":"https:\/\/luchonoticias.com\/editor\/#website","url":"https:\/\/luchonoticias.com\/editor\/","name":"","description":"","publisher":{"@id":"https:\/\/luchonoticias.com\/editor\/#\/schema\/person\/7a7fd911f58561fd056dbac7b55af9cd"},"potentialAction":[{"@type":"SearchAction","target":{"@type":"EntryPoint","urlTemplate":"https:\/\/luchonoticias.com\/editor\/?s={search_term_string}"},"query-input":{"@type":"PropertyValueSpecification","valueRequired":true,"valueName":"search_term_string"}}],"inLanguage":"es"},{"@type":["Person","Organization"],"@id":"https:\/\/luchonoticias.com\/editor\/#\/schema\/person\/7a7fd911f58561fd056dbac7b55af9cd","name":"admin","image":{"@type":"ImageObject","inLanguage":"es","@id":"https:\/\/luchonoticias.com\/editor\/#\/schema\/person\/image\/","url":"https:\/\/luchonoticias.com\/editor\/wp-content\/uploads\/2024\/02\/cropped-cropped-logolu.webp","contentUrl":"https:\/\/luchonoticias.com\/editor\/wp-content\/uploads\/2024\/02\/cropped-cropped-logolu.webp","width":382,"height":170,"caption":"admin"},"logo":{"@id":"https:\/\/luchonoticias.com\/editor\/#\/schema\/person\/image\/"},"sameAs":["https:\/\/www.facebook.com\/luchonoticiasneiva"]},{"@type":"Person","@id":"https:\/\/luchonoticias.com\/editor\/#\/schema\/person\/29217990ddf6f14e35912b2866d591fb","name":"Editor General","image":{"@type":"ImageObject","inLanguage":"es","@id":"https:\/\/luchonoticias.com\/editor\/#\/schema\/person\/image\/","url":"https:\/\/luchonoticias.com\/editor\/wp-content\/uploads\/2024\/02\/cropped-cropped-logolu-150x150.webp","contentUrl":"https:\/\/luchonoticias.com\/editor\/wp-content\/uploads\/2024\/02\/cropped-cropped-logolu-150x150.webp","caption":"Editor General"},"sameAs":["https:\/\/luchonoticias.com\/"],"url":"https:\/\/luchonoticias.com\/editor\/author\/editor-general\/"}]}},"_links":{"self":[{"href":"https:\/\/luchonoticias.com\/editor\/wp-json\/wp\/v2\/posts\/67938","targetHints":{"allow":["GET"]}}],"collection":[{"href":"https:\/\/luchonoticias.com\/editor\/wp-json\/wp\/v2\/posts"}],"about":[{"href":"https:\/\/luchonoticias.com\/editor\/wp-json\/wp\/v2\/types\/post"}],"author":[{"embeddable":true,"href":"https:\/\/luchonoticias.com\/editor\/wp-json\/wp\/v2\/users\/2"}],"replies":[{"embeddable":true,"href":"https:\/\/luchonoticias.com\/editor\/wp-json\/wp\/v2\/comments?post=67938"}],"version-history":[{"count":0,"href":"https:\/\/luchonoticias.com\/editor\/wp-json\/wp\/v2\/posts\/67938\/revisions"}],"wp:attachment":[{"href":"https:\/\/luchonoticias.com\/editor\/wp-json\/wp\/v2\/media?parent=67938"}],"wp:term":[{"taxonomy":"category","embeddable":true,"href":"https:\/\/luchonoticias.com\/editor\/wp-json\/wp\/v2\/categories?post=67938"},{"taxonomy":"post_tag","embeddable":true,"href":"https:\/\/luchonoticias.com\/editor\/wp-json\/wp\/v2\/tags?post=67938"}],"curies":[{"name":"wp","href":"https:\/\/api.w.org\/{rel}","templated":true}]}}