{"id":67941,"date":"2024-02-02T07:31:32","date_gmt":"2024-02-02T12:31:32","guid":{"rendered":"https:\/\/luchonoticias.com\/?p=67941"},"modified":"2024-02-02T07:31:33","modified_gmt":"2024-02-02T12:31:33","slug":"minminas-adopta-nuevas-medidas-para-hacerle-frente-a-posibles-riesgos-por-fenomeno-de-el-nino","status":"publish","type":"post","link":"https:\/\/luchonoticias.com\/editor\/minminas-adopta-nuevas-medidas-para-hacerle-frente-a-posibles-riesgos-por-fenomeno-de-el-nino\/","title":{"rendered":"MinMinas adopta nuevas medidas para hacerle frente a posibles riesgos por fen\u00f3meno de El Ni\u00f1o"},"content":{"rendered":"\n<p>El Ministerio de Minas y Energ\u00eda anuncio nuevas medidas para hacerle frente a la emergencia en varias regiones del pa\u00eds por la ola de calor ocasionada por el fen\u00f3meno de El Ni\u00f1o.<\/p>\n\n\n\n<p>Para evitar nuevas conflagraciones, la cartera de Minas advirti\u00f3 a alcaldes y gobernadores, y de manera urgente a los operadores de red de sistemas de transmisi\u00f3n regional y local, para que adopten medidas preventivas y de gesti\u00f3n de riesgos.<\/p>\n\n\n\n<p>Los riesgos operativos se pueden presentar especialmente en las redes el\u00e9ctricas de media tensi\u00f3n de distribuci\u00f3n regional que hacen parte del Sistema de Transmisi\u00f3n Regional \u2013 STR, en zonas rurales con alta densidad de vegetaci\u00f3n.<\/p>\n\n\n\n<p>\u201cLas elevadas temperaturas provocan dilataciones en las l\u00edneas de distribuci\u00f3n el\u00e9ctrica que, en presencia de fuertes vientos, representan un riesgo significativo de provocar arcos el\u00e9ctricos, al interactuar con ramas secas de vegetaci\u00f3n circundante, pueden provocar incendios forestales\u201d, se\u00f1al\u00f3 la cartera energ\u00e9tica.<\/p>\n\n\n\n<p>En ese sentido, el Ministerio formul\u00f3 un llamado a los mandatarios locales y regionales, as\u00ed como a los operadores de red de STR, para que adopten medidas preventivas y de gesti\u00f3n de riesgos, entre otras:<\/p>\n\n\n\n<p>&#8211; Implementar protocolos de monitoreo constante de las redes el\u00e9ctricas, as\u00ed como establecer acciones espec\u00edficas para la poda de \u00e1rboles en las \u00e1reas de servidumbre de las redes de media tensi\u00f3n, especialmente en las \u00e1reas rurales.<\/p>\n\n\n\n<p>&#8211; Adelantar campa\u00f1as con los usuarios para minimizar riesgos de corto circuito en las redes de baja tensi\u00f3n.<\/p>\n\n\n\n<p>&#8211; Realizar labores de inspecci\u00f3n al material aislante que recubre las redes ecol\u00f3gicas, ya que \u00e9stas, al presentar riesgos reducidos en presencia de vegetaci\u00f3n, son las que menos mantenimiento reciben.<\/p>\n\n\n\n<p>&#8211; Coordinar con los organismos de protecci\u00f3n civil y bomberos, mecanismos \u00e1giles y eficientes de respuesta ante posibles emergencias derivadas de la interacci\u00f3n entre las condiciones clim\u00e1ticas adversas y la infraestructura el\u00e9ctrica.<\/p>\n\n\n\n<p>Adicionalmente, el ministro de Minas y Energ\u00eda, Andr\u00e9s Camacho, record\u00f3 que junto con la Comisi\u00f3n de Regulaci\u00f3n de Energ\u00eda y Gas (CREG) se adoptaron otras disposiciones que fortalecen el sector energ\u00e9tico para enfrentar riesgos en \u00e9poca de sequ\u00eda.<\/p>\n\n\n\n<p><strong>Estas medidas consisten en:<\/strong><\/p>\n\n\n\n<p>&#8211; Flexibilizaci\u00f3n de contratos que permite la contrataci\u00f3n directa de energ\u00eda hasta por dos a\u00f1os.<\/p>\n\n\n\n<p>\u201cEsta medida busca que las plantas que no son despachadas centralmente puedan entregar excedentes de energ\u00eda durante este periodo con un permiso de conexi\u00f3n temporal de la UPME\u201d, dijo el funcionario.<\/p>\n\n\n\n<p>&#8211; Autorizaci\u00f3n de entrega de excedentes de energ\u00eda para plantas menores durante este periodo, con un permiso temporal de la Unidad de Planeaci\u00f3n Minero Energ\u00e9tica (UPME).<\/p>\n\n\n\n<p>Adicionalmente, el Ministerio inform\u00f3 que en reuni\u00f3n con empresas comercializadoras de energ\u00eda asociadas en Codisgen se evaluaron las medidas que permitan la sostenibilidad financiera del sistema durante el fen\u00f3meno de El Ni\u00f1o.<\/p>\n\n\n\n<p>\u201cLa colaboraci\u00f3n interinstitucional y la consciencia ciudadana son esenciales para reducir los riesgos, mitigar los impactos y salvaguardar la seguridad de la comunidad en medio de estas condiciones clim\u00e1ticas extremas\u201d, concluy\u00f3 el jefe de la cartera de Minas y Energ\u00eda.<\/p>\n","protected":false},"excerpt":{"rendered":"<p>El Ministerio de Minas y Energ\u00eda anuncio nuevas medidas para hacerle frente a la emergencia en varias regiones del pa\u00eds por la ola de calor ocasionada por el fen\u00f3meno de El Ni\u00f1o. Para evitar nuevas conflagraciones, la cartera de Minas advirti\u00f3 a alcaldes y gobernadores, y de manera urgente a los operadores de red de [&hellip;]<\/p>\n","protected":false},"author":2,"featured_media":0,"comment_status":"open","ping_status":"open","sticky":false,"template":"","format":"standard","meta":{"footnotes":""},"categories":[36,35],"tags":[],"class_list":["post-67941","post","type-post","status-publish","format-standard","hentry","category-destacado","category-regional"],"yoast_head":"<!-- This site is optimized with the Yoast SEO plugin v26.6 - https:\/\/yoast.com\/wordpress\/plugins\/seo\/ -->\n<title>MinMinas adopta nuevas medidas para hacerle frente a posibles riesgos por fen\u00f3meno de El Ni\u00f1o -<\/title>\n<meta name=\"robots\" content=\"index, follow, max-snippet:-1, max-image-preview:large, max-video-preview:-1\" \/>\n<link rel=\"canonical\" href=\"https:\/\/luchonoticias.com\/editor\/minminas-adopta-nuevas-medidas-para-hacerle-frente-a-posibles-riesgos-por-fenomeno-de-el-nino\/\" \/>\n<meta property=\"og:locale\" content=\"es_ES\" \/>\n<meta property=\"og:type\" content=\"article\" \/>\n<meta property=\"og:title\" content=\"MinMinas adopta nuevas medidas para hacerle frente a posibles riesgos por fen\u00f3meno de El Ni\u00f1o -\" \/>\n<meta property=\"og:url\" content=\"https:\/\/luchonoticias.com\/editor\/minminas-adopta-nuevas-medidas-para-hacerle-frente-a-posibles-riesgos-por-fenomeno-de-el-nino\/\" \/>\n<meta property=\"article:publisher\" content=\"https:\/\/www.facebook.com\/luchonoticiasneiva\" \/>\n<meta property=\"article:published_time\" content=\"2024-02-02T12:31:32+00:00\" \/>\n<meta property=\"article:modified_time\" content=\"2024-02-02T12:31:33+00:00\" \/>\n<meta name=\"author\" content=\"Editor General\" \/>\n<meta name=\"twitter:card\" content=\"summary_large_image\" \/>\n<meta name=\"twitter:label1\" content=\"Escrito por\" \/>\n\t<meta name=\"twitter:data1\" content=\"Editor General\" \/>\n\t<meta name=\"twitter:label2\" content=\"Tiempo de lectura\" \/>\n\t<meta name=\"twitter:data2\" content=\"3 minutos\" \/>\n<script type=\"application\/ld+json\" class=\"yoast-schema-graph\">{\"@context\":\"https:\/\/schema.org\",\"@graph\":[{\"@type\":\"Article\",\"@id\":\"https:\/\/luchonoticias.com\/editor\/minminas-adopta-nuevas-medidas-para-hacerle-frente-a-posibles-riesgos-por-fenomeno-de-el-nino\/#article\",\"isPartOf\":{\"@id\":\"https:\/\/luchonoticias.com\/editor\/minminas-adopta-nuevas-medidas-para-hacerle-frente-a-posibles-riesgos-por-fenomeno-de-el-nino\/\"},\"author\":{\"name\":\"Editor General\",\"@id\":\"https:\/\/luchonoticias.com\/editor\/#\/schema\/person\/29217990ddf6f14e35912b2866d591fb\"},\"headline\":\"MinMinas adopta nuevas medidas para hacerle frente a posibles riesgos por fen\u00f3meno de El Ni\u00f1o\",\"datePublished\":\"2024-02-02T12:31:32+00:00\",\"dateModified\":\"2024-02-02T12:31:33+00:00\",\"mainEntityOfPage\":{\"@id\":\"https:\/\/luchonoticias.com\/editor\/minminas-adopta-nuevas-medidas-para-hacerle-frente-a-posibles-riesgos-por-fenomeno-de-el-nino\/\"},\"wordCount\":555,\"commentCount\":0,\"publisher\":{\"@id\":\"https:\/\/luchonoticias.com\/editor\/#\/schema\/person\/7a7fd911f58561fd056dbac7b55af9cd\"},\"articleSection\":[\"Destacado\",\"Regional\"],\"inLanguage\":\"es\",\"potentialAction\":[{\"@type\":\"CommentAction\",\"name\":\"Comment\",\"target\":[\"https:\/\/luchonoticias.com\/editor\/minminas-adopta-nuevas-medidas-para-hacerle-frente-a-posibles-riesgos-por-fenomeno-de-el-nino\/#respond\"]}]},{\"@type\":\"WebPage\",\"@id\":\"https:\/\/luchonoticias.com\/editor\/minminas-adopta-nuevas-medidas-para-hacerle-frente-a-posibles-riesgos-por-fenomeno-de-el-nino\/\",\"url\":\"https:\/\/luchonoticias.com\/editor\/minminas-adopta-nuevas-medidas-para-hacerle-frente-a-posibles-riesgos-por-fenomeno-de-el-nino\/\",\"name\":\"MinMinas adopta nuevas medidas para hacerle frente a posibles riesgos por fen\u00f3meno de El Ni\u00f1o -\",\"isPartOf\":{\"@id\":\"https:\/\/luchonoticias.com\/editor\/#website\"},\"datePublished\":\"2024-02-02T12:31:32+00:00\",\"dateModified\":\"2024-02-02T12:31:33+00:00\",\"breadcrumb\":{\"@id\":\"https:\/\/luchonoticias.com\/editor\/minminas-adopta-nuevas-medidas-para-hacerle-frente-a-posibles-riesgos-por-fenomeno-de-el-nino\/#breadcrumb\"},\"inLanguage\":\"es\",\"potentialAction\":[{\"@type\":\"ReadAction\",\"target\":[\"https:\/\/luchonoticias.com\/editor\/minminas-adopta-nuevas-medidas-para-hacerle-frente-a-posibles-riesgos-por-fenomeno-de-el-nino\/\"]}]},{\"@type\":\"BreadcrumbList\",\"@id\":\"https:\/\/luchonoticias.com\/editor\/minminas-adopta-nuevas-medidas-para-hacerle-frente-a-posibles-riesgos-por-fenomeno-de-el-nino\/#breadcrumb\",\"itemListElement\":[{\"@type\":\"ListItem\",\"position\":1,\"name\":\"Portada\",\"item\":\"https:\/\/luchonoticias.com\/editor\/\"},{\"@type\":\"ListItem\",\"position\":2,\"name\":\"MinMinas adopta nuevas medidas para hacerle frente a posibles riesgos por fen\u00f3meno de El Ni\u00f1o\"}]},{\"@type\":\"WebSite\",\"@id\":\"https:\/\/luchonoticias.com\/editor\/#website\",\"url\":\"https:\/\/luchonoticias.com\/editor\/\",\"name\":\"\",\"description\":\"\",\"publisher\":{\"@id\":\"https:\/\/luchonoticias.com\/editor\/#\/schema\/person\/7a7fd911f58561fd056dbac7b55af9cd\"},\"potentialAction\":[{\"@type\":\"SearchAction\",\"target\":{\"@type\":\"EntryPoint\",\"urlTemplate\":\"https:\/\/luchonoticias.com\/editor\/?s={search_term_string}\"},\"query-input\":{\"@type\":\"PropertyValueSpecification\",\"valueRequired\":true,\"valueName\":\"search_term_string\"}}],\"inLanguage\":\"es\"},{\"@type\":[\"Person\",\"Organization\"],\"@id\":\"https:\/\/luchonoticias.com\/editor\/#\/schema\/person\/7a7fd911f58561fd056dbac7b55af9cd\",\"name\":\"admin\",\"image\":{\"@type\":\"ImageObject\",\"inLanguage\":\"es\",\"@id\":\"https:\/\/luchonoticias.com\/editor\/#\/schema\/person\/image\/\",\"url\":\"https:\/\/luchonoticias.com\/editor\/wp-content\/uploads\/2024\/02\/cropped-cropped-logolu.webp\",\"contentUrl\":\"https:\/\/luchonoticias.com\/editor\/wp-content\/uploads\/2024\/02\/cropped-cropped-logolu.webp\",\"width\":382,\"height\":170,\"caption\":\"admin\"},\"logo\":{\"@id\":\"https:\/\/luchonoticias.com\/editor\/#\/schema\/person\/image\/\"},\"sameAs\":[\"https:\/\/www.facebook.com\/luchonoticiasneiva\"]},{\"@type\":\"Person\",\"@id\":\"https:\/\/luchonoticias.com\/editor\/#\/schema\/person\/29217990ddf6f14e35912b2866d591fb\",\"name\":\"Editor General\",\"image\":{\"@type\":\"ImageObject\",\"inLanguage\":\"es\",\"@id\":\"https:\/\/luchonoticias.com\/editor\/#\/schema\/person\/image\/\",\"url\":\"https:\/\/luchonoticias.com\/editor\/wp-content\/uploads\/2024\/02\/cropped-cropped-logolu-150x150.webp\",\"contentUrl\":\"https:\/\/luchonoticias.com\/editor\/wp-content\/uploads\/2024\/02\/cropped-cropped-logolu-150x150.webp\",\"caption\":\"Editor General\"},\"sameAs\":[\"https:\/\/luchonoticias.com\/\"],\"url\":\"https:\/\/luchonoticias.com\/editor\/author\/editor-general\/\"}]}<\/script>\n<!-- \/ Yoast SEO plugin. -->","yoast_head_json":{"title":"MinMinas adopta nuevas medidas para hacerle frente a posibles riesgos por fen\u00f3meno de El Ni\u00f1o -","robots":{"index":"index","follow":"follow","max-snippet":"max-snippet:-1","max-image-preview":"max-image-preview:large","max-video-preview":"max-video-preview:-1"},"canonical":"https:\/\/luchonoticias.com\/editor\/minminas-adopta-nuevas-medidas-para-hacerle-frente-a-posibles-riesgos-por-fenomeno-de-el-nino\/","og_locale":"es_ES","og_type":"article","og_title":"MinMinas adopta nuevas medidas para hacerle frente a posibles riesgos por fen\u00f3meno de El Ni\u00f1o -","og_url":"https:\/\/luchonoticias.com\/editor\/minminas-adopta-nuevas-medidas-para-hacerle-frente-a-posibles-riesgos-por-fenomeno-de-el-nino\/","article_publisher":"https:\/\/www.facebook.com\/luchonoticiasneiva","article_published_time":"2024-02-02T12:31:32+00:00","article_modified_time":"2024-02-02T12:31:33+00:00","author":"Editor General","twitter_card":"summary_large_image","twitter_misc":{"Escrito por":"Editor General","Tiempo de lectura":"3 minutos"},"schema":{"@context":"https:\/\/schema.org","@graph":[{"@type":"Article","@id":"https:\/\/luchonoticias.com\/editor\/minminas-adopta-nuevas-medidas-para-hacerle-frente-a-posibles-riesgos-por-fenomeno-de-el-nino\/#article","isPartOf":{"@id":"https:\/\/luchonoticias.com\/editor\/minminas-adopta-nuevas-medidas-para-hacerle-frente-a-posibles-riesgos-por-fenomeno-de-el-nino\/"},"author":{"name":"Editor General","@id":"https:\/\/luchonoticias.com\/editor\/#\/schema\/person\/29217990ddf6f14e35912b2866d591fb"},"headline":"MinMinas adopta nuevas medidas para hacerle frente a posibles riesgos por fen\u00f3meno de El Ni\u00f1o","datePublished":"2024-02-02T12:31:32+00:00","dateModified":"2024-02-02T12:31:33+00:00","mainEntityOfPage":{"@id":"https:\/\/luchonoticias.com\/editor\/minminas-adopta-nuevas-medidas-para-hacerle-frente-a-posibles-riesgos-por-fenomeno-de-el-nino\/"},"wordCount":555,"commentCount":0,"publisher":{"@id":"https:\/\/luchonoticias.com\/editor\/#\/schema\/person\/7a7fd911f58561fd056dbac7b55af9cd"},"articleSection":["Destacado","Regional"],"inLanguage":"es","potentialAction":[{"@type":"CommentAction","name":"Comment","target":["https:\/\/luchonoticias.com\/editor\/minminas-adopta-nuevas-medidas-para-hacerle-frente-a-posibles-riesgos-por-fenomeno-de-el-nino\/#respond"]}]},{"@type":"WebPage","@id":"https:\/\/luchonoticias.com\/editor\/minminas-adopta-nuevas-medidas-para-hacerle-frente-a-posibles-riesgos-por-fenomeno-de-el-nino\/","url":"https:\/\/luchonoticias.com\/editor\/minminas-adopta-nuevas-medidas-para-hacerle-frente-a-posibles-riesgos-por-fenomeno-de-el-nino\/","name":"MinMinas adopta nuevas medidas para hacerle frente a posibles riesgos por fen\u00f3meno de El Ni\u00f1o -","isPartOf":{"@id":"https:\/\/luchonoticias.com\/editor\/#website"},"datePublished":"2024-02-02T12:31:32+00:00","dateModified":"2024-02-02T12:31:33+00:00","breadcrumb":{"@id":"https:\/\/luchonoticias.com\/editor\/minminas-adopta-nuevas-medidas-para-hacerle-frente-a-posibles-riesgos-por-fenomeno-de-el-nino\/#breadcrumb"},"inLanguage":"es","potentialAction":[{"@type":"ReadAction","target":["https:\/\/luchonoticias.com\/editor\/minminas-adopta-nuevas-medidas-para-hacerle-frente-a-posibles-riesgos-por-fenomeno-de-el-nino\/"]}]},{"@type":"BreadcrumbList","@id":"https:\/\/luchonoticias.com\/editor\/minminas-adopta-nuevas-medidas-para-hacerle-frente-a-posibles-riesgos-por-fenomeno-de-el-nino\/#breadcrumb","itemListElement":[{"@type":"ListItem","position":1,"name":"Portada","item":"https:\/\/luchonoticias.com\/editor\/"},{"@type":"ListItem","position":2,"name":"MinMinas adopta nuevas medidas para hacerle frente a posibles riesgos por fen\u00f3meno de El Ni\u00f1o"}]},{"@type":"WebSite","@id":"https:\/\/luchonoticias.com\/editor\/#website","url":"https:\/\/luchonoticias.com\/editor\/","name":"","description":"","publisher":{"@id":"https:\/\/luchonoticias.com\/editor\/#\/schema\/person\/7a7fd911f58561fd056dbac7b55af9cd"},"potentialAction":[{"@type":"SearchAction","target":{"@type":"EntryPoint","urlTemplate":"https:\/\/luchonoticias.com\/editor\/?s={search_term_string}"},"query-input":{"@type":"PropertyValueSpecification","valueRequired":true,"valueName":"search_term_string"}}],"inLanguage":"es"},{"@type":["Person","Organization"],"@id":"https:\/\/luchonoticias.com\/editor\/#\/schema\/person\/7a7fd911f58561fd056dbac7b55af9cd","name":"admin","image":{"@type":"ImageObject","inLanguage":"es","@id":"https:\/\/luchonoticias.com\/editor\/#\/schema\/person\/image\/","url":"https:\/\/luchonoticias.com\/editor\/wp-content\/uploads\/2024\/02\/cropped-cropped-logolu.webp","contentUrl":"https:\/\/luchonoticias.com\/editor\/wp-content\/uploads\/2024\/02\/cropped-cropped-logolu.webp","width":382,"height":170,"caption":"admin"},"logo":{"@id":"https:\/\/luchonoticias.com\/editor\/#\/schema\/person\/image\/"},"sameAs":["https:\/\/www.facebook.com\/luchonoticiasneiva"]},{"@type":"Person","@id":"https:\/\/luchonoticias.com\/editor\/#\/schema\/person\/29217990ddf6f14e35912b2866d591fb","name":"Editor General","image":{"@type":"ImageObject","inLanguage":"es","@id":"https:\/\/luchonoticias.com\/editor\/#\/schema\/person\/image\/","url":"https:\/\/luchonoticias.com\/editor\/wp-content\/uploads\/2024\/02\/cropped-cropped-logolu-150x150.webp","contentUrl":"https:\/\/luchonoticias.com\/editor\/wp-content\/uploads\/2024\/02\/cropped-cropped-logolu-150x150.webp","caption":"Editor General"},"sameAs":["https:\/\/luchonoticias.com\/"],"url":"https:\/\/luchonoticias.com\/editor\/author\/editor-general\/"}]}},"_links":{"self":[{"href":"https:\/\/luchonoticias.com\/editor\/wp-json\/wp\/v2\/posts\/67941","targetHints":{"allow":["GET"]}}],"collection":[{"href":"https:\/\/luchonoticias.com\/editor\/wp-json\/wp\/v2\/posts"}],"about":[{"href":"https:\/\/luchonoticias.com\/editor\/wp-json\/wp\/v2\/types\/post"}],"author":[{"embeddable":true,"href":"https:\/\/luchonoticias.com\/editor\/wp-json\/wp\/v2\/users\/2"}],"replies":[{"embeddable":true,"href":"https:\/\/luchonoticias.com\/editor\/wp-json\/wp\/v2\/comments?post=67941"}],"version-history":[{"count":0,"href":"https:\/\/luchonoticias.com\/editor\/wp-json\/wp\/v2\/posts\/67941\/revisions"}],"wp:attachment":[{"href":"https:\/\/luchonoticias.com\/editor\/wp-json\/wp\/v2\/media?parent=67941"}],"wp:term":[{"taxonomy":"category","embeddable":true,"href":"https:\/\/luchonoticias.com\/editor\/wp-json\/wp\/v2\/categories?post=67941"},{"taxonomy":"post_tag","embeddable":true,"href":"https:\/\/luchonoticias.com\/editor\/wp-json\/wp\/v2\/tags?post=67941"}],"curies":[{"name":"wp","href":"https:\/\/api.w.org\/{rel}","templated":true}]}}