{"id":67944,"date":"2024-02-02T07:41:44","date_gmt":"2024-02-02T12:41:44","guid":{"rendered":"https:\/\/luchonoticias.com\/?p=67944"},"modified":"2024-02-02T07:41:45","modified_gmt":"2024-02-02T12:41:45","slug":"procuraduria-fijo-para-el-15-de-febrero-inicio-del-juicio-disciplinario-contra-el-ministro-de-relaciones-exteriores-alvaro-leyva-duran","status":"publish","type":"post","link":"https:\/\/luchonoticias.com\/editor\/procuraduria-fijo-para-el-15-de-febrero-inicio-del-juicio-disciplinario-contra-el-ministro-de-relaciones-exteriores-alvaro-leyva-duran\/","title":{"rendered":"Procuradur\u00eda fij\u00f3 para el 15 de febrero inicio del juicio disciplinario contra el ministro de Relaciones Exteriores, \u00c1lvaro Leyva Dur\u00e1n"},"content":{"rendered":"\n<p>La&nbsp;<strong>Sala Disciplinaria de Juzgamiento de la Procuradur\u00eda General de la Naci\u00f3n<\/strong>&nbsp;fij\u00f3 para el pr\u00f3ximo 15 de febrero de 2024 el inicio del juicio verbal contra el&nbsp;<strong>ministro de Relaciones Exteriores, \u00c1lvaro Leyva Dur\u00e1n,<\/strong>&nbsp;por las presuntas irregularidades que se presentaron en la licitaci\u00f3n de pasaportes, el cual tendr\u00e1&nbsp;<strong>lugar en la sede de la Entidad.<\/strong><\/p>\n\n\n\n<p>El<strong>&nbsp;Ministerio P\u00fablico&nbsp;<\/strong>ratific\u00f3 que ese d\u00eda el canciller tendr\u00e1 la oportunidad de hacer los descargos que&nbsp;<strong>considere necesarios y presentar las pruebas<\/strong>&nbsp;que tenga para desvirtuar las dos faltas disciplinarias endilgadas, calificadas de manera provisional como<strong>&nbsp;grav\u00edsimas cometidas a t\u00edtulo de dolo.<\/strong><\/p>\n\n\n\n<p>En el mismo sentido resalt\u00f3 que las causas por las que se&nbsp;<strong>adelanta el proceso,<\/strong>&nbsp;por el que se profirieron&nbsp;<strong>cargos el pasado 24 de enero,<\/strong>&nbsp;tiene que ver con haber declarado desierta la licitaci\u00f3n 001 de 2023, y decretar&nbsp;<strong>la urgencia manifiesta durante el desarrollo&nbsp;<\/strong>del tr\u00e1mite contractual, sin que al parecer&nbsp;<strong>hubiera causales para adoptar esas determinaciones.<\/strong><\/p>\n\n\n\n<p>Finalmente, el&nbsp;<strong>organismo de control<\/strong>&nbsp;se\u00f1al\u00f3 que la consulta formulada sobre la suspensi\u00f3n provisional por&nbsp;<strong>tres meses a Leyva Dur\u00e1n<\/strong>&nbsp;debe ser resuelta por el despacho de la&nbsp;<strong>Procuradora General de la Naci\u00f3n,<\/strong>&nbsp;tr\u00e1mite este totalmente independiente del juicio verbal que adelantar\u00e1 la&nbsp;<strong>Sala Disciplinaria Ordinaria de Juzgamiento.<\/strong><\/p>\n","protected":false},"excerpt":{"rendered":"<p>La&nbsp;Sala Disciplinaria de Juzgamiento de la Procuradur\u00eda General de la Naci\u00f3n&nbsp;fij\u00f3 para el pr\u00f3ximo 15 de febrero de 2024 el inicio del juicio verbal contra el&nbsp;ministro de Relaciones Exteriores, \u00c1lvaro Leyva Dur\u00e1n,&nbsp;por las presuntas irregularidades que se presentaron en la licitaci\u00f3n de pasaportes, el cual tendr\u00e1&nbsp;lugar en la sede de la Entidad. El&nbsp;Ministerio P\u00fablico&nbsp;ratific\u00f3 que [&hellip;]<\/p>\n","protected":false},"author":2,"featured_media":0,"comment_status":"open","ping_status":"open","sticky":false,"template":"","format":"standard","meta":{"footnotes":""},"categories":[28,36],"tags":[],"class_list":["post-67944","post","type-post","status-publish","format-standard","hentry","category-actualidad","category-destacado"],"yoast_head":"<!-- This site is optimized with the Yoast SEO plugin v26.6 - https:\/\/yoast.com\/wordpress\/plugins\/seo\/ -->\n<title>Procuradur\u00eda fij\u00f3 para el 15 de febrero inicio del juicio disciplinario contra el ministro de Relaciones Exteriores, \u00c1lvaro Leyva Dur\u00e1n -<\/title>\n<meta name=\"robots\" content=\"index, follow, max-snippet:-1, max-image-preview:large, max-video-preview:-1\" \/>\n<link rel=\"canonical\" href=\"https:\/\/luchonoticias.com\/editor\/procuraduria-fijo-para-el-15-de-febrero-inicio-del-juicio-disciplinario-contra-el-ministro-de-relaciones-exteriores-alvaro-leyva-duran\/\" \/>\n<meta property=\"og:locale\" content=\"es_ES\" \/>\n<meta property=\"og:type\" content=\"article\" \/>\n<meta property=\"og:title\" content=\"Procuradur\u00eda fij\u00f3 para el 15 de febrero inicio del juicio disciplinario contra el ministro de Relaciones Exteriores, \u00c1lvaro Leyva Dur\u00e1n -\" \/>\n<meta property=\"og:url\" content=\"https:\/\/luchonoticias.com\/editor\/procuraduria-fijo-para-el-15-de-febrero-inicio-del-juicio-disciplinario-contra-el-ministro-de-relaciones-exteriores-alvaro-leyva-duran\/\" \/>\n<meta property=\"article:publisher\" content=\"https:\/\/www.facebook.com\/luchonoticiasneiva\" \/>\n<meta property=\"article:published_time\" content=\"2024-02-02T12:41:44+00:00\" \/>\n<meta property=\"article:modified_time\" content=\"2024-02-02T12:41:45+00:00\" \/>\n<meta name=\"author\" content=\"Editor General\" \/>\n<meta name=\"twitter:card\" content=\"summary_large_image\" \/>\n<meta name=\"twitter:label1\" content=\"Escrito por\" \/>\n\t<meta name=\"twitter:data1\" content=\"Editor General\" \/>\n\t<meta name=\"twitter:label2\" content=\"Tiempo de lectura\" \/>\n\t<meta name=\"twitter:data2\" content=\"1 minuto\" \/>\n<script type=\"application\/ld+json\" class=\"yoast-schema-graph\">{\"@context\":\"https:\/\/schema.org\",\"@graph\":[{\"@type\":\"Article\",\"@id\":\"https:\/\/luchonoticias.com\/editor\/procuraduria-fijo-para-el-15-de-febrero-inicio-del-juicio-disciplinario-contra-el-ministro-de-relaciones-exteriores-alvaro-leyva-duran\/#article\",\"isPartOf\":{\"@id\":\"https:\/\/luchonoticias.com\/editor\/procuraduria-fijo-para-el-15-de-febrero-inicio-del-juicio-disciplinario-contra-el-ministro-de-relaciones-exteriores-alvaro-leyva-duran\/\"},\"author\":{\"name\":\"Editor General\",\"@id\":\"https:\/\/luchonoticias.com\/editor\/#\/schema\/person\/29217990ddf6f14e35912b2866d591fb\"},\"headline\":\"Procuradur\u00eda fij\u00f3 para el 15 de febrero inicio del juicio disciplinario contra el ministro de Relaciones Exteriores, \u00c1lvaro Leyva Dur\u00e1n\",\"datePublished\":\"2024-02-02T12:41:44+00:00\",\"dateModified\":\"2024-02-02T12:41:45+00:00\",\"mainEntityOfPage\":{\"@id\":\"https:\/\/luchonoticias.com\/editor\/procuraduria-fijo-para-el-15-de-febrero-inicio-del-juicio-disciplinario-contra-el-ministro-de-relaciones-exteriores-alvaro-leyva-duran\/\"},\"wordCount\":263,\"commentCount\":0,\"publisher\":{\"@id\":\"https:\/\/luchonoticias.com\/editor\/#\/schema\/person\/7a7fd911f58561fd056dbac7b55af9cd\"},\"articleSection\":[\"Actualidad\",\"Destacado\"],\"inLanguage\":\"es\",\"potentialAction\":[{\"@type\":\"CommentAction\",\"name\":\"Comment\",\"target\":[\"https:\/\/luchonoticias.com\/editor\/procuraduria-fijo-para-el-15-de-febrero-inicio-del-juicio-disciplinario-contra-el-ministro-de-relaciones-exteriores-alvaro-leyva-duran\/#respond\"]}]},{\"@type\":\"WebPage\",\"@id\":\"https:\/\/luchonoticias.com\/editor\/procuraduria-fijo-para-el-15-de-febrero-inicio-del-juicio-disciplinario-contra-el-ministro-de-relaciones-exteriores-alvaro-leyva-duran\/\",\"url\":\"https:\/\/luchonoticias.com\/editor\/procuraduria-fijo-para-el-15-de-febrero-inicio-del-juicio-disciplinario-contra-el-ministro-de-relaciones-exteriores-alvaro-leyva-duran\/\",\"name\":\"Procuradur\u00eda fij\u00f3 para el 15 de febrero inicio del juicio disciplinario contra el ministro de Relaciones Exteriores, \u00c1lvaro Leyva Dur\u00e1n -\",\"isPartOf\":{\"@id\":\"https:\/\/luchonoticias.com\/editor\/#website\"},\"datePublished\":\"2024-02-02T12:41:44+00:00\",\"dateModified\":\"2024-02-02T12:41:45+00:00\",\"breadcrumb\":{\"@id\":\"https:\/\/luchonoticias.com\/editor\/procuraduria-fijo-para-el-15-de-febrero-inicio-del-juicio-disciplinario-contra-el-ministro-de-relaciones-exteriores-alvaro-leyva-duran\/#breadcrumb\"},\"inLanguage\":\"es\",\"potentialAction\":[{\"@type\":\"ReadAction\",\"target\":[\"https:\/\/luchonoticias.com\/editor\/procuraduria-fijo-para-el-15-de-febrero-inicio-del-juicio-disciplinario-contra-el-ministro-de-relaciones-exteriores-alvaro-leyva-duran\/\"]}]},{\"@type\":\"BreadcrumbList\",\"@id\":\"https:\/\/luchonoticias.com\/editor\/procuraduria-fijo-para-el-15-de-febrero-inicio-del-juicio-disciplinario-contra-el-ministro-de-relaciones-exteriores-alvaro-leyva-duran\/#breadcrumb\",\"itemListElement\":[{\"@type\":\"ListItem\",\"position\":1,\"name\":\"Portada\",\"item\":\"https:\/\/luchonoticias.com\/editor\/\"},{\"@type\":\"ListItem\",\"position\":2,\"name\":\"Procuradur\u00eda fij\u00f3 para el 15 de febrero inicio del juicio disciplinario contra el ministro de Relaciones Exteriores, \u00c1lvaro Leyva Dur\u00e1n\"}]},{\"@type\":\"WebSite\",\"@id\":\"https:\/\/luchonoticias.com\/editor\/#website\",\"url\":\"https:\/\/luchonoticias.com\/editor\/\",\"name\":\"\",\"description\":\"\",\"publisher\":{\"@id\":\"https:\/\/luchonoticias.com\/editor\/#\/schema\/person\/7a7fd911f58561fd056dbac7b55af9cd\"},\"potentialAction\":[{\"@type\":\"SearchAction\",\"target\":{\"@type\":\"EntryPoint\",\"urlTemplate\":\"https:\/\/luchonoticias.com\/editor\/?s={search_term_string}\"},\"query-input\":{\"@type\":\"PropertyValueSpecification\",\"valueRequired\":true,\"valueName\":\"search_term_string\"}}],\"inLanguage\":\"es\"},{\"@type\":[\"Person\",\"Organization\"],\"@id\":\"https:\/\/luchonoticias.com\/editor\/#\/schema\/person\/7a7fd911f58561fd056dbac7b55af9cd\",\"name\":\"admin\",\"image\":{\"@type\":\"ImageObject\",\"inLanguage\":\"es\",\"@id\":\"https:\/\/luchonoticias.com\/editor\/#\/schema\/person\/image\/\",\"url\":\"https:\/\/luchonoticias.com\/editor\/wp-content\/uploads\/2024\/02\/cropped-cropped-logolu.webp\",\"contentUrl\":\"https:\/\/luchonoticias.com\/editor\/wp-content\/uploads\/2024\/02\/cropped-cropped-logolu.webp\",\"width\":382,\"height\":170,\"caption\":\"admin\"},\"logo\":{\"@id\":\"https:\/\/luchonoticias.com\/editor\/#\/schema\/person\/image\/\"},\"sameAs\":[\"https:\/\/www.facebook.com\/luchonoticiasneiva\"]},{\"@type\":\"Person\",\"@id\":\"https:\/\/luchonoticias.com\/editor\/#\/schema\/person\/29217990ddf6f14e35912b2866d591fb\",\"name\":\"Editor General\",\"image\":{\"@type\":\"ImageObject\",\"inLanguage\":\"es\",\"@id\":\"https:\/\/luchonoticias.com\/editor\/#\/schema\/person\/image\/\",\"url\":\"https:\/\/luchonoticias.com\/editor\/wp-content\/uploads\/2024\/02\/cropped-cropped-logolu-150x150.webp\",\"contentUrl\":\"https:\/\/luchonoticias.com\/editor\/wp-content\/uploads\/2024\/02\/cropped-cropped-logolu-150x150.webp\",\"caption\":\"Editor General\"},\"sameAs\":[\"https:\/\/luchonoticias.com\/\"],\"url\":\"https:\/\/luchonoticias.com\/editor\/author\/editor-general\/\"}]}<\/script>\n<!-- \/ Yoast SEO plugin. -->","yoast_head_json":{"title":"Procuradur\u00eda fij\u00f3 para el 15 de febrero inicio del juicio disciplinario contra el ministro de Relaciones Exteriores, \u00c1lvaro Leyva Dur\u00e1n -","robots":{"index":"index","follow":"follow","max-snippet":"max-snippet:-1","max-image-preview":"max-image-preview:large","max-video-preview":"max-video-preview:-1"},"canonical":"https:\/\/luchonoticias.com\/editor\/procuraduria-fijo-para-el-15-de-febrero-inicio-del-juicio-disciplinario-contra-el-ministro-de-relaciones-exteriores-alvaro-leyva-duran\/","og_locale":"es_ES","og_type":"article","og_title":"Procuradur\u00eda fij\u00f3 para el 15 de febrero inicio del juicio disciplinario contra el ministro de Relaciones Exteriores, \u00c1lvaro Leyva Dur\u00e1n -","og_url":"https:\/\/luchonoticias.com\/editor\/procuraduria-fijo-para-el-15-de-febrero-inicio-del-juicio-disciplinario-contra-el-ministro-de-relaciones-exteriores-alvaro-leyva-duran\/","article_publisher":"https:\/\/www.facebook.com\/luchonoticiasneiva","article_published_time":"2024-02-02T12:41:44+00:00","article_modified_time":"2024-02-02T12:41:45+00:00","author":"Editor General","twitter_card":"summary_large_image","twitter_misc":{"Escrito por":"Editor General","Tiempo de lectura":"1 minuto"},"schema":{"@context":"https:\/\/schema.org","@graph":[{"@type":"Article","@id":"https:\/\/luchonoticias.com\/editor\/procuraduria-fijo-para-el-15-de-febrero-inicio-del-juicio-disciplinario-contra-el-ministro-de-relaciones-exteriores-alvaro-leyva-duran\/#article","isPartOf":{"@id":"https:\/\/luchonoticias.com\/editor\/procuraduria-fijo-para-el-15-de-febrero-inicio-del-juicio-disciplinario-contra-el-ministro-de-relaciones-exteriores-alvaro-leyva-duran\/"},"author":{"name":"Editor General","@id":"https:\/\/luchonoticias.com\/editor\/#\/schema\/person\/29217990ddf6f14e35912b2866d591fb"},"headline":"Procuradur\u00eda fij\u00f3 para el 15 de febrero inicio del juicio disciplinario contra el ministro de Relaciones Exteriores, \u00c1lvaro Leyva Dur\u00e1n","datePublished":"2024-02-02T12:41:44+00:00","dateModified":"2024-02-02T12:41:45+00:00","mainEntityOfPage":{"@id":"https:\/\/luchonoticias.com\/editor\/procuraduria-fijo-para-el-15-de-febrero-inicio-del-juicio-disciplinario-contra-el-ministro-de-relaciones-exteriores-alvaro-leyva-duran\/"},"wordCount":263,"commentCount":0,"publisher":{"@id":"https:\/\/luchonoticias.com\/editor\/#\/schema\/person\/7a7fd911f58561fd056dbac7b55af9cd"},"articleSection":["Actualidad","Destacado"],"inLanguage":"es","potentialAction":[{"@type":"CommentAction","name":"Comment","target":["https:\/\/luchonoticias.com\/editor\/procuraduria-fijo-para-el-15-de-febrero-inicio-del-juicio-disciplinario-contra-el-ministro-de-relaciones-exteriores-alvaro-leyva-duran\/#respond"]}]},{"@type":"WebPage","@id":"https:\/\/luchonoticias.com\/editor\/procuraduria-fijo-para-el-15-de-febrero-inicio-del-juicio-disciplinario-contra-el-ministro-de-relaciones-exteriores-alvaro-leyva-duran\/","url":"https:\/\/luchonoticias.com\/editor\/procuraduria-fijo-para-el-15-de-febrero-inicio-del-juicio-disciplinario-contra-el-ministro-de-relaciones-exteriores-alvaro-leyva-duran\/","name":"Procuradur\u00eda fij\u00f3 para el 15 de febrero inicio del juicio disciplinario contra el ministro de Relaciones Exteriores, \u00c1lvaro Leyva Dur\u00e1n -","isPartOf":{"@id":"https:\/\/luchonoticias.com\/editor\/#website"},"datePublished":"2024-02-02T12:41:44+00:00","dateModified":"2024-02-02T12:41:45+00:00","breadcrumb":{"@id":"https:\/\/luchonoticias.com\/editor\/procuraduria-fijo-para-el-15-de-febrero-inicio-del-juicio-disciplinario-contra-el-ministro-de-relaciones-exteriores-alvaro-leyva-duran\/#breadcrumb"},"inLanguage":"es","potentialAction":[{"@type":"ReadAction","target":["https:\/\/luchonoticias.com\/editor\/procuraduria-fijo-para-el-15-de-febrero-inicio-del-juicio-disciplinario-contra-el-ministro-de-relaciones-exteriores-alvaro-leyva-duran\/"]}]},{"@type":"BreadcrumbList","@id":"https:\/\/luchonoticias.com\/editor\/procuraduria-fijo-para-el-15-de-febrero-inicio-del-juicio-disciplinario-contra-el-ministro-de-relaciones-exteriores-alvaro-leyva-duran\/#breadcrumb","itemListElement":[{"@type":"ListItem","position":1,"name":"Portada","item":"https:\/\/luchonoticias.com\/editor\/"},{"@type":"ListItem","position":2,"name":"Procuradur\u00eda fij\u00f3 para el 15 de febrero inicio del juicio disciplinario contra el ministro de Relaciones Exteriores, \u00c1lvaro Leyva Dur\u00e1n"}]},{"@type":"WebSite","@id":"https:\/\/luchonoticias.com\/editor\/#website","url":"https:\/\/luchonoticias.com\/editor\/","name":"","description":"","publisher":{"@id":"https:\/\/luchonoticias.com\/editor\/#\/schema\/person\/7a7fd911f58561fd056dbac7b55af9cd"},"potentialAction":[{"@type":"SearchAction","target":{"@type":"EntryPoint","urlTemplate":"https:\/\/luchonoticias.com\/editor\/?s={search_term_string}"},"query-input":{"@type":"PropertyValueSpecification","valueRequired":true,"valueName":"search_term_string"}}],"inLanguage":"es"},{"@type":["Person","Organization"],"@id":"https:\/\/luchonoticias.com\/editor\/#\/schema\/person\/7a7fd911f58561fd056dbac7b55af9cd","name":"admin","image":{"@type":"ImageObject","inLanguage":"es","@id":"https:\/\/luchonoticias.com\/editor\/#\/schema\/person\/image\/","url":"https:\/\/luchonoticias.com\/editor\/wp-content\/uploads\/2024\/02\/cropped-cropped-logolu.webp","contentUrl":"https:\/\/luchonoticias.com\/editor\/wp-content\/uploads\/2024\/02\/cropped-cropped-logolu.webp","width":382,"height":170,"caption":"admin"},"logo":{"@id":"https:\/\/luchonoticias.com\/editor\/#\/schema\/person\/image\/"},"sameAs":["https:\/\/www.facebook.com\/luchonoticiasneiva"]},{"@type":"Person","@id":"https:\/\/luchonoticias.com\/editor\/#\/schema\/person\/29217990ddf6f14e35912b2866d591fb","name":"Editor General","image":{"@type":"ImageObject","inLanguage":"es","@id":"https:\/\/luchonoticias.com\/editor\/#\/schema\/person\/image\/","url":"https:\/\/luchonoticias.com\/editor\/wp-content\/uploads\/2024\/02\/cropped-cropped-logolu-150x150.webp","contentUrl":"https:\/\/luchonoticias.com\/editor\/wp-content\/uploads\/2024\/02\/cropped-cropped-logolu-150x150.webp","caption":"Editor General"},"sameAs":["https:\/\/luchonoticias.com\/"],"url":"https:\/\/luchonoticias.com\/editor\/author\/editor-general\/"}]}},"_links":{"self":[{"href":"https:\/\/luchonoticias.com\/editor\/wp-json\/wp\/v2\/posts\/67944","targetHints":{"allow":["GET"]}}],"collection":[{"href":"https:\/\/luchonoticias.com\/editor\/wp-json\/wp\/v2\/posts"}],"about":[{"href":"https:\/\/luchonoticias.com\/editor\/wp-json\/wp\/v2\/types\/post"}],"author":[{"embeddable":true,"href":"https:\/\/luchonoticias.com\/editor\/wp-json\/wp\/v2\/users\/2"}],"replies":[{"embeddable":true,"href":"https:\/\/luchonoticias.com\/editor\/wp-json\/wp\/v2\/comments?post=67944"}],"version-history":[{"count":0,"href":"https:\/\/luchonoticias.com\/editor\/wp-json\/wp\/v2\/posts\/67944\/revisions"}],"wp:attachment":[{"href":"https:\/\/luchonoticias.com\/editor\/wp-json\/wp\/v2\/media?parent=67944"}],"wp:term":[{"taxonomy":"category","embeddable":true,"href":"https:\/\/luchonoticias.com\/editor\/wp-json\/wp\/v2\/categories?post=67944"},{"taxonomy":"post_tag","embeddable":true,"href":"https:\/\/luchonoticias.com\/editor\/wp-json\/wp\/v2\/tags?post=67944"}],"curies":[{"name":"wp","href":"https:\/\/api.w.org\/{rel}","templated":true}]}}