{"id":67985,"date":"2024-02-02T16:19:04","date_gmt":"2024-02-02T21:19:04","guid":{"rendered":"https:\/\/luchonoticias.com\/?p=67985"},"modified":"2024-02-02T16:20:16","modified_gmt":"2024-02-02T21:20:16","slug":"presidente-y-la-nueva-destinacion-de-la-inversion-para-los-juegos-panamericanos","status":"publish","type":"post","link":"https:\/\/luchonoticias.com\/editor\/presidente-y-la-nueva-destinacion-de-la-inversion-para-los-juegos-panamericanos\/","title":{"rendered":"Presidente y la nueva destinaci\u00f3n de la inversi\u00f3n para los Juegos Panamericanos"},"content":{"rendered":"\n<p class=\"has-medium-font-size\">Mediante sus redes sociales el presidente Gustavo Petro anunci\u00f3 la nueva destinaci\u00f3n de la inversi\u00f3n destinada en principio a los Juegos Panamericanos que se iban a desarrollar en Bucaramanga.<\/p>\n\n\n\n<p class=\"has-medium-font-size\">Petro mencion\u00f3 que el dinero que se iba a destinar a los juegos,\u00a0<strong>m\u00e1s de 800 millones de d\u00f3lares, se destinar\u00e1 a los Juegos Intercolegiados<\/strong>\u00a0del pa\u00eds mejorando las instalaciones deportivas de los colegios y la preparaci\u00f3n deportiva de la ni\u00f1ez y la juventud.<\/p>\n\n\n\n<p class=\"has-medium-font-size\">Adicional a ello el mandatario se refiri\u00f3 a la perdida oficial de la sede de los Juegos Panamericanos, atribuyendo el hecho al anterior Gobierno: \u00ab<strong>El gobierno de Duque incumpli\u00f3 con los organizadores de los Juegos Panamericanos<\/strong>, as\u00ed lo dice la carta que me envi\u00f3 el comit\u00e9 ol\u00edmpico.<strong>\u00a0Nuestro gobierno ten\u00eda plazo para pagar hasta el 31 de enero de este a\u00f1o y se les hizo saber que se pagar\u00eda<\/strong>, antes de llegar a esta fecha los organizadores del torneo suspendieron el acuerdo con Colombia\u00bb, dijo.<\/p>\n\n\n\n<p class=\"has-medium-font-size\"> <\/p>\n","protected":false},"excerpt":{"rendered":"<p>Mediante sus redes sociales el presidente Gustavo Petro anunci\u00f3 la nueva destinaci\u00f3n de la inversi\u00f3n destinada en principio a los Juegos Panamericanos que se iban a desarrollar en Bucaramanga. Petro mencion\u00f3 que el dinero que se iba a destinar a los juegos,\u00a0m\u00e1s de 800 millones de d\u00f3lares, se destinar\u00e1 a los Juegos Intercolegiados\u00a0del pa\u00eds mejorando [&hellip;]<\/p>\n","protected":false},"author":2,"featured_media":0,"comment_status":"open","ping_status":"open","sticky":false,"template":"","format":"standard","meta":{"footnotes":""},"categories":[34],"tags":[],"class_list":["post-67985","post","type-post","status-publish","format-standard","hentry","category-deportes"],"yoast_head":"<!-- This site is optimized with the Yoast SEO plugin v26.6 - https:\/\/yoast.com\/wordpress\/plugins\/seo\/ -->\n<title>Presidente y la nueva destinaci\u00f3n de la inversi\u00f3n para los Juegos Panamericanos -<\/title>\n<meta name=\"robots\" content=\"index, follow, max-snippet:-1, max-image-preview:large, max-video-preview:-1\" \/>\n<link rel=\"canonical\" href=\"https:\/\/luchonoticias.com\/editor\/presidente-y-la-nueva-destinacion-de-la-inversion-para-los-juegos-panamericanos\/\" \/>\n<meta property=\"og:locale\" content=\"es_ES\" \/>\n<meta property=\"og:type\" content=\"article\" \/>\n<meta property=\"og:title\" content=\"Presidente y la nueva destinaci\u00f3n de la inversi\u00f3n para los Juegos Panamericanos -\" \/>\n<meta property=\"og:url\" content=\"https:\/\/luchonoticias.com\/editor\/presidente-y-la-nueva-destinacion-de-la-inversion-para-los-juegos-panamericanos\/\" \/>\n<meta property=\"article:publisher\" content=\"https:\/\/www.facebook.com\/luchonoticiasneiva\" \/>\n<meta property=\"article:published_time\" content=\"2024-02-02T21:19:04+00:00\" \/>\n<meta property=\"article:modified_time\" content=\"2024-02-02T21:20:16+00:00\" \/>\n<meta name=\"author\" content=\"Editor General\" \/>\n<meta name=\"twitter:card\" content=\"summary_large_image\" \/>\n<meta name=\"twitter:label1\" content=\"Escrito por\" \/>\n\t<meta name=\"twitter:data1\" content=\"Editor General\" \/>\n\t<meta name=\"twitter:label2\" content=\"Tiempo de lectura\" \/>\n\t<meta name=\"twitter:data2\" content=\"1 minuto\" \/>\n<script type=\"application\/ld+json\" class=\"yoast-schema-graph\">{\"@context\":\"https:\/\/schema.org\",\"@graph\":[{\"@type\":\"Article\",\"@id\":\"https:\/\/luchonoticias.com\/editor\/presidente-y-la-nueva-destinacion-de-la-inversion-para-los-juegos-panamericanos\/#article\",\"isPartOf\":{\"@id\":\"https:\/\/luchonoticias.com\/editor\/presidente-y-la-nueva-destinacion-de-la-inversion-para-los-juegos-panamericanos\/\"},\"author\":{\"name\":\"Editor General\",\"@id\":\"https:\/\/luchonoticias.com\/editor\/#\/schema\/person\/29217990ddf6f14e35912b2866d591fb\"},\"headline\":\"Presidente y la nueva destinaci\u00f3n de la inversi\u00f3n para los Juegos Panamericanos\",\"datePublished\":\"2024-02-02T21:19:04+00:00\",\"dateModified\":\"2024-02-02T21:20:16+00:00\",\"mainEntityOfPage\":{\"@id\":\"https:\/\/luchonoticias.com\/editor\/presidente-y-la-nueva-destinacion-de-la-inversion-para-los-juegos-panamericanos\/\"},\"wordCount\":181,\"commentCount\":0,\"publisher\":{\"@id\":\"https:\/\/luchonoticias.com\/editor\/#\/schema\/person\/7a7fd911f58561fd056dbac7b55af9cd\"},\"articleSection\":[\"Deportes\"],\"inLanguage\":\"es\",\"potentialAction\":[{\"@type\":\"CommentAction\",\"name\":\"Comment\",\"target\":[\"https:\/\/luchonoticias.com\/editor\/presidente-y-la-nueva-destinacion-de-la-inversion-para-los-juegos-panamericanos\/#respond\"]}]},{\"@type\":\"WebPage\",\"@id\":\"https:\/\/luchonoticias.com\/editor\/presidente-y-la-nueva-destinacion-de-la-inversion-para-los-juegos-panamericanos\/\",\"url\":\"https:\/\/luchonoticias.com\/editor\/presidente-y-la-nueva-destinacion-de-la-inversion-para-los-juegos-panamericanos\/\",\"name\":\"Presidente y la nueva destinaci\u00f3n de la inversi\u00f3n para los Juegos Panamericanos -\",\"isPartOf\":{\"@id\":\"https:\/\/luchonoticias.com\/editor\/#website\"},\"datePublished\":\"2024-02-02T21:19:04+00:00\",\"dateModified\":\"2024-02-02T21:20:16+00:00\",\"breadcrumb\":{\"@id\":\"https:\/\/luchonoticias.com\/editor\/presidente-y-la-nueva-destinacion-de-la-inversion-para-los-juegos-panamericanos\/#breadcrumb\"},\"inLanguage\":\"es\",\"potentialAction\":[{\"@type\":\"ReadAction\",\"target\":[\"https:\/\/luchonoticias.com\/editor\/presidente-y-la-nueva-destinacion-de-la-inversion-para-los-juegos-panamericanos\/\"]}]},{\"@type\":\"BreadcrumbList\",\"@id\":\"https:\/\/luchonoticias.com\/editor\/presidente-y-la-nueva-destinacion-de-la-inversion-para-los-juegos-panamericanos\/#breadcrumb\",\"itemListElement\":[{\"@type\":\"ListItem\",\"position\":1,\"name\":\"Portada\",\"item\":\"https:\/\/luchonoticias.com\/editor\/\"},{\"@type\":\"ListItem\",\"position\":2,\"name\":\"Presidente y la nueva destinaci\u00f3n de la inversi\u00f3n para los Juegos Panamericanos\"}]},{\"@type\":\"WebSite\",\"@id\":\"https:\/\/luchonoticias.com\/editor\/#website\",\"url\":\"https:\/\/luchonoticias.com\/editor\/\",\"name\":\"\",\"description\":\"\",\"publisher\":{\"@id\":\"https:\/\/luchonoticias.com\/editor\/#\/schema\/person\/7a7fd911f58561fd056dbac7b55af9cd\"},\"potentialAction\":[{\"@type\":\"SearchAction\",\"target\":{\"@type\":\"EntryPoint\",\"urlTemplate\":\"https:\/\/luchonoticias.com\/editor\/?s={search_term_string}\"},\"query-input\":{\"@type\":\"PropertyValueSpecification\",\"valueRequired\":true,\"valueName\":\"search_term_string\"}}],\"inLanguage\":\"es\"},{\"@type\":[\"Person\",\"Organization\"],\"@id\":\"https:\/\/luchonoticias.com\/editor\/#\/schema\/person\/7a7fd911f58561fd056dbac7b55af9cd\",\"name\":\"admin\",\"image\":{\"@type\":\"ImageObject\",\"inLanguage\":\"es\",\"@id\":\"https:\/\/luchonoticias.com\/editor\/#\/schema\/person\/image\/\",\"url\":\"https:\/\/luchonoticias.com\/editor\/wp-content\/uploads\/2024\/02\/cropped-cropped-logolu.webp\",\"contentUrl\":\"https:\/\/luchonoticias.com\/editor\/wp-content\/uploads\/2024\/02\/cropped-cropped-logolu.webp\",\"width\":382,\"height\":170,\"caption\":\"admin\"},\"logo\":{\"@id\":\"https:\/\/luchonoticias.com\/editor\/#\/schema\/person\/image\/\"},\"sameAs\":[\"https:\/\/www.facebook.com\/luchonoticiasneiva\"]},{\"@type\":\"Person\",\"@id\":\"https:\/\/luchonoticias.com\/editor\/#\/schema\/person\/29217990ddf6f14e35912b2866d591fb\",\"name\":\"Editor General\",\"image\":{\"@type\":\"ImageObject\",\"inLanguage\":\"es\",\"@id\":\"https:\/\/luchonoticias.com\/editor\/#\/schema\/person\/image\/\",\"url\":\"https:\/\/luchonoticias.com\/editor\/wp-content\/uploads\/2024\/02\/cropped-cropped-logolu-150x150.webp\",\"contentUrl\":\"https:\/\/luchonoticias.com\/editor\/wp-content\/uploads\/2024\/02\/cropped-cropped-logolu-150x150.webp\",\"caption\":\"Editor General\"},\"sameAs\":[\"https:\/\/luchonoticias.com\/\"],\"url\":\"https:\/\/luchonoticias.com\/editor\/author\/editor-general\/\"}]}<\/script>\n<!-- \/ Yoast SEO plugin. -->","yoast_head_json":{"title":"Presidente y la nueva destinaci\u00f3n de la inversi\u00f3n para los Juegos Panamericanos -","robots":{"index":"index","follow":"follow","max-snippet":"max-snippet:-1","max-image-preview":"max-image-preview:large","max-video-preview":"max-video-preview:-1"},"canonical":"https:\/\/luchonoticias.com\/editor\/presidente-y-la-nueva-destinacion-de-la-inversion-para-los-juegos-panamericanos\/","og_locale":"es_ES","og_type":"article","og_title":"Presidente y la nueva destinaci\u00f3n de la inversi\u00f3n para los Juegos Panamericanos -","og_url":"https:\/\/luchonoticias.com\/editor\/presidente-y-la-nueva-destinacion-de-la-inversion-para-los-juegos-panamericanos\/","article_publisher":"https:\/\/www.facebook.com\/luchonoticiasneiva","article_published_time":"2024-02-02T21:19:04+00:00","article_modified_time":"2024-02-02T21:20:16+00:00","author":"Editor General","twitter_card":"summary_large_image","twitter_misc":{"Escrito por":"Editor General","Tiempo de lectura":"1 minuto"},"schema":{"@context":"https:\/\/schema.org","@graph":[{"@type":"Article","@id":"https:\/\/luchonoticias.com\/editor\/presidente-y-la-nueva-destinacion-de-la-inversion-para-los-juegos-panamericanos\/#article","isPartOf":{"@id":"https:\/\/luchonoticias.com\/editor\/presidente-y-la-nueva-destinacion-de-la-inversion-para-los-juegos-panamericanos\/"},"author":{"name":"Editor General","@id":"https:\/\/luchonoticias.com\/editor\/#\/schema\/person\/29217990ddf6f14e35912b2866d591fb"},"headline":"Presidente y la nueva destinaci\u00f3n de la inversi\u00f3n para los Juegos Panamericanos","datePublished":"2024-02-02T21:19:04+00:00","dateModified":"2024-02-02T21:20:16+00:00","mainEntityOfPage":{"@id":"https:\/\/luchonoticias.com\/editor\/presidente-y-la-nueva-destinacion-de-la-inversion-para-los-juegos-panamericanos\/"},"wordCount":181,"commentCount":0,"publisher":{"@id":"https:\/\/luchonoticias.com\/editor\/#\/schema\/person\/7a7fd911f58561fd056dbac7b55af9cd"},"articleSection":["Deportes"],"inLanguage":"es","potentialAction":[{"@type":"CommentAction","name":"Comment","target":["https:\/\/luchonoticias.com\/editor\/presidente-y-la-nueva-destinacion-de-la-inversion-para-los-juegos-panamericanos\/#respond"]}]},{"@type":"WebPage","@id":"https:\/\/luchonoticias.com\/editor\/presidente-y-la-nueva-destinacion-de-la-inversion-para-los-juegos-panamericanos\/","url":"https:\/\/luchonoticias.com\/editor\/presidente-y-la-nueva-destinacion-de-la-inversion-para-los-juegos-panamericanos\/","name":"Presidente y la nueva destinaci\u00f3n de la inversi\u00f3n para los Juegos Panamericanos -","isPartOf":{"@id":"https:\/\/luchonoticias.com\/editor\/#website"},"datePublished":"2024-02-02T21:19:04+00:00","dateModified":"2024-02-02T21:20:16+00:00","breadcrumb":{"@id":"https:\/\/luchonoticias.com\/editor\/presidente-y-la-nueva-destinacion-de-la-inversion-para-los-juegos-panamericanos\/#breadcrumb"},"inLanguage":"es","potentialAction":[{"@type":"ReadAction","target":["https:\/\/luchonoticias.com\/editor\/presidente-y-la-nueva-destinacion-de-la-inversion-para-los-juegos-panamericanos\/"]}]},{"@type":"BreadcrumbList","@id":"https:\/\/luchonoticias.com\/editor\/presidente-y-la-nueva-destinacion-de-la-inversion-para-los-juegos-panamericanos\/#breadcrumb","itemListElement":[{"@type":"ListItem","position":1,"name":"Portada","item":"https:\/\/luchonoticias.com\/editor\/"},{"@type":"ListItem","position":2,"name":"Presidente y la nueva destinaci\u00f3n de la inversi\u00f3n para los Juegos Panamericanos"}]},{"@type":"WebSite","@id":"https:\/\/luchonoticias.com\/editor\/#website","url":"https:\/\/luchonoticias.com\/editor\/","name":"","description":"","publisher":{"@id":"https:\/\/luchonoticias.com\/editor\/#\/schema\/person\/7a7fd911f58561fd056dbac7b55af9cd"},"potentialAction":[{"@type":"SearchAction","target":{"@type":"EntryPoint","urlTemplate":"https:\/\/luchonoticias.com\/editor\/?s={search_term_string}"},"query-input":{"@type":"PropertyValueSpecification","valueRequired":true,"valueName":"search_term_string"}}],"inLanguage":"es"},{"@type":["Person","Organization"],"@id":"https:\/\/luchonoticias.com\/editor\/#\/schema\/person\/7a7fd911f58561fd056dbac7b55af9cd","name":"admin","image":{"@type":"ImageObject","inLanguage":"es","@id":"https:\/\/luchonoticias.com\/editor\/#\/schema\/person\/image\/","url":"https:\/\/luchonoticias.com\/editor\/wp-content\/uploads\/2024\/02\/cropped-cropped-logolu.webp","contentUrl":"https:\/\/luchonoticias.com\/editor\/wp-content\/uploads\/2024\/02\/cropped-cropped-logolu.webp","width":382,"height":170,"caption":"admin"},"logo":{"@id":"https:\/\/luchonoticias.com\/editor\/#\/schema\/person\/image\/"},"sameAs":["https:\/\/www.facebook.com\/luchonoticiasneiva"]},{"@type":"Person","@id":"https:\/\/luchonoticias.com\/editor\/#\/schema\/person\/29217990ddf6f14e35912b2866d591fb","name":"Editor General","image":{"@type":"ImageObject","inLanguage":"es","@id":"https:\/\/luchonoticias.com\/editor\/#\/schema\/person\/image\/","url":"https:\/\/luchonoticias.com\/editor\/wp-content\/uploads\/2024\/02\/cropped-cropped-logolu-150x150.webp","contentUrl":"https:\/\/luchonoticias.com\/editor\/wp-content\/uploads\/2024\/02\/cropped-cropped-logolu-150x150.webp","caption":"Editor General"},"sameAs":["https:\/\/luchonoticias.com\/"],"url":"https:\/\/luchonoticias.com\/editor\/author\/editor-general\/"}]}},"_links":{"self":[{"href":"https:\/\/luchonoticias.com\/editor\/wp-json\/wp\/v2\/posts\/67985","targetHints":{"allow":["GET"]}}],"collection":[{"href":"https:\/\/luchonoticias.com\/editor\/wp-json\/wp\/v2\/posts"}],"about":[{"href":"https:\/\/luchonoticias.com\/editor\/wp-json\/wp\/v2\/types\/post"}],"author":[{"embeddable":true,"href":"https:\/\/luchonoticias.com\/editor\/wp-json\/wp\/v2\/users\/2"}],"replies":[{"embeddable":true,"href":"https:\/\/luchonoticias.com\/editor\/wp-json\/wp\/v2\/comments?post=67985"}],"version-history":[{"count":0,"href":"https:\/\/luchonoticias.com\/editor\/wp-json\/wp\/v2\/posts\/67985\/revisions"}],"wp:attachment":[{"href":"https:\/\/luchonoticias.com\/editor\/wp-json\/wp\/v2\/media?parent=67985"}],"wp:term":[{"taxonomy":"category","embeddable":true,"href":"https:\/\/luchonoticias.com\/editor\/wp-json\/wp\/v2\/categories?post=67985"},{"taxonomy":"post_tag","embeddable":true,"href":"https:\/\/luchonoticias.com\/editor\/wp-json\/wp\/v2\/tags?post=67985"}],"curies":[{"name":"wp","href":"https:\/\/api.w.org\/{rel}","templated":true}]}}