{"id":67993,"date":"2024-02-03T05:15:22","date_gmt":"2024-02-03T10:15:22","guid":{"rendered":"https:\/\/luchonoticias.com\/?p=67993"},"modified":"2024-02-03T05:15:23","modified_gmt":"2024-02-03T10:15:23","slug":"el-huila-cuenta-con-818-humedales-caracterizados","status":"publish","type":"post","link":"https:\/\/luchonoticias.com\/editor\/el-huila-cuenta-con-818-humedales-caracterizados\/","title":{"rendered":"El Huila cuenta con 818 humedales caracterizados"},"content":{"rendered":"\n<p>Los humedales son ecosistemas de gran importancia para el Huila, el pa\u00eds y el mundo entero, por lo tanto son reconocidos por la Corporaci\u00f3n Aut\u00f3noma Regional del Alto Magdalena-CAM, como ecosistemas estrat\u00e9gicos sobre los cuales se centran diferentes acciones de conservaci\u00f3n. Es por esto que este 2 de febrero el Huila se uni\u00f3 a la celebraci\u00f3n del D\u00eda Mundial de Los Humedales, destacando los servicios ambientales que estos brindan tanto para los seres humanos como para la biodiversidad.<\/p>\n\n\n\n<p>Seg\u00fan la m\u00e1xima autoridad ambiental del Huila, estos ecosistemas de humedales funcionan no solo como reservorio de agua, sino tambi\u00e9n como el nicho de muchas especies, tanto locales como migratorias, que se han identificado para los ecosistemas de humedales.<\/p>\n\n\n\n<p>\u201cEstos ecosistemas se han convertido en un patrimonio cultural y ambiental de nuestro territorio al tener no solamente una relevancia ambiental sino para las comunidades locales, son puntos de referencia y de conservaci\u00f3n\u201d, asegur\u00f3 Katherine Arenas, bi\u00f3loga de la CAM.<\/p>\n\n\n\n<figure class=\"wp-block-gallery has-nested-images columns-default is-cropped wp-block-gallery-1 is-layout-flex wp-block-gallery-is-layout-flex\">\n<figure class=\"wp-block-image size-large\"><img decoding=\"async\" data-id=\"67995\" src=\"https:\/\/luchonoticias.com\/wp-content\/uploads\/2024\/02\/WhatsApp-Image-2024-02-02-at-4.20.29-PM-2-1024x576.jpeg\" alt=\"\" class=\"wp-image-67995\"\/><\/figure>\n\n\n\n<figure class=\"wp-block-image size-large\"><img decoding=\"async\" data-id=\"67997\" src=\"https:\/\/luchonoticias.com\/wp-content\/uploads\/2024\/02\/WhatsApp-Image-2024-02-02-at-4.20.29-PM-1-1024x682.jpeg\" alt=\"\" class=\"wp-image-67997\"\/><\/figure>\n\n\n\n<figure class=\"wp-block-image size-large\"><img decoding=\"async\" data-id=\"67996\" src=\"https:\/\/luchonoticias.com\/wp-content\/uploads\/2024\/02\/WhatsApp-Image-2024-02-02-at-4.20.29-PM-1024x576.jpeg\" alt=\"\" class=\"wp-image-67996\"\/><\/figure>\n<\/figure>\n\n\n\n<p><strong>\u00bfCu\u00e1ntos humedales hay en el Huila?<\/strong><\/p>\n\n\n\n<p>Actualmente, la CAM ha caracterizado de manera cartogr\u00e1fica 818 humedales en todo el territorio huilense,&nbsp; de los cuales 350 han sido debidamente identificados como un humedal, es decir se conoce su tipolog\u00eda y las caracter\u00edsticas biol\u00f3gicas, ecol\u00f3gicas, socioecon\u00f3micas y ambientales.<\/p>\n\n\n\n<p>De estos, son 21 los que cuentan con un Plan de Manejo Ambiental que, seg\u00fan la entidad ambiental, fueron formulados de manera cient\u00edfica, t\u00e9cnica, participativa y aprobados por el Consejo Directivo de la CAM.<\/p>\n\n\n\n<p>\u201cA partir de estos 21 planes de manejo surgen entonces unas l\u00edneas estrat\u00e9gicas, proyectos y programas que dan unos lineamientos sobre la gesti\u00f3n estrat\u00e9gica en estos humedales y que nos han permitido el desarrollo de actividades muy importantes para el mantenimiento, la preservaci\u00f3n y la conservaci\u00f3n de los humedales como ecosistemas pero tambi\u00e9n de la fauna y la flora que habita estos ecosistemas\u201d, destac\u00f3 la bi\u00f3loga de la CAM.<\/p>\n\n\n\n<p>Seg\u00fan la entidad ambiental, gracias a investigaciones, se han logrado registrar especies de aves como el Pato Cariblanco (Anas bahamensis), el Suirir\u00ed bicolor (Dendrocygna bicolor), la Garza Pileada (Pilherodius pileatus), la Garza Amarilla (Syrigma silbilatrix), Ibis escarlata (Eudocimus ruber), y el Avetoro menos (Ixobrychus exilis).<\/p>\n\n\n\n<p>Tambi\u00e9n se dio a conocer que a trav\u00e9s de diferentes estrategias la Corporaci\u00f3n ha venido aunando esfuerzos interinstitucionales y comunitarios para liderar el desarrollo de acciones de conservaci\u00f3n, acciones que han ido desde las jornadas de limpieza, de residuos s\u00f3lidos, de socializaci\u00f3n, sensibilizaci\u00f3n, educaci\u00f3n ambiental, pero tambi\u00e9n acciones en campo como el control de especies macr\u00f3fitas que en muchos casos cubren el 100 por ciento de espejo de agua de los humedales;&nbsp; y que gracias a una acci\u00f3n interinstitucional y cooperativa, se han logrado recuperar muchos de esos cuerpos de agua a trav\u00e9s de la recolecci\u00f3n y limpieza de macr\u00f3fitas lo que ha permitido que los ecosistemas vuelvan a tener unas calidades de agua \u00f3ptimas para el desarrollo de la vida en estas zonas.<\/p>\n\n\n\n<p>\u201cTodos estos trabajos aunados a los esfuerzos particulares e institucionales han permitido que el departamento del Huila hoy cuente con ecosistemas muy conservados. Por eso queremos llamar a los huilenses a que contin\u00faen realizando acciones de protecci\u00f3n y sigan conservando la fauna que habita y depende de los humedales para su subsistencia\u201d, puntualiz\u00f3 Arenas.<\/p>\n\n\n\n<figure class=\"wp-block-gallery has-nested-images columns-default is-cropped wp-block-gallery-2 is-layout-flex wp-block-gallery-is-layout-flex\">\n<figure class=\"wp-block-image size-large\"><img decoding=\"async\" data-id=\"67998\" src=\"https:\/\/luchonoticias.com\/wp-content\/uploads\/2024\/02\/WhatsApp-Image-2024-02-02-at-4.20.31-PM-1024x576.jpeg\" alt=\"\" class=\"wp-image-67998\"\/><\/figure>\n\n\n\n<figure class=\"wp-block-image size-large\"><img decoding=\"async\" data-id=\"67999\" src=\"https:\/\/luchonoticias.com\/wp-content\/uploads\/2024\/02\/WhatsApp-Image-2024-02-02-at-4.20.30-PM-1-1024x684.jpeg\" alt=\"\" class=\"wp-image-67999\"\/><\/figure>\n<\/figure>\n\n\n\n<p><strong>Actividades por el D\u00eda de los Humedales<\/strong><\/p>\n\n\n\n<p>Con dos nuevos registros de aves para el humedal Marengo en Pitalito, la CAM celebr\u00f3 el D\u00eda Mundial de los Humedales durante una jornada de avistamiento en la que participaron representantes de ONG ambientales, miembros del Cuerpo de Bomberos Voluntarios de Pitalito y funcionarios de la entidad ambiental en el Sur de del Huila.&nbsp; Dentro de los hallazgos se encuentran un pato de pico azul&nbsp; (\ud835\ude15\ud835\ude30\ud835\ude2e\ud835\ude30\ud835\ude2f\ud835\ude3a\ud835\ude34 \ud835\ude25\ud835\ude30\ud835\ude2e\ud835\ude2a\ud835\ude2f\ud835\ude2a\ud835\ude24\ud835\ude36\ud835\ude34) y un zambullidor (\ud835\ude1b\ud835\ude22\ud835\ude24\ud835\ude29\ud835\ude2a\ud835\ude3a\ud835\ude23\ud835\ude22\ud835\ude31\ud835\ude35\ud835\ude36\ud835\ude34 \ud835\ude25\ud835\ude30\ud835\ude2e\ud835\ude2a\ud835\ude2f\ud835\ude2a\ud835\ude24\ud835\ude36\ud835\ude34).<\/p>\n\n\n\n<p>Durante la actividad, tambi\u00e9n se llev\u00f3 a cabo el conversatorio &#8216;Humedales, ecosistemas estrat\u00e9gicos frente al Fen\u00f3meno del Ni\u00f1o&#8217;.<\/p>\n\n\n\n<p>En Neiva se desarroll\u00f3 una salida pedag\u00f3gica al Humedal Los Colores de la comuna 10 de Neiva, liderada por la Instituci\u00f3n Educativa Enrique Olaya Herrera y la Universidad Uniminuto. Durante la jornada la CAM brind\u00f3 una charla a los estudiantes sobre los impactos del Fen\u00f3meno de El Ni\u00f1o en los ecosistemas estrat\u00e9gicos, y la importancia de la participaci\u00f3n ciudadana para disminuir los efectos del Fen\u00f3meno, as\u00ed mismo las diferentes entidades invitadas como Ciudad Limpia, Polic\u00eda Ambiental, Secretar\u00eda de Medio Ambiente de Neiva, Grupo de Di\u00e1logo y Mantenimiento del Orden de la Polic\u00eda Metropolitana, capacitaron a los j\u00f3venes sobre manejo de residuos s\u00f3lidos, identificaci\u00f3n de aves y flora del Humedal y recurso h\u00eddrico.<\/p>\n","protected":false},"excerpt":{"rendered":"<p>Los humedales son ecosistemas de gran importancia para el Huila, el pa\u00eds y el mundo entero, por lo tanto son reconocidos por la Corporaci\u00f3n Aut\u00f3noma Regional del Alto Magdalena-CAM, como ecosistemas estrat\u00e9gicos sobre los cuales se centran diferentes acciones de conservaci\u00f3n. Es por esto que este 2 de febrero el Huila se uni\u00f3 a la [&hellip;]<\/p>\n","protected":false},"author":2,"featured_media":0,"comment_status":"open","ping_status":"open","sticky":false,"template":"","format":"standard","meta":{"footnotes":""},"categories":[36,35],"tags":[],"class_list":["post-67993","post","type-post","status-publish","format-standard","hentry","category-destacado","category-regional"],"yoast_head":"<!-- This site is optimized with the Yoast SEO plugin v26.6 - https:\/\/yoast.com\/wordpress\/plugins\/seo\/ -->\n<title>El Huila cuenta con 818 humedales caracterizados -<\/title>\n<meta name=\"robots\" content=\"index, follow, max-snippet:-1, max-image-preview:large, max-video-preview:-1\" \/>\n<link rel=\"canonical\" href=\"https:\/\/luchonoticias.com\/editor\/el-huila-cuenta-con-818-humedales-caracterizados\/\" \/>\n<meta property=\"og:locale\" content=\"es_ES\" \/>\n<meta property=\"og:type\" content=\"article\" \/>\n<meta property=\"og:title\" content=\"El Huila cuenta con 818 humedales caracterizados -\" \/>\n<meta property=\"og:url\" content=\"https:\/\/luchonoticias.com\/editor\/el-huila-cuenta-con-818-humedales-caracterizados\/\" \/>\n<meta property=\"article:publisher\" content=\"https:\/\/www.facebook.com\/luchonoticiasneiva\" \/>\n<meta property=\"article:published_time\" content=\"2024-02-03T10:15:22+00:00\" \/>\n<meta property=\"article:modified_time\" content=\"2024-02-03T10:15:23+00:00\" \/>\n<meta property=\"og:image\" content=\"https:\/\/luchonoticias.com\/wp-content\/uploads\/2024\/02\/WhatsApp-Image-2024-02-02-at-4.20.29-PM-2-1024x576.jpeg\" \/>\n<meta name=\"author\" content=\"Editor General\" \/>\n<meta name=\"twitter:card\" content=\"summary_large_image\" \/>\n<meta name=\"twitter:label1\" content=\"Escrito por\" \/>\n\t<meta name=\"twitter:data1\" content=\"Editor General\" \/>\n\t<meta name=\"twitter:label2\" content=\"Tiempo de lectura\" \/>\n\t<meta name=\"twitter:data2\" content=\"4 minutos\" \/>\n<script type=\"application\/ld+json\" class=\"yoast-schema-graph\">{\"@context\":\"https:\/\/schema.org\",\"@graph\":[{\"@type\":\"Article\",\"@id\":\"https:\/\/luchonoticias.com\/editor\/el-huila-cuenta-con-818-humedales-caracterizados\/#article\",\"isPartOf\":{\"@id\":\"https:\/\/luchonoticias.com\/editor\/el-huila-cuenta-con-818-humedales-caracterizados\/\"},\"author\":{\"name\":\"Editor General\",\"@id\":\"https:\/\/luchonoticias.com\/editor\/#\/schema\/person\/29217990ddf6f14e35912b2866d591fb\"},\"headline\":\"El Huila cuenta con 818 humedales caracterizados\",\"datePublished\":\"2024-02-03T10:15:22+00:00\",\"dateModified\":\"2024-02-03T10:15:23+00:00\",\"mainEntityOfPage\":{\"@id\":\"https:\/\/luchonoticias.com\/editor\/el-huila-cuenta-con-818-humedales-caracterizados\/\"},\"wordCount\":805,\"commentCount\":0,\"publisher\":{\"@id\":\"https:\/\/luchonoticias.com\/editor\/#\/schema\/person\/7a7fd911f58561fd056dbac7b55af9cd\"},\"image\":{\"@id\":\"https:\/\/luchonoticias.com\/editor\/el-huila-cuenta-con-818-humedales-caracterizados\/#primaryimage\"},\"thumbnailUrl\":\"https:\/\/luchonoticias.com\/wp-content\/uploads\/2024\/02\/WhatsApp-Image-2024-02-02-at-4.20.29-PM-2-1024x576.jpeg\",\"articleSection\":[\"Destacado\",\"Regional\"],\"inLanguage\":\"es\",\"potentialAction\":[{\"@type\":\"CommentAction\",\"name\":\"Comment\",\"target\":[\"https:\/\/luchonoticias.com\/editor\/el-huila-cuenta-con-818-humedales-caracterizados\/#respond\"]}]},{\"@type\":\"WebPage\",\"@id\":\"https:\/\/luchonoticias.com\/editor\/el-huila-cuenta-con-818-humedales-caracterizados\/\",\"url\":\"https:\/\/luchonoticias.com\/editor\/el-huila-cuenta-con-818-humedales-caracterizados\/\",\"name\":\"El Huila cuenta con 818 humedales caracterizados -\",\"isPartOf\":{\"@id\":\"https:\/\/luchonoticias.com\/editor\/#website\"},\"primaryImageOfPage\":{\"@id\":\"https:\/\/luchonoticias.com\/editor\/el-huila-cuenta-con-818-humedales-caracterizados\/#primaryimage\"},\"image\":{\"@id\":\"https:\/\/luchonoticias.com\/editor\/el-huila-cuenta-con-818-humedales-caracterizados\/#primaryimage\"},\"thumbnailUrl\":\"https:\/\/luchonoticias.com\/wp-content\/uploads\/2024\/02\/WhatsApp-Image-2024-02-02-at-4.20.29-PM-2-1024x576.jpeg\",\"datePublished\":\"2024-02-03T10:15:22+00:00\",\"dateModified\":\"2024-02-03T10:15:23+00:00\",\"breadcrumb\":{\"@id\":\"https:\/\/luchonoticias.com\/editor\/el-huila-cuenta-con-818-humedales-caracterizados\/#breadcrumb\"},\"inLanguage\":\"es\",\"potentialAction\":[{\"@type\":\"ReadAction\",\"target\":[\"https:\/\/luchonoticias.com\/editor\/el-huila-cuenta-con-818-humedales-caracterizados\/\"]}]},{\"@type\":\"ImageObject\",\"inLanguage\":\"es\",\"@id\":\"https:\/\/luchonoticias.com\/editor\/el-huila-cuenta-con-818-humedales-caracterizados\/#primaryimage\",\"url\":\"https:\/\/luchonoticias.com\/wp-content\/uploads\/2024\/02\/WhatsApp-Image-2024-02-02-at-4.20.29-PM-2-1024x576.jpeg\",\"contentUrl\":\"https:\/\/luchonoticias.com\/wp-content\/uploads\/2024\/02\/WhatsApp-Image-2024-02-02-at-4.20.29-PM-2-1024x576.jpeg\"},{\"@type\":\"BreadcrumbList\",\"@id\":\"https:\/\/luchonoticias.com\/editor\/el-huila-cuenta-con-818-humedales-caracterizados\/#breadcrumb\",\"itemListElement\":[{\"@type\":\"ListItem\",\"position\":1,\"name\":\"Portada\",\"item\":\"https:\/\/luchonoticias.com\/editor\/\"},{\"@type\":\"ListItem\",\"position\":2,\"name\":\"El Huila cuenta con 818 humedales caracterizados\"}]},{\"@type\":\"WebSite\",\"@id\":\"https:\/\/luchonoticias.com\/editor\/#website\",\"url\":\"https:\/\/luchonoticias.com\/editor\/\",\"name\":\"\",\"description\":\"\",\"publisher\":{\"@id\":\"https:\/\/luchonoticias.com\/editor\/#\/schema\/person\/7a7fd911f58561fd056dbac7b55af9cd\"},\"potentialAction\":[{\"@type\":\"SearchAction\",\"target\":{\"@type\":\"EntryPoint\",\"urlTemplate\":\"https:\/\/luchonoticias.com\/editor\/?s={search_term_string}\"},\"query-input\":{\"@type\":\"PropertyValueSpecification\",\"valueRequired\":true,\"valueName\":\"search_term_string\"}}],\"inLanguage\":\"es\"},{\"@type\":[\"Person\",\"Organization\"],\"@id\":\"https:\/\/luchonoticias.com\/editor\/#\/schema\/person\/7a7fd911f58561fd056dbac7b55af9cd\",\"name\":\"admin\",\"image\":{\"@type\":\"ImageObject\",\"inLanguage\":\"es\",\"@id\":\"https:\/\/luchonoticias.com\/editor\/#\/schema\/person\/image\/\",\"url\":\"https:\/\/luchonoticias.com\/editor\/wp-content\/uploads\/2024\/02\/cropped-cropped-logolu.webp\",\"contentUrl\":\"https:\/\/luchonoticias.com\/editor\/wp-content\/uploads\/2024\/02\/cropped-cropped-logolu.webp\",\"width\":382,\"height\":170,\"caption\":\"admin\"},\"logo\":{\"@id\":\"https:\/\/luchonoticias.com\/editor\/#\/schema\/person\/image\/\"},\"sameAs\":[\"https:\/\/www.facebook.com\/luchonoticiasneiva\"]},{\"@type\":\"Person\",\"@id\":\"https:\/\/luchonoticias.com\/editor\/#\/schema\/person\/29217990ddf6f14e35912b2866d591fb\",\"name\":\"Editor General\",\"image\":{\"@type\":\"ImageObject\",\"inLanguage\":\"es\",\"@id\":\"https:\/\/luchonoticias.com\/editor\/#\/schema\/person\/image\/\",\"url\":\"https:\/\/luchonoticias.com\/editor\/wp-content\/uploads\/2024\/02\/cropped-cropped-logolu-150x150.webp\",\"contentUrl\":\"https:\/\/luchonoticias.com\/editor\/wp-content\/uploads\/2024\/02\/cropped-cropped-logolu-150x150.webp\",\"caption\":\"Editor General\"},\"sameAs\":[\"https:\/\/luchonoticias.com\/\"],\"url\":\"https:\/\/luchonoticias.com\/editor\/author\/editor-general\/\"}]}<\/script>\n<!-- \/ Yoast SEO plugin. -->","yoast_head_json":{"title":"El Huila cuenta con 818 humedales caracterizados -","robots":{"index":"index","follow":"follow","max-snippet":"max-snippet:-1","max-image-preview":"max-image-preview:large","max-video-preview":"max-video-preview:-1"},"canonical":"https:\/\/luchonoticias.com\/editor\/el-huila-cuenta-con-818-humedales-caracterizados\/","og_locale":"es_ES","og_type":"article","og_title":"El Huila cuenta con 818 humedales caracterizados -","og_url":"https:\/\/luchonoticias.com\/editor\/el-huila-cuenta-con-818-humedales-caracterizados\/","article_publisher":"https:\/\/www.facebook.com\/luchonoticiasneiva","article_published_time":"2024-02-03T10:15:22+00:00","article_modified_time":"2024-02-03T10:15:23+00:00","og_image":[{"url":"https:\/\/luchonoticias.com\/wp-content\/uploads\/2024\/02\/WhatsApp-Image-2024-02-02-at-4.20.29-PM-2-1024x576.jpeg","type":"","width":"","height":""}],"author":"Editor General","twitter_card":"summary_large_image","twitter_misc":{"Escrito por":"Editor General","Tiempo de lectura":"4 minutos"},"schema":{"@context":"https:\/\/schema.org","@graph":[{"@type":"Article","@id":"https:\/\/luchonoticias.com\/editor\/el-huila-cuenta-con-818-humedales-caracterizados\/#article","isPartOf":{"@id":"https:\/\/luchonoticias.com\/editor\/el-huila-cuenta-con-818-humedales-caracterizados\/"},"author":{"name":"Editor General","@id":"https:\/\/luchonoticias.com\/editor\/#\/schema\/person\/29217990ddf6f14e35912b2866d591fb"},"headline":"El Huila cuenta con 818 humedales caracterizados","datePublished":"2024-02-03T10:15:22+00:00","dateModified":"2024-02-03T10:15:23+00:00","mainEntityOfPage":{"@id":"https:\/\/luchonoticias.com\/editor\/el-huila-cuenta-con-818-humedales-caracterizados\/"},"wordCount":805,"commentCount":0,"publisher":{"@id":"https:\/\/luchonoticias.com\/editor\/#\/schema\/person\/7a7fd911f58561fd056dbac7b55af9cd"},"image":{"@id":"https:\/\/luchonoticias.com\/editor\/el-huila-cuenta-con-818-humedales-caracterizados\/#primaryimage"},"thumbnailUrl":"https:\/\/luchonoticias.com\/wp-content\/uploads\/2024\/02\/WhatsApp-Image-2024-02-02-at-4.20.29-PM-2-1024x576.jpeg","articleSection":["Destacado","Regional"],"inLanguage":"es","potentialAction":[{"@type":"CommentAction","name":"Comment","target":["https:\/\/luchonoticias.com\/editor\/el-huila-cuenta-con-818-humedales-caracterizados\/#respond"]}]},{"@type":"WebPage","@id":"https:\/\/luchonoticias.com\/editor\/el-huila-cuenta-con-818-humedales-caracterizados\/","url":"https:\/\/luchonoticias.com\/editor\/el-huila-cuenta-con-818-humedales-caracterizados\/","name":"El Huila cuenta con 818 humedales caracterizados -","isPartOf":{"@id":"https:\/\/luchonoticias.com\/editor\/#website"},"primaryImageOfPage":{"@id":"https:\/\/luchonoticias.com\/editor\/el-huila-cuenta-con-818-humedales-caracterizados\/#primaryimage"},"image":{"@id":"https:\/\/luchonoticias.com\/editor\/el-huila-cuenta-con-818-humedales-caracterizados\/#primaryimage"},"thumbnailUrl":"https:\/\/luchonoticias.com\/wp-content\/uploads\/2024\/02\/WhatsApp-Image-2024-02-02-at-4.20.29-PM-2-1024x576.jpeg","datePublished":"2024-02-03T10:15:22+00:00","dateModified":"2024-02-03T10:15:23+00:00","breadcrumb":{"@id":"https:\/\/luchonoticias.com\/editor\/el-huila-cuenta-con-818-humedales-caracterizados\/#breadcrumb"},"inLanguage":"es","potentialAction":[{"@type":"ReadAction","target":["https:\/\/luchonoticias.com\/editor\/el-huila-cuenta-con-818-humedales-caracterizados\/"]}]},{"@type":"ImageObject","inLanguage":"es","@id":"https:\/\/luchonoticias.com\/editor\/el-huila-cuenta-con-818-humedales-caracterizados\/#primaryimage","url":"https:\/\/luchonoticias.com\/wp-content\/uploads\/2024\/02\/WhatsApp-Image-2024-02-02-at-4.20.29-PM-2-1024x576.jpeg","contentUrl":"https:\/\/luchonoticias.com\/wp-content\/uploads\/2024\/02\/WhatsApp-Image-2024-02-02-at-4.20.29-PM-2-1024x576.jpeg"},{"@type":"BreadcrumbList","@id":"https:\/\/luchonoticias.com\/editor\/el-huila-cuenta-con-818-humedales-caracterizados\/#breadcrumb","itemListElement":[{"@type":"ListItem","position":1,"name":"Portada","item":"https:\/\/luchonoticias.com\/editor\/"},{"@type":"ListItem","position":2,"name":"El Huila cuenta con 818 humedales caracterizados"}]},{"@type":"WebSite","@id":"https:\/\/luchonoticias.com\/editor\/#website","url":"https:\/\/luchonoticias.com\/editor\/","name":"","description":"","publisher":{"@id":"https:\/\/luchonoticias.com\/editor\/#\/schema\/person\/7a7fd911f58561fd056dbac7b55af9cd"},"potentialAction":[{"@type":"SearchAction","target":{"@type":"EntryPoint","urlTemplate":"https:\/\/luchonoticias.com\/editor\/?s={search_term_string}"},"query-input":{"@type":"PropertyValueSpecification","valueRequired":true,"valueName":"search_term_string"}}],"inLanguage":"es"},{"@type":["Person","Organization"],"@id":"https:\/\/luchonoticias.com\/editor\/#\/schema\/person\/7a7fd911f58561fd056dbac7b55af9cd","name":"admin","image":{"@type":"ImageObject","inLanguage":"es","@id":"https:\/\/luchonoticias.com\/editor\/#\/schema\/person\/image\/","url":"https:\/\/luchonoticias.com\/editor\/wp-content\/uploads\/2024\/02\/cropped-cropped-logolu.webp","contentUrl":"https:\/\/luchonoticias.com\/editor\/wp-content\/uploads\/2024\/02\/cropped-cropped-logolu.webp","width":382,"height":170,"caption":"admin"},"logo":{"@id":"https:\/\/luchonoticias.com\/editor\/#\/schema\/person\/image\/"},"sameAs":["https:\/\/www.facebook.com\/luchonoticiasneiva"]},{"@type":"Person","@id":"https:\/\/luchonoticias.com\/editor\/#\/schema\/person\/29217990ddf6f14e35912b2866d591fb","name":"Editor General","image":{"@type":"ImageObject","inLanguage":"es","@id":"https:\/\/luchonoticias.com\/editor\/#\/schema\/person\/image\/","url":"https:\/\/luchonoticias.com\/editor\/wp-content\/uploads\/2024\/02\/cropped-cropped-logolu-150x150.webp","contentUrl":"https:\/\/luchonoticias.com\/editor\/wp-content\/uploads\/2024\/02\/cropped-cropped-logolu-150x150.webp","caption":"Editor General"},"sameAs":["https:\/\/luchonoticias.com\/"],"url":"https:\/\/luchonoticias.com\/editor\/author\/editor-general\/"}]}},"_links":{"self":[{"href":"https:\/\/luchonoticias.com\/editor\/wp-json\/wp\/v2\/posts\/67993","targetHints":{"allow":["GET"]}}],"collection":[{"href":"https:\/\/luchonoticias.com\/editor\/wp-json\/wp\/v2\/posts"}],"about":[{"href":"https:\/\/luchonoticias.com\/editor\/wp-json\/wp\/v2\/types\/post"}],"author":[{"embeddable":true,"href":"https:\/\/luchonoticias.com\/editor\/wp-json\/wp\/v2\/users\/2"}],"replies":[{"embeddable":true,"href":"https:\/\/luchonoticias.com\/editor\/wp-json\/wp\/v2\/comments?post=67993"}],"version-history":[{"count":0,"href":"https:\/\/luchonoticias.com\/editor\/wp-json\/wp\/v2\/posts\/67993\/revisions"}],"wp:attachment":[{"href":"https:\/\/luchonoticias.com\/editor\/wp-json\/wp\/v2\/media?parent=67993"}],"wp:term":[{"taxonomy":"category","embeddable":true,"href":"https:\/\/luchonoticias.com\/editor\/wp-json\/wp\/v2\/categories?post=67993"},{"taxonomy":"post_tag","embeddable":true,"href":"https:\/\/luchonoticias.com\/editor\/wp-json\/wp\/v2\/tags?post=67993"}],"curies":[{"name":"wp","href":"https:\/\/api.w.org\/{rel}","templated":true}]}}