{"id":68001,"date":"2024-02-03T05:18:24","date_gmt":"2024-02-03T10:18:24","guid":{"rendered":"https:\/\/luchonoticias.com\/?p=68001"},"modified":"2024-02-03T05:18:26","modified_gmt":"2024-02-03T10:18:26","slug":"policia-y-comunidad-realizaron-campana-de-limpieza-proteccion-y-recuperacion-en-la-laguna-los-colores-y-curibano","status":"publish","type":"post","link":"https:\/\/luchonoticias.com\/editor\/policia-y-comunidad-realizaron-campana-de-limpieza-proteccion-y-recuperacion-en-la-laguna-los-colores-y-curibano\/","title":{"rendered":"Polic\u00eda y Comunidad realizaron campa\u00f1a de limpieza, protecci\u00f3n y recuperaci\u00f3n en la laguna los Colores y Curibano"},"content":{"rendered":"\n<p>La Polic\u00eda Metropolitana de Neiva, en cabeza del Grupo de protecci\u00f3n ambiental y ecol\u00f3gica, la Unidad de Di\u00e1logo y Mantenimiento del Orden de la Polic\u00eda Metropolitana de Neiva, personal del plantel educativo Enrique Olaya Herrera, la universidad Uniminuto y Ciudad limpia, en coordinaci\u00f3n con la CAM, se socializ\u00f3 sobre la importancia de los humedales y la protecci\u00f3n de la fauna y flora Silvestre que se encuentra en estos sectores tan importantes para nuestra vida.<\/p>\n\n\n\n<p>En esta actividad la cual se desarroll\u00f3 en la laguna los Colores y Curibano, se realiz\u00f3 jornada de ornato y embellecimiento, contribuyendo a la conservaci\u00f3n de la especie.<\/p>\n\n\n\n<figure class=\"wp-block-gallery has-nested-images columns-default is-cropped wp-block-gallery-1 is-layout-flex wp-block-gallery-is-layout-flex\">\n<figure class=\"wp-block-image size-large\"><img decoding=\"async\" data-id=\"68004\" src=\"https:\/\/luchonoticias.com\/wp-content\/uploads\/2024\/02\/WhatsApp-Image-2024-02-02-at-5.43.40-PM-1024x768.jpeg\" alt=\"\" class=\"wp-image-68004\"\/><\/figure>\n\n\n\n<figure class=\"wp-block-image size-large\"><img decoding=\"async\" data-id=\"68003\" src=\"https:\/\/luchonoticias.com\/wp-content\/uploads\/2024\/02\/WhatsApp-Image-2024-02-02-at-5.43.39-PM-1024x768.jpeg\" alt=\"\" class=\"wp-image-68003\"\/><\/figure>\n<\/figure>\n\n\n\n<p>La Polic\u00eda Nacional seguir\u00e1 realizando planes, por lo que hace el llamado a la comunidad para que denuncien cualquier situaci\u00f3n que afecte nuestra flora y fauna al n\u00famero 3102068944 del grupo de protecci\u00f3n ambiental y ecol\u00f3gica.<\/p>\n","protected":false},"excerpt":{"rendered":"<p>La Polic\u00eda Metropolitana de Neiva, en cabeza del Grupo de protecci\u00f3n ambiental y ecol\u00f3gica, la Unidad de Di\u00e1logo y Mantenimiento del Orden de la Polic\u00eda Metropolitana de Neiva, personal del plantel educativo Enrique Olaya Herrera, la universidad Uniminuto y Ciudad limpia, en coordinaci\u00f3n con la CAM, se socializ\u00f3 sobre la importancia de los humedales y [&hellip;]<\/p>\n","protected":false},"author":2,"featured_media":0,"comment_status":"open","ping_status":"open","sticky":false,"template":"","format":"standard","meta":{"footnotes":""},"categories":[36,31],"tags":[],"class_list":["post-68001","post","type-post","status-publish","format-standard","hentry","category-destacado","category-local"],"yoast_head":"<!-- This site is optimized with the Yoast SEO plugin v26.6 - https:\/\/yoast.com\/wordpress\/plugins\/seo\/ -->\n<title>Polic\u00eda y Comunidad realizaron campa\u00f1a de limpieza, protecci\u00f3n y recuperaci\u00f3n en la laguna los Colores y Curibano -<\/title>\n<meta name=\"robots\" content=\"index, follow, max-snippet:-1, max-image-preview:large, max-video-preview:-1\" \/>\n<link rel=\"canonical\" href=\"https:\/\/luchonoticias.com\/editor\/policia-y-comunidad-realizaron-campana-de-limpieza-proteccion-y-recuperacion-en-la-laguna-los-colores-y-curibano\/\" \/>\n<meta property=\"og:locale\" content=\"es_ES\" \/>\n<meta property=\"og:type\" content=\"article\" \/>\n<meta property=\"og:title\" content=\"Polic\u00eda y Comunidad realizaron campa\u00f1a de limpieza, protecci\u00f3n y recuperaci\u00f3n en la laguna los Colores y Curibano -\" \/>\n<meta property=\"og:url\" content=\"https:\/\/luchonoticias.com\/editor\/policia-y-comunidad-realizaron-campana-de-limpieza-proteccion-y-recuperacion-en-la-laguna-los-colores-y-curibano\/\" \/>\n<meta property=\"article:publisher\" content=\"https:\/\/www.facebook.com\/luchonoticiasneiva\" \/>\n<meta property=\"article:published_time\" content=\"2024-02-03T10:18:24+00:00\" \/>\n<meta property=\"article:modified_time\" content=\"2024-02-03T10:18:26+00:00\" \/>\n<meta property=\"og:image\" content=\"https:\/\/luchonoticias.com\/wp-content\/uploads\/2024\/02\/WhatsApp-Image-2024-02-02-at-5.43.40-PM-1024x768.jpeg\" \/>\n<meta name=\"author\" content=\"Editor General\" \/>\n<meta name=\"twitter:card\" content=\"summary_large_image\" \/>\n<meta name=\"twitter:label1\" content=\"Escrito por\" \/>\n\t<meta name=\"twitter:data1\" content=\"Editor General\" \/>\n\t<meta name=\"twitter:label2\" content=\"Tiempo de lectura\" \/>\n\t<meta name=\"twitter:data2\" content=\"1 minuto\" \/>\n<script type=\"application\/ld+json\" class=\"yoast-schema-graph\">{\"@context\":\"https:\/\/schema.org\",\"@graph\":[{\"@type\":\"Article\",\"@id\":\"https:\/\/luchonoticias.com\/editor\/policia-y-comunidad-realizaron-campana-de-limpieza-proteccion-y-recuperacion-en-la-laguna-los-colores-y-curibano\/#article\",\"isPartOf\":{\"@id\":\"https:\/\/luchonoticias.com\/editor\/policia-y-comunidad-realizaron-campana-de-limpieza-proteccion-y-recuperacion-en-la-laguna-los-colores-y-curibano\/\"},\"author\":{\"name\":\"Editor General\",\"@id\":\"https:\/\/luchonoticias.com\/editor\/#\/schema\/person\/29217990ddf6f14e35912b2866d591fb\"},\"headline\":\"Polic\u00eda y Comunidad realizaron campa\u00f1a de limpieza, protecci\u00f3n y recuperaci\u00f3n en la laguna los Colores y Curibano\",\"datePublished\":\"2024-02-03T10:18:24+00:00\",\"dateModified\":\"2024-02-03T10:18:26+00:00\",\"mainEntityOfPage\":{\"@id\":\"https:\/\/luchonoticias.com\/editor\/policia-y-comunidad-realizaron-campana-de-limpieza-proteccion-y-recuperacion-en-la-laguna-los-colores-y-curibano\/\"},\"wordCount\":171,\"commentCount\":0,\"publisher\":{\"@id\":\"https:\/\/luchonoticias.com\/editor\/#\/schema\/person\/7a7fd911f58561fd056dbac7b55af9cd\"},\"image\":{\"@id\":\"https:\/\/luchonoticias.com\/editor\/policia-y-comunidad-realizaron-campana-de-limpieza-proteccion-y-recuperacion-en-la-laguna-los-colores-y-curibano\/#primaryimage\"},\"thumbnailUrl\":\"https:\/\/luchonoticias.com\/wp-content\/uploads\/2024\/02\/WhatsApp-Image-2024-02-02-at-5.43.40-PM-1024x768.jpeg\",\"articleSection\":[\"Destacado\",\"Local\"],\"inLanguage\":\"es\",\"potentialAction\":[{\"@type\":\"CommentAction\",\"name\":\"Comment\",\"target\":[\"https:\/\/luchonoticias.com\/editor\/policia-y-comunidad-realizaron-campana-de-limpieza-proteccion-y-recuperacion-en-la-laguna-los-colores-y-curibano\/#respond\"]}]},{\"@type\":\"WebPage\",\"@id\":\"https:\/\/luchonoticias.com\/editor\/policia-y-comunidad-realizaron-campana-de-limpieza-proteccion-y-recuperacion-en-la-laguna-los-colores-y-curibano\/\",\"url\":\"https:\/\/luchonoticias.com\/editor\/policia-y-comunidad-realizaron-campana-de-limpieza-proteccion-y-recuperacion-en-la-laguna-los-colores-y-curibano\/\",\"name\":\"Polic\u00eda y Comunidad realizaron campa\u00f1a de limpieza, protecci\u00f3n y recuperaci\u00f3n en la laguna los Colores y Curibano -\",\"isPartOf\":{\"@id\":\"https:\/\/luchonoticias.com\/editor\/#website\"},\"primaryImageOfPage\":{\"@id\":\"https:\/\/luchonoticias.com\/editor\/policia-y-comunidad-realizaron-campana-de-limpieza-proteccion-y-recuperacion-en-la-laguna-los-colores-y-curibano\/#primaryimage\"},\"image\":{\"@id\":\"https:\/\/luchonoticias.com\/editor\/policia-y-comunidad-realizaron-campana-de-limpieza-proteccion-y-recuperacion-en-la-laguna-los-colores-y-curibano\/#primaryimage\"},\"thumbnailUrl\":\"https:\/\/luchonoticias.com\/wp-content\/uploads\/2024\/02\/WhatsApp-Image-2024-02-02-at-5.43.40-PM-1024x768.jpeg\",\"datePublished\":\"2024-02-03T10:18:24+00:00\",\"dateModified\":\"2024-02-03T10:18:26+00:00\",\"breadcrumb\":{\"@id\":\"https:\/\/luchonoticias.com\/editor\/policia-y-comunidad-realizaron-campana-de-limpieza-proteccion-y-recuperacion-en-la-laguna-los-colores-y-curibano\/#breadcrumb\"},\"inLanguage\":\"es\",\"potentialAction\":[{\"@type\":\"ReadAction\",\"target\":[\"https:\/\/luchonoticias.com\/editor\/policia-y-comunidad-realizaron-campana-de-limpieza-proteccion-y-recuperacion-en-la-laguna-los-colores-y-curibano\/\"]}]},{\"@type\":\"ImageObject\",\"inLanguage\":\"es\",\"@id\":\"https:\/\/luchonoticias.com\/editor\/policia-y-comunidad-realizaron-campana-de-limpieza-proteccion-y-recuperacion-en-la-laguna-los-colores-y-curibano\/#primaryimage\",\"url\":\"https:\/\/luchonoticias.com\/wp-content\/uploads\/2024\/02\/WhatsApp-Image-2024-02-02-at-5.43.40-PM-1024x768.jpeg\",\"contentUrl\":\"https:\/\/luchonoticias.com\/wp-content\/uploads\/2024\/02\/WhatsApp-Image-2024-02-02-at-5.43.40-PM-1024x768.jpeg\"},{\"@type\":\"BreadcrumbList\",\"@id\":\"https:\/\/luchonoticias.com\/editor\/policia-y-comunidad-realizaron-campana-de-limpieza-proteccion-y-recuperacion-en-la-laguna-los-colores-y-curibano\/#breadcrumb\",\"itemListElement\":[{\"@type\":\"ListItem\",\"position\":1,\"name\":\"Portada\",\"item\":\"https:\/\/luchonoticias.com\/editor\/\"},{\"@type\":\"ListItem\",\"position\":2,\"name\":\"Polic\u00eda y Comunidad realizaron campa\u00f1a de limpieza, protecci\u00f3n y recuperaci\u00f3n en la laguna los Colores y Curibano\"}]},{\"@type\":\"WebSite\",\"@id\":\"https:\/\/luchonoticias.com\/editor\/#website\",\"url\":\"https:\/\/luchonoticias.com\/editor\/\",\"name\":\"\",\"description\":\"\",\"publisher\":{\"@id\":\"https:\/\/luchonoticias.com\/editor\/#\/schema\/person\/7a7fd911f58561fd056dbac7b55af9cd\"},\"potentialAction\":[{\"@type\":\"SearchAction\",\"target\":{\"@type\":\"EntryPoint\",\"urlTemplate\":\"https:\/\/luchonoticias.com\/editor\/?s={search_term_string}\"},\"query-input\":{\"@type\":\"PropertyValueSpecification\",\"valueRequired\":true,\"valueName\":\"search_term_string\"}}],\"inLanguage\":\"es\"},{\"@type\":[\"Person\",\"Organization\"],\"@id\":\"https:\/\/luchonoticias.com\/editor\/#\/schema\/person\/7a7fd911f58561fd056dbac7b55af9cd\",\"name\":\"admin\",\"image\":{\"@type\":\"ImageObject\",\"inLanguage\":\"es\",\"@id\":\"https:\/\/luchonoticias.com\/editor\/#\/schema\/person\/image\/\",\"url\":\"https:\/\/luchonoticias.com\/editor\/wp-content\/uploads\/2024\/02\/cropped-cropped-logolu.webp\",\"contentUrl\":\"https:\/\/luchonoticias.com\/editor\/wp-content\/uploads\/2024\/02\/cropped-cropped-logolu.webp\",\"width\":382,\"height\":170,\"caption\":\"admin\"},\"logo\":{\"@id\":\"https:\/\/luchonoticias.com\/editor\/#\/schema\/person\/image\/\"},\"sameAs\":[\"https:\/\/www.facebook.com\/luchonoticiasneiva\"]},{\"@type\":\"Person\",\"@id\":\"https:\/\/luchonoticias.com\/editor\/#\/schema\/person\/29217990ddf6f14e35912b2866d591fb\",\"name\":\"Editor General\",\"image\":{\"@type\":\"ImageObject\",\"inLanguage\":\"es\",\"@id\":\"https:\/\/luchonoticias.com\/editor\/#\/schema\/person\/image\/\",\"url\":\"https:\/\/luchonoticias.com\/editor\/wp-content\/uploads\/2024\/02\/cropped-cropped-logolu-150x150.webp\",\"contentUrl\":\"https:\/\/luchonoticias.com\/editor\/wp-content\/uploads\/2024\/02\/cropped-cropped-logolu-150x150.webp\",\"caption\":\"Editor General\"},\"sameAs\":[\"https:\/\/luchonoticias.com\/\"],\"url\":\"https:\/\/luchonoticias.com\/editor\/author\/editor-general\/\"}]}<\/script>\n<!-- \/ Yoast SEO plugin. -->","yoast_head_json":{"title":"Polic\u00eda y Comunidad realizaron campa\u00f1a de limpieza, protecci\u00f3n y recuperaci\u00f3n en la laguna los Colores y Curibano -","robots":{"index":"index","follow":"follow","max-snippet":"max-snippet:-1","max-image-preview":"max-image-preview:large","max-video-preview":"max-video-preview:-1"},"canonical":"https:\/\/luchonoticias.com\/editor\/policia-y-comunidad-realizaron-campana-de-limpieza-proteccion-y-recuperacion-en-la-laguna-los-colores-y-curibano\/","og_locale":"es_ES","og_type":"article","og_title":"Polic\u00eda y Comunidad realizaron campa\u00f1a de limpieza, protecci\u00f3n y recuperaci\u00f3n en la laguna los Colores y Curibano -","og_url":"https:\/\/luchonoticias.com\/editor\/policia-y-comunidad-realizaron-campana-de-limpieza-proteccion-y-recuperacion-en-la-laguna-los-colores-y-curibano\/","article_publisher":"https:\/\/www.facebook.com\/luchonoticiasneiva","article_published_time":"2024-02-03T10:18:24+00:00","article_modified_time":"2024-02-03T10:18:26+00:00","og_image":[{"url":"https:\/\/luchonoticias.com\/wp-content\/uploads\/2024\/02\/WhatsApp-Image-2024-02-02-at-5.43.40-PM-1024x768.jpeg","type":"","width":"","height":""}],"author":"Editor General","twitter_card":"summary_large_image","twitter_misc":{"Escrito por":"Editor General","Tiempo de lectura":"1 minuto"},"schema":{"@context":"https:\/\/schema.org","@graph":[{"@type":"Article","@id":"https:\/\/luchonoticias.com\/editor\/policia-y-comunidad-realizaron-campana-de-limpieza-proteccion-y-recuperacion-en-la-laguna-los-colores-y-curibano\/#article","isPartOf":{"@id":"https:\/\/luchonoticias.com\/editor\/policia-y-comunidad-realizaron-campana-de-limpieza-proteccion-y-recuperacion-en-la-laguna-los-colores-y-curibano\/"},"author":{"name":"Editor General","@id":"https:\/\/luchonoticias.com\/editor\/#\/schema\/person\/29217990ddf6f14e35912b2866d591fb"},"headline":"Polic\u00eda y Comunidad realizaron campa\u00f1a de limpieza, protecci\u00f3n y recuperaci\u00f3n en la laguna los Colores y Curibano","datePublished":"2024-02-03T10:18:24+00:00","dateModified":"2024-02-03T10:18:26+00:00","mainEntityOfPage":{"@id":"https:\/\/luchonoticias.com\/editor\/policia-y-comunidad-realizaron-campana-de-limpieza-proteccion-y-recuperacion-en-la-laguna-los-colores-y-curibano\/"},"wordCount":171,"commentCount":0,"publisher":{"@id":"https:\/\/luchonoticias.com\/editor\/#\/schema\/person\/7a7fd911f58561fd056dbac7b55af9cd"},"image":{"@id":"https:\/\/luchonoticias.com\/editor\/policia-y-comunidad-realizaron-campana-de-limpieza-proteccion-y-recuperacion-en-la-laguna-los-colores-y-curibano\/#primaryimage"},"thumbnailUrl":"https:\/\/luchonoticias.com\/wp-content\/uploads\/2024\/02\/WhatsApp-Image-2024-02-02-at-5.43.40-PM-1024x768.jpeg","articleSection":["Destacado","Local"],"inLanguage":"es","potentialAction":[{"@type":"CommentAction","name":"Comment","target":["https:\/\/luchonoticias.com\/editor\/policia-y-comunidad-realizaron-campana-de-limpieza-proteccion-y-recuperacion-en-la-laguna-los-colores-y-curibano\/#respond"]}]},{"@type":"WebPage","@id":"https:\/\/luchonoticias.com\/editor\/policia-y-comunidad-realizaron-campana-de-limpieza-proteccion-y-recuperacion-en-la-laguna-los-colores-y-curibano\/","url":"https:\/\/luchonoticias.com\/editor\/policia-y-comunidad-realizaron-campana-de-limpieza-proteccion-y-recuperacion-en-la-laguna-los-colores-y-curibano\/","name":"Polic\u00eda y Comunidad realizaron campa\u00f1a de limpieza, protecci\u00f3n y recuperaci\u00f3n en la laguna los Colores y Curibano -","isPartOf":{"@id":"https:\/\/luchonoticias.com\/editor\/#website"},"primaryImageOfPage":{"@id":"https:\/\/luchonoticias.com\/editor\/policia-y-comunidad-realizaron-campana-de-limpieza-proteccion-y-recuperacion-en-la-laguna-los-colores-y-curibano\/#primaryimage"},"image":{"@id":"https:\/\/luchonoticias.com\/editor\/policia-y-comunidad-realizaron-campana-de-limpieza-proteccion-y-recuperacion-en-la-laguna-los-colores-y-curibano\/#primaryimage"},"thumbnailUrl":"https:\/\/luchonoticias.com\/wp-content\/uploads\/2024\/02\/WhatsApp-Image-2024-02-02-at-5.43.40-PM-1024x768.jpeg","datePublished":"2024-02-03T10:18:24+00:00","dateModified":"2024-02-03T10:18:26+00:00","breadcrumb":{"@id":"https:\/\/luchonoticias.com\/editor\/policia-y-comunidad-realizaron-campana-de-limpieza-proteccion-y-recuperacion-en-la-laguna-los-colores-y-curibano\/#breadcrumb"},"inLanguage":"es","potentialAction":[{"@type":"ReadAction","target":["https:\/\/luchonoticias.com\/editor\/policia-y-comunidad-realizaron-campana-de-limpieza-proteccion-y-recuperacion-en-la-laguna-los-colores-y-curibano\/"]}]},{"@type":"ImageObject","inLanguage":"es","@id":"https:\/\/luchonoticias.com\/editor\/policia-y-comunidad-realizaron-campana-de-limpieza-proteccion-y-recuperacion-en-la-laguna-los-colores-y-curibano\/#primaryimage","url":"https:\/\/luchonoticias.com\/wp-content\/uploads\/2024\/02\/WhatsApp-Image-2024-02-02-at-5.43.40-PM-1024x768.jpeg","contentUrl":"https:\/\/luchonoticias.com\/wp-content\/uploads\/2024\/02\/WhatsApp-Image-2024-02-02-at-5.43.40-PM-1024x768.jpeg"},{"@type":"BreadcrumbList","@id":"https:\/\/luchonoticias.com\/editor\/policia-y-comunidad-realizaron-campana-de-limpieza-proteccion-y-recuperacion-en-la-laguna-los-colores-y-curibano\/#breadcrumb","itemListElement":[{"@type":"ListItem","position":1,"name":"Portada","item":"https:\/\/luchonoticias.com\/editor\/"},{"@type":"ListItem","position":2,"name":"Polic\u00eda y Comunidad realizaron campa\u00f1a de limpieza, protecci\u00f3n y recuperaci\u00f3n en la laguna los Colores y Curibano"}]},{"@type":"WebSite","@id":"https:\/\/luchonoticias.com\/editor\/#website","url":"https:\/\/luchonoticias.com\/editor\/","name":"","description":"","publisher":{"@id":"https:\/\/luchonoticias.com\/editor\/#\/schema\/person\/7a7fd911f58561fd056dbac7b55af9cd"},"potentialAction":[{"@type":"SearchAction","target":{"@type":"EntryPoint","urlTemplate":"https:\/\/luchonoticias.com\/editor\/?s={search_term_string}"},"query-input":{"@type":"PropertyValueSpecification","valueRequired":true,"valueName":"search_term_string"}}],"inLanguage":"es"},{"@type":["Person","Organization"],"@id":"https:\/\/luchonoticias.com\/editor\/#\/schema\/person\/7a7fd911f58561fd056dbac7b55af9cd","name":"admin","image":{"@type":"ImageObject","inLanguage":"es","@id":"https:\/\/luchonoticias.com\/editor\/#\/schema\/person\/image\/","url":"https:\/\/luchonoticias.com\/editor\/wp-content\/uploads\/2024\/02\/cropped-cropped-logolu.webp","contentUrl":"https:\/\/luchonoticias.com\/editor\/wp-content\/uploads\/2024\/02\/cropped-cropped-logolu.webp","width":382,"height":170,"caption":"admin"},"logo":{"@id":"https:\/\/luchonoticias.com\/editor\/#\/schema\/person\/image\/"},"sameAs":["https:\/\/www.facebook.com\/luchonoticiasneiva"]},{"@type":"Person","@id":"https:\/\/luchonoticias.com\/editor\/#\/schema\/person\/29217990ddf6f14e35912b2866d591fb","name":"Editor General","image":{"@type":"ImageObject","inLanguage":"es","@id":"https:\/\/luchonoticias.com\/editor\/#\/schema\/person\/image\/","url":"https:\/\/luchonoticias.com\/editor\/wp-content\/uploads\/2024\/02\/cropped-cropped-logolu-150x150.webp","contentUrl":"https:\/\/luchonoticias.com\/editor\/wp-content\/uploads\/2024\/02\/cropped-cropped-logolu-150x150.webp","caption":"Editor General"},"sameAs":["https:\/\/luchonoticias.com\/"],"url":"https:\/\/luchonoticias.com\/editor\/author\/editor-general\/"}]}},"_links":{"self":[{"href":"https:\/\/luchonoticias.com\/editor\/wp-json\/wp\/v2\/posts\/68001","targetHints":{"allow":["GET"]}}],"collection":[{"href":"https:\/\/luchonoticias.com\/editor\/wp-json\/wp\/v2\/posts"}],"about":[{"href":"https:\/\/luchonoticias.com\/editor\/wp-json\/wp\/v2\/types\/post"}],"author":[{"embeddable":true,"href":"https:\/\/luchonoticias.com\/editor\/wp-json\/wp\/v2\/users\/2"}],"replies":[{"embeddable":true,"href":"https:\/\/luchonoticias.com\/editor\/wp-json\/wp\/v2\/comments?post=68001"}],"version-history":[{"count":0,"href":"https:\/\/luchonoticias.com\/editor\/wp-json\/wp\/v2\/posts\/68001\/revisions"}],"wp:attachment":[{"href":"https:\/\/luchonoticias.com\/editor\/wp-json\/wp\/v2\/media?parent=68001"}],"wp:term":[{"taxonomy":"category","embeddable":true,"href":"https:\/\/luchonoticias.com\/editor\/wp-json\/wp\/v2\/categories?post=68001"},{"taxonomy":"post_tag","embeddable":true,"href":"https:\/\/luchonoticias.com\/editor\/wp-json\/wp\/v2\/tags?post=68001"}],"curies":[{"name":"wp","href":"https:\/\/api.w.org\/{rel}","templated":true}]}}