{"id":68011,"date":"2024-02-03T05:24:19","date_gmt":"2024-02-03T10:24:19","guid":{"rendered":"https:\/\/luchonoticias.com\/?p=68011"},"modified":"2024-02-03T05:24:20","modified_gmt":"2024-02-03T10:24:20","slug":"se-reactivaran-los-monitoreos-en-zonas-de-riesgo-de-incendios-en-la-capital-opita","status":"publish","type":"post","link":"https:\/\/luchonoticias.com\/editor\/se-reactivaran-los-monitoreos-en-zonas-de-riesgo-de-incendios-en-la-capital-opita\/","title":{"rendered":"Se reactivar\u00e1n los monitoreos en zonas de riesgo de incendios en la capital opita"},"content":{"rendered":"\n<p>Con el fin de establecer un plan de respuesta municipal contra incendios de cobertura vegetal, se llev\u00f3 a cabo una comisi\u00f3n t\u00e9cnica integrada por el Ej\u00e9rcito, la CAM, Bomberos Voluntarios, Defensa Civil, secretar\u00eda de Medio Ambiente, secretar\u00eda de Desarrollo Agropecuario, Polic\u00eda Nacional, la Cruz Roja y Bomberos Oficiales.<\/p>\n\n\n\n<p>En el marco de la crisis clim\u00e1tica presentada a nivel nacional por el fen\u00f3meno de El Ni\u00f1o, la cartera de Gesti\u00f3n del Riesgo, en cabeza de Mar\u00eda Amelia Monroy, se el encuentro que permiti\u00f3 trazar una hoja de ruta en la atenci\u00f3n de las emergencias.<\/p>\n\n\n\n<p>\u201cLas estrategias que vamos a tener en cuenta para esta crisis en el caso del fen\u00f3meno de El Ni\u00f1o, ya que se avecinan muchas m\u00e1s situaciones de riesgo seg\u00fan el IDEAM, con respecto a la posibilidad de que hayan incendios forestales\u201d expres\u00f3 la secretaria.<\/p>\n\n\n\n<figure class=\"wp-block-gallery has-nested-images columns-default is-cropped wp-block-gallery-1 is-layout-flex wp-block-gallery-is-layout-flex\">\n<figure class=\"wp-block-image size-large\"><img decoding=\"async\" data-id=\"68014\" src=\"https:\/\/luchonoticias.com\/wp-content\/uploads\/2024\/02\/WhatsApp-Image-2024-02-02-at-5.05.21-PM-1-1024x768.jpeg\" alt=\"\" class=\"wp-image-68014\"\/><\/figure>\n\n\n\n<figure class=\"wp-block-image size-large\"><img decoding=\"async\" data-id=\"68013\" src=\"https:\/\/luchonoticias.com\/wp-content\/uploads\/2024\/02\/WhatsApp-Image-2024-02-02-at-5.05.21-PM-1024x768.jpeg\" alt=\"\" class=\"wp-image-68013\"\/><\/figure>\n<\/figure>\n\n\n\n<p>Adem\u00e1s, se est\u00e1 generando un trabajo mancomunado entre la estaci\u00f3n central del Cuerpo Oficial de Bomberos y la secretar\u00eda de Gesti\u00f3n del Riesgo, enfocado en la prevenci\u00f3n y preparaci\u00f3n para atender cualquier eventualidad que pueda ocurrir a causa del fen\u00f3meno de El Ni\u00f1o.<\/p>\n\n\n\n<p>\u201cDe aqu\u00ed sale la columna vertebral que son nuestros protocolos de respuesta en esta emergencia que nos ata\u00f1e a todo el pa\u00eds y espec\u00edficamente a la ciudad de Neiva, para estar preparados ante la incidencia de incendios forestales\u201d, reconoci\u00f3 el sargento Andr\u00e9s Bernal adscrito al Cuerpo Oficial de Bomberos de Neiva.<\/p>\n\n\n\n<p>Dentro de las conclusiones del encuentro, se estipul\u00f3 la necesidad de reactivar los monitoreos en las zonas que ya estad\u00edsticamente han sido identificadas como afectaci\u00f3n repetitiva de incendios forestales.<\/p>\n","protected":false},"excerpt":{"rendered":"<p>Con el fin de establecer un plan de respuesta municipal contra incendios de cobertura vegetal, se llev\u00f3 a cabo una comisi\u00f3n t\u00e9cnica integrada por el Ej\u00e9rcito, la CAM, Bomberos Voluntarios, Defensa Civil, secretar\u00eda de Medio Ambiente, secretar\u00eda de Desarrollo Agropecuario, Polic\u00eda Nacional, la Cruz Roja y Bomberos Oficiales. En el marco de la crisis clim\u00e1tica [&hellip;]<\/p>\n","protected":false},"author":2,"featured_media":0,"comment_status":"open","ping_status":"open","sticky":false,"template":"","format":"standard","meta":{"footnotes":""},"categories":[36,31],"tags":[],"class_list":["post-68011","post","type-post","status-publish","format-standard","hentry","category-destacado","category-local"],"yoast_head":"<!-- This site is optimized with the Yoast SEO plugin v26.6 - https:\/\/yoast.com\/wordpress\/plugins\/seo\/ -->\n<title>Se reactivar\u00e1n los monitoreos en zonas de riesgo de incendios en la capital opita -<\/title>\n<meta name=\"robots\" content=\"index, follow, max-snippet:-1, max-image-preview:large, max-video-preview:-1\" \/>\n<link rel=\"canonical\" href=\"https:\/\/luchonoticias.com\/editor\/se-reactivaran-los-monitoreos-en-zonas-de-riesgo-de-incendios-en-la-capital-opita\/\" \/>\n<meta property=\"og:locale\" content=\"es_ES\" \/>\n<meta property=\"og:type\" content=\"article\" \/>\n<meta property=\"og:title\" content=\"Se reactivar\u00e1n los monitoreos en zonas de riesgo de incendios en la capital opita -\" \/>\n<meta property=\"og:url\" content=\"https:\/\/luchonoticias.com\/editor\/se-reactivaran-los-monitoreos-en-zonas-de-riesgo-de-incendios-en-la-capital-opita\/\" \/>\n<meta property=\"article:publisher\" content=\"https:\/\/www.facebook.com\/luchonoticiasneiva\" \/>\n<meta property=\"article:published_time\" content=\"2024-02-03T10:24:19+00:00\" \/>\n<meta property=\"article:modified_time\" content=\"2024-02-03T10:24:20+00:00\" \/>\n<meta property=\"og:image\" content=\"https:\/\/luchonoticias.com\/wp-content\/uploads\/2024\/02\/WhatsApp-Image-2024-02-02-at-5.05.21-PM-1-1024x768.jpeg\" \/>\n<meta name=\"author\" content=\"Editor General\" \/>\n<meta name=\"twitter:card\" content=\"summary_large_image\" \/>\n<meta name=\"twitter:label1\" content=\"Escrito por\" \/>\n\t<meta name=\"twitter:data1\" content=\"Editor General\" \/>\n\t<meta name=\"twitter:label2\" content=\"Tiempo de lectura\" \/>\n\t<meta name=\"twitter:data2\" content=\"1 minuto\" \/>\n<script type=\"application\/ld+json\" class=\"yoast-schema-graph\">{\"@context\":\"https:\/\/schema.org\",\"@graph\":[{\"@type\":\"Article\",\"@id\":\"https:\/\/luchonoticias.com\/editor\/se-reactivaran-los-monitoreos-en-zonas-de-riesgo-de-incendios-en-la-capital-opita\/#article\",\"isPartOf\":{\"@id\":\"https:\/\/luchonoticias.com\/editor\/se-reactivaran-los-monitoreos-en-zonas-de-riesgo-de-incendios-en-la-capital-opita\/\"},\"author\":{\"name\":\"Editor General\",\"@id\":\"https:\/\/luchonoticias.com\/editor\/#\/schema\/person\/29217990ddf6f14e35912b2866d591fb\"},\"headline\":\"Se reactivar\u00e1n los monitoreos en zonas de riesgo de incendios en la capital opita\",\"datePublished\":\"2024-02-03T10:24:19+00:00\",\"dateModified\":\"2024-02-03T10:24:20+00:00\",\"mainEntityOfPage\":{\"@id\":\"https:\/\/luchonoticias.com\/editor\/se-reactivaran-los-monitoreos-en-zonas-de-riesgo-de-incendios-en-la-capital-opita\/\"},\"wordCount\":305,\"commentCount\":0,\"publisher\":{\"@id\":\"https:\/\/luchonoticias.com\/editor\/#\/schema\/person\/7a7fd911f58561fd056dbac7b55af9cd\"},\"image\":{\"@id\":\"https:\/\/luchonoticias.com\/editor\/se-reactivaran-los-monitoreos-en-zonas-de-riesgo-de-incendios-en-la-capital-opita\/#primaryimage\"},\"thumbnailUrl\":\"https:\/\/luchonoticias.com\/wp-content\/uploads\/2024\/02\/WhatsApp-Image-2024-02-02-at-5.05.21-PM-1-1024x768.jpeg\",\"articleSection\":[\"Destacado\",\"Local\"],\"inLanguage\":\"es\",\"potentialAction\":[{\"@type\":\"CommentAction\",\"name\":\"Comment\",\"target\":[\"https:\/\/luchonoticias.com\/editor\/se-reactivaran-los-monitoreos-en-zonas-de-riesgo-de-incendios-en-la-capital-opita\/#respond\"]}]},{\"@type\":\"WebPage\",\"@id\":\"https:\/\/luchonoticias.com\/editor\/se-reactivaran-los-monitoreos-en-zonas-de-riesgo-de-incendios-en-la-capital-opita\/\",\"url\":\"https:\/\/luchonoticias.com\/editor\/se-reactivaran-los-monitoreos-en-zonas-de-riesgo-de-incendios-en-la-capital-opita\/\",\"name\":\"Se reactivar\u00e1n los monitoreos en zonas de riesgo de incendios en la capital opita -\",\"isPartOf\":{\"@id\":\"https:\/\/luchonoticias.com\/editor\/#website\"},\"primaryImageOfPage\":{\"@id\":\"https:\/\/luchonoticias.com\/editor\/se-reactivaran-los-monitoreos-en-zonas-de-riesgo-de-incendios-en-la-capital-opita\/#primaryimage\"},\"image\":{\"@id\":\"https:\/\/luchonoticias.com\/editor\/se-reactivaran-los-monitoreos-en-zonas-de-riesgo-de-incendios-en-la-capital-opita\/#primaryimage\"},\"thumbnailUrl\":\"https:\/\/luchonoticias.com\/wp-content\/uploads\/2024\/02\/WhatsApp-Image-2024-02-02-at-5.05.21-PM-1-1024x768.jpeg\",\"datePublished\":\"2024-02-03T10:24:19+00:00\",\"dateModified\":\"2024-02-03T10:24:20+00:00\",\"breadcrumb\":{\"@id\":\"https:\/\/luchonoticias.com\/editor\/se-reactivaran-los-monitoreos-en-zonas-de-riesgo-de-incendios-en-la-capital-opita\/#breadcrumb\"},\"inLanguage\":\"es\",\"potentialAction\":[{\"@type\":\"ReadAction\",\"target\":[\"https:\/\/luchonoticias.com\/editor\/se-reactivaran-los-monitoreos-en-zonas-de-riesgo-de-incendios-en-la-capital-opita\/\"]}]},{\"@type\":\"ImageObject\",\"inLanguage\":\"es\",\"@id\":\"https:\/\/luchonoticias.com\/editor\/se-reactivaran-los-monitoreos-en-zonas-de-riesgo-de-incendios-en-la-capital-opita\/#primaryimage\",\"url\":\"https:\/\/luchonoticias.com\/wp-content\/uploads\/2024\/02\/WhatsApp-Image-2024-02-02-at-5.05.21-PM-1-1024x768.jpeg\",\"contentUrl\":\"https:\/\/luchonoticias.com\/wp-content\/uploads\/2024\/02\/WhatsApp-Image-2024-02-02-at-5.05.21-PM-1-1024x768.jpeg\"},{\"@type\":\"BreadcrumbList\",\"@id\":\"https:\/\/luchonoticias.com\/editor\/se-reactivaran-los-monitoreos-en-zonas-de-riesgo-de-incendios-en-la-capital-opita\/#breadcrumb\",\"itemListElement\":[{\"@type\":\"ListItem\",\"position\":1,\"name\":\"Portada\",\"item\":\"https:\/\/luchonoticias.com\/editor\/\"},{\"@type\":\"ListItem\",\"position\":2,\"name\":\"Se reactivar\u00e1n los monitoreos en zonas de riesgo de incendios en la capital opita\"}]},{\"@type\":\"WebSite\",\"@id\":\"https:\/\/luchonoticias.com\/editor\/#website\",\"url\":\"https:\/\/luchonoticias.com\/editor\/\",\"name\":\"\",\"description\":\"\",\"publisher\":{\"@id\":\"https:\/\/luchonoticias.com\/editor\/#\/schema\/person\/7a7fd911f58561fd056dbac7b55af9cd\"},\"potentialAction\":[{\"@type\":\"SearchAction\",\"target\":{\"@type\":\"EntryPoint\",\"urlTemplate\":\"https:\/\/luchonoticias.com\/editor\/?s={search_term_string}\"},\"query-input\":{\"@type\":\"PropertyValueSpecification\",\"valueRequired\":true,\"valueName\":\"search_term_string\"}}],\"inLanguage\":\"es\"},{\"@type\":[\"Person\",\"Organization\"],\"@id\":\"https:\/\/luchonoticias.com\/editor\/#\/schema\/person\/7a7fd911f58561fd056dbac7b55af9cd\",\"name\":\"admin\",\"image\":{\"@type\":\"ImageObject\",\"inLanguage\":\"es\",\"@id\":\"https:\/\/luchonoticias.com\/editor\/#\/schema\/person\/image\/\",\"url\":\"https:\/\/luchonoticias.com\/editor\/wp-content\/uploads\/2024\/02\/cropped-cropped-logolu.webp\",\"contentUrl\":\"https:\/\/luchonoticias.com\/editor\/wp-content\/uploads\/2024\/02\/cropped-cropped-logolu.webp\",\"width\":382,\"height\":170,\"caption\":\"admin\"},\"logo\":{\"@id\":\"https:\/\/luchonoticias.com\/editor\/#\/schema\/person\/image\/\"},\"sameAs\":[\"https:\/\/www.facebook.com\/luchonoticiasneiva\"]},{\"@type\":\"Person\",\"@id\":\"https:\/\/luchonoticias.com\/editor\/#\/schema\/person\/29217990ddf6f14e35912b2866d591fb\",\"name\":\"Editor General\",\"image\":{\"@type\":\"ImageObject\",\"inLanguage\":\"es\",\"@id\":\"https:\/\/luchonoticias.com\/editor\/#\/schema\/person\/image\/\",\"url\":\"https:\/\/luchonoticias.com\/editor\/wp-content\/uploads\/2024\/02\/cropped-cropped-logolu-150x150.webp\",\"contentUrl\":\"https:\/\/luchonoticias.com\/editor\/wp-content\/uploads\/2024\/02\/cropped-cropped-logolu-150x150.webp\",\"caption\":\"Editor General\"},\"sameAs\":[\"https:\/\/luchonoticias.com\/\"],\"url\":\"https:\/\/luchonoticias.com\/editor\/author\/editor-general\/\"}]}<\/script>\n<!-- \/ Yoast SEO plugin. -->","yoast_head_json":{"title":"Se reactivar\u00e1n los monitoreos en zonas de riesgo de incendios en la capital opita -","robots":{"index":"index","follow":"follow","max-snippet":"max-snippet:-1","max-image-preview":"max-image-preview:large","max-video-preview":"max-video-preview:-1"},"canonical":"https:\/\/luchonoticias.com\/editor\/se-reactivaran-los-monitoreos-en-zonas-de-riesgo-de-incendios-en-la-capital-opita\/","og_locale":"es_ES","og_type":"article","og_title":"Se reactivar\u00e1n los monitoreos en zonas de riesgo de incendios en la capital opita -","og_url":"https:\/\/luchonoticias.com\/editor\/se-reactivaran-los-monitoreos-en-zonas-de-riesgo-de-incendios-en-la-capital-opita\/","article_publisher":"https:\/\/www.facebook.com\/luchonoticiasneiva","article_published_time":"2024-02-03T10:24:19+00:00","article_modified_time":"2024-02-03T10:24:20+00:00","og_image":[{"url":"https:\/\/luchonoticias.com\/wp-content\/uploads\/2024\/02\/WhatsApp-Image-2024-02-02-at-5.05.21-PM-1-1024x768.jpeg","type":"","width":"","height":""}],"author":"Editor General","twitter_card":"summary_large_image","twitter_misc":{"Escrito por":"Editor General","Tiempo de lectura":"1 minuto"},"schema":{"@context":"https:\/\/schema.org","@graph":[{"@type":"Article","@id":"https:\/\/luchonoticias.com\/editor\/se-reactivaran-los-monitoreos-en-zonas-de-riesgo-de-incendios-en-la-capital-opita\/#article","isPartOf":{"@id":"https:\/\/luchonoticias.com\/editor\/se-reactivaran-los-monitoreos-en-zonas-de-riesgo-de-incendios-en-la-capital-opita\/"},"author":{"name":"Editor General","@id":"https:\/\/luchonoticias.com\/editor\/#\/schema\/person\/29217990ddf6f14e35912b2866d591fb"},"headline":"Se reactivar\u00e1n los monitoreos en zonas de riesgo de incendios en la capital opita","datePublished":"2024-02-03T10:24:19+00:00","dateModified":"2024-02-03T10:24:20+00:00","mainEntityOfPage":{"@id":"https:\/\/luchonoticias.com\/editor\/se-reactivaran-los-monitoreos-en-zonas-de-riesgo-de-incendios-en-la-capital-opita\/"},"wordCount":305,"commentCount":0,"publisher":{"@id":"https:\/\/luchonoticias.com\/editor\/#\/schema\/person\/7a7fd911f58561fd056dbac7b55af9cd"},"image":{"@id":"https:\/\/luchonoticias.com\/editor\/se-reactivaran-los-monitoreos-en-zonas-de-riesgo-de-incendios-en-la-capital-opita\/#primaryimage"},"thumbnailUrl":"https:\/\/luchonoticias.com\/wp-content\/uploads\/2024\/02\/WhatsApp-Image-2024-02-02-at-5.05.21-PM-1-1024x768.jpeg","articleSection":["Destacado","Local"],"inLanguage":"es","potentialAction":[{"@type":"CommentAction","name":"Comment","target":["https:\/\/luchonoticias.com\/editor\/se-reactivaran-los-monitoreos-en-zonas-de-riesgo-de-incendios-en-la-capital-opita\/#respond"]}]},{"@type":"WebPage","@id":"https:\/\/luchonoticias.com\/editor\/se-reactivaran-los-monitoreos-en-zonas-de-riesgo-de-incendios-en-la-capital-opita\/","url":"https:\/\/luchonoticias.com\/editor\/se-reactivaran-los-monitoreos-en-zonas-de-riesgo-de-incendios-en-la-capital-opita\/","name":"Se reactivar\u00e1n los monitoreos en zonas de riesgo de incendios en la capital opita -","isPartOf":{"@id":"https:\/\/luchonoticias.com\/editor\/#website"},"primaryImageOfPage":{"@id":"https:\/\/luchonoticias.com\/editor\/se-reactivaran-los-monitoreos-en-zonas-de-riesgo-de-incendios-en-la-capital-opita\/#primaryimage"},"image":{"@id":"https:\/\/luchonoticias.com\/editor\/se-reactivaran-los-monitoreos-en-zonas-de-riesgo-de-incendios-en-la-capital-opita\/#primaryimage"},"thumbnailUrl":"https:\/\/luchonoticias.com\/wp-content\/uploads\/2024\/02\/WhatsApp-Image-2024-02-02-at-5.05.21-PM-1-1024x768.jpeg","datePublished":"2024-02-03T10:24:19+00:00","dateModified":"2024-02-03T10:24:20+00:00","breadcrumb":{"@id":"https:\/\/luchonoticias.com\/editor\/se-reactivaran-los-monitoreos-en-zonas-de-riesgo-de-incendios-en-la-capital-opita\/#breadcrumb"},"inLanguage":"es","potentialAction":[{"@type":"ReadAction","target":["https:\/\/luchonoticias.com\/editor\/se-reactivaran-los-monitoreos-en-zonas-de-riesgo-de-incendios-en-la-capital-opita\/"]}]},{"@type":"ImageObject","inLanguage":"es","@id":"https:\/\/luchonoticias.com\/editor\/se-reactivaran-los-monitoreos-en-zonas-de-riesgo-de-incendios-en-la-capital-opita\/#primaryimage","url":"https:\/\/luchonoticias.com\/wp-content\/uploads\/2024\/02\/WhatsApp-Image-2024-02-02-at-5.05.21-PM-1-1024x768.jpeg","contentUrl":"https:\/\/luchonoticias.com\/wp-content\/uploads\/2024\/02\/WhatsApp-Image-2024-02-02-at-5.05.21-PM-1-1024x768.jpeg"},{"@type":"BreadcrumbList","@id":"https:\/\/luchonoticias.com\/editor\/se-reactivaran-los-monitoreos-en-zonas-de-riesgo-de-incendios-en-la-capital-opita\/#breadcrumb","itemListElement":[{"@type":"ListItem","position":1,"name":"Portada","item":"https:\/\/luchonoticias.com\/editor\/"},{"@type":"ListItem","position":2,"name":"Se reactivar\u00e1n los monitoreos en zonas de riesgo de incendios en la capital opita"}]},{"@type":"WebSite","@id":"https:\/\/luchonoticias.com\/editor\/#website","url":"https:\/\/luchonoticias.com\/editor\/","name":"","description":"","publisher":{"@id":"https:\/\/luchonoticias.com\/editor\/#\/schema\/person\/7a7fd911f58561fd056dbac7b55af9cd"},"potentialAction":[{"@type":"SearchAction","target":{"@type":"EntryPoint","urlTemplate":"https:\/\/luchonoticias.com\/editor\/?s={search_term_string}"},"query-input":{"@type":"PropertyValueSpecification","valueRequired":true,"valueName":"search_term_string"}}],"inLanguage":"es"},{"@type":["Person","Organization"],"@id":"https:\/\/luchonoticias.com\/editor\/#\/schema\/person\/7a7fd911f58561fd056dbac7b55af9cd","name":"admin","image":{"@type":"ImageObject","inLanguage":"es","@id":"https:\/\/luchonoticias.com\/editor\/#\/schema\/person\/image\/","url":"https:\/\/luchonoticias.com\/editor\/wp-content\/uploads\/2024\/02\/cropped-cropped-logolu.webp","contentUrl":"https:\/\/luchonoticias.com\/editor\/wp-content\/uploads\/2024\/02\/cropped-cropped-logolu.webp","width":382,"height":170,"caption":"admin"},"logo":{"@id":"https:\/\/luchonoticias.com\/editor\/#\/schema\/person\/image\/"},"sameAs":["https:\/\/www.facebook.com\/luchonoticiasneiva"]},{"@type":"Person","@id":"https:\/\/luchonoticias.com\/editor\/#\/schema\/person\/29217990ddf6f14e35912b2866d591fb","name":"Editor General","image":{"@type":"ImageObject","inLanguage":"es","@id":"https:\/\/luchonoticias.com\/editor\/#\/schema\/person\/image\/","url":"https:\/\/luchonoticias.com\/editor\/wp-content\/uploads\/2024\/02\/cropped-cropped-logolu-150x150.webp","contentUrl":"https:\/\/luchonoticias.com\/editor\/wp-content\/uploads\/2024\/02\/cropped-cropped-logolu-150x150.webp","caption":"Editor General"},"sameAs":["https:\/\/luchonoticias.com\/"],"url":"https:\/\/luchonoticias.com\/editor\/author\/editor-general\/"}]}},"_links":{"self":[{"href":"https:\/\/luchonoticias.com\/editor\/wp-json\/wp\/v2\/posts\/68011","targetHints":{"allow":["GET"]}}],"collection":[{"href":"https:\/\/luchonoticias.com\/editor\/wp-json\/wp\/v2\/posts"}],"about":[{"href":"https:\/\/luchonoticias.com\/editor\/wp-json\/wp\/v2\/types\/post"}],"author":[{"embeddable":true,"href":"https:\/\/luchonoticias.com\/editor\/wp-json\/wp\/v2\/users\/2"}],"replies":[{"embeddable":true,"href":"https:\/\/luchonoticias.com\/editor\/wp-json\/wp\/v2\/comments?post=68011"}],"version-history":[{"count":0,"href":"https:\/\/luchonoticias.com\/editor\/wp-json\/wp\/v2\/posts\/68011\/revisions"}],"wp:attachment":[{"href":"https:\/\/luchonoticias.com\/editor\/wp-json\/wp\/v2\/media?parent=68011"}],"wp:term":[{"taxonomy":"category","embeddable":true,"href":"https:\/\/luchonoticias.com\/editor\/wp-json\/wp\/v2\/categories?post=68011"},{"taxonomy":"post_tag","embeddable":true,"href":"https:\/\/luchonoticias.com\/editor\/wp-json\/wp\/v2\/tags?post=68011"}],"curies":[{"name":"wp","href":"https:\/\/api.w.org\/{rel}","templated":true}]}}