{"id":68025,"date":"2024-02-03T05:34:02","date_gmt":"2024-02-03T10:34:02","guid":{"rendered":"https:\/\/luchonoticias.com\/?p=68025"},"modified":"2024-02-03T05:34:03","modified_gmt":"2024-02-03T10:34:03","slug":"en-1-5-se-proyecta-crecimiento-de-la-economia-en-2024-anuncia-minhacienda","status":"publish","type":"post","link":"https:\/\/luchonoticias.com\/editor\/en-1-5-se-proyecta-crecimiento-de-la-economia-en-2024-anuncia-minhacienda\/","title":{"rendered":"En 1.5% se proyecta crecimiento de la econom\u00eda en 2024, anuncia MinHacienda"},"content":{"rendered":"\n<p>El Gobierno Nacional present\u00f3 el cierre macroecon\u00f3mico preliminar de 2023 y las proyecciones del Plan Financiero de 2024, luego de la aprobaci\u00f3n por parte del Consejo Superior de Pol\u00edtica Fiscal (Confis).<\/p>\n\n\n\n<p>El ministro de Hacienda, y Cr\u00e9dito P\u00fablico, Ricardo Bonilla Gonz\u00e1lez, inform\u00f3 que preliminarmente (la cifra oficial ser\u00e1 revelada por el DANE el pr\u00f3ximo 15 de febrero) la econom\u00eda del pa\u00eds cerrar\u00eda 2023 con un crecimiento de 1,2%, es decir, 0,6% menos que la proyectada que era de 1,8%.<\/p>\n\n\n\n<p>Sin embargo, \u201cest\u00e1 pendiente la cifra del cuarto trimestre de 2023, pero con 1,2% ya se alej\u00f3 el fantasma de una posible recesi\u00f3n\u201d, asegur\u00f3 el ministro Bonilla.<\/p>\n\n\n\n<p>Este resultado se explica por el comportamiento de los sectores de administraci\u00f3n p\u00fablica, actividades art\u00edsticas, actividades financieras y la fluctuaci\u00f3n de las exportaciones.<\/p>\n\n\n\n<p>Para 2024, el Ejecutivo proyecta un crecimiento econ\u00f3mico de 1,5%, que se impulsar\u00eda por factores como una pol\u00edtica monetaria menos restrictiva, disminuci\u00f3n de la inflaci\u00f3n y una menor percepci\u00f3n del riesgo.<\/p>\n\n\n\n<p><strong>D\u00e9ficit fiscal<\/strong><\/p>\n\n\n\n<p>Con el cierre preliminar, el d\u00e9ficit del Gobierno Nacional Central (GNC) en 2023 fue de 4,2% del Producto Interno Bruto (PIB), un punto porcentual por debajo de lo observado al cierre de 2022.<\/p>\n\n\n\n<p>\u201cEste resultado representa un sobrecumplimiento de la regla fiscal de 0,1% del PIB y una mejora de la misma magnitud frente a lo proyectado en el Marco Fiscal de Mediano Plazo. En 2023 los ingresos del GNC aumentaron en 2,4 puntos porcentuales del PIB frente al a\u00f1o anterior, mientras que los gastos fiscales aumentaron en 1,4 puntos porcentuales. Y la deuda neta se redujo en 5,1 puntos porcentuales situ\u00e1ndose en 52,8% del PIB\u201d, explic\u00f3 Bonilla Gonz\u00e1lez.<\/p>\n\n\n\n<p>Para este a\u00f1o el Gobierno planea usar el espacio que otorga la regla fiscal para aumentar el gasto fiscal en 1,4 puntos porcentuales adicionales. De esta forma, el d\u00e9ficit proyectado del GNC ser\u00eda en 2024 de 5,3% del PIB, lo que llevar\u00eda la deuda neta a 57%.<\/p>\n\n\n\n<p><strong>Inflaci\u00f3n<\/strong><\/p>\n\n\n\n<p>En 2022 se ubic\u00f3 en 13,1% y en 2023 luego de una senda descendente durante nueve meses cerr\u00f3 en 9,28%. El en que siga bajando y termine en 2024 en 6%.<\/p>\n\n\n\n<p>Esta cifra se dar\u00eda por menores precios de los alimentos, menor aumento en costos de los bienes, la tasa de cambio que seguir\u00eda bajando este a\u00f1o y la reducci\u00f3n en la inflaci\u00f3n de combustibles.<\/p>\n\n\n\n<p><strong>Tasa de cambio<\/strong><\/p>\n\n\n\n<p>De una tasa nominal de $4.256 en 2022, se pas\u00f3 a una proyecci\u00f3n de $4.640 pero cerr\u00f3 termin\u00f3 realmente en $3.900, y se proyecta que para 2024 cerrar\u00e1 en $4.317.<\/p>\n\n\n\n<p><strong>Petr\u00f3leo<\/strong><\/p>\n\n\n\n<p>El precio de referencia para Colombia cerr\u00f3 en 2022 en USD 99\/barril; para 2023 se proyect\u00f3 en USD 78\/barril, y se proyecta para 2024 que termine en USD 78\/barril.<\/p>\n\n\n\n<p>Ahora, la producci\u00f3n de crudo paso de 754 mil barriles\/d\u00eda a 769 mil barriles\/d\u00eda en 2023 y se proyecta que cierre 2024 en 749 mil barriles\/d\u00eda.<\/p>\n\n\n\n<p><strong>Importaciones<\/strong><\/p>\n\n\n\n<p>Este indicador pas\u00f3 de 26,2% en 2022 a -18,1% en 2023, y se proyecta una leve recuperaci\u00f3n de 0.2% para 2024.<\/p>\n\n\n\n<p><strong>Balance de cuenta corriente<\/strong><\/p>\n\n\n\n<p>Del cierre de -6,2% en 2022 se pas\u00f3 a un cierre de -4,0% en 2023, y se proyecta que para final de 2024 este indicador cerrar\u00e1 en -2,5%.<\/p>\n\n\n\n<p><strong>Tasas de inter\u00e9s<\/strong><\/p>\n\n\n\n<p>En diciembre pasado, la Junta Directiva del Banco de la Rep\u00fablica baj\u00f3 las tasas de referencia a 13% luego de permanecer seis meses en 13,25%; y esta semana hizo una segunda reducci\u00f3n al ubicarlas en 13%. Es decir, en un mes la tasa de intermediaci\u00f3n ha descendido 0,5 puntos b\u00e1sicos.<\/p>\n\n\n\n<p>Sin embargo, el Gobierno espera que al cierre de 2024 estas queden en 8%. \u201cLa Junta Directiva del Banco de la Rep\u00fablica tiene este a\u00f1o ocho reuniones, en las siete que quedan esperamos reducciones de entre 0,5% y 0,75% en cada una para que al cierre de a\u00f1o queden en 8%\u201d, explic\u00f3 el ministro Bonilla Gonz\u00e1lez.<\/p>\n\n\n\n<p><strong>Combustibles<\/strong><\/p>\n\n\n\n<p>Desde octubre de 2022 comenz\u00f3 el ajuste de la gasolina para equiparar el diferencial de precios internos e internacionales, cielo que permiti\u00f3 el cierre de la brecha en enero pasado.<\/p>\n\n\n\n<p>Ahora, previa concertaci\u00f3n con los transportadores, comenzar\u00e1 el ajuste de precios del Acpm. Durante 2023, el d\u00e9ficit del Fondo de Estabilizaci\u00f3n de Precios de las Combustibles cerr\u00f3 en $20,5 billones, de los cuales $15,2 billones (74%) corresponden a di\u00e9sel. Y para 2024, el Ministerio de Hacienda aspira a reducir este d\u00e9ficit a $9,5 billones.<\/p>\n\n\n\n<p><strong>Menor ingreso tributario<\/strong><\/p>\n\n\n\n<p>El Ministro de Hacienda explic\u00f3 que entre 2021 y 2022 hubo un mayor recaudo debido a las dos reformas tributarias de esas vigencias, pero en 2023 no se cumpli\u00f3 la meta: se esperaban ingresos de $309 billones, pero solo se recogieron $296 billones, es decir, $12 billones menos.<\/p>\n\n\n\n<p>El recaudo proyectado para 2024 est\u00e1 a la baja por: ajuste de $6,5 billones para compensar los menores ingresos por la sentencia de la Corte Constitucional sobre las regal\u00edas; litigios tributarios, decisiones judiciales, condiciones macroecon\u00f3micas menos favorables y un menor recaudo frente a lo proyectado en 2023.<\/p>\n\n\n\n<p><strong>Estrategia de financiamiento<\/strong><\/p>\n\n\n\n<p>De acuerdo con el Plan Financiero 2024, se contempla una estrategia de financiamiento con los siguientes elementos:<\/p>\n\n\n\n<p>&#8211; La Naci\u00f3n contempla desembolsos por $75.8 billones, 4.5% del PIB, que corresponden a financiamiento de la vigencia 2024.<\/p>\n\n\n\n<p>&#8211; La Naci\u00f3n prev\u00e9 desembolsos externos por US$5.500 millones ($22.391 billones, 1,3% del PIB), para financiar el d\u00e9ficit fiscal.<\/p>\n\n\n\n<p>&#8211; De fuentes externas se prev\u00e9 que 55% provenga de pr\u00e9stamos con organismos multilaterales y bilaterales y el restante 45% del mercado internacional de capitales, incluyendo emisi\u00f3n de bonos sociales en el mercado internacional.<\/p>\n\n\n\n<p>&#8211; Emisiones de T\u00edtulos de Tesorer\u00eda TES por $53 billones (3,2% del PIB), de los cuales $37 billones se obtendr\u00e1n a trav\u00e9s de subastas y sindicaciones, $1 bill\u00f3n a trav\u00e9s de la emisi\u00f3n de TES Verdes en el mercado local, y $5 billones de inversiones de entidades p\u00fablicas.<\/p>\n","protected":false},"excerpt":{"rendered":"<p>El Gobierno Nacional present\u00f3 el cierre macroecon\u00f3mico preliminar de 2023 y las proyecciones del Plan Financiero de 2024, luego de la aprobaci\u00f3n por parte del Consejo Superior de Pol\u00edtica Fiscal (Confis). El ministro de Hacienda, y Cr\u00e9dito P\u00fablico, Ricardo Bonilla Gonz\u00e1lez, inform\u00f3 que preliminarmente (la cifra oficial ser\u00e1 revelada por el DANE el pr\u00f3ximo 15 [&hellip;]<\/p>\n","protected":false},"author":2,"featured_media":0,"comment_status":"open","ping_status":"open","sticky":false,"template":"","format":"standard","meta":{"footnotes":""},"categories":[36,32],"tags":[],"class_list":["post-68025","post","type-post","status-publish","format-standard","hentry","category-destacado","category-nacional"],"yoast_head":"<!-- This site is optimized with the Yoast SEO plugin v26.6 - https:\/\/yoast.com\/wordpress\/plugins\/seo\/ -->\n<title>En 1.5% se proyecta crecimiento de la econom\u00eda en 2024, anuncia MinHacienda -<\/title>\n<meta name=\"robots\" content=\"index, follow, max-snippet:-1, max-image-preview:large, max-video-preview:-1\" \/>\n<link rel=\"canonical\" href=\"https:\/\/luchonoticias.com\/editor\/en-1-5-se-proyecta-crecimiento-de-la-economia-en-2024-anuncia-minhacienda\/\" \/>\n<meta property=\"og:locale\" content=\"es_ES\" \/>\n<meta property=\"og:type\" content=\"article\" \/>\n<meta property=\"og:title\" content=\"En 1.5% se proyecta crecimiento de la econom\u00eda en 2024, anuncia MinHacienda -\" \/>\n<meta property=\"og:url\" content=\"https:\/\/luchonoticias.com\/editor\/en-1-5-se-proyecta-crecimiento-de-la-economia-en-2024-anuncia-minhacienda\/\" \/>\n<meta property=\"article:publisher\" content=\"https:\/\/www.facebook.com\/luchonoticiasneiva\" \/>\n<meta property=\"article:published_time\" content=\"2024-02-03T10:34:02+00:00\" \/>\n<meta property=\"article:modified_time\" content=\"2024-02-03T10:34:03+00:00\" \/>\n<meta name=\"author\" content=\"Editor General\" \/>\n<meta name=\"twitter:card\" content=\"summary_large_image\" \/>\n<meta name=\"twitter:label1\" content=\"Escrito por\" \/>\n\t<meta name=\"twitter:data1\" content=\"Editor General\" \/>\n\t<meta name=\"twitter:label2\" content=\"Tiempo de lectura\" \/>\n\t<meta name=\"twitter:data2\" content=\"5 minutos\" \/>\n<script type=\"application\/ld+json\" class=\"yoast-schema-graph\">{\"@context\":\"https:\/\/schema.org\",\"@graph\":[{\"@type\":\"Article\",\"@id\":\"https:\/\/luchonoticias.com\/editor\/en-1-5-se-proyecta-crecimiento-de-la-economia-en-2024-anuncia-minhacienda\/#article\",\"isPartOf\":{\"@id\":\"https:\/\/luchonoticias.com\/editor\/en-1-5-se-proyecta-crecimiento-de-la-economia-en-2024-anuncia-minhacienda\/\"},\"author\":{\"name\":\"Editor General\",\"@id\":\"https:\/\/luchonoticias.com\/editor\/#\/schema\/person\/29217990ddf6f14e35912b2866d591fb\"},\"headline\":\"En 1.5% se proyecta crecimiento de la econom\u00eda en 2024, anuncia MinHacienda\",\"datePublished\":\"2024-02-03T10:34:02+00:00\",\"dateModified\":\"2024-02-03T10:34:03+00:00\",\"mainEntityOfPage\":{\"@id\":\"https:\/\/luchonoticias.com\/editor\/en-1-5-se-proyecta-crecimiento-de-la-economia-en-2024-anuncia-minhacienda\/\"},\"wordCount\":955,\"commentCount\":0,\"publisher\":{\"@id\":\"https:\/\/luchonoticias.com\/editor\/#\/schema\/person\/7a7fd911f58561fd056dbac7b55af9cd\"},\"articleSection\":[\"Destacado\",\"Nacional\"],\"inLanguage\":\"es\",\"potentialAction\":[{\"@type\":\"CommentAction\",\"name\":\"Comment\",\"target\":[\"https:\/\/luchonoticias.com\/editor\/en-1-5-se-proyecta-crecimiento-de-la-economia-en-2024-anuncia-minhacienda\/#respond\"]}]},{\"@type\":\"WebPage\",\"@id\":\"https:\/\/luchonoticias.com\/editor\/en-1-5-se-proyecta-crecimiento-de-la-economia-en-2024-anuncia-minhacienda\/\",\"url\":\"https:\/\/luchonoticias.com\/editor\/en-1-5-se-proyecta-crecimiento-de-la-economia-en-2024-anuncia-minhacienda\/\",\"name\":\"En 1.5% se proyecta crecimiento de la econom\u00eda en 2024, anuncia MinHacienda -\",\"isPartOf\":{\"@id\":\"https:\/\/luchonoticias.com\/editor\/#website\"},\"datePublished\":\"2024-02-03T10:34:02+00:00\",\"dateModified\":\"2024-02-03T10:34:03+00:00\",\"breadcrumb\":{\"@id\":\"https:\/\/luchonoticias.com\/editor\/en-1-5-se-proyecta-crecimiento-de-la-economia-en-2024-anuncia-minhacienda\/#breadcrumb\"},\"inLanguage\":\"es\",\"potentialAction\":[{\"@type\":\"ReadAction\",\"target\":[\"https:\/\/luchonoticias.com\/editor\/en-1-5-se-proyecta-crecimiento-de-la-economia-en-2024-anuncia-minhacienda\/\"]}]},{\"@type\":\"BreadcrumbList\",\"@id\":\"https:\/\/luchonoticias.com\/editor\/en-1-5-se-proyecta-crecimiento-de-la-economia-en-2024-anuncia-minhacienda\/#breadcrumb\",\"itemListElement\":[{\"@type\":\"ListItem\",\"position\":1,\"name\":\"Portada\",\"item\":\"https:\/\/luchonoticias.com\/editor\/\"},{\"@type\":\"ListItem\",\"position\":2,\"name\":\"En 1.5% se proyecta crecimiento de la econom\u00eda en 2024, anuncia MinHacienda\"}]},{\"@type\":\"WebSite\",\"@id\":\"https:\/\/luchonoticias.com\/editor\/#website\",\"url\":\"https:\/\/luchonoticias.com\/editor\/\",\"name\":\"\",\"description\":\"\",\"publisher\":{\"@id\":\"https:\/\/luchonoticias.com\/editor\/#\/schema\/person\/7a7fd911f58561fd056dbac7b55af9cd\"},\"potentialAction\":[{\"@type\":\"SearchAction\",\"target\":{\"@type\":\"EntryPoint\",\"urlTemplate\":\"https:\/\/luchonoticias.com\/editor\/?s={search_term_string}\"},\"query-input\":{\"@type\":\"PropertyValueSpecification\",\"valueRequired\":true,\"valueName\":\"search_term_string\"}}],\"inLanguage\":\"es\"},{\"@type\":[\"Person\",\"Organization\"],\"@id\":\"https:\/\/luchonoticias.com\/editor\/#\/schema\/person\/7a7fd911f58561fd056dbac7b55af9cd\",\"name\":\"admin\",\"image\":{\"@type\":\"ImageObject\",\"inLanguage\":\"es\",\"@id\":\"https:\/\/luchonoticias.com\/editor\/#\/schema\/person\/image\/\",\"url\":\"https:\/\/luchonoticias.com\/editor\/wp-content\/uploads\/2024\/02\/cropped-cropped-logolu.webp\",\"contentUrl\":\"https:\/\/luchonoticias.com\/editor\/wp-content\/uploads\/2024\/02\/cropped-cropped-logolu.webp\",\"width\":382,\"height\":170,\"caption\":\"admin\"},\"logo\":{\"@id\":\"https:\/\/luchonoticias.com\/editor\/#\/schema\/person\/image\/\"},\"sameAs\":[\"https:\/\/www.facebook.com\/luchonoticiasneiva\"]},{\"@type\":\"Person\",\"@id\":\"https:\/\/luchonoticias.com\/editor\/#\/schema\/person\/29217990ddf6f14e35912b2866d591fb\",\"name\":\"Editor General\",\"image\":{\"@type\":\"ImageObject\",\"inLanguage\":\"es\",\"@id\":\"https:\/\/luchonoticias.com\/editor\/#\/schema\/person\/image\/\",\"url\":\"https:\/\/luchonoticias.com\/editor\/wp-content\/uploads\/2024\/02\/cropped-cropped-logolu-150x150.webp\",\"contentUrl\":\"https:\/\/luchonoticias.com\/editor\/wp-content\/uploads\/2024\/02\/cropped-cropped-logolu-150x150.webp\",\"caption\":\"Editor General\"},\"sameAs\":[\"https:\/\/luchonoticias.com\/\"],\"url\":\"https:\/\/luchonoticias.com\/editor\/author\/editor-general\/\"}]}<\/script>\n<!-- \/ Yoast SEO plugin. -->","yoast_head_json":{"title":"En 1.5% se proyecta crecimiento de la econom\u00eda en 2024, anuncia MinHacienda -","robots":{"index":"index","follow":"follow","max-snippet":"max-snippet:-1","max-image-preview":"max-image-preview:large","max-video-preview":"max-video-preview:-1"},"canonical":"https:\/\/luchonoticias.com\/editor\/en-1-5-se-proyecta-crecimiento-de-la-economia-en-2024-anuncia-minhacienda\/","og_locale":"es_ES","og_type":"article","og_title":"En 1.5% se proyecta crecimiento de la econom\u00eda en 2024, anuncia MinHacienda -","og_url":"https:\/\/luchonoticias.com\/editor\/en-1-5-se-proyecta-crecimiento-de-la-economia-en-2024-anuncia-minhacienda\/","article_publisher":"https:\/\/www.facebook.com\/luchonoticiasneiva","article_published_time":"2024-02-03T10:34:02+00:00","article_modified_time":"2024-02-03T10:34:03+00:00","author":"Editor General","twitter_card":"summary_large_image","twitter_misc":{"Escrito por":"Editor General","Tiempo de lectura":"5 minutos"},"schema":{"@context":"https:\/\/schema.org","@graph":[{"@type":"Article","@id":"https:\/\/luchonoticias.com\/editor\/en-1-5-se-proyecta-crecimiento-de-la-economia-en-2024-anuncia-minhacienda\/#article","isPartOf":{"@id":"https:\/\/luchonoticias.com\/editor\/en-1-5-se-proyecta-crecimiento-de-la-economia-en-2024-anuncia-minhacienda\/"},"author":{"name":"Editor General","@id":"https:\/\/luchonoticias.com\/editor\/#\/schema\/person\/29217990ddf6f14e35912b2866d591fb"},"headline":"En 1.5% se proyecta crecimiento de la econom\u00eda en 2024, anuncia MinHacienda","datePublished":"2024-02-03T10:34:02+00:00","dateModified":"2024-02-03T10:34:03+00:00","mainEntityOfPage":{"@id":"https:\/\/luchonoticias.com\/editor\/en-1-5-se-proyecta-crecimiento-de-la-economia-en-2024-anuncia-minhacienda\/"},"wordCount":955,"commentCount":0,"publisher":{"@id":"https:\/\/luchonoticias.com\/editor\/#\/schema\/person\/7a7fd911f58561fd056dbac7b55af9cd"},"articleSection":["Destacado","Nacional"],"inLanguage":"es","potentialAction":[{"@type":"CommentAction","name":"Comment","target":["https:\/\/luchonoticias.com\/editor\/en-1-5-se-proyecta-crecimiento-de-la-economia-en-2024-anuncia-minhacienda\/#respond"]}]},{"@type":"WebPage","@id":"https:\/\/luchonoticias.com\/editor\/en-1-5-se-proyecta-crecimiento-de-la-economia-en-2024-anuncia-minhacienda\/","url":"https:\/\/luchonoticias.com\/editor\/en-1-5-se-proyecta-crecimiento-de-la-economia-en-2024-anuncia-minhacienda\/","name":"En 1.5% se proyecta crecimiento de la econom\u00eda en 2024, anuncia MinHacienda -","isPartOf":{"@id":"https:\/\/luchonoticias.com\/editor\/#website"},"datePublished":"2024-02-03T10:34:02+00:00","dateModified":"2024-02-03T10:34:03+00:00","breadcrumb":{"@id":"https:\/\/luchonoticias.com\/editor\/en-1-5-se-proyecta-crecimiento-de-la-economia-en-2024-anuncia-minhacienda\/#breadcrumb"},"inLanguage":"es","potentialAction":[{"@type":"ReadAction","target":["https:\/\/luchonoticias.com\/editor\/en-1-5-se-proyecta-crecimiento-de-la-economia-en-2024-anuncia-minhacienda\/"]}]},{"@type":"BreadcrumbList","@id":"https:\/\/luchonoticias.com\/editor\/en-1-5-se-proyecta-crecimiento-de-la-economia-en-2024-anuncia-minhacienda\/#breadcrumb","itemListElement":[{"@type":"ListItem","position":1,"name":"Portada","item":"https:\/\/luchonoticias.com\/editor\/"},{"@type":"ListItem","position":2,"name":"En 1.5% se proyecta crecimiento de la econom\u00eda en 2024, anuncia MinHacienda"}]},{"@type":"WebSite","@id":"https:\/\/luchonoticias.com\/editor\/#website","url":"https:\/\/luchonoticias.com\/editor\/","name":"","description":"","publisher":{"@id":"https:\/\/luchonoticias.com\/editor\/#\/schema\/person\/7a7fd911f58561fd056dbac7b55af9cd"},"potentialAction":[{"@type":"SearchAction","target":{"@type":"EntryPoint","urlTemplate":"https:\/\/luchonoticias.com\/editor\/?s={search_term_string}"},"query-input":{"@type":"PropertyValueSpecification","valueRequired":true,"valueName":"search_term_string"}}],"inLanguage":"es"},{"@type":["Person","Organization"],"@id":"https:\/\/luchonoticias.com\/editor\/#\/schema\/person\/7a7fd911f58561fd056dbac7b55af9cd","name":"admin","image":{"@type":"ImageObject","inLanguage":"es","@id":"https:\/\/luchonoticias.com\/editor\/#\/schema\/person\/image\/","url":"https:\/\/luchonoticias.com\/editor\/wp-content\/uploads\/2024\/02\/cropped-cropped-logolu.webp","contentUrl":"https:\/\/luchonoticias.com\/editor\/wp-content\/uploads\/2024\/02\/cropped-cropped-logolu.webp","width":382,"height":170,"caption":"admin"},"logo":{"@id":"https:\/\/luchonoticias.com\/editor\/#\/schema\/person\/image\/"},"sameAs":["https:\/\/www.facebook.com\/luchonoticiasneiva"]},{"@type":"Person","@id":"https:\/\/luchonoticias.com\/editor\/#\/schema\/person\/29217990ddf6f14e35912b2866d591fb","name":"Editor General","image":{"@type":"ImageObject","inLanguage":"es","@id":"https:\/\/luchonoticias.com\/editor\/#\/schema\/person\/image\/","url":"https:\/\/luchonoticias.com\/editor\/wp-content\/uploads\/2024\/02\/cropped-cropped-logolu-150x150.webp","contentUrl":"https:\/\/luchonoticias.com\/editor\/wp-content\/uploads\/2024\/02\/cropped-cropped-logolu-150x150.webp","caption":"Editor General"},"sameAs":["https:\/\/luchonoticias.com\/"],"url":"https:\/\/luchonoticias.com\/editor\/author\/editor-general\/"}]}},"_links":{"self":[{"href":"https:\/\/luchonoticias.com\/editor\/wp-json\/wp\/v2\/posts\/68025","targetHints":{"allow":["GET"]}}],"collection":[{"href":"https:\/\/luchonoticias.com\/editor\/wp-json\/wp\/v2\/posts"}],"about":[{"href":"https:\/\/luchonoticias.com\/editor\/wp-json\/wp\/v2\/types\/post"}],"author":[{"embeddable":true,"href":"https:\/\/luchonoticias.com\/editor\/wp-json\/wp\/v2\/users\/2"}],"replies":[{"embeddable":true,"href":"https:\/\/luchonoticias.com\/editor\/wp-json\/wp\/v2\/comments?post=68025"}],"version-history":[{"count":0,"href":"https:\/\/luchonoticias.com\/editor\/wp-json\/wp\/v2\/posts\/68025\/revisions"}],"wp:attachment":[{"href":"https:\/\/luchonoticias.com\/editor\/wp-json\/wp\/v2\/media?parent=68025"}],"wp:term":[{"taxonomy":"category","embeddable":true,"href":"https:\/\/luchonoticias.com\/editor\/wp-json\/wp\/v2\/categories?post=68025"},{"taxonomy":"post_tag","embeddable":true,"href":"https:\/\/luchonoticias.com\/editor\/wp-json\/wp\/v2\/tags?post=68025"}],"curies":[{"name":"wp","href":"https:\/\/api.w.org\/{rel}","templated":true}]}}