{"id":68028,"date":"2024-02-03T05:35:50","date_gmt":"2024-02-03T10:35:50","guid":{"rendered":"https:\/\/luchonoticias.com\/?p=68028"},"modified":"2024-02-03T05:35:51","modified_gmt":"2024-02-03T10:35:51","slug":"aerocivil-estudia-control-y-regulacion-de-precios-de-tiquetes-aereos-para-situaciones-de-emergencias-y-desastres","status":"publish","type":"post","link":"https:\/\/luchonoticias.com\/editor\/aerocivil-estudia-control-y-regulacion-de-precios-de-tiquetes-aereos-para-situaciones-de-emergencias-y-desastres\/","title":{"rendered":"Aerocivil estudia control y regulaci\u00f3n de precios de tiquetes a\u00e9reos para situaciones de emergencias y desastres"},"content":{"rendered":"\n<p>Para proteger a los usuarios del transporte a\u00e9reo de abusos en el precio de tiquetes en situaciones especiales, la Aeron\u00e1utica Civil trabaja en la expedici\u00f3n de una resoluci\u00f3n que modifica los Reglamentos Aeron\u00e1uticos (RAC) en la que se establece una medida solidaria para los pasajeros.<\/p>\n\n\n\n<p>La norma que est\u00e1 en la fase de comentarios se\u00f1ala que, ante un hecho evidente como un desastre natural, que implique la p\u00e9rdida de conexi\u00f3n terrestre intermunicipal, las aerol\u00edneas tendr\u00edan la obligaci\u00f3n de autoregular sus tarifas, tomando como referencia la tarifa del d\u00eda anterior al suceso y mantenerlas hasta que se supere la afectaci\u00f3n.<\/p>\n\n\n\n<p>Bajo esta perspectiva, todos los operadores a\u00e9reos deben garantizar y vigilar los sistemas autom\u00e1ticos de venta de tiquetes, asegurando que no se presenten aumentos desproporcionados en las tarifas.<\/p>\n\n\n\n<p>En estas situaciones de p\u00e9rdida de conexi\u00f3n terrestre en cualquier regi\u00f3n del pa\u00eds, la autoridad aeron\u00e1utica facilitar\u00e1 la entrada en operaci\u00f3n de nuevas frecuencias y nuevos operadores para fortalecer y facilitar la movilidad de las personas en la regi\u00f3n afectada.<\/p>\n\n\n\n<p>La Aeron\u00e1utica Civil vigilar\u00e1 el comportamiento de las tarifas de los tiquetes a\u00e9reos en los casos en donde haya aumentos desproporcionados para los usuarios.<\/p>\n\n\n\n<p><strong>Apoyo a regulaci\u00f3n<\/strong><\/p>\n\n\n\n<p>El estudio de esta medida se produce luego del desastre natural registrado en Carmen de Atrato en la v\u00eda que va de Medell\u00edn a Quibd\u00f3 qu\u00e9 colaps\u00f3 la conexi\u00f3n terrestre el pasado 12 de enero y sobre la cual el presidente Gustavo Petro manifest\u00f3 su rechazo por las denuncias de las comunidades de la regi\u00f3n por el incremento de los tiquetes a\u00e9reos hacia el departamento del Choc\u00f3.<\/p>\n\n\n\n<p>\u201cHay una especulaci\u00f3n en tiquetes a\u00e9reos que las empresas est\u00e1n haciendo, merecen rechazo, con la muerte no se especula\u201d, dijo desde el lugar de los hechos.<\/p>\n\n\n\n<p>La resoluci\u00f3n quedar\u00e1 en firme una vez se recojan los comentarios sobre el tema y se sancion\u00e9.<\/p>\n","protected":false},"excerpt":{"rendered":"<p>Para proteger a los usuarios del transporte a\u00e9reo de abusos en el precio de tiquetes en situaciones especiales, la Aeron\u00e1utica Civil trabaja en la expedici\u00f3n de una resoluci\u00f3n que modifica los Reglamentos Aeron\u00e1uticos (RAC) en la que se establece una medida solidaria para los pasajeros. La norma que est\u00e1 en la fase de comentarios se\u00f1ala [&hellip;]<\/p>\n","protected":false},"author":2,"featured_media":0,"comment_status":"open","ping_status":"open","sticky":false,"template":"","format":"standard","meta":{"footnotes":""},"categories":[36,32],"tags":[],"class_list":["post-68028","post","type-post","status-publish","format-standard","hentry","category-destacado","category-nacional"],"yoast_head":"<!-- This site is optimized with the Yoast SEO plugin v26.6 - https:\/\/yoast.com\/wordpress\/plugins\/seo\/ -->\n<title>Aerocivil estudia control y regulaci\u00f3n de precios de tiquetes a\u00e9reos para situaciones de emergencias y desastres -<\/title>\n<meta name=\"robots\" content=\"index, follow, max-snippet:-1, max-image-preview:large, max-video-preview:-1\" \/>\n<link rel=\"canonical\" href=\"https:\/\/luchonoticias.com\/editor\/aerocivil-estudia-control-y-regulacion-de-precios-de-tiquetes-aereos-para-situaciones-de-emergencias-y-desastres\/\" \/>\n<meta property=\"og:locale\" content=\"es_ES\" \/>\n<meta property=\"og:type\" content=\"article\" \/>\n<meta property=\"og:title\" content=\"Aerocivil estudia control y regulaci\u00f3n de precios de tiquetes a\u00e9reos para situaciones de emergencias y desastres -\" \/>\n<meta property=\"og:url\" content=\"https:\/\/luchonoticias.com\/editor\/aerocivil-estudia-control-y-regulacion-de-precios-de-tiquetes-aereos-para-situaciones-de-emergencias-y-desastres\/\" \/>\n<meta property=\"article:publisher\" content=\"https:\/\/www.facebook.com\/luchonoticiasneiva\" \/>\n<meta property=\"article:published_time\" content=\"2024-02-03T10:35:50+00:00\" \/>\n<meta property=\"article:modified_time\" content=\"2024-02-03T10:35:51+00:00\" \/>\n<meta name=\"author\" content=\"Editor General\" \/>\n<meta name=\"twitter:card\" content=\"summary_large_image\" \/>\n<meta name=\"twitter:label1\" content=\"Escrito por\" \/>\n\t<meta name=\"twitter:data1\" content=\"Editor General\" \/>\n\t<meta name=\"twitter:label2\" content=\"Tiempo de lectura\" \/>\n\t<meta name=\"twitter:data2\" content=\"2 minutos\" \/>\n<script type=\"application\/ld+json\" class=\"yoast-schema-graph\">{\"@context\":\"https:\/\/schema.org\",\"@graph\":[{\"@type\":\"Article\",\"@id\":\"https:\/\/luchonoticias.com\/editor\/aerocivil-estudia-control-y-regulacion-de-precios-de-tiquetes-aereos-para-situaciones-de-emergencias-y-desastres\/#article\",\"isPartOf\":{\"@id\":\"https:\/\/luchonoticias.com\/editor\/aerocivil-estudia-control-y-regulacion-de-precios-de-tiquetes-aereos-para-situaciones-de-emergencias-y-desastres\/\"},\"author\":{\"name\":\"Editor General\",\"@id\":\"https:\/\/luchonoticias.com\/editor\/#\/schema\/person\/29217990ddf6f14e35912b2866d591fb\"},\"headline\":\"Aerocivil estudia control y regulaci\u00f3n de precios de tiquetes a\u00e9reos para situaciones de emergencias y desastres\",\"datePublished\":\"2024-02-03T10:35:50+00:00\",\"dateModified\":\"2024-02-03T10:35:51+00:00\",\"mainEntityOfPage\":{\"@id\":\"https:\/\/luchonoticias.com\/editor\/aerocivil-estudia-control-y-regulacion-de-precios-de-tiquetes-aereos-para-situaciones-de-emergencias-y-desastres\/\"},\"wordCount\":355,\"commentCount\":0,\"publisher\":{\"@id\":\"https:\/\/luchonoticias.com\/editor\/#\/schema\/person\/7a7fd911f58561fd056dbac7b55af9cd\"},\"articleSection\":[\"Destacado\",\"Nacional\"],\"inLanguage\":\"es\",\"potentialAction\":[{\"@type\":\"CommentAction\",\"name\":\"Comment\",\"target\":[\"https:\/\/luchonoticias.com\/editor\/aerocivil-estudia-control-y-regulacion-de-precios-de-tiquetes-aereos-para-situaciones-de-emergencias-y-desastres\/#respond\"]}]},{\"@type\":\"WebPage\",\"@id\":\"https:\/\/luchonoticias.com\/editor\/aerocivil-estudia-control-y-regulacion-de-precios-de-tiquetes-aereos-para-situaciones-de-emergencias-y-desastres\/\",\"url\":\"https:\/\/luchonoticias.com\/editor\/aerocivil-estudia-control-y-regulacion-de-precios-de-tiquetes-aereos-para-situaciones-de-emergencias-y-desastres\/\",\"name\":\"Aerocivil estudia control y regulaci\u00f3n de precios de tiquetes a\u00e9reos para situaciones de emergencias y desastres -\",\"isPartOf\":{\"@id\":\"https:\/\/luchonoticias.com\/editor\/#website\"},\"datePublished\":\"2024-02-03T10:35:50+00:00\",\"dateModified\":\"2024-02-03T10:35:51+00:00\",\"breadcrumb\":{\"@id\":\"https:\/\/luchonoticias.com\/editor\/aerocivil-estudia-control-y-regulacion-de-precios-de-tiquetes-aereos-para-situaciones-de-emergencias-y-desastres\/#breadcrumb\"},\"inLanguage\":\"es\",\"potentialAction\":[{\"@type\":\"ReadAction\",\"target\":[\"https:\/\/luchonoticias.com\/editor\/aerocivil-estudia-control-y-regulacion-de-precios-de-tiquetes-aereos-para-situaciones-de-emergencias-y-desastres\/\"]}]},{\"@type\":\"BreadcrumbList\",\"@id\":\"https:\/\/luchonoticias.com\/editor\/aerocivil-estudia-control-y-regulacion-de-precios-de-tiquetes-aereos-para-situaciones-de-emergencias-y-desastres\/#breadcrumb\",\"itemListElement\":[{\"@type\":\"ListItem\",\"position\":1,\"name\":\"Portada\",\"item\":\"https:\/\/luchonoticias.com\/editor\/\"},{\"@type\":\"ListItem\",\"position\":2,\"name\":\"Aerocivil estudia control y regulaci\u00f3n de precios de tiquetes a\u00e9reos para situaciones de emergencias y desastres\"}]},{\"@type\":\"WebSite\",\"@id\":\"https:\/\/luchonoticias.com\/editor\/#website\",\"url\":\"https:\/\/luchonoticias.com\/editor\/\",\"name\":\"\",\"description\":\"\",\"publisher\":{\"@id\":\"https:\/\/luchonoticias.com\/editor\/#\/schema\/person\/7a7fd911f58561fd056dbac7b55af9cd\"},\"potentialAction\":[{\"@type\":\"SearchAction\",\"target\":{\"@type\":\"EntryPoint\",\"urlTemplate\":\"https:\/\/luchonoticias.com\/editor\/?s={search_term_string}\"},\"query-input\":{\"@type\":\"PropertyValueSpecification\",\"valueRequired\":true,\"valueName\":\"search_term_string\"}}],\"inLanguage\":\"es\"},{\"@type\":[\"Person\",\"Organization\"],\"@id\":\"https:\/\/luchonoticias.com\/editor\/#\/schema\/person\/7a7fd911f58561fd056dbac7b55af9cd\",\"name\":\"admin\",\"image\":{\"@type\":\"ImageObject\",\"inLanguage\":\"es\",\"@id\":\"https:\/\/luchonoticias.com\/editor\/#\/schema\/person\/image\/\",\"url\":\"https:\/\/luchonoticias.com\/editor\/wp-content\/uploads\/2024\/02\/cropped-cropped-logolu.webp\",\"contentUrl\":\"https:\/\/luchonoticias.com\/editor\/wp-content\/uploads\/2024\/02\/cropped-cropped-logolu.webp\",\"width\":382,\"height\":170,\"caption\":\"admin\"},\"logo\":{\"@id\":\"https:\/\/luchonoticias.com\/editor\/#\/schema\/person\/image\/\"},\"sameAs\":[\"https:\/\/www.facebook.com\/luchonoticiasneiva\"]},{\"@type\":\"Person\",\"@id\":\"https:\/\/luchonoticias.com\/editor\/#\/schema\/person\/29217990ddf6f14e35912b2866d591fb\",\"name\":\"Editor General\",\"image\":{\"@type\":\"ImageObject\",\"inLanguage\":\"es\",\"@id\":\"https:\/\/luchonoticias.com\/editor\/#\/schema\/person\/image\/\",\"url\":\"https:\/\/luchonoticias.com\/editor\/wp-content\/uploads\/2024\/02\/cropped-cropped-logolu-150x150.webp\",\"contentUrl\":\"https:\/\/luchonoticias.com\/editor\/wp-content\/uploads\/2024\/02\/cropped-cropped-logolu-150x150.webp\",\"caption\":\"Editor General\"},\"sameAs\":[\"https:\/\/luchonoticias.com\/\"],\"url\":\"https:\/\/luchonoticias.com\/editor\/author\/editor-general\/\"}]}<\/script>\n<!-- \/ Yoast SEO plugin. -->","yoast_head_json":{"title":"Aerocivil estudia control y regulaci\u00f3n de precios de tiquetes a\u00e9reos para situaciones de emergencias y desastres -","robots":{"index":"index","follow":"follow","max-snippet":"max-snippet:-1","max-image-preview":"max-image-preview:large","max-video-preview":"max-video-preview:-1"},"canonical":"https:\/\/luchonoticias.com\/editor\/aerocivil-estudia-control-y-regulacion-de-precios-de-tiquetes-aereos-para-situaciones-de-emergencias-y-desastres\/","og_locale":"es_ES","og_type":"article","og_title":"Aerocivil estudia control y regulaci\u00f3n de precios de tiquetes a\u00e9reos para situaciones de emergencias y desastres -","og_url":"https:\/\/luchonoticias.com\/editor\/aerocivil-estudia-control-y-regulacion-de-precios-de-tiquetes-aereos-para-situaciones-de-emergencias-y-desastres\/","article_publisher":"https:\/\/www.facebook.com\/luchonoticiasneiva","article_published_time":"2024-02-03T10:35:50+00:00","article_modified_time":"2024-02-03T10:35:51+00:00","author":"Editor General","twitter_card":"summary_large_image","twitter_misc":{"Escrito por":"Editor General","Tiempo de lectura":"2 minutos"},"schema":{"@context":"https:\/\/schema.org","@graph":[{"@type":"Article","@id":"https:\/\/luchonoticias.com\/editor\/aerocivil-estudia-control-y-regulacion-de-precios-de-tiquetes-aereos-para-situaciones-de-emergencias-y-desastres\/#article","isPartOf":{"@id":"https:\/\/luchonoticias.com\/editor\/aerocivil-estudia-control-y-regulacion-de-precios-de-tiquetes-aereos-para-situaciones-de-emergencias-y-desastres\/"},"author":{"name":"Editor General","@id":"https:\/\/luchonoticias.com\/editor\/#\/schema\/person\/29217990ddf6f14e35912b2866d591fb"},"headline":"Aerocivil estudia control y regulaci\u00f3n de precios de tiquetes a\u00e9reos para situaciones de emergencias y desastres","datePublished":"2024-02-03T10:35:50+00:00","dateModified":"2024-02-03T10:35:51+00:00","mainEntityOfPage":{"@id":"https:\/\/luchonoticias.com\/editor\/aerocivil-estudia-control-y-regulacion-de-precios-de-tiquetes-aereos-para-situaciones-de-emergencias-y-desastres\/"},"wordCount":355,"commentCount":0,"publisher":{"@id":"https:\/\/luchonoticias.com\/editor\/#\/schema\/person\/7a7fd911f58561fd056dbac7b55af9cd"},"articleSection":["Destacado","Nacional"],"inLanguage":"es","potentialAction":[{"@type":"CommentAction","name":"Comment","target":["https:\/\/luchonoticias.com\/editor\/aerocivil-estudia-control-y-regulacion-de-precios-de-tiquetes-aereos-para-situaciones-de-emergencias-y-desastres\/#respond"]}]},{"@type":"WebPage","@id":"https:\/\/luchonoticias.com\/editor\/aerocivil-estudia-control-y-regulacion-de-precios-de-tiquetes-aereos-para-situaciones-de-emergencias-y-desastres\/","url":"https:\/\/luchonoticias.com\/editor\/aerocivil-estudia-control-y-regulacion-de-precios-de-tiquetes-aereos-para-situaciones-de-emergencias-y-desastres\/","name":"Aerocivil estudia control y regulaci\u00f3n de precios de tiquetes a\u00e9reos para situaciones de emergencias y desastres -","isPartOf":{"@id":"https:\/\/luchonoticias.com\/editor\/#website"},"datePublished":"2024-02-03T10:35:50+00:00","dateModified":"2024-02-03T10:35:51+00:00","breadcrumb":{"@id":"https:\/\/luchonoticias.com\/editor\/aerocivil-estudia-control-y-regulacion-de-precios-de-tiquetes-aereos-para-situaciones-de-emergencias-y-desastres\/#breadcrumb"},"inLanguage":"es","potentialAction":[{"@type":"ReadAction","target":["https:\/\/luchonoticias.com\/editor\/aerocivil-estudia-control-y-regulacion-de-precios-de-tiquetes-aereos-para-situaciones-de-emergencias-y-desastres\/"]}]},{"@type":"BreadcrumbList","@id":"https:\/\/luchonoticias.com\/editor\/aerocivil-estudia-control-y-regulacion-de-precios-de-tiquetes-aereos-para-situaciones-de-emergencias-y-desastres\/#breadcrumb","itemListElement":[{"@type":"ListItem","position":1,"name":"Portada","item":"https:\/\/luchonoticias.com\/editor\/"},{"@type":"ListItem","position":2,"name":"Aerocivil estudia control y regulaci\u00f3n de precios de tiquetes a\u00e9reos para situaciones de emergencias y desastres"}]},{"@type":"WebSite","@id":"https:\/\/luchonoticias.com\/editor\/#website","url":"https:\/\/luchonoticias.com\/editor\/","name":"","description":"","publisher":{"@id":"https:\/\/luchonoticias.com\/editor\/#\/schema\/person\/7a7fd911f58561fd056dbac7b55af9cd"},"potentialAction":[{"@type":"SearchAction","target":{"@type":"EntryPoint","urlTemplate":"https:\/\/luchonoticias.com\/editor\/?s={search_term_string}"},"query-input":{"@type":"PropertyValueSpecification","valueRequired":true,"valueName":"search_term_string"}}],"inLanguage":"es"},{"@type":["Person","Organization"],"@id":"https:\/\/luchonoticias.com\/editor\/#\/schema\/person\/7a7fd911f58561fd056dbac7b55af9cd","name":"admin","image":{"@type":"ImageObject","inLanguage":"es","@id":"https:\/\/luchonoticias.com\/editor\/#\/schema\/person\/image\/","url":"https:\/\/luchonoticias.com\/editor\/wp-content\/uploads\/2024\/02\/cropped-cropped-logolu.webp","contentUrl":"https:\/\/luchonoticias.com\/editor\/wp-content\/uploads\/2024\/02\/cropped-cropped-logolu.webp","width":382,"height":170,"caption":"admin"},"logo":{"@id":"https:\/\/luchonoticias.com\/editor\/#\/schema\/person\/image\/"},"sameAs":["https:\/\/www.facebook.com\/luchonoticiasneiva"]},{"@type":"Person","@id":"https:\/\/luchonoticias.com\/editor\/#\/schema\/person\/29217990ddf6f14e35912b2866d591fb","name":"Editor General","image":{"@type":"ImageObject","inLanguage":"es","@id":"https:\/\/luchonoticias.com\/editor\/#\/schema\/person\/image\/","url":"https:\/\/luchonoticias.com\/editor\/wp-content\/uploads\/2024\/02\/cropped-cropped-logolu-150x150.webp","contentUrl":"https:\/\/luchonoticias.com\/editor\/wp-content\/uploads\/2024\/02\/cropped-cropped-logolu-150x150.webp","caption":"Editor General"},"sameAs":["https:\/\/luchonoticias.com\/"],"url":"https:\/\/luchonoticias.com\/editor\/author\/editor-general\/"}]}},"_links":{"self":[{"href":"https:\/\/luchonoticias.com\/editor\/wp-json\/wp\/v2\/posts\/68028","targetHints":{"allow":["GET"]}}],"collection":[{"href":"https:\/\/luchonoticias.com\/editor\/wp-json\/wp\/v2\/posts"}],"about":[{"href":"https:\/\/luchonoticias.com\/editor\/wp-json\/wp\/v2\/types\/post"}],"author":[{"embeddable":true,"href":"https:\/\/luchonoticias.com\/editor\/wp-json\/wp\/v2\/users\/2"}],"replies":[{"embeddable":true,"href":"https:\/\/luchonoticias.com\/editor\/wp-json\/wp\/v2\/comments?post=68028"}],"version-history":[{"count":0,"href":"https:\/\/luchonoticias.com\/editor\/wp-json\/wp\/v2\/posts\/68028\/revisions"}],"wp:attachment":[{"href":"https:\/\/luchonoticias.com\/editor\/wp-json\/wp\/v2\/media?parent=68028"}],"wp:term":[{"taxonomy":"category","embeddable":true,"href":"https:\/\/luchonoticias.com\/editor\/wp-json\/wp\/v2\/categories?post=68028"},{"taxonomy":"post_tag","embeddable":true,"href":"https:\/\/luchonoticias.com\/editor\/wp-json\/wp\/v2\/tags?post=68028"}],"curies":[{"name":"wp","href":"https:\/\/api.w.org\/{rel}","templated":true}]}}