{"id":68031,"date":"2024-02-03T05:38:19","date_gmt":"2024-02-03T10:38:19","guid":{"rendered":"https:\/\/luchonoticias.com\/?p=68031"},"modified":"2024-02-03T05:38:20","modified_gmt":"2024-02-03T10:38:20","slug":"calor-la-usco-penso-en-sus-estudiantes-y-doto-sus-aulas-con-aire-acondicionado","status":"publish","type":"post","link":"https:\/\/luchonoticias.com\/editor\/calor-la-usco-penso-en-sus-estudiantes-y-doto-sus-aulas-con-aire-acondicionado\/","title":{"rendered":"\u00bfCalor? La USCO pens\u00f3 en sus estudiantes y dot\u00f3 sus aulas con aire acondicionado"},"content":{"rendered":"\n<p>Pensando en mejorar las condiciones y comodidad de los estudiantes, la Universidad Surcolombiana complet\u00f3 la dotaci\u00f3n de aulas y diversos espacios acad\u00e9micos con modernos sistemas de aire acondicionado. Esta inversi\u00f3n, avaluada en 220 millones de pesos y financiada con recursos de estampilla Universidad Nacional, responde a la programaci\u00f3n establecida por la Rectora Nidia Guzm\u00e1n Dur\u00e1n desde la Vicerrector\u00eda Administrativa, para mejoramiento de la infraestructura acad\u00e9mica.<\/p>\n\n\n\n<p>Eduardo Bautista Oviedo, Vicerrector Administrativo, destac\u00f3 la importancia de la adquisici\u00f3n: \u00abRealizamos la compra de 35 aires acondicionados para contrarrestar las inclemencias del fen\u00f3meno del Ni\u00f1o. Estos equipos est\u00e1n siendo instalados en las distintas facultades de la Universidad Surcolombiana\u00bb.<\/p>\n\n\n\n<figure class=\"wp-block-gallery has-nested-images columns-default is-cropped wp-block-gallery-1 is-layout-flex wp-block-gallery-is-layout-flex\">\n<figure class=\"wp-block-image size-large\"><img decoding=\"async\" data-id=\"68033\" src=\"https:\/\/luchonoticias.com\/wp-content\/uploads\/2024\/02\/WhatsApp-Image-2024-02-02-at-4.04.36-PM-1024x576.jpeg\" alt=\"\" class=\"wp-image-68033\"\/><\/figure>\n\n\n\n<figure class=\"wp-block-image size-large\"><img decoding=\"async\" data-id=\"68034\" src=\"https:\/\/luchonoticias.com\/wp-content\/uploads\/2024\/02\/WhatsApp-Image-2024-02-02-at-4.04.37-PM-1-1024x576.jpeg\" alt=\"\" class=\"wp-image-68034\"\/><\/figure>\n\n\n\n<figure class=\"wp-block-image size-large\"><img decoding=\"async\" data-id=\"68035\" src=\"https:\/\/luchonoticias.com\/wp-content\/uploads\/2024\/02\/WhatsApp-Image-2024-02-02-at-4.04.37-PM-1024x576.jpeg\" alt=\"\" class=\"wp-image-68035\"\/><\/figure>\n<\/figure>\n\n\n\n<p>La inversi\u00f3n se ha enfocado especialmente en optimizar los espacios acad\u00e9micos, abarcando aulas de clase, salas de profesores, laboratorios y salas de inform\u00e1tica de las facultades de Ingenier\u00eda, Educaci\u00f3n y Econom\u00eda. Esta acci\u00f3n no solo proporcionar\u00e1 un entorno m\u00e1s confortable, sino que tambi\u00e9n fortalecer\u00e1 las condiciones ideales para el desarrollo acad\u00e9mico.<\/p>\n\n\n\n<p>De esta manera, para el inicio de clases programado para el 5 de febrero, la Universidad Surcolombiana se alista para recibir a sus estudiantes en un ambiente m\u00e1s c\u00f3modo y propicio.<\/p>\n","protected":false},"excerpt":{"rendered":"<p>Pensando en mejorar las condiciones y comodidad de los estudiantes, la Universidad Surcolombiana complet\u00f3 la dotaci\u00f3n de aulas y diversos espacios acad\u00e9micos con modernos sistemas de aire acondicionado. Esta inversi\u00f3n, avaluada en 220 millones de pesos y financiada con recursos de estampilla Universidad Nacional, responde a la programaci\u00f3n establecida por la Rectora Nidia Guzm\u00e1n Dur\u00e1n [&hellip;]<\/p>\n","protected":false},"author":2,"featured_media":0,"comment_status":"open","ping_status":"open","sticky":false,"template":"","format":"standard","meta":{"footnotes":""},"categories":[36,31],"tags":[],"class_list":["post-68031","post","type-post","status-publish","format-standard","hentry","category-destacado","category-local"],"yoast_head":"<!-- This site is optimized with the Yoast SEO plugin v26.6 - https:\/\/yoast.com\/wordpress\/plugins\/seo\/ -->\n<title>\u00bfCalor? La USCO pens\u00f3 en sus estudiantes y dot\u00f3 sus aulas con aire acondicionado -<\/title>\n<meta name=\"robots\" content=\"index, follow, max-snippet:-1, max-image-preview:large, max-video-preview:-1\" \/>\n<link rel=\"canonical\" href=\"https:\/\/luchonoticias.com\/editor\/calor-la-usco-penso-en-sus-estudiantes-y-doto-sus-aulas-con-aire-acondicionado\/\" \/>\n<meta property=\"og:locale\" content=\"es_ES\" \/>\n<meta property=\"og:type\" content=\"article\" \/>\n<meta property=\"og:title\" content=\"\u00bfCalor? La USCO pens\u00f3 en sus estudiantes y dot\u00f3 sus aulas con aire acondicionado -\" \/>\n<meta property=\"og:url\" content=\"https:\/\/luchonoticias.com\/editor\/calor-la-usco-penso-en-sus-estudiantes-y-doto-sus-aulas-con-aire-acondicionado\/\" \/>\n<meta property=\"article:publisher\" content=\"https:\/\/www.facebook.com\/luchonoticiasneiva\" \/>\n<meta property=\"article:published_time\" content=\"2024-02-03T10:38:19+00:00\" \/>\n<meta property=\"article:modified_time\" content=\"2024-02-03T10:38:20+00:00\" \/>\n<meta property=\"og:image\" content=\"https:\/\/luchonoticias.com\/wp-content\/uploads\/2024\/02\/WhatsApp-Image-2024-02-02-at-4.04.36-PM-1024x576.jpeg\" \/>\n<meta name=\"author\" content=\"Editor General\" \/>\n<meta name=\"twitter:card\" content=\"summary_large_image\" \/>\n<meta name=\"twitter:label1\" content=\"Escrito por\" \/>\n\t<meta name=\"twitter:data1\" content=\"Editor General\" \/>\n\t<meta name=\"twitter:label2\" content=\"Tiempo de lectura\" \/>\n\t<meta name=\"twitter:data2\" content=\"1 minuto\" \/>\n<script type=\"application\/ld+json\" class=\"yoast-schema-graph\">{\"@context\":\"https:\/\/schema.org\",\"@graph\":[{\"@type\":\"Article\",\"@id\":\"https:\/\/luchonoticias.com\/editor\/calor-la-usco-penso-en-sus-estudiantes-y-doto-sus-aulas-con-aire-acondicionado\/#article\",\"isPartOf\":{\"@id\":\"https:\/\/luchonoticias.com\/editor\/calor-la-usco-penso-en-sus-estudiantes-y-doto-sus-aulas-con-aire-acondicionado\/\"},\"author\":{\"name\":\"Editor General\",\"@id\":\"https:\/\/luchonoticias.com\/editor\/#\/schema\/person\/29217990ddf6f14e35912b2866d591fb\"},\"headline\":\"\u00bfCalor? La USCO pens\u00f3 en sus estudiantes y dot\u00f3 sus aulas con aire acondicionado\",\"datePublished\":\"2024-02-03T10:38:19+00:00\",\"dateModified\":\"2024-02-03T10:38:20+00:00\",\"mainEntityOfPage\":{\"@id\":\"https:\/\/luchonoticias.com\/editor\/calor-la-usco-penso-en-sus-estudiantes-y-doto-sus-aulas-con-aire-acondicionado\/\"},\"wordCount\":221,\"commentCount\":0,\"publisher\":{\"@id\":\"https:\/\/luchonoticias.com\/editor\/#\/schema\/person\/7a7fd911f58561fd056dbac7b55af9cd\"},\"image\":{\"@id\":\"https:\/\/luchonoticias.com\/editor\/calor-la-usco-penso-en-sus-estudiantes-y-doto-sus-aulas-con-aire-acondicionado\/#primaryimage\"},\"thumbnailUrl\":\"https:\/\/luchonoticias.com\/wp-content\/uploads\/2024\/02\/WhatsApp-Image-2024-02-02-at-4.04.36-PM-1024x576.jpeg\",\"articleSection\":[\"Destacado\",\"Local\"],\"inLanguage\":\"es\",\"potentialAction\":[{\"@type\":\"CommentAction\",\"name\":\"Comment\",\"target\":[\"https:\/\/luchonoticias.com\/editor\/calor-la-usco-penso-en-sus-estudiantes-y-doto-sus-aulas-con-aire-acondicionado\/#respond\"]}]},{\"@type\":\"WebPage\",\"@id\":\"https:\/\/luchonoticias.com\/editor\/calor-la-usco-penso-en-sus-estudiantes-y-doto-sus-aulas-con-aire-acondicionado\/\",\"url\":\"https:\/\/luchonoticias.com\/editor\/calor-la-usco-penso-en-sus-estudiantes-y-doto-sus-aulas-con-aire-acondicionado\/\",\"name\":\"\u00bfCalor? La USCO pens\u00f3 en sus estudiantes y dot\u00f3 sus aulas con aire acondicionado -\",\"isPartOf\":{\"@id\":\"https:\/\/luchonoticias.com\/editor\/#website\"},\"primaryImageOfPage\":{\"@id\":\"https:\/\/luchonoticias.com\/editor\/calor-la-usco-penso-en-sus-estudiantes-y-doto-sus-aulas-con-aire-acondicionado\/#primaryimage\"},\"image\":{\"@id\":\"https:\/\/luchonoticias.com\/editor\/calor-la-usco-penso-en-sus-estudiantes-y-doto-sus-aulas-con-aire-acondicionado\/#primaryimage\"},\"thumbnailUrl\":\"https:\/\/luchonoticias.com\/wp-content\/uploads\/2024\/02\/WhatsApp-Image-2024-02-02-at-4.04.36-PM-1024x576.jpeg\",\"datePublished\":\"2024-02-03T10:38:19+00:00\",\"dateModified\":\"2024-02-03T10:38:20+00:00\",\"breadcrumb\":{\"@id\":\"https:\/\/luchonoticias.com\/editor\/calor-la-usco-penso-en-sus-estudiantes-y-doto-sus-aulas-con-aire-acondicionado\/#breadcrumb\"},\"inLanguage\":\"es\",\"potentialAction\":[{\"@type\":\"ReadAction\",\"target\":[\"https:\/\/luchonoticias.com\/editor\/calor-la-usco-penso-en-sus-estudiantes-y-doto-sus-aulas-con-aire-acondicionado\/\"]}]},{\"@type\":\"ImageObject\",\"inLanguage\":\"es\",\"@id\":\"https:\/\/luchonoticias.com\/editor\/calor-la-usco-penso-en-sus-estudiantes-y-doto-sus-aulas-con-aire-acondicionado\/#primaryimage\",\"url\":\"https:\/\/luchonoticias.com\/wp-content\/uploads\/2024\/02\/WhatsApp-Image-2024-02-02-at-4.04.36-PM-1024x576.jpeg\",\"contentUrl\":\"https:\/\/luchonoticias.com\/wp-content\/uploads\/2024\/02\/WhatsApp-Image-2024-02-02-at-4.04.36-PM-1024x576.jpeg\"},{\"@type\":\"BreadcrumbList\",\"@id\":\"https:\/\/luchonoticias.com\/editor\/calor-la-usco-penso-en-sus-estudiantes-y-doto-sus-aulas-con-aire-acondicionado\/#breadcrumb\",\"itemListElement\":[{\"@type\":\"ListItem\",\"position\":1,\"name\":\"Portada\",\"item\":\"https:\/\/luchonoticias.com\/editor\/\"},{\"@type\":\"ListItem\",\"position\":2,\"name\":\"\u00bfCalor? La USCO pens\u00f3 en sus estudiantes y dot\u00f3 sus aulas con aire acondicionado\"}]},{\"@type\":\"WebSite\",\"@id\":\"https:\/\/luchonoticias.com\/editor\/#website\",\"url\":\"https:\/\/luchonoticias.com\/editor\/\",\"name\":\"\",\"description\":\"\",\"publisher\":{\"@id\":\"https:\/\/luchonoticias.com\/editor\/#\/schema\/person\/7a7fd911f58561fd056dbac7b55af9cd\"},\"potentialAction\":[{\"@type\":\"SearchAction\",\"target\":{\"@type\":\"EntryPoint\",\"urlTemplate\":\"https:\/\/luchonoticias.com\/editor\/?s={search_term_string}\"},\"query-input\":{\"@type\":\"PropertyValueSpecification\",\"valueRequired\":true,\"valueName\":\"search_term_string\"}}],\"inLanguage\":\"es\"},{\"@type\":[\"Person\",\"Organization\"],\"@id\":\"https:\/\/luchonoticias.com\/editor\/#\/schema\/person\/7a7fd911f58561fd056dbac7b55af9cd\",\"name\":\"admin\",\"image\":{\"@type\":\"ImageObject\",\"inLanguage\":\"es\",\"@id\":\"https:\/\/luchonoticias.com\/editor\/#\/schema\/person\/image\/\",\"url\":\"https:\/\/luchonoticias.com\/editor\/wp-content\/uploads\/2024\/02\/cropped-cropped-logolu.webp\",\"contentUrl\":\"https:\/\/luchonoticias.com\/editor\/wp-content\/uploads\/2024\/02\/cropped-cropped-logolu.webp\",\"width\":382,\"height\":170,\"caption\":\"admin\"},\"logo\":{\"@id\":\"https:\/\/luchonoticias.com\/editor\/#\/schema\/person\/image\/\"},\"sameAs\":[\"https:\/\/www.facebook.com\/luchonoticiasneiva\"]},{\"@type\":\"Person\",\"@id\":\"https:\/\/luchonoticias.com\/editor\/#\/schema\/person\/29217990ddf6f14e35912b2866d591fb\",\"name\":\"Editor General\",\"image\":{\"@type\":\"ImageObject\",\"inLanguage\":\"es\",\"@id\":\"https:\/\/luchonoticias.com\/editor\/#\/schema\/person\/image\/\",\"url\":\"https:\/\/luchonoticias.com\/editor\/wp-content\/uploads\/2024\/02\/cropped-cropped-logolu-150x150.webp\",\"contentUrl\":\"https:\/\/luchonoticias.com\/editor\/wp-content\/uploads\/2024\/02\/cropped-cropped-logolu-150x150.webp\",\"caption\":\"Editor General\"},\"sameAs\":[\"https:\/\/luchonoticias.com\/\"],\"url\":\"https:\/\/luchonoticias.com\/editor\/author\/editor-general\/\"}]}<\/script>\n<!-- \/ Yoast SEO plugin. -->","yoast_head_json":{"title":"\u00bfCalor? La USCO pens\u00f3 en sus estudiantes y dot\u00f3 sus aulas con aire acondicionado -","robots":{"index":"index","follow":"follow","max-snippet":"max-snippet:-1","max-image-preview":"max-image-preview:large","max-video-preview":"max-video-preview:-1"},"canonical":"https:\/\/luchonoticias.com\/editor\/calor-la-usco-penso-en-sus-estudiantes-y-doto-sus-aulas-con-aire-acondicionado\/","og_locale":"es_ES","og_type":"article","og_title":"\u00bfCalor? La USCO pens\u00f3 en sus estudiantes y dot\u00f3 sus aulas con aire acondicionado -","og_url":"https:\/\/luchonoticias.com\/editor\/calor-la-usco-penso-en-sus-estudiantes-y-doto-sus-aulas-con-aire-acondicionado\/","article_publisher":"https:\/\/www.facebook.com\/luchonoticiasneiva","article_published_time":"2024-02-03T10:38:19+00:00","article_modified_time":"2024-02-03T10:38:20+00:00","og_image":[{"url":"https:\/\/luchonoticias.com\/wp-content\/uploads\/2024\/02\/WhatsApp-Image-2024-02-02-at-4.04.36-PM-1024x576.jpeg","type":"","width":"","height":""}],"author":"Editor General","twitter_card":"summary_large_image","twitter_misc":{"Escrito por":"Editor General","Tiempo de lectura":"1 minuto"},"schema":{"@context":"https:\/\/schema.org","@graph":[{"@type":"Article","@id":"https:\/\/luchonoticias.com\/editor\/calor-la-usco-penso-en-sus-estudiantes-y-doto-sus-aulas-con-aire-acondicionado\/#article","isPartOf":{"@id":"https:\/\/luchonoticias.com\/editor\/calor-la-usco-penso-en-sus-estudiantes-y-doto-sus-aulas-con-aire-acondicionado\/"},"author":{"name":"Editor General","@id":"https:\/\/luchonoticias.com\/editor\/#\/schema\/person\/29217990ddf6f14e35912b2866d591fb"},"headline":"\u00bfCalor? La USCO pens\u00f3 en sus estudiantes y dot\u00f3 sus aulas con aire acondicionado","datePublished":"2024-02-03T10:38:19+00:00","dateModified":"2024-02-03T10:38:20+00:00","mainEntityOfPage":{"@id":"https:\/\/luchonoticias.com\/editor\/calor-la-usco-penso-en-sus-estudiantes-y-doto-sus-aulas-con-aire-acondicionado\/"},"wordCount":221,"commentCount":0,"publisher":{"@id":"https:\/\/luchonoticias.com\/editor\/#\/schema\/person\/7a7fd911f58561fd056dbac7b55af9cd"},"image":{"@id":"https:\/\/luchonoticias.com\/editor\/calor-la-usco-penso-en-sus-estudiantes-y-doto-sus-aulas-con-aire-acondicionado\/#primaryimage"},"thumbnailUrl":"https:\/\/luchonoticias.com\/wp-content\/uploads\/2024\/02\/WhatsApp-Image-2024-02-02-at-4.04.36-PM-1024x576.jpeg","articleSection":["Destacado","Local"],"inLanguage":"es","potentialAction":[{"@type":"CommentAction","name":"Comment","target":["https:\/\/luchonoticias.com\/editor\/calor-la-usco-penso-en-sus-estudiantes-y-doto-sus-aulas-con-aire-acondicionado\/#respond"]}]},{"@type":"WebPage","@id":"https:\/\/luchonoticias.com\/editor\/calor-la-usco-penso-en-sus-estudiantes-y-doto-sus-aulas-con-aire-acondicionado\/","url":"https:\/\/luchonoticias.com\/editor\/calor-la-usco-penso-en-sus-estudiantes-y-doto-sus-aulas-con-aire-acondicionado\/","name":"\u00bfCalor? La USCO pens\u00f3 en sus estudiantes y dot\u00f3 sus aulas con aire acondicionado -","isPartOf":{"@id":"https:\/\/luchonoticias.com\/editor\/#website"},"primaryImageOfPage":{"@id":"https:\/\/luchonoticias.com\/editor\/calor-la-usco-penso-en-sus-estudiantes-y-doto-sus-aulas-con-aire-acondicionado\/#primaryimage"},"image":{"@id":"https:\/\/luchonoticias.com\/editor\/calor-la-usco-penso-en-sus-estudiantes-y-doto-sus-aulas-con-aire-acondicionado\/#primaryimage"},"thumbnailUrl":"https:\/\/luchonoticias.com\/wp-content\/uploads\/2024\/02\/WhatsApp-Image-2024-02-02-at-4.04.36-PM-1024x576.jpeg","datePublished":"2024-02-03T10:38:19+00:00","dateModified":"2024-02-03T10:38:20+00:00","breadcrumb":{"@id":"https:\/\/luchonoticias.com\/editor\/calor-la-usco-penso-en-sus-estudiantes-y-doto-sus-aulas-con-aire-acondicionado\/#breadcrumb"},"inLanguage":"es","potentialAction":[{"@type":"ReadAction","target":["https:\/\/luchonoticias.com\/editor\/calor-la-usco-penso-en-sus-estudiantes-y-doto-sus-aulas-con-aire-acondicionado\/"]}]},{"@type":"ImageObject","inLanguage":"es","@id":"https:\/\/luchonoticias.com\/editor\/calor-la-usco-penso-en-sus-estudiantes-y-doto-sus-aulas-con-aire-acondicionado\/#primaryimage","url":"https:\/\/luchonoticias.com\/wp-content\/uploads\/2024\/02\/WhatsApp-Image-2024-02-02-at-4.04.36-PM-1024x576.jpeg","contentUrl":"https:\/\/luchonoticias.com\/wp-content\/uploads\/2024\/02\/WhatsApp-Image-2024-02-02-at-4.04.36-PM-1024x576.jpeg"},{"@type":"BreadcrumbList","@id":"https:\/\/luchonoticias.com\/editor\/calor-la-usco-penso-en-sus-estudiantes-y-doto-sus-aulas-con-aire-acondicionado\/#breadcrumb","itemListElement":[{"@type":"ListItem","position":1,"name":"Portada","item":"https:\/\/luchonoticias.com\/editor\/"},{"@type":"ListItem","position":2,"name":"\u00bfCalor? La USCO pens\u00f3 en sus estudiantes y dot\u00f3 sus aulas con aire acondicionado"}]},{"@type":"WebSite","@id":"https:\/\/luchonoticias.com\/editor\/#website","url":"https:\/\/luchonoticias.com\/editor\/","name":"","description":"","publisher":{"@id":"https:\/\/luchonoticias.com\/editor\/#\/schema\/person\/7a7fd911f58561fd056dbac7b55af9cd"},"potentialAction":[{"@type":"SearchAction","target":{"@type":"EntryPoint","urlTemplate":"https:\/\/luchonoticias.com\/editor\/?s={search_term_string}"},"query-input":{"@type":"PropertyValueSpecification","valueRequired":true,"valueName":"search_term_string"}}],"inLanguage":"es"},{"@type":["Person","Organization"],"@id":"https:\/\/luchonoticias.com\/editor\/#\/schema\/person\/7a7fd911f58561fd056dbac7b55af9cd","name":"admin","image":{"@type":"ImageObject","inLanguage":"es","@id":"https:\/\/luchonoticias.com\/editor\/#\/schema\/person\/image\/","url":"https:\/\/luchonoticias.com\/editor\/wp-content\/uploads\/2024\/02\/cropped-cropped-logolu.webp","contentUrl":"https:\/\/luchonoticias.com\/editor\/wp-content\/uploads\/2024\/02\/cropped-cropped-logolu.webp","width":382,"height":170,"caption":"admin"},"logo":{"@id":"https:\/\/luchonoticias.com\/editor\/#\/schema\/person\/image\/"},"sameAs":["https:\/\/www.facebook.com\/luchonoticiasneiva"]},{"@type":"Person","@id":"https:\/\/luchonoticias.com\/editor\/#\/schema\/person\/29217990ddf6f14e35912b2866d591fb","name":"Editor General","image":{"@type":"ImageObject","inLanguage":"es","@id":"https:\/\/luchonoticias.com\/editor\/#\/schema\/person\/image\/","url":"https:\/\/luchonoticias.com\/editor\/wp-content\/uploads\/2024\/02\/cropped-cropped-logolu-150x150.webp","contentUrl":"https:\/\/luchonoticias.com\/editor\/wp-content\/uploads\/2024\/02\/cropped-cropped-logolu-150x150.webp","caption":"Editor General"},"sameAs":["https:\/\/luchonoticias.com\/"],"url":"https:\/\/luchonoticias.com\/editor\/author\/editor-general\/"}]}},"_links":{"self":[{"href":"https:\/\/luchonoticias.com\/editor\/wp-json\/wp\/v2\/posts\/68031","targetHints":{"allow":["GET"]}}],"collection":[{"href":"https:\/\/luchonoticias.com\/editor\/wp-json\/wp\/v2\/posts"}],"about":[{"href":"https:\/\/luchonoticias.com\/editor\/wp-json\/wp\/v2\/types\/post"}],"author":[{"embeddable":true,"href":"https:\/\/luchonoticias.com\/editor\/wp-json\/wp\/v2\/users\/2"}],"replies":[{"embeddable":true,"href":"https:\/\/luchonoticias.com\/editor\/wp-json\/wp\/v2\/comments?post=68031"}],"version-history":[{"count":0,"href":"https:\/\/luchonoticias.com\/editor\/wp-json\/wp\/v2\/posts\/68031\/revisions"}],"wp:attachment":[{"href":"https:\/\/luchonoticias.com\/editor\/wp-json\/wp\/v2\/media?parent=68031"}],"wp:term":[{"taxonomy":"category","embeddable":true,"href":"https:\/\/luchonoticias.com\/editor\/wp-json\/wp\/v2\/categories?post=68031"},{"taxonomy":"post_tag","embeddable":true,"href":"https:\/\/luchonoticias.com\/editor\/wp-json\/wp\/v2\/tags?post=68031"}],"curies":[{"name":"wp","href":"https:\/\/api.w.org\/{rel}","templated":true}]}}