{"id":68037,"date":"2024-02-03T12:07:32","date_gmt":"2024-02-03T17:07:32","guid":{"rendered":"https:\/\/luchonoticias.com\/?p=68037"},"modified":"2024-02-03T12:07:33","modified_gmt":"2024-02-03T17:07:33","slug":"hombre-fue-capturado-con-marihuana-cuando-infringia-su-medida-de-detencion-domiciliaria","status":"publish","type":"post","link":"https:\/\/luchonoticias.com\/editor\/hombre-fue-capturado-con-marihuana-cuando-infringia-su-medida-de-detencion-domiciliaria\/","title":{"rendered":"Hombre fue capturado con marihuana cuando infring\u00eda su medida de detenci\u00f3n domiciliaria"},"content":{"rendered":"\n<p>En labores diarias que realizan los uniformados de la Polic\u00eda en el Huila en el barrio Industrial del municipio, logran la captura de un hombre de 21 a\u00f1os de edad, que deambulada por el sector portando estupefacientes.<\/p>\n\n\n\n<p>Los polic\u00edas del cuadrante realizaban planes de registro y control, cuando observaron a un hombre que intentaba evadir el control policial y al ser requerido mostr\u00f3 una actitud nerviosa, por lo que fue registrado y en sus pertenencias le hallaron tres bolsas con marihuana, de inmediato fue capturado.<\/p>\n\n\n\n<p>Ya en la estaci\u00f3n de polic\u00eda, le verificaron sus antecedentes y presentaba registro positivo por INPEC con medida de detenci\u00f3n domiciliaria, por lo cual los uniformados lo dejaron a disposici\u00f3n de la Fiscal\u00eda URI por los delitos de tr\u00e1fico, fabricaci\u00f3n o porte de estupefacientes y fraude a resoluci\u00f3n judicial.<\/p>\n","protected":false},"excerpt":{"rendered":"<p>En labores diarias que realizan los uniformados de la Polic\u00eda en el Huila en el barrio Industrial del municipio, logran la captura de un hombre de 21 a\u00f1os de edad, que deambulada por el sector portando estupefacientes. Los polic\u00edas del cuadrante realizaban planes de registro y control, cuando observaron a un hombre que intentaba evadir [&hellip;]<\/p>\n","protected":false},"author":2,"featured_media":0,"comment_status":"open","ping_status":"open","sticky":false,"template":"","format":"standard","meta":{"footnotes":""},"categories":[36,29],"tags":[],"class_list":["post-68037","post","type-post","status-publish","format-standard","hentry","category-destacado","category-judicial"],"yoast_head":"<!-- This site is optimized with the Yoast SEO plugin v26.6 - https:\/\/yoast.com\/wordpress\/plugins\/seo\/ -->\n<title>Hombre fue capturado con marihuana cuando infring\u00eda su medida de detenci\u00f3n domiciliaria -<\/title>\n<meta name=\"robots\" content=\"index, follow, max-snippet:-1, max-image-preview:large, max-video-preview:-1\" \/>\n<link rel=\"canonical\" href=\"https:\/\/luchonoticias.com\/editor\/hombre-fue-capturado-con-marihuana-cuando-infringia-su-medida-de-detencion-domiciliaria\/\" \/>\n<meta property=\"og:locale\" content=\"es_ES\" \/>\n<meta property=\"og:type\" content=\"article\" \/>\n<meta property=\"og:title\" content=\"Hombre fue capturado con marihuana cuando infring\u00eda su medida de detenci\u00f3n domiciliaria -\" \/>\n<meta property=\"og:url\" content=\"https:\/\/luchonoticias.com\/editor\/hombre-fue-capturado-con-marihuana-cuando-infringia-su-medida-de-detencion-domiciliaria\/\" \/>\n<meta property=\"article:publisher\" content=\"https:\/\/www.facebook.com\/luchonoticiasneiva\" \/>\n<meta property=\"article:published_time\" content=\"2024-02-03T17:07:32+00:00\" \/>\n<meta property=\"article:modified_time\" content=\"2024-02-03T17:07:33+00:00\" \/>\n<meta name=\"author\" content=\"Editor General\" \/>\n<meta name=\"twitter:card\" content=\"summary_large_image\" \/>\n<meta name=\"twitter:label1\" content=\"Escrito por\" \/>\n\t<meta name=\"twitter:data1\" content=\"Editor General\" \/>\n\t<meta name=\"twitter:label2\" content=\"Tiempo de lectura\" \/>\n\t<meta name=\"twitter:data2\" content=\"1 minuto\" \/>\n<script type=\"application\/ld+json\" class=\"yoast-schema-graph\">{\"@context\":\"https:\/\/schema.org\",\"@graph\":[{\"@type\":\"Article\",\"@id\":\"https:\/\/luchonoticias.com\/editor\/hombre-fue-capturado-con-marihuana-cuando-infringia-su-medida-de-detencion-domiciliaria\/#article\",\"isPartOf\":{\"@id\":\"https:\/\/luchonoticias.com\/editor\/hombre-fue-capturado-con-marihuana-cuando-infringia-su-medida-de-detencion-domiciliaria\/\"},\"author\":{\"name\":\"Editor General\",\"@id\":\"https:\/\/luchonoticias.com\/editor\/#\/schema\/person\/29217990ddf6f14e35912b2866d591fb\"},\"headline\":\"Hombre fue capturado con marihuana cuando infring\u00eda su medida de detenci\u00f3n domiciliaria\",\"datePublished\":\"2024-02-03T17:07:32+00:00\",\"dateModified\":\"2024-02-03T17:07:33+00:00\",\"mainEntityOfPage\":{\"@id\":\"https:\/\/luchonoticias.com\/editor\/hombre-fue-capturado-con-marihuana-cuando-infringia-su-medida-de-detencion-domiciliaria\/\"},\"wordCount\":158,\"commentCount\":0,\"publisher\":{\"@id\":\"https:\/\/luchonoticias.com\/editor\/#\/schema\/person\/7a7fd911f58561fd056dbac7b55af9cd\"},\"articleSection\":[\"Destacado\",\"Judicial\"],\"inLanguage\":\"es\",\"potentialAction\":[{\"@type\":\"CommentAction\",\"name\":\"Comment\",\"target\":[\"https:\/\/luchonoticias.com\/editor\/hombre-fue-capturado-con-marihuana-cuando-infringia-su-medida-de-detencion-domiciliaria\/#respond\"]}]},{\"@type\":\"WebPage\",\"@id\":\"https:\/\/luchonoticias.com\/editor\/hombre-fue-capturado-con-marihuana-cuando-infringia-su-medida-de-detencion-domiciliaria\/\",\"url\":\"https:\/\/luchonoticias.com\/editor\/hombre-fue-capturado-con-marihuana-cuando-infringia-su-medida-de-detencion-domiciliaria\/\",\"name\":\"Hombre fue capturado con marihuana cuando infring\u00eda su medida de detenci\u00f3n domiciliaria -\",\"isPartOf\":{\"@id\":\"https:\/\/luchonoticias.com\/editor\/#website\"},\"datePublished\":\"2024-02-03T17:07:32+00:00\",\"dateModified\":\"2024-02-03T17:07:33+00:00\",\"breadcrumb\":{\"@id\":\"https:\/\/luchonoticias.com\/editor\/hombre-fue-capturado-con-marihuana-cuando-infringia-su-medida-de-detencion-domiciliaria\/#breadcrumb\"},\"inLanguage\":\"es\",\"potentialAction\":[{\"@type\":\"ReadAction\",\"target\":[\"https:\/\/luchonoticias.com\/editor\/hombre-fue-capturado-con-marihuana-cuando-infringia-su-medida-de-detencion-domiciliaria\/\"]}]},{\"@type\":\"BreadcrumbList\",\"@id\":\"https:\/\/luchonoticias.com\/editor\/hombre-fue-capturado-con-marihuana-cuando-infringia-su-medida-de-detencion-domiciliaria\/#breadcrumb\",\"itemListElement\":[{\"@type\":\"ListItem\",\"position\":1,\"name\":\"Portada\",\"item\":\"https:\/\/luchonoticias.com\/editor\/\"},{\"@type\":\"ListItem\",\"position\":2,\"name\":\"Hombre fue capturado con marihuana cuando infring\u00eda su medida de detenci\u00f3n domiciliaria\"}]},{\"@type\":\"WebSite\",\"@id\":\"https:\/\/luchonoticias.com\/editor\/#website\",\"url\":\"https:\/\/luchonoticias.com\/editor\/\",\"name\":\"\",\"description\":\"\",\"publisher\":{\"@id\":\"https:\/\/luchonoticias.com\/editor\/#\/schema\/person\/7a7fd911f58561fd056dbac7b55af9cd\"},\"potentialAction\":[{\"@type\":\"SearchAction\",\"target\":{\"@type\":\"EntryPoint\",\"urlTemplate\":\"https:\/\/luchonoticias.com\/editor\/?s={search_term_string}\"},\"query-input\":{\"@type\":\"PropertyValueSpecification\",\"valueRequired\":true,\"valueName\":\"search_term_string\"}}],\"inLanguage\":\"es\"},{\"@type\":[\"Person\",\"Organization\"],\"@id\":\"https:\/\/luchonoticias.com\/editor\/#\/schema\/person\/7a7fd911f58561fd056dbac7b55af9cd\",\"name\":\"admin\",\"image\":{\"@type\":\"ImageObject\",\"inLanguage\":\"es\",\"@id\":\"https:\/\/luchonoticias.com\/editor\/#\/schema\/person\/image\/\",\"url\":\"https:\/\/luchonoticias.com\/editor\/wp-content\/uploads\/2024\/02\/cropped-cropped-logolu.webp\",\"contentUrl\":\"https:\/\/luchonoticias.com\/editor\/wp-content\/uploads\/2024\/02\/cropped-cropped-logolu.webp\",\"width\":382,\"height\":170,\"caption\":\"admin\"},\"logo\":{\"@id\":\"https:\/\/luchonoticias.com\/editor\/#\/schema\/person\/image\/\"},\"sameAs\":[\"https:\/\/www.facebook.com\/luchonoticiasneiva\"]},{\"@type\":\"Person\",\"@id\":\"https:\/\/luchonoticias.com\/editor\/#\/schema\/person\/29217990ddf6f14e35912b2866d591fb\",\"name\":\"Editor General\",\"image\":{\"@type\":\"ImageObject\",\"inLanguage\":\"es\",\"@id\":\"https:\/\/luchonoticias.com\/editor\/#\/schema\/person\/image\/\",\"url\":\"https:\/\/luchonoticias.com\/editor\/wp-content\/uploads\/2024\/02\/cropped-cropped-logolu-150x150.webp\",\"contentUrl\":\"https:\/\/luchonoticias.com\/editor\/wp-content\/uploads\/2024\/02\/cropped-cropped-logolu-150x150.webp\",\"caption\":\"Editor General\"},\"sameAs\":[\"https:\/\/luchonoticias.com\/\"],\"url\":\"https:\/\/luchonoticias.com\/editor\/author\/editor-general\/\"}]}<\/script>\n<!-- \/ Yoast SEO plugin. -->","yoast_head_json":{"title":"Hombre fue capturado con marihuana cuando infring\u00eda su medida de detenci\u00f3n domiciliaria -","robots":{"index":"index","follow":"follow","max-snippet":"max-snippet:-1","max-image-preview":"max-image-preview:large","max-video-preview":"max-video-preview:-1"},"canonical":"https:\/\/luchonoticias.com\/editor\/hombre-fue-capturado-con-marihuana-cuando-infringia-su-medida-de-detencion-domiciliaria\/","og_locale":"es_ES","og_type":"article","og_title":"Hombre fue capturado con marihuana cuando infring\u00eda su medida de detenci\u00f3n domiciliaria -","og_url":"https:\/\/luchonoticias.com\/editor\/hombre-fue-capturado-con-marihuana-cuando-infringia-su-medida-de-detencion-domiciliaria\/","article_publisher":"https:\/\/www.facebook.com\/luchonoticiasneiva","article_published_time":"2024-02-03T17:07:32+00:00","article_modified_time":"2024-02-03T17:07:33+00:00","author":"Editor General","twitter_card":"summary_large_image","twitter_misc":{"Escrito por":"Editor General","Tiempo de lectura":"1 minuto"},"schema":{"@context":"https:\/\/schema.org","@graph":[{"@type":"Article","@id":"https:\/\/luchonoticias.com\/editor\/hombre-fue-capturado-con-marihuana-cuando-infringia-su-medida-de-detencion-domiciliaria\/#article","isPartOf":{"@id":"https:\/\/luchonoticias.com\/editor\/hombre-fue-capturado-con-marihuana-cuando-infringia-su-medida-de-detencion-domiciliaria\/"},"author":{"name":"Editor General","@id":"https:\/\/luchonoticias.com\/editor\/#\/schema\/person\/29217990ddf6f14e35912b2866d591fb"},"headline":"Hombre fue capturado con marihuana cuando infring\u00eda su medida de detenci\u00f3n domiciliaria","datePublished":"2024-02-03T17:07:32+00:00","dateModified":"2024-02-03T17:07:33+00:00","mainEntityOfPage":{"@id":"https:\/\/luchonoticias.com\/editor\/hombre-fue-capturado-con-marihuana-cuando-infringia-su-medida-de-detencion-domiciliaria\/"},"wordCount":158,"commentCount":0,"publisher":{"@id":"https:\/\/luchonoticias.com\/editor\/#\/schema\/person\/7a7fd911f58561fd056dbac7b55af9cd"},"articleSection":["Destacado","Judicial"],"inLanguage":"es","potentialAction":[{"@type":"CommentAction","name":"Comment","target":["https:\/\/luchonoticias.com\/editor\/hombre-fue-capturado-con-marihuana-cuando-infringia-su-medida-de-detencion-domiciliaria\/#respond"]}]},{"@type":"WebPage","@id":"https:\/\/luchonoticias.com\/editor\/hombre-fue-capturado-con-marihuana-cuando-infringia-su-medida-de-detencion-domiciliaria\/","url":"https:\/\/luchonoticias.com\/editor\/hombre-fue-capturado-con-marihuana-cuando-infringia-su-medida-de-detencion-domiciliaria\/","name":"Hombre fue capturado con marihuana cuando infring\u00eda su medida de detenci\u00f3n domiciliaria -","isPartOf":{"@id":"https:\/\/luchonoticias.com\/editor\/#website"},"datePublished":"2024-02-03T17:07:32+00:00","dateModified":"2024-02-03T17:07:33+00:00","breadcrumb":{"@id":"https:\/\/luchonoticias.com\/editor\/hombre-fue-capturado-con-marihuana-cuando-infringia-su-medida-de-detencion-domiciliaria\/#breadcrumb"},"inLanguage":"es","potentialAction":[{"@type":"ReadAction","target":["https:\/\/luchonoticias.com\/editor\/hombre-fue-capturado-con-marihuana-cuando-infringia-su-medida-de-detencion-domiciliaria\/"]}]},{"@type":"BreadcrumbList","@id":"https:\/\/luchonoticias.com\/editor\/hombre-fue-capturado-con-marihuana-cuando-infringia-su-medida-de-detencion-domiciliaria\/#breadcrumb","itemListElement":[{"@type":"ListItem","position":1,"name":"Portada","item":"https:\/\/luchonoticias.com\/editor\/"},{"@type":"ListItem","position":2,"name":"Hombre fue capturado con marihuana cuando infring\u00eda su medida de detenci\u00f3n domiciliaria"}]},{"@type":"WebSite","@id":"https:\/\/luchonoticias.com\/editor\/#website","url":"https:\/\/luchonoticias.com\/editor\/","name":"","description":"","publisher":{"@id":"https:\/\/luchonoticias.com\/editor\/#\/schema\/person\/7a7fd911f58561fd056dbac7b55af9cd"},"potentialAction":[{"@type":"SearchAction","target":{"@type":"EntryPoint","urlTemplate":"https:\/\/luchonoticias.com\/editor\/?s={search_term_string}"},"query-input":{"@type":"PropertyValueSpecification","valueRequired":true,"valueName":"search_term_string"}}],"inLanguage":"es"},{"@type":["Person","Organization"],"@id":"https:\/\/luchonoticias.com\/editor\/#\/schema\/person\/7a7fd911f58561fd056dbac7b55af9cd","name":"admin","image":{"@type":"ImageObject","inLanguage":"es","@id":"https:\/\/luchonoticias.com\/editor\/#\/schema\/person\/image\/","url":"https:\/\/luchonoticias.com\/editor\/wp-content\/uploads\/2024\/02\/cropped-cropped-logolu.webp","contentUrl":"https:\/\/luchonoticias.com\/editor\/wp-content\/uploads\/2024\/02\/cropped-cropped-logolu.webp","width":382,"height":170,"caption":"admin"},"logo":{"@id":"https:\/\/luchonoticias.com\/editor\/#\/schema\/person\/image\/"},"sameAs":["https:\/\/www.facebook.com\/luchonoticiasneiva"]},{"@type":"Person","@id":"https:\/\/luchonoticias.com\/editor\/#\/schema\/person\/29217990ddf6f14e35912b2866d591fb","name":"Editor General","image":{"@type":"ImageObject","inLanguage":"es","@id":"https:\/\/luchonoticias.com\/editor\/#\/schema\/person\/image\/","url":"https:\/\/luchonoticias.com\/editor\/wp-content\/uploads\/2024\/02\/cropped-cropped-logolu-150x150.webp","contentUrl":"https:\/\/luchonoticias.com\/editor\/wp-content\/uploads\/2024\/02\/cropped-cropped-logolu-150x150.webp","caption":"Editor General"},"sameAs":["https:\/\/luchonoticias.com\/"],"url":"https:\/\/luchonoticias.com\/editor\/author\/editor-general\/"}]}},"_links":{"self":[{"href":"https:\/\/luchonoticias.com\/editor\/wp-json\/wp\/v2\/posts\/68037","targetHints":{"allow":["GET"]}}],"collection":[{"href":"https:\/\/luchonoticias.com\/editor\/wp-json\/wp\/v2\/posts"}],"about":[{"href":"https:\/\/luchonoticias.com\/editor\/wp-json\/wp\/v2\/types\/post"}],"author":[{"embeddable":true,"href":"https:\/\/luchonoticias.com\/editor\/wp-json\/wp\/v2\/users\/2"}],"replies":[{"embeddable":true,"href":"https:\/\/luchonoticias.com\/editor\/wp-json\/wp\/v2\/comments?post=68037"}],"version-history":[{"count":0,"href":"https:\/\/luchonoticias.com\/editor\/wp-json\/wp\/v2\/posts\/68037\/revisions"}],"wp:attachment":[{"href":"https:\/\/luchonoticias.com\/editor\/wp-json\/wp\/v2\/media?parent=68037"}],"wp:term":[{"taxonomy":"category","embeddable":true,"href":"https:\/\/luchonoticias.com\/editor\/wp-json\/wp\/v2\/categories?post=68037"},{"taxonomy":"post_tag","embeddable":true,"href":"https:\/\/luchonoticias.com\/editor\/wp-json\/wp\/v2\/tags?post=68037"}],"curies":[{"name":"wp","href":"https:\/\/api.w.org\/{rel}","templated":true}]}}