{"id":68040,"date":"2024-02-03T12:09:55","date_gmt":"2024-02-03T17:09:55","guid":{"rendered":"https:\/\/luchonoticias.com\/?p=68040"},"modified":"2024-02-03T12:09:56","modified_gmt":"2024-02-03T17:09:56","slug":"abundancia-de-alimentos-y-precios-favorables-en-centros-mayoristas-pese-a-fenomeno-de-el-nino","status":"publish","type":"post","link":"https:\/\/luchonoticias.com\/editor\/abundancia-de-alimentos-y-precios-favorables-en-centros-mayoristas-pese-a-fenomeno-de-el-nino\/","title":{"rendered":"Abundancia de alimentos y precios favorables en centros mayoristas pese a fen\u00f3meno de El Ni\u00f1o"},"content":{"rendered":"\n<p>En enero, seg\u00fan el ministerio de Agricultura, se registr\u00f3 una ca\u00edda importante en los precios mayoristas de alimentos esenciales para la canasta familiar y se evidenci\u00f3 abundancia en las plazas de mercado, lo que descarta cualquier alerta de desabastecimiento como consecuencia del fen\u00f3meno de El Ni\u00f1o, en este momento.<\/p>\n\n\n\n<p>Verduras, frutas y leguminosas registraron una variaci\u00f3n a la baja en centrales como Corabastos, de acuerdo con el m\u00e1s reciente an\u00e1lisis del Sistema de Informaci\u00f3n de Precios (Sipsa), elaborado por el Departamento Administrativo Nacional de Estad\u00edsticas (DANE).<\/p>\n\n\n\n<p>Con el fin de garantizar que esta tendencia en el comportamiento de los precios y abastecimiento de alimentos de la canasta familiar se mantenga, la ministra de Agricultura, Jhenifer Mojica, convoc\u00f3 a los secretarios del sector de los departamentos del pa\u00eds a una jornada de trabajo en el municipio de Mosquera (Cundinamarca), la cual se desarrolla este jueves.<\/p>\n\n\n\n<p>\u201cTenemos un parte de tranquilidad. Instalamos un Puesto de Mando Unificado (PMU) desde la semana pasada y hasta la fecha no se han presentado grandes p\u00e9rdidas ni riesgos de desabastecimiento de alimentos ni alzas en los costos que sean justificadas por los efectos de El Ni\u00f1o\u00bb, dijo la ministra.<\/p>\n\n\n\n<p>Los precios son una buena noticia para el bolsillo de las familias, adem\u00e1s, se suman al buen comportamiento de la tasa de inflaci\u00f3n al cierre del 2023, que termin\u00f3 el a\u00f1o en 9,8%.&nbsp;<\/p>\n\n\n\n<p>Productos como la cebolla roja y blanca registraron una baja considerable en su precio, teniendo en cuenta que en diciembre de 2023 hab\u00eda aumentado su valor.<\/p>\n\n\n\n<p>Tambi\u00e9n cay\u00f3 el precio del tomate chonto o de guiso, al igual que el de referencia milano (o de ensalada).<\/p>\n\n\n\n<p>Expertos del Ministerio indicaron que esto se debe a que parte de su oferta proviene de los cultivos instalados en invernaderos, lo que favorece las condiciones clim\u00e1ticas y el calentamiento por el fen\u00f3meno de El Ni\u00f1o no los afecta.<\/p>\n\n\n\n<p>Otras hortalizas con reducci\u00f3n en los precios son el ch\u00f3colo mazorca, el piment\u00f3n, la espinaca y el fr\u00edjol verde en c\u00e1scara.<\/p>\n\n\n\n<p>Por el lado de las frutas, aquellas que tuvieron mayor oferta entre el 1 y 26 de enero fueron la guan\u00e1bana, el aguacate hass, la mora y el lim\u00f3n.<\/p>\n\n\n\n<p>El pl\u00e1tano verde y maduro, la yuca criolla y las referencias amarilla y blanca de arracacha arrojaron variaciones positivas para la econom\u00eda de las familias.<\/p>\n\n\n\n<p>Los huevos de todas sus referencias y algunos cortes de carne de res y de cerdo tambi\u00e9n bajaron de precio.<\/p>\n\n\n\n<h2 class=\"wp-block-heading\">Buen precio en las cosechas<\/h2>\n\n\n\n<p>\u200bDe acuerdo con la ministra de Agricultura, es necesario que todos los colombianos tengan seguridad alimentaria y una de las estrategias es asegurar el buen precio de las cosechas a los productores, de la mano con la Agencia de Desarrollo Rural.<\/p>\n\n\n\n<p>El plan contempla trabajar con las agencias de comercializaci\u00f3n locales y regionales para asegurar las compras p\u00fablicas.<\/p>\n\n\n\n<p>Agreg\u00f3 que estos mecanismos permitir\u00e1n mayores indicadores de producci\u00f3n y mejores rentabilidades para peque\u00f1os y medianos productores.<\/p>\n","protected":false},"excerpt":{"rendered":"<p>En enero, seg\u00fan el ministerio de Agricultura, se registr\u00f3 una ca\u00edda importante en los precios mayoristas de alimentos esenciales para la canasta familiar y se evidenci\u00f3 abundancia en las plazas de mercado, lo que descarta cualquier alerta de desabastecimiento como consecuencia del fen\u00f3meno de El Ni\u00f1o, en este momento. Verduras, frutas y leguminosas registraron una [&hellip;]<\/p>\n","protected":false},"author":2,"featured_media":0,"comment_status":"open","ping_status":"open","sticky":false,"template":"","format":"standard","meta":{"footnotes":""},"categories":[36,32],"tags":[],"class_list":["post-68040","post","type-post","status-publish","format-standard","hentry","category-destacado","category-nacional"],"yoast_head":"<!-- This site is optimized with the Yoast SEO plugin v26.6 - https:\/\/yoast.com\/wordpress\/plugins\/seo\/ -->\n<title>Abundancia de alimentos y precios favorables en centros mayoristas pese a fen\u00f3meno de El Ni\u00f1o -<\/title>\n<meta name=\"robots\" content=\"index, follow, max-snippet:-1, max-image-preview:large, max-video-preview:-1\" \/>\n<link rel=\"canonical\" href=\"https:\/\/luchonoticias.com\/editor\/abundancia-de-alimentos-y-precios-favorables-en-centros-mayoristas-pese-a-fenomeno-de-el-nino\/\" \/>\n<meta property=\"og:locale\" content=\"es_ES\" \/>\n<meta property=\"og:type\" content=\"article\" \/>\n<meta property=\"og:title\" content=\"Abundancia de alimentos y precios favorables en centros mayoristas pese a fen\u00f3meno de El Ni\u00f1o -\" \/>\n<meta property=\"og:url\" content=\"https:\/\/luchonoticias.com\/editor\/abundancia-de-alimentos-y-precios-favorables-en-centros-mayoristas-pese-a-fenomeno-de-el-nino\/\" \/>\n<meta property=\"article:publisher\" content=\"https:\/\/www.facebook.com\/luchonoticiasneiva\" \/>\n<meta property=\"article:published_time\" content=\"2024-02-03T17:09:55+00:00\" \/>\n<meta property=\"article:modified_time\" content=\"2024-02-03T17:09:56+00:00\" \/>\n<meta name=\"author\" content=\"Editor General\" \/>\n<meta name=\"twitter:card\" content=\"summary_large_image\" \/>\n<meta name=\"twitter:label1\" content=\"Escrito por\" \/>\n\t<meta name=\"twitter:data1\" content=\"Editor General\" \/>\n\t<meta name=\"twitter:label2\" content=\"Tiempo de lectura\" \/>\n\t<meta name=\"twitter:data2\" content=\"3 minutos\" \/>\n<script type=\"application\/ld+json\" class=\"yoast-schema-graph\">{\"@context\":\"https:\/\/schema.org\",\"@graph\":[{\"@type\":\"Article\",\"@id\":\"https:\/\/luchonoticias.com\/editor\/abundancia-de-alimentos-y-precios-favorables-en-centros-mayoristas-pese-a-fenomeno-de-el-nino\/#article\",\"isPartOf\":{\"@id\":\"https:\/\/luchonoticias.com\/editor\/abundancia-de-alimentos-y-precios-favorables-en-centros-mayoristas-pese-a-fenomeno-de-el-nino\/\"},\"author\":{\"name\":\"Editor General\",\"@id\":\"https:\/\/luchonoticias.com\/editor\/#\/schema\/person\/29217990ddf6f14e35912b2866d591fb\"},\"headline\":\"Abundancia de alimentos y precios favorables en centros mayoristas pese a fen\u00f3meno de El Ni\u00f1o\",\"datePublished\":\"2024-02-03T17:09:55+00:00\",\"dateModified\":\"2024-02-03T17:09:56+00:00\",\"mainEntityOfPage\":{\"@id\":\"https:\/\/luchonoticias.com\/editor\/abundancia-de-alimentos-y-precios-favorables-en-centros-mayoristas-pese-a-fenomeno-de-el-nino\/\"},\"wordCount\":534,\"commentCount\":0,\"publisher\":{\"@id\":\"https:\/\/luchonoticias.com\/editor\/#\/schema\/person\/7a7fd911f58561fd056dbac7b55af9cd\"},\"articleSection\":[\"Destacado\",\"Nacional\"],\"inLanguage\":\"es\",\"potentialAction\":[{\"@type\":\"CommentAction\",\"name\":\"Comment\",\"target\":[\"https:\/\/luchonoticias.com\/editor\/abundancia-de-alimentos-y-precios-favorables-en-centros-mayoristas-pese-a-fenomeno-de-el-nino\/#respond\"]}]},{\"@type\":\"WebPage\",\"@id\":\"https:\/\/luchonoticias.com\/editor\/abundancia-de-alimentos-y-precios-favorables-en-centros-mayoristas-pese-a-fenomeno-de-el-nino\/\",\"url\":\"https:\/\/luchonoticias.com\/editor\/abundancia-de-alimentos-y-precios-favorables-en-centros-mayoristas-pese-a-fenomeno-de-el-nino\/\",\"name\":\"Abundancia de alimentos y precios favorables en centros mayoristas pese a fen\u00f3meno de El Ni\u00f1o -\",\"isPartOf\":{\"@id\":\"https:\/\/luchonoticias.com\/editor\/#website\"},\"datePublished\":\"2024-02-03T17:09:55+00:00\",\"dateModified\":\"2024-02-03T17:09:56+00:00\",\"breadcrumb\":{\"@id\":\"https:\/\/luchonoticias.com\/editor\/abundancia-de-alimentos-y-precios-favorables-en-centros-mayoristas-pese-a-fenomeno-de-el-nino\/#breadcrumb\"},\"inLanguage\":\"es\",\"potentialAction\":[{\"@type\":\"ReadAction\",\"target\":[\"https:\/\/luchonoticias.com\/editor\/abundancia-de-alimentos-y-precios-favorables-en-centros-mayoristas-pese-a-fenomeno-de-el-nino\/\"]}]},{\"@type\":\"BreadcrumbList\",\"@id\":\"https:\/\/luchonoticias.com\/editor\/abundancia-de-alimentos-y-precios-favorables-en-centros-mayoristas-pese-a-fenomeno-de-el-nino\/#breadcrumb\",\"itemListElement\":[{\"@type\":\"ListItem\",\"position\":1,\"name\":\"Portada\",\"item\":\"https:\/\/luchonoticias.com\/editor\/\"},{\"@type\":\"ListItem\",\"position\":2,\"name\":\"Abundancia de alimentos y precios favorables en centros mayoristas pese a fen\u00f3meno de El Ni\u00f1o\"}]},{\"@type\":\"WebSite\",\"@id\":\"https:\/\/luchonoticias.com\/editor\/#website\",\"url\":\"https:\/\/luchonoticias.com\/editor\/\",\"name\":\"\",\"description\":\"\",\"publisher\":{\"@id\":\"https:\/\/luchonoticias.com\/editor\/#\/schema\/person\/7a7fd911f58561fd056dbac7b55af9cd\"},\"potentialAction\":[{\"@type\":\"SearchAction\",\"target\":{\"@type\":\"EntryPoint\",\"urlTemplate\":\"https:\/\/luchonoticias.com\/editor\/?s={search_term_string}\"},\"query-input\":{\"@type\":\"PropertyValueSpecification\",\"valueRequired\":true,\"valueName\":\"search_term_string\"}}],\"inLanguage\":\"es\"},{\"@type\":[\"Person\",\"Organization\"],\"@id\":\"https:\/\/luchonoticias.com\/editor\/#\/schema\/person\/7a7fd911f58561fd056dbac7b55af9cd\",\"name\":\"admin\",\"image\":{\"@type\":\"ImageObject\",\"inLanguage\":\"es\",\"@id\":\"https:\/\/luchonoticias.com\/editor\/#\/schema\/person\/image\/\",\"url\":\"https:\/\/luchonoticias.com\/editor\/wp-content\/uploads\/2024\/02\/cropped-cropped-logolu.webp\",\"contentUrl\":\"https:\/\/luchonoticias.com\/editor\/wp-content\/uploads\/2024\/02\/cropped-cropped-logolu.webp\",\"width\":382,\"height\":170,\"caption\":\"admin\"},\"logo\":{\"@id\":\"https:\/\/luchonoticias.com\/editor\/#\/schema\/person\/image\/\"},\"sameAs\":[\"https:\/\/www.facebook.com\/luchonoticiasneiva\"]},{\"@type\":\"Person\",\"@id\":\"https:\/\/luchonoticias.com\/editor\/#\/schema\/person\/29217990ddf6f14e35912b2866d591fb\",\"name\":\"Editor General\",\"image\":{\"@type\":\"ImageObject\",\"inLanguage\":\"es\",\"@id\":\"https:\/\/luchonoticias.com\/editor\/#\/schema\/person\/image\/\",\"url\":\"https:\/\/luchonoticias.com\/editor\/wp-content\/uploads\/2024\/02\/cropped-cropped-logolu-150x150.webp\",\"contentUrl\":\"https:\/\/luchonoticias.com\/editor\/wp-content\/uploads\/2024\/02\/cropped-cropped-logolu-150x150.webp\",\"caption\":\"Editor General\"},\"sameAs\":[\"https:\/\/luchonoticias.com\/\"],\"url\":\"https:\/\/luchonoticias.com\/editor\/author\/editor-general\/\"}]}<\/script>\n<!-- \/ Yoast SEO plugin. -->","yoast_head_json":{"title":"Abundancia de alimentos y precios favorables en centros mayoristas pese a fen\u00f3meno de El Ni\u00f1o -","robots":{"index":"index","follow":"follow","max-snippet":"max-snippet:-1","max-image-preview":"max-image-preview:large","max-video-preview":"max-video-preview:-1"},"canonical":"https:\/\/luchonoticias.com\/editor\/abundancia-de-alimentos-y-precios-favorables-en-centros-mayoristas-pese-a-fenomeno-de-el-nino\/","og_locale":"es_ES","og_type":"article","og_title":"Abundancia de alimentos y precios favorables en centros mayoristas pese a fen\u00f3meno de El Ni\u00f1o -","og_url":"https:\/\/luchonoticias.com\/editor\/abundancia-de-alimentos-y-precios-favorables-en-centros-mayoristas-pese-a-fenomeno-de-el-nino\/","article_publisher":"https:\/\/www.facebook.com\/luchonoticiasneiva","article_published_time":"2024-02-03T17:09:55+00:00","article_modified_time":"2024-02-03T17:09:56+00:00","author":"Editor General","twitter_card":"summary_large_image","twitter_misc":{"Escrito por":"Editor General","Tiempo de lectura":"3 minutos"},"schema":{"@context":"https:\/\/schema.org","@graph":[{"@type":"Article","@id":"https:\/\/luchonoticias.com\/editor\/abundancia-de-alimentos-y-precios-favorables-en-centros-mayoristas-pese-a-fenomeno-de-el-nino\/#article","isPartOf":{"@id":"https:\/\/luchonoticias.com\/editor\/abundancia-de-alimentos-y-precios-favorables-en-centros-mayoristas-pese-a-fenomeno-de-el-nino\/"},"author":{"name":"Editor General","@id":"https:\/\/luchonoticias.com\/editor\/#\/schema\/person\/29217990ddf6f14e35912b2866d591fb"},"headline":"Abundancia de alimentos y precios favorables en centros mayoristas pese a fen\u00f3meno de El Ni\u00f1o","datePublished":"2024-02-03T17:09:55+00:00","dateModified":"2024-02-03T17:09:56+00:00","mainEntityOfPage":{"@id":"https:\/\/luchonoticias.com\/editor\/abundancia-de-alimentos-y-precios-favorables-en-centros-mayoristas-pese-a-fenomeno-de-el-nino\/"},"wordCount":534,"commentCount":0,"publisher":{"@id":"https:\/\/luchonoticias.com\/editor\/#\/schema\/person\/7a7fd911f58561fd056dbac7b55af9cd"},"articleSection":["Destacado","Nacional"],"inLanguage":"es","potentialAction":[{"@type":"CommentAction","name":"Comment","target":["https:\/\/luchonoticias.com\/editor\/abundancia-de-alimentos-y-precios-favorables-en-centros-mayoristas-pese-a-fenomeno-de-el-nino\/#respond"]}]},{"@type":"WebPage","@id":"https:\/\/luchonoticias.com\/editor\/abundancia-de-alimentos-y-precios-favorables-en-centros-mayoristas-pese-a-fenomeno-de-el-nino\/","url":"https:\/\/luchonoticias.com\/editor\/abundancia-de-alimentos-y-precios-favorables-en-centros-mayoristas-pese-a-fenomeno-de-el-nino\/","name":"Abundancia de alimentos y precios favorables en centros mayoristas pese a fen\u00f3meno de El Ni\u00f1o -","isPartOf":{"@id":"https:\/\/luchonoticias.com\/editor\/#website"},"datePublished":"2024-02-03T17:09:55+00:00","dateModified":"2024-02-03T17:09:56+00:00","breadcrumb":{"@id":"https:\/\/luchonoticias.com\/editor\/abundancia-de-alimentos-y-precios-favorables-en-centros-mayoristas-pese-a-fenomeno-de-el-nino\/#breadcrumb"},"inLanguage":"es","potentialAction":[{"@type":"ReadAction","target":["https:\/\/luchonoticias.com\/editor\/abundancia-de-alimentos-y-precios-favorables-en-centros-mayoristas-pese-a-fenomeno-de-el-nino\/"]}]},{"@type":"BreadcrumbList","@id":"https:\/\/luchonoticias.com\/editor\/abundancia-de-alimentos-y-precios-favorables-en-centros-mayoristas-pese-a-fenomeno-de-el-nino\/#breadcrumb","itemListElement":[{"@type":"ListItem","position":1,"name":"Portada","item":"https:\/\/luchonoticias.com\/editor\/"},{"@type":"ListItem","position":2,"name":"Abundancia de alimentos y precios favorables en centros mayoristas pese a fen\u00f3meno de El Ni\u00f1o"}]},{"@type":"WebSite","@id":"https:\/\/luchonoticias.com\/editor\/#website","url":"https:\/\/luchonoticias.com\/editor\/","name":"","description":"","publisher":{"@id":"https:\/\/luchonoticias.com\/editor\/#\/schema\/person\/7a7fd911f58561fd056dbac7b55af9cd"},"potentialAction":[{"@type":"SearchAction","target":{"@type":"EntryPoint","urlTemplate":"https:\/\/luchonoticias.com\/editor\/?s={search_term_string}"},"query-input":{"@type":"PropertyValueSpecification","valueRequired":true,"valueName":"search_term_string"}}],"inLanguage":"es"},{"@type":["Person","Organization"],"@id":"https:\/\/luchonoticias.com\/editor\/#\/schema\/person\/7a7fd911f58561fd056dbac7b55af9cd","name":"admin","image":{"@type":"ImageObject","inLanguage":"es","@id":"https:\/\/luchonoticias.com\/editor\/#\/schema\/person\/image\/","url":"https:\/\/luchonoticias.com\/editor\/wp-content\/uploads\/2024\/02\/cropped-cropped-logolu.webp","contentUrl":"https:\/\/luchonoticias.com\/editor\/wp-content\/uploads\/2024\/02\/cropped-cropped-logolu.webp","width":382,"height":170,"caption":"admin"},"logo":{"@id":"https:\/\/luchonoticias.com\/editor\/#\/schema\/person\/image\/"},"sameAs":["https:\/\/www.facebook.com\/luchonoticiasneiva"]},{"@type":"Person","@id":"https:\/\/luchonoticias.com\/editor\/#\/schema\/person\/29217990ddf6f14e35912b2866d591fb","name":"Editor General","image":{"@type":"ImageObject","inLanguage":"es","@id":"https:\/\/luchonoticias.com\/editor\/#\/schema\/person\/image\/","url":"https:\/\/luchonoticias.com\/editor\/wp-content\/uploads\/2024\/02\/cropped-cropped-logolu-150x150.webp","contentUrl":"https:\/\/luchonoticias.com\/editor\/wp-content\/uploads\/2024\/02\/cropped-cropped-logolu-150x150.webp","caption":"Editor General"},"sameAs":["https:\/\/luchonoticias.com\/"],"url":"https:\/\/luchonoticias.com\/editor\/author\/editor-general\/"}]}},"_links":{"self":[{"href":"https:\/\/luchonoticias.com\/editor\/wp-json\/wp\/v2\/posts\/68040","targetHints":{"allow":["GET"]}}],"collection":[{"href":"https:\/\/luchonoticias.com\/editor\/wp-json\/wp\/v2\/posts"}],"about":[{"href":"https:\/\/luchonoticias.com\/editor\/wp-json\/wp\/v2\/types\/post"}],"author":[{"embeddable":true,"href":"https:\/\/luchonoticias.com\/editor\/wp-json\/wp\/v2\/users\/2"}],"replies":[{"embeddable":true,"href":"https:\/\/luchonoticias.com\/editor\/wp-json\/wp\/v2\/comments?post=68040"}],"version-history":[{"count":0,"href":"https:\/\/luchonoticias.com\/editor\/wp-json\/wp\/v2\/posts\/68040\/revisions"}],"wp:attachment":[{"href":"https:\/\/luchonoticias.com\/editor\/wp-json\/wp\/v2\/media?parent=68040"}],"wp:term":[{"taxonomy":"category","embeddable":true,"href":"https:\/\/luchonoticias.com\/editor\/wp-json\/wp\/v2\/categories?post=68040"},{"taxonomy":"post_tag","embeddable":true,"href":"https:\/\/luchonoticias.com\/editor\/wp-json\/wp\/v2\/tags?post=68040"}],"curies":[{"name":"wp","href":"https:\/\/api.w.org\/{rel}","templated":true}]}}