{"id":68043,"date":"2024-02-03T12:13:21","date_gmt":"2024-02-03T17:13:21","guid":{"rendered":"https:\/\/luchonoticias.com\/?p=68043"},"modified":"2024-02-03T12:13:22","modified_gmt":"2024-02-03T17:13:22","slug":"y-como-le-fue-a-la-comision-primera-del-senado-habla-su-presidente-german-blanco","status":"publish","type":"post","link":"https:\/\/luchonoticias.com\/editor\/y-como-le-fue-a-la-comision-primera-del-senado-habla-su-presidente-german-blanco\/","title":{"rendered":"\u00bfY c\u00f3mo le fue a la Comisi\u00f3n Primera del Senado?, habla su presidente Germ\u00e1n Blanco"},"content":{"rendered":"\n<p>Un total de 26 sesiones, una de ellas que orient\u00f3 la oposici\u00f3n, 10 audiencias p\u00fablicas y la aprobaci\u00f3n de diversos proyectos que se tramitaron con todas las garant\u00edas a las diversas bancadas, hacen parte del balance legislativo que entreg\u00f3 a&nbsp;<strong><em>Revista Senado<\/em>,&nbsp;<\/strong>el presidente&nbsp; la Comisi\u00f3n Primera del Senado, Germ\u00e1n Blanco, miembro del Partido Conservador.<\/p>\n\n\n\n<p><strong>REVISTA SENADO.&nbsp; \u00bfQu\u00e9 destaca de la Comisi\u00f3n Primera?<\/strong><\/p>\n\n\n\n<p><strong>GERM\u00c1N BLANCO<\/strong>&nbsp;Yo asum\u00ed la Presidencia en agosto y en estos cuatro meses de orientaci\u00f3n de la mesa directiva con el doctor Alejandro Vega, entregamos unos resultados importantes de un dinamismo muy especial.&nbsp; La Comisi\u00f3n Primera que por su caracter\u00edstica tiene un n\u00famero representativo de sesiones y este semestre llegamos a 25 ordinarias, realizadas con mucha disciplina, varios d\u00edas a la semana.<\/p>\n\n\n\n<p>Tambi\u00e9n hicimos una sesi\u00f3n de oposici\u00f3n promovida por uno de los partidos de oposici\u00f3n, 10 audiencias p\u00fablicas, que son sesiones extras, pero que congregan tambi\u00e9n la atenci\u00f3n de todos los Parlamentarios de la Comisi\u00f3n, que en total son 21 miembros y es multipartidista.<\/p>\n\n\n\n<p><strong>RS&nbsp; \u00bfCu\u00e1ntos y de qu\u00e9 tipo fueron los proyectos aprobados en esta Comisi\u00f3n durante el segundo semestre de este a\u00f1o?<\/strong><\/p>\n\n\n\n<p><strong>GB.<\/strong>&nbsp;Logramos tramitar y discutir, obviamente no todos son aprobados, pero logramos que dieciocho de ellos siguieran su tr\u00e1nsito hacia la Plenaria del Senado, algunos en tercer debate porque ya ven\u00edan de la C\u00e1mara de Representantes y otros que iniciaban su tr\u00e1mite en esta Comisi\u00f3n y despu\u00e9s tendr\u00e1n que ir a Plenaria de Senado y a la C\u00e1mara de Representantes.&nbsp;&nbsp; De los dieciocho, cuatro son actos legislativos, es decir que modifican la Constituci\u00f3n, porque esta comisi\u00f3n Constitucional, termina siendo de una muy marcada importancia en la medida en que ac\u00e1 es donde se realizan las reformas a la Constituci\u00f3n Pol\u00edtica.<\/p>\n\n\n\n<p>Los cuatro Proyectos de acto legislativo fueron, la aprobaci\u00f3n no un\u00e1nime si no mayoritaria de la comercializaci\u00f3n del cannabis para uso adulto en Colombia, un tema que generan tanta discusi\u00f3n en Colombia y que se present\u00f3 como por d\u00e9cima vez en el Congreso y que ir\u00e1 nuevamente a la Plenaria del senado de la Rep\u00fablica<\/p>\n\n\n\n<p>Este importante proyecto que ven\u00eda buscando la Fuerza P\u00fablica, es la aprobaci\u00f3n de la mesada 14, una mesada adicional para los miembros de la Fuerza P\u00fablica en honor a su condici\u00f3n y al servicio que prestan, el proyecto se aprob\u00f3 y sigui\u00f3 su tr\u00e1mite en la Plenaria del Senado.<\/p>\n\n\n\n<p>Buscamos tambi\u00e9n a trav\u00e9s de un acto legislativo la aprobaci\u00f3n del derecho fundamental a la alimentaci\u00f3n, una propuesta bien importante que se ejemplariza desde la Guajira, pero se generaliza en todo el pa\u00eds, que la alimentaci\u00f3n es un derecho fundamental y que el Estado lo pueda garantizar a trav\u00e9s de las pol\u00edticas p\u00fablicas y de los presupuestos.<\/p>\n\n\n\n<p>Este acto legislativo es una modificaci\u00f3n al Sistema General de Participaciones, para que los municipios, los departamentos y los distritos tengan una mayor autonom\u00eda.<\/p>\n\n\n\n<p><strong>RS \u00bfPresidente de esos catorce proyectos de ley, cu\u00e1les podr\u00eda decir que son los que tienen mayor importancia para el pa\u00eds?<\/strong><\/p>\n\n\n\n<p>&nbsp;<strong>GB.<\/strong>&nbsp;Voy a relacionar algunos que considero, todos son muy importantes, pero algunos tienen una trascendencia especial.<\/p>\n\n\n\n<p>Primero se eliminaron todos beneficios en el delito de&nbsp;<strong>feminicidio<\/strong>, ya est\u00e1 haciendo tr\u00e1nsito, para que los delitos de esas caracter\u00edsticas no tenga ning\u00fan subrogado penal, ni beneficio alguno en la ley. Quien es juzgado y se le demuestra que es feminicida no tendr\u00e1 beneficios.<\/p>\n\n\n\n<p>Segundo, se hacen unas modificaciones muy importantes a la Ley General de V\u00edctimas, dos proyectos pasan por ac\u00e1, uno que tiene que ver con una iniciativa de la Defensor\u00eda del Pueblo para que se genere un enfoque en Derechos Humanos a la ley general y se incluyan los militares como parte de las v\u00edctimas y se les haga el reconocimiento, toda vez que fueron parte del conflicto interno armado al momento de la firma de los acuerdos en Colombia, tambi\u00e9n en ese mismo proyecto se habla de las v\u00edctimas en el exterior, se crearon unas mesas especiales de v\u00edctimas, un proyecto muy completo que pas\u00f3 ac\u00e1 con una muy sana discusi\u00f3n que est\u00e1 en proceso para ser discutido en la Plenaria del Senado de la Rep\u00fablica.<\/p>\n\n\n\n<p>Tercero, el proyecto que han denominado \u201cMuerte digna asistida\u201d tambi\u00e9n es un proyecto que genera mucha discusi\u00f3n, tampoco fue aprobado un\u00e1nimemente, se aprob\u00f3 por mayor\u00eda y va a la Plenaria en donde tendr\u00e1 una muy alta discusi\u00f3n. Lo que hemos hecho desde la Mesa Directiva es garantizar el derecho que nos asiste a todos m\u00e1s all\u00e1 de que podamos votar positivo o negativo, que unos seamos como en mi caso Provida y otros tengan unas concepciones diferentes, se garantizan esos derechos ac\u00e1 en la votaci\u00f3n, por eso se ve reflejado que unas son un\u00e1nimes pero muchas otras son simplemente mayoritarias.<\/p>\n\n\n\n<p>El divorcio unilateral es otro proyecto que se acaba de aprobar, en una pareja solamente basta con la voluntad de uno de sus miembros para que se otorgue. No todos consideramos que se debe aprobar un proyecto de esos, pero se aprob\u00f3 por mayor\u00eda.<\/p>\n\n\n\n<p><strong>RS \u00bfCu\u00e1les m\u00e1s?<\/strong><\/p>\n\n\n\n<p><strong>GB.<\/strong>&nbsp;Aprobamos un proyecto muy importante en el que se va a beneficiar a los concejales de Colombia, se les incrementan los honorarios para dignificar su condici\u00f3n, para que est\u00e9n por lo menos a la altura de un salario m\u00ednimo mensual legal vigente en Colombia, porque los concejales de categor\u00edas inferiores: quinta, sexta, dif\u00edcilmente alcanzan un salario m\u00ednimo mensual.<\/p>\n\n\n\n<p>Los animales dom\u00e9sticos de compa\u00f1\u00eda se nos vuelven inembargables, lo que pareciera ser una utop\u00eda que un animal pudiera ser embargable, pero lo es y si son animales de compa\u00f1\u00eda, tambi\u00e9n, porque son bienes muebles. Entonces el proyecto que se aprueba ac\u00e1 en esta Comisi\u00f3n que va a Plenaria pues obviamente limita que puedan ser embargados los animales de compa\u00f1\u00eda.<\/p>\n\n\n\n<p>La Jurisdicci\u00f3n Agraria, bien importante tiene dos proyectos uno una Ley Estatutaria y otra una Ley Ordinaria. Se aprob\u00f3 la Ley Estatutaria, se crea una Jurisdicci\u00f3n Agraria en cumplimiento de los acuerdos de paz, para que existan Jueces y Magistrados en el territorio, en los temas de tierras. Y ahora el semestre entrante discutiremos la ley ordinaria.<\/p>\n\n\n\n<p>Violencia Vicaria es un t\u00e9rmino poco conocido, este proyecto tambi\u00e9n se aprob\u00f3, se refiere a la utilizaci\u00f3n que hacen los padres o la familia de los hijos para generar violencia hacia el otro padre, normalmente hacia la madre.<\/p>\n\n\n\n<p>La alimentaci\u00f3n en las c\u00e1rceles, hoy hay una congesti\u00f3n impresionante y no hay los dineros para alimentar la gran cantidad de retenidos que tienen sindicados y condenados. Entonces se le est\u00e1n entregando las facultades especiales a la USPEC, para que ellos inviertan unos dineros y puedan en unos meses estar desatrazando esa obligaci\u00f3n alimentaria mientras se concibe una soluci\u00f3n definitiva<\/p>\n\n\n\n<p>Fundamentalmente estos son los proyectos con los que cerramos el semestre.<\/p>\n\n\n\n<p><strong>RS \u00bfQu\u00e9 queda pendiente para el a\u00f1o 2024?<\/strong><\/p>\n\n\n\n<p><strong>GB<\/strong>&nbsp;Vamos a querer darle tr\u00e1mite a la ley ordinaria de Jurisdicci\u00f3n Agraria, que tiene mucha discusi\u00f3n y va a ser muy amplia. Y nos dedicaremos fundamentalmente a los proyectos de ley, pues los proyectos de acto legislativo no tendr\u00edan los tiempos en la legislatura para que pudieran ser aprobados en sus ocho debates. Es muy importante resaltar que muchos de los proyectos que acabo de mencionar son de iniciativa del Ejecutivo y muchos de iniciativa parlamentaria, hay una integraci\u00f3n muy importante de la funci\u00f3n que tiene el parlamentario de presentar proyectos y una muy importante tambi\u00e9n del Ejecutivo, abasteciendo una comisi\u00f3n como estas donde se estructura y se modifica el Estado.<\/p>\n","protected":false},"excerpt":{"rendered":"<p>Un total de 26 sesiones, una de ellas que orient\u00f3 la oposici\u00f3n, 10 audiencias p\u00fablicas y la aprobaci\u00f3n de diversos proyectos que se tramitaron con todas las garant\u00edas a las diversas bancadas, hacen parte del balance legislativo que entreg\u00f3 a&nbsp;Revista Senado,&nbsp;el presidente&nbsp; la Comisi\u00f3n Primera del Senado, Germ\u00e1n Blanco, miembro del Partido Conservador. REVISTA SENADO.&nbsp; [&hellip;]<\/p>\n","protected":false},"author":2,"featured_media":0,"comment_status":"open","ping_status":"open","sticky":false,"template":"","format":"standard","meta":{"footnotes":""},"categories":[36,617],"tags":[],"class_list":["post-68043","post","type-post","status-publish","format-standard","hentry","category-destacado","category-politica"],"yoast_head":"<!-- This site is optimized with the Yoast SEO plugin v26.6 - https:\/\/yoast.com\/wordpress\/plugins\/seo\/ -->\n<title>\u00bfY c\u00f3mo le fue a la Comisi\u00f3n Primera del Senado?, habla su presidente Germ\u00e1n Blanco -<\/title>\n<meta name=\"robots\" content=\"index, follow, max-snippet:-1, max-image-preview:large, max-video-preview:-1\" \/>\n<link rel=\"canonical\" href=\"https:\/\/luchonoticias.com\/editor\/y-como-le-fue-a-la-comision-primera-del-senado-habla-su-presidente-german-blanco\/\" \/>\n<meta property=\"og:locale\" content=\"es_ES\" \/>\n<meta property=\"og:type\" content=\"article\" \/>\n<meta property=\"og:title\" content=\"\u00bfY c\u00f3mo le fue a la Comisi\u00f3n Primera del Senado?, habla su presidente Germ\u00e1n Blanco -\" \/>\n<meta property=\"og:url\" content=\"https:\/\/luchonoticias.com\/editor\/y-como-le-fue-a-la-comision-primera-del-senado-habla-su-presidente-german-blanco\/\" \/>\n<meta property=\"article:publisher\" content=\"https:\/\/www.facebook.com\/luchonoticiasneiva\" \/>\n<meta property=\"article:published_time\" content=\"2024-02-03T17:13:21+00:00\" \/>\n<meta property=\"article:modified_time\" content=\"2024-02-03T17:13:22+00:00\" \/>\n<meta name=\"author\" content=\"Editor General\" \/>\n<meta name=\"twitter:card\" content=\"summary_large_image\" \/>\n<meta name=\"twitter:label1\" content=\"Escrito por\" \/>\n\t<meta name=\"twitter:data1\" content=\"Editor General\" \/>\n\t<meta name=\"twitter:label2\" content=\"Tiempo de lectura\" \/>\n\t<meta name=\"twitter:data2\" content=\"7 minutos\" \/>\n<script type=\"application\/ld+json\" class=\"yoast-schema-graph\">{\"@context\":\"https:\/\/schema.org\",\"@graph\":[{\"@type\":\"Article\",\"@id\":\"https:\/\/luchonoticias.com\/editor\/y-como-le-fue-a-la-comision-primera-del-senado-habla-su-presidente-german-blanco\/#article\",\"isPartOf\":{\"@id\":\"https:\/\/luchonoticias.com\/editor\/y-como-le-fue-a-la-comision-primera-del-senado-habla-su-presidente-german-blanco\/\"},\"author\":{\"name\":\"Editor General\",\"@id\":\"https:\/\/luchonoticias.com\/editor\/#\/schema\/person\/29217990ddf6f14e35912b2866d591fb\"},\"headline\":\"\u00bfY c\u00f3mo le fue a la Comisi\u00f3n Primera del Senado?, habla su presidente Germ\u00e1n Blanco\",\"datePublished\":\"2024-02-03T17:13:21+00:00\",\"dateModified\":\"2024-02-03T17:13:22+00:00\",\"mainEntityOfPage\":{\"@id\":\"https:\/\/luchonoticias.com\/editor\/y-como-le-fue-a-la-comision-primera-del-senado-habla-su-presidente-german-blanco\/\"},\"wordCount\":1377,\"commentCount\":0,\"publisher\":{\"@id\":\"https:\/\/luchonoticias.com\/editor\/#\/schema\/person\/7a7fd911f58561fd056dbac7b55af9cd\"},\"articleSection\":[\"Destacado\",\"Pol\u00edtica\"],\"inLanguage\":\"es\",\"potentialAction\":[{\"@type\":\"CommentAction\",\"name\":\"Comment\",\"target\":[\"https:\/\/luchonoticias.com\/editor\/y-como-le-fue-a-la-comision-primera-del-senado-habla-su-presidente-german-blanco\/#respond\"]}]},{\"@type\":\"WebPage\",\"@id\":\"https:\/\/luchonoticias.com\/editor\/y-como-le-fue-a-la-comision-primera-del-senado-habla-su-presidente-german-blanco\/\",\"url\":\"https:\/\/luchonoticias.com\/editor\/y-como-le-fue-a-la-comision-primera-del-senado-habla-su-presidente-german-blanco\/\",\"name\":\"\u00bfY c\u00f3mo le fue a la Comisi\u00f3n Primera del Senado?, habla su presidente Germ\u00e1n Blanco -\",\"isPartOf\":{\"@id\":\"https:\/\/luchonoticias.com\/editor\/#website\"},\"datePublished\":\"2024-02-03T17:13:21+00:00\",\"dateModified\":\"2024-02-03T17:13:22+00:00\",\"breadcrumb\":{\"@id\":\"https:\/\/luchonoticias.com\/editor\/y-como-le-fue-a-la-comision-primera-del-senado-habla-su-presidente-german-blanco\/#breadcrumb\"},\"inLanguage\":\"es\",\"potentialAction\":[{\"@type\":\"ReadAction\",\"target\":[\"https:\/\/luchonoticias.com\/editor\/y-como-le-fue-a-la-comision-primera-del-senado-habla-su-presidente-german-blanco\/\"]}]},{\"@type\":\"BreadcrumbList\",\"@id\":\"https:\/\/luchonoticias.com\/editor\/y-como-le-fue-a-la-comision-primera-del-senado-habla-su-presidente-german-blanco\/#breadcrumb\",\"itemListElement\":[{\"@type\":\"ListItem\",\"position\":1,\"name\":\"Portada\",\"item\":\"https:\/\/luchonoticias.com\/editor\/\"},{\"@type\":\"ListItem\",\"position\":2,\"name\":\"\u00bfY c\u00f3mo le fue a la Comisi\u00f3n Primera del Senado?, habla su presidente Germ\u00e1n Blanco\"}]},{\"@type\":\"WebSite\",\"@id\":\"https:\/\/luchonoticias.com\/editor\/#website\",\"url\":\"https:\/\/luchonoticias.com\/editor\/\",\"name\":\"\",\"description\":\"\",\"publisher\":{\"@id\":\"https:\/\/luchonoticias.com\/editor\/#\/schema\/person\/7a7fd911f58561fd056dbac7b55af9cd\"},\"potentialAction\":[{\"@type\":\"SearchAction\",\"target\":{\"@type\":\"EntryPoint\",\"urlTemplate\":\"https:\/\/luchonoticias.com\/editor\/?s={search_term_string}\"},\"query-input\":{\"@type\":\"PropertyValueSpecification\",\"valueRequired\":true,\"valueName\":\"search_term_string\"}}],\"inLanguage\":\"es\"},{\"@type\":[\"Person\",\"Organization\"],\"@id\":\"https:\/\/luchonoticias.com\/editor\/#\/schema\/person\/7a7fd911f58561fd056dbac7b55af9cd\",\"name\":\"admin\",\"image\":{\"@type\":\"ImageObject\",\"inLanguage\":\"es\",\"@id\":\"https:\/\/luchonoticias.com\/editor\/#\/schema\/person\/image\/\",\"url\":\"https:\/\/luchonoticias.com\/editor\/wp-content\/uploads\/2024\/02\/cropped-cropped-logolu.webp\",\"contentUrl\":\"https:\/\/luchonoticias.com\/editor\/wp-content\/uploads\/2024\/02\/cropped-cropped-logolu.webp\",\"width\":382,\"height\":170,\"caption\":\"admin\"},\"logo\":{\"@id\":\"https:\/\/luchonoticias.com\/editor\/#\/schema\/person\/image\/\"},\"sameAs\":[\"https:\/\/www.facebook.com\/luchonoticiasneiva\"]},{\"@type\":\"Person\",\"@id\":\"https:\/\/luchonoticias.com\/editor\/#\/schema\/person\/29217990ddf6f14e35912b2866d591fb\",\"name\":\"Editor General\",\"image\":{\"@type\":\"ImageObject\",\"inLanguage\":\"es\",\"@id\":\"https:\/\/luchonoticias.com\/editor\/#\/schema\/person\/image\/\",\"url\":\"https:\/\/luchonoticias.com\/editor\/wp-content\/uploads\/2024\/02\/cropped-cropped-logolu-150x150.webp\",\"contentUrl\":\"https:\/\/luchonoticias.com\/editor\/wp-content\/uploads\/2024\/02\/cropped-cropped-logolu-150x150.webp\",\"caption\":\"Editor General\"},\"sameAs\":[\"https:\/\/luchonoticias.com\/\"],\"url\":\"https:\/\/luchonoticias.com\/editor\/author\/editor-general\/\"}]}<\/script>\n<!-- \/ Yoast SEO plugin. -->","yoast_head_json":{"title":"\u00bfY c\u00f3mo le fue a la Comisi\u00f3n Primera del Senado?, habla su presidente Germ\u00e1n Blanco -","robots":{"index":"index","follow":"follow","max-snippet":"max-snippet:-1","max-image-preview":"max-image-preview:large","max-video-preview":"max-video-preview:-1"},"canonical":"https:\/\/luchonoticias.com\/editor\/y-como-le-fue-a-la-comision-primera-del-senado-habla-su-presidente-german-blanco\/","og_locale":"es_ES","og_type":"article","og_title":"\u00bfY c\u00f3mo le fue a la Comisi\u00f3n Primera del Senado?, habla su presidente Germ\u00e1n Blanco -","og_url":"https:\/\/luchonoticias.com\/editor\/y-como-le-fue-a-la-comision-primera-del-senado-habla-su-presidente-german-blanco\/","article_publisher":"https:\/\/www.facebook.com\/luchonoticiasneiva","article_published_time":"2024-02-03T17:13:21+00:00","article_modified_time":"2024-02-03T17:13:22+00:00","author":"Editor General","twitter_card":"summary_large_image","twitter_misc":{"Escrito por":"Editor General","Tiempo de lectura":"7 minutos"},"schema":{"@context":"https:\/\/schema.org","@graph":[{"@type":"Article","@id":"https:\/\/luchonoticias.com\/editor\/y-como-le-fue-a-la-comision-primera-del-senado-habla-su-presidente-german-blanco\/#article","isPartOf":{"@id":"https:\/\/luchonoticias.com\/editor\/y-como-le-fue-a-la-comision-primera-del-senado-habla-su-presidente-german-blanco\/"},"author":{"name":"Editor General","@id":"https:\/\/luchonoticias.com\/editor\/#\/schema\/person\/29217990ddf6f14e35912b2866d591fb"},"headline":"\u00bfY c\u00f3mo le fue a la Comisi\u00f3n Primera del Senado?, habla su presidente Germ\u00e1n Blanco","datePublished":"2024-02-03T17:13:21+00:00","dateModified":"2024-02-03T17:13:22+00:00","mainEntityOfPage":{"@id":"https:\/\/luchonoticias.com\/editor\/y-como-le-fue-a-la-comision-primera-del-senado-habla-su-presidente-german-blanco\/"},"wordCount":1377,"commentCount":0,"publisher":{"@id":"https:\/\/luchonoticias.com\/editor\/#\/schema\/person\/7a7fd911f58561fd056dbac7b55af9cd"},"articleSection":["Destacado","Pol\u00edtica"],"inLanguage":"es","potentialAction":[{"@type":"CommentAction","name":"Comment","target":["https:\/\/luchonoticias.com\/editor\/y-como-le-fue-a-la-comision-primera-del-senado-habla-su-presidente-german-blanco\/#respond"]}]},{"@type":"WebPage","@id":"https:\/\/luchonoticias.com\/editor\/y-como-le-fue-a-la-comision-primera-del-senado-habla-su-presidente-german-blanco\/","url":"https:\/\/luchonoticias.com\/editor\/y-como-le-fue-a-la-comision-primera-del-senado-habla-su-presidente-german-blanco\/","name":"\u00bfY c\u00f3mo le fue a la Comisi\u00f3n Primera del Senado?, habla su presidente Germ\u00e1n Blanco -","isPartOf":{"@id":"https:\/\/luchonoticias.com\/editor\/#website"},"datePublished":"2024-02-03T17:13:21+00:00","dateModified":"2024-02-03T17:13:22+00:00","breadcrumb":{"@id":"https:\/\/luchonoticias.com\/editor\/y-como-le-fue-a-la-comision-primera-del-senado-habla-su-presidente-german-blanco\/#breadcrumb"},"inLanguage":"es","potentialAction":[{"@type":"ReadAction","target":["https:\/\/luchonoticias.com\/editor\/y-como-le-fue-a-la-comision-primera-del-senado-habla-su-presidente-german-blanco\/"]}]},{"@type":"BreadcrumbList","@id":"https:\/\/luchonoticias.com\/editor\/y-como-le-fue-a-la-comision-primera-del-senado-habla-su-presidente-german-blanco\/#breadcrumb","itemListElement":[{"@type":"ListItem","position":1,"name":"Portada","item":"https:\/\/luchonoticias.com\/editor\/"},{"@type":"ListItem","position":2,"name":"\u00bfY c\u00f3mo le fue a la Comisi\u00f3n Primera del Senado?, habla su presidente Germ\u00e1n Blanco"}]},{"@type":"WebSite","@id":"https:\/\/luchonoticias.com\/editor\/#website","url":"https:\/\/luchonoticias.com\/editor\/","name":"","description":"","publisher":{"@id":"https:\/\/luchonoticias.com\/editor\/#\/schema\/person\/7a7fd911f58561fd056dbac7b55af9cd"},"potentialAction":[{"@type":"SearchAction","target":{"@type":"EntryPoint","urlTemplate":"https:\/\/luchonoticias.com\/editor\/?s={search_term_string}"},"query-input":{"@type":"PropertyValueSpecification","valueRequired":true,"valueName":"search_term_string"}}],"inLanguage":"es"},{"@type":["Person","Organization"],"@id":"https:\/\/luchonoticias.com\/editor\/#\/schema\/person\/7a7fd911f58561fd056dbac7b55af9cd","name":"admin","image":{"@type":"ImageObject","inLanguage":"es","@id":"https:\/\/luchonoticias.com\/editor\/#\/schema\/person\/image\/","url":"https:\/\/luchonoticias.com\/editor\/wp-content\/uploads\/2024\/02\/cropped-cropped-logolu.webp","contentUrl":"https:\/\/luchonoticias.com\/editor\/wp-content\/uploads\/2024\/02\/cropped-cropped-logolu.webp","width":382,"height":170,"caption":"admin"},"logo":{"@id":"https:\/\/luchonoticias.com\/editor\/#\/schema\/person\/image\/"},"sameAs":["https:\/\/www.facebook.com\/luchonoticiasneiva"]},{"@type":"Person","@id":"https:\/\/luchonoticias.com\/editor\/#\/schema\/person\/29217990ddf6f14e35912b2866d591fb","name":"Editor General","image":{"@type":"ImageObject","inLanguage":"es","@id":"https:\/\/luchonoticias.com\/editor\/#\/schema\/person\/image\/","url":"https:\/\/luchonoticias.com\/editor\/wp-content\/uploads\/2024\/02\/cropped-cropped-logolu-150x150.webp","contentUrl":"https:\/\/luchonoticias.com\/editor\/wp-content\/uploads\/2024\/02\/cropped-cropped-logolu-150x150.webp","caption":"Editor General"},"sameAs":["https:\/\/luchonoticias.com\/"],"url":"https:\/\/luchonoticias.com\/editor\/author\/editor-general\/"}]}},"_links":{"self":[{"href":"https:\/\/luchonoticias.com\/editor\/wp-json\/wp\/v2\/posts\/68043","targetHints":{"allow":["GET"]}}],"collection":[{"href":"https:\/\/luchonoticias.com\/editor\/wp-json\/wp\/v2\/posts"}],"about":[{"href":"https:\/\/luchonoticias.com\/editor\/wp-json\/wp\/v2\/types\/post"}],"author":[{"embeddable":true,"href":"https:\/\/luchonoticias.com\/editor\/wp-json\/wp\/v2\/users\/2"}],"replies":[{"embeddable":true,"href":"https:\/\/luchonoticias.com\/editor\/wp-json\/wp\/v2\/comments?post=68043"}],"version-history":[{"count":0,"href":"https:\/\/luchonoticias.com\/editor\/wp-json\/wp\/v2\/posts\/68043\/revisions"}],"wp:attachment":[{"href":"https:\/\/luchonoticias.com\/editor\/wp-json\/wp\/v2\/media?parent=68043"}],"wp:term":[{"taxonomy":"category","embeddable":true,"href":"https:\/\/luchonoticias.com\/editor\/wp-json\/wp\/v2\/categories?post=68043"},{"taxonomy":"post_tag","embeddable":true,"href":"https:\/\/luchonoticias.com\/editor\/wp-json\/wp\/v2\/tags?post=68043"}],"curies":[{"name":"wp","href":"https:\/\/api.w.org\/{rel}","templated":true}]}}