{"id":68046,"date":"2024-02-04T05:43:50","date_gmt":"2024-02-04T10:43:50","guid":{"rendered":"https:\/\/luchonoticias.com\/?p=68046"},"modified":"2024-02-04T05:47:19","modified_gmt":"2024-02-04T10:47:19","slug":"concejo-de-neiva-pide-mayor-seguridad-para-la-ciudad-a-la-policia-metropolitana","status":"publish","type":"post","link":"https:\/\/luchonoticias.com\/editor\/concejo-de-neiva-pide-mayor-seguridad-para-la-ciudad-a-la-policia-metropolitana\/","title":{"rendered":"Concejo de Neiva, pide mayor seguridad para la ciudad a la Polic\u00eda Metropolitana"},"content":{"rendered":"\n<p>Durante la sesi\u00f3n realizada por la Corporaci\u00f3n Concejo de Neiva, donde estuvo como invitado el coronel de la Polic\u00eda Metropolitana Alexander Castillo y el secretario de gobierno de la ciudad Jos\u00e9 Ferney Ducuara Castro, se brind\u00f3 un espacio importante para la comunidad especialmente para los ediles, presidentes de Juntas de Acci\u00f3n Comunal, quienes vienen mostrando importante preocupaci\u00f3n en temas de seguridad, convivencia ciudadana y por el poco control en algunos sectores identificados no solo en el casco urbano sino rural.<\/p>\n\n\n\n<p>Los concejales citantes, fueron enf\u00e1ticos en solicitarle informaci\u00f3n al coronel, sobre los operativos que se realizan en la ciudad y mayor atenci\u00f3n a sitios cr\u00edticos identificados en los barrios San Pedro, C\u00e1ndido, Santa In\u00e9s y algunos de la comuna ocho donde por el expendio de licores, al parecer se estar\u00eda distribuyendo alucin\u00f3genos sin control alguno, fomentando as\u00ed la delincuencia e intimidaci\u00f3n a la ciudadan\u00eda.<\/p>\n\n\n\n<figure class=\"wp-block-gallery has-nested-images columns-default is-cropped wp-block-gallery-1 is-layout-flex wp-block-gallery-is-layout-flex\">\n<figure class=\"wp-block-image size-large\"><img decoding=\"async\" data-id=\"68049\" src=\"https:\/\/luchonoticias.com\/wp-content\/uploads\/2024\/02\/WhatsApp-Image-2024-02-03-at-1.55.05-PM-2-1024x683.jpeg\" alt=\"\" class=\"wp-image-68049\"\/><\/figure>\n\n\n\n<figure class=\"wp-block-image size-large\"><img decoding=\"async\" data-id=\"68051\" src=\"https:\/\/luchonoticias.com\/wp-content\/uploads\/2024\/02\/WhatsApp-Image-2024-02-03-at-1.55.05-PM-1-1024x683.jpeg\" alt=\"\" class=\"wp-image-68051\"\/><\/figure>\n\n\n\n<figure class=\"wp-block-image size-large\"><img decoding=\"async\" data-id=\"68050\" src=\"https:\/\/luchonoticias.com\/wp-content\/uploads\/2024\/02\/WhatsApp-Image-2024-02-03-at-1.55.05-PM-1024x683.jpeg\" alt=\"\" class=\"wp-image-68050\"\/><\/figure>\n<\/figure>\n\n\n\n<p>El coronel de la Polic\u00eda Metropolitana concluy\u00f3, \u201cHemos recibido con mucha responsabilidad, las inquietudes, las preocupaciones, que este importante cabildo recoge de todos los habitantes de la ciudad de Neiva, lo que corresponde a la Polic\u00eda Nacional por supuesto es asumir con mucha responsabilidad todas esas preocupaciones para mejorar las condiciones de convivencia y seguridad ciudadana. Nuestro compromiso, nuestra responsabilidad con la administraci\u00f3n, con la comunidad, sin duda vamos a resolver y vamos a asumir mejores comportamientos que deriven en mejores condiciones de seguridad y convivencia ciudadana. Continuaremos todas las operaciones, todos los operativos de la polic\u00eda para el control y la prevenci\u00f3n policial de d\u00eda y de noche como lo han pedido los concejales para atender y afectar las econom\u00edas criminales para mejorar las condiciones de convivencia y en todo caso para ocupar de mejor manera todos los territorios que necesita la ciudad\u201d<\/p>\n\n\n\n<p>El concejal citante Juan Yamid Sanabria Triana, \u201d\u2026hay dos factores que hoy me parece,\u00a0 fueron grandes conclusiones, la primera; es que el principal logro de una pol\u00edtica p\u00fablica de seguridad y convivencia ciudadana, es la prevenci\u00f3n del delito y para eso creo que hay que ofrecer las herramientas suficientes para que la institucionalidad pueda aplicar esa falta de autoridad que hoy es necesaria con presencia policiva, en ciertas partes de Neiva y, segundo, que tenemos que tambi\u00e9n tener la capacidad que a trav\u00e9s del fondo de seguridad ciudadana ejecuten recursos para el tema social, solamente cuando prevenimos ese delito realmente y generamos nuevos esquemas en los nuevos ciudadanos que van creciendo y los que ya est\u00e1n, vamos a garantizar que eso no se nos vuelva un c\u00edrculo vicioso en el cual continuamente solamente sea un prop\u00f3sito a atender, cuando ya tenemos un problema sino que, hay que desde mucho tiempo antes atacar las causas reales de los problemas que hoy aquejan a los neivanos, creo que ese fue el principal logro del d\u00eda de hoy y que muy seguramente vamos a seguir atendiendo la llamada de muchos ciudadanos de todas las comunas de Neiva, porque no podemos permitir que la gente siga detr\u00e1s de las rejas de sus casas, mientras otras personas que delinquen hoy est\u00e1n en la calle y hacen de las suyas\u201d<\/p>\n\n\n\n<figure class=\"wp-block-gallery has-nested-images columns-default is-cropped wp-block-gallery-2 is-layout-flex wp-block-gallery-is-layout-flex\">\n<figure class=\"wp-block-image size-large\"><img decoding=\"async\" data-id=\"68053\" src=\"https:\/\/luchonoticias.com\/wp-content\/uploads\/2024\/02\/WhatsApp-Image-2024-02-03-at-1.55.04-PM-2-1024x683.jpeg\" alt=\"\" class=\"wp-image-68053\"\/><\/figure>\n\n\n\n<figure class=\"wp-block-image size-large\"><img decoding=\"async\" data-id=\"68052\" src=\"https:\/\/luchonoticias.com\/wp-content\/uploads\/2024\/02\/WhatsApp-Image-2024-02-03-at-1.55.03-PM-1-1024x683.jpeg\" alt=\"\" class=\"wp-image-68052\"\/><\/figure>\n\n\n\n<figure class=\"wp-block-image size-large\"><img decoding=\"async\" data-id=\"68054\" src=\"https:\/\/luchonoticias.com\/wp-content\/uploads\/2024\/02\/WhatsApp-Image-2024-02-03-at-1.55.03-PM-1024x683.jpeg\" alt=\"\" class=\"wp-image-68054\"\/><\/figure>\n<\/figure>\n\n\n\n<p>El concejal Miller Osorio Botello, como citante, tambi\u00e9n concluy\u00f3 que, \u201dconsidero que si se cumpli\u00f3 con el objetivo de esta invitaci\u00f3n, teniendo en cuenta que hubo un compromiso de ellos de convivencia, aqu\u00ed se maneja el tema de convivencia, m\u00e1s que coercitivo tiene que ser de convivencia, el comandante dijo que iba a manejar el tema de los cuadrantes, habl\u00f3 de la l\u00ednea directa en donde la comunidad pueda comunicarse con \u00e9l y por \u00faltimo pues tener ese compromiso de tener como esa organizaci\u00f3n entre la administraci\u00f3n municipal, la secretar\u00eda de gobierno y la Polic\u00eda Nacional, no es llevar a la gente a la c\u00e1rcel, es un tema de convivencia, que la comunidad tenga ese compromiso con la polic\u00eda y la polic\u00eda con la comunidad para poder tener una mejor armon\u00eda en cada barrio, en cada comuna, que la delincuencia se haga a un lado al ver que la comunidad est\u00e1 con la polic\u00eda\u201d<\/p>\n","protected":false},"excerpt":{"rendered":"<p>Durante la sesi\u00f3n realizada por la Corporaci\u00f3n Concejo de Neiva, donde estuvo como invitado el coronel de la Polic\u00eda Metropolitana Alexander Castillo y el secretario de gobierno de la ciudad Jos\u00e9 Ferney Ducuara Castro, se brind\u00f3 un espacio importante para la comunidad especialmente para los ediles, presidentes de Juntas de Acci\u00f3n Comunal, quienes vienen mostrando [&hellip;]<\/p>\n","protected":false},"author":2,"featured_media":0,"comment_status":"open","ping_status":"open","sticky":false,"template":"","format":"standard","meta":{"footnotes":""},"categories":[36,617],"tags":[],"class_list":["post-68046","post","type-post","status-publish","format-standard","hentry","category-destacado","category-politica"],"yoast_head":"<!-- This site is optimized with the Yoast SEO plugin v26.6 - https:\/\/yoast.com\/wordpress\/plugins\/seo\/ -->\n<title>Concejo de Neiva, pide mayor seguridad para la ciudad a la Polic\u00eda Metropolitana -<\/title>\n<meta name=\"robots\" content=\"index, follow, max-snippet:-1, max-image-preview:large, max-video-preview:-1\" \/>\n<link rel=\"canonical\" href=\"https:\/\/luchonoticias.com\/editor\/concejo-de-neiva-pide-mayor-seguridad-para-la-ciudad-a-la-policia-metropolitana\/\" \/>\n<meta property=\"og:locale\" content=\"es_ES\" \/>\n<meta property=\"og:type\" content=\"article\" \/>\n<meta property=\"og:title\" content=\"Concejo de Neiva, pide mayor seguridad para la ciudad a la Polic\u00eda Metropolitana -\" \/>\n<meta property=\"og:url\" content=\"https:\/\/luchonoticias.com\/editor\/concejo-de-neiva-pide-mayor-seguridad-para-la-ciudad-a-la-policia-metropolitana\/\" \/>\n<meta property=\"article:publisher\" content=\"https:\/\/www.facebook.com\/luchonoticiasneiva\" \/>\n<meta property=\"article:published_time\" content=\"2024-02-04T10:43:50+00:00\" \/>\n<meta property=\"article:modified_time\" content=\"2024-02-04T10:47:19+00:00\" \/>\n<meta property=\"og:image\" content=\"https:\/\/luchonoticias.com\/wp-content\/uploads\/2024\/02\/WhatsApp-Image-2024-02-03-at-1.55.05-PM-2-1024x683.jpeg\" \/>\n<meta name=\"author\" content=\"Editor General\" \/>\n<meta name=\"twitter:card\" content=\"summary_large_image\" \/>\n<meta name=\"twitter:label1\" content=\"Escrito por\" \/>\n\t<meta name=\"twitter:data1\" content=\"Editor General\" \/>\n\t<meta name=\"twitter:label2\" content=\"Tiempo de lectura\" \/>\n\t<meta name=\"twitter:data2\" content=\"4 minutos\" \/>\n<script type=\"application\/ld+json\" class=\"yoast-schema-graph\">{\"@context\":\"https:\/\/schema.org\",\"@graph\":[{\"@type\":\"Article\",\"@id\":\"https:\/\/luchonoticias.com\/editor\/concejo-de-neiva-pide-mayor-seguridad-para-la-ciudad-a-la-policia-metropolitana\/#article\",\"isPartOf\":{\"@id\":\"https:\/\/luchonoticias.com\/editor\/concejo-de-neiva-pide-mayor-seguridad-para-la-ciudad-a-la-policia-metropolitana\/\"},\"author\":{\"name\":\"Editor General\",\"@id\":\"https:\/\/luchonoticias.com\/editor\/#\/schema\/person\/29217990ddf6f14e35912b2866d591fb\"},\"headline\":\"Concejo de Neiva, pide mayor seguridad para la ciudad a la Polic\u00eda Metropolitana\",\"datePublished\":\"2024-02-04T10:43:50+00:00\",\"dateModified\":\"2024-02-04T10:47:19+00:00\",\"mainEntityOfPage\":{\"@id\":\"https:\/\/luchonoticias.com\/editor\/concejo-de-neiva-pide-mayor-seguridad-para-la-ciudad-a-la-policia-metropolitana\/\"},\"wordCount\":726,\"commentCount\":0,\"publisher\":{\"@id\":\"https:\/\/luchonoticias.com\/editor\/#\/schema\/person\/7a7fd911f58561fd056dbac7b55af9cd\"},\"image\":{\"@id\":\"https:\/\/luchonoticias.com\/editor\/concejo-de-neiva-pide-mayor-seguridad-para-la-ciudad-a-la-policia-metropolitana\/#primaryimage\"},\"thumbnailUrl\":\"https:\/\/luchonoticias.com\/wp-content\/uploads\/2024\/02\/WhatsApp-Image-2024-02-03-at-1.55.05-PM-2-1024x683.jpeg\",\"articleSection\":[\"Destacado\",\"Pol\u00edtica\"],\"inLanguage\":\"es\",\"potentialAction\":[{\"@type\":\"CommentAction\",\"name\":\"Comment\",\"target\":[\"https:\/\/luchonoticias.com\/editor\/concejo-de-neiva-pide-mayor-seguridad-para-la-ciudad-a-la-policia-metropolitana\/#respond\"]}]},{\"@type\":\"WebPage\",\"@id\":\"https:\/\/luchonoticias.com\/editor\/concejo-de-neiva-pide-mayor-seguridad-para-la-ciudad-a-la-policia-metropolitana\/\",\"url\":\"https:\/\/luchonoticias.com\/editor\/concejo-de-neiva-pide-mayor-seguridad-para-la-ciudad-a-la-policia-metropolitana\/\",\"name\":\"Concejo de Neiva, pide mayor seguridad para la ciudad a la Polic\u00eda Metropolitana -\",\"isPartOf\":{\"@id\":\"https:\/\/luchonoticias.com\/editor\/#website\"},\"primaryImageOfPage\":{\"@id\":\"https:\/\/luchonoticias.com\/editor\/concejo-de-neiva-pide-mayor-seguridad-para-la-ciudad-a-la-policia-metropolitana\/#primaryimage\"},\"image\":{\"@id\":\"https:\/\/luchonoticias.com\/editor\/concejo-de-neiva-pide-mayor-seguridad-para-la-ciudad-a-la-policia-metropolitana\/#primaryimage\"},\"thumbnailUrl\":\"https:\/\/luchonoticias.com\/wp-content\/uploads\/2024\/02\/WhatsApp-Image-2024-02-03-at-1.55.05-PM-2-1024x683.jpeg\",\"datePublished\":\"2024-02-04T10:43:50+00:00\",\"dateModified\":\"2024-02-04T10:47:19+00:00\",\"breadcrumb\":{\"@id\":\"https:\/\/luchonoticias.com\/editor\/concejo-de-neiva-pide-mayor-seguridad-para-la-ciudad-a-la-policia-metropolitana\/#breadcrumb\"},\"inLanguage\":\"es\",\"potentialAction\":[{\"@type\":\"ReadAction\",\"target\":[\"https:\/\/luchonoticias.com\/editor\/concejo-de-neiva-pide-mayor-seguridad-para-la-ciudad-a-la-policia-metropolitana\/\"]}]},{\"@type\":\"ImageObject\",\"inLanguage\":\"es\",\"@id\":\"https:\/\/luchonoticias.com\/editor\/concejo-de-neiva-pide-mayor-seguridad-para-la-ciudad-a-la-policia-metropolitana\/#primaryimage\",\"url\":\"https:\/\/luchonoticias.com\/wp-content\/uploads\/2024\/02\/WhatsApp-Image-2024-02-03-at-1.55.05-PM-2-1024x683.jpeg\",\"contentUrl\":\"https:\/\/luchonoticias.com\/wp-content\/uploads\/2024\/02\/WhatsApp-Image-2024-02-03-at-1.55.05-PM-2-1024x683.jpeg\"},{\"@type\":\"BreadcrumbList\",\"@id\":\"https:\/\/luchonoticias.com\/editor\/concejo-de-neiva-pide-mayor-seguridad-para-la-ciudad-a-la-policia-metropolitana\/#breadcrumb\",\"itemListElement\":[{\"@type\":\"ListItem\",\"position\":1,\"name\":\"Portada\",\"item\":\"https:\/\/luchonoticias.com\/editor\/\"},{\"@type\":\"ListItem\",\"position\":2,\"name\":\"Concejo de Neiva, pide mayor seguridad para la ciudad a la Polic\u00eda Metropolitana\"}]},{\"@type\":\"WebSite\",\"@id\":\"https:\/\/luchonoticias.com\/editor\/#website\",\"url\":\"https:\/\/luchonoticias.com\/editor\/\",\"name\":\"\",\"description\":\"\",\"publisher\":{\"@id\":\"https:\/\/luchonoticias.com\/editor\/#\/schema\/person\/7a7fd911f58561fd056dbac7b55af9cd\"},\"potentialAction\":[{\"@type\":\"SearchAction\",\"target\":{\"@type\":\"EntryPoint\",\"urlTemplate\":\"https:\/\/luchonoticias.com\/editor\/?s={search_term_string}\"},\"query-input\":{\"@type\":\"PropertyValueSpecification\",\"valueRequired\":true,\"valueName\":\"search_term_string\"}}],\"inLanguage\":\"es\"},{\"@type\":[\"Person\",\"Organization\"],\"@id\":\"https:\/\/luchonoticias.com\/editor\/#\/schema\/person\/7a7fd911f58561fd056dbac7b55af9cd\",\"name\":\"admin\",\"image\":{\"@type\":\"ImageObject\",\"inLanguage\":\"es\",\"@id\":\"https:\/\/luchonoticias.com\/editor\/#\/schema\/person\/image\/\",\"url\":\"https:\/\/luchonoticias.com\/editor\/wp-content\/uploads\/2024\/02\/cropped-cropped-logolu.webp\",\"contentUrl\":\"https:\/\/luchonoticias.com\/editor\/wp-content\/uploads\/2024\/02\/cropped-cropped-logolu.webp\",\"width\":382,\"height\":170,\"caption\":\"admin\"},\"logo\":{\"@id\":\"https:\/\/luchonoticias.com\/editor\/#\/schema\/person\/image\/\"},\"sameAs\":[\"https:\/\/www.facebook.com\/luchonoticiasneiva\"]},{\"@type\":\"Person\",\"@id\":\"https:\/\/luchonoticias.com\/editor\/#\/schema\/person\/29217990ddf6f14e35912b2866d591fb\",\"name\":\"Editor General\",\"image\":{\"@type\":\"ImageObject\",\"inLanguage\":\"es\",\"@id\":\"https:\/\/luchonoticias.com\/editor\/#\/schema\/person\/image\/\",\"url\":\"https:\/\/luchonoticias.com\/editor\/wp-content\/uploads\/2024\/02\/cropped-cropped-logolu-150x150.webp\",\"contentUrl\":\"https:\/\/luchonoticias.com\/editor\/wp-content\/uploads\/2024\/02\/cropped-cropped-logolu-150x150.webp\",\"caption\":\"Editor General\"},\"sameAs\":[\"https:\/\/luchonoticias.com\/\"],\"url\":\"https:\/\/luchonoticias.com\/editor\/author\/editor-general\/\"}]}<\/script>\n<!-- \/ Yoast SEO plugin. -->","yoast_head_json":{"title":"Concejo de Neiva, pide mayor seguridad para la ciudad a la Polic\u00eda Metropolitana -","robots":{"index":"index","follow":"follow","max-snippet":"max-snippet:-1","max-image-preview":"max-image-preview:large","max-video-preview":"max-video-preview:-1"},"canonical":"https:\/\/luchonoticias.com\/editor\/concejo-de-neiva-pide-mayor-seguridad-para-la-ciudad-a-la-policia-metropolitana\/","og_locale":"es_ES","og_type":"article","og_title":"Concejo de Neiva, pide mayor seguridad para la ciudad a la Polic\u00eda Metropolitana -","og_url":"https:\/\/luchonoticias.com\/editor\/concejo-de-neiva-pide-mayor-seguridad-para-la-ciudad-a-la-policia-metropolitana\/","article_publisher":"https:\/\/www.facebook.com\/luchonoticiasneiva","article_published_time":"2024-02-04T10:43:50+00:00","article_modified_time":"2024-02-04T10:47:19+00:00","og_image":[{"url":"https:\/\/luchonoticias.com\/wp-content\/uploads\/2024\/02\/WhatsApp-Image-2024-02-03-at-1.55.05-PM-2-1024x683.jpeg","type":"","width":"","height":""}],"author":"Editor General","twitter_card":"summary_large_image","twitter_misc":{"Escrito por":"Editor General","Tiempo de lectura":"4 minutos"},"schema":{"@context":"https:\/\/schema.org","@graph":[{"@type":"Article","@id":"https:\/\/luchonoticias.com\/editor\/concejo-de-neiva-pide-mayor-seguridad-para-la-ciudad-a-la-policia-metropolitana\/#article","isPartOf":{"@id":"https:\/\/luchonoticias.com\/editor\/concejo-de-neiva-pide-mayor-seguridad-para-la-ciudad-a-la-policia-metropolitana\/"},"author":{"name":"Editor General","@id":"https:\/\/luchonoticias.com\/editor\/#\/schema\/person\/29217990ddf6f14e35912b2866d591fb"},"headline":"Concejo de Neiva, pide mayor seguridad para la ciudad a la Polic\u00eda Metropolitana","datePublished":"2024-02-04T10:43:50+00:00","dateModified":"2024-02-04T10:47:19+00:00","mainEntityOfPage":{"@id":"https:\/\/luchonoticias.com\/editor\/concejo-de-neiva-pide-mayor-seguridad-para-la-ciudad-a-la-policia-metropolitana\/"},"wordCount":726,"commentCount":0,"publisher":{"@id":"https:\/\/luchonoticias.com\/editor\/#\/schema\/person\/7a7fd911f58561fd056dbac7b55af9cd"},"image":{"@id":"https:\/\/luchonoticias.com\/editor\/concejo-de-neiva-pide-mayor-seguridad-para-la-ciudad-a-la-policia-metropolitana\/#primaryimage"},"thumbnailUrl":"https:\/\/luchonoticias.com\/wp-content\/uploads\/2024\/02\/WhatsApp-Image-2024-02-03-at-1.55.05-PM-2-1024x683.jpeg","articleSection":["Destacado","Pol\u00edtica"],"inLanguage":"es","potentialAction":[{"@type":"CommentAction","name":"Comment","target":["https:\/\/luchonoticias.com\/editor\/concejo-de-neiva-pide-mayor-seguridad-para-la-ciudad-a-la-policia-metropolitana\/#respond"]}]},{"@type":"WebPage","@id":"https:\/\/luchonoticias.com\/editor\/concejo-de-neiva-pide-mayor-seguridad-para-la-ciudad-a-la-policia-metropolitana\/","url":"https:\/\/luchonoticias.com\/editor\/concejo-de-neiva-pide-mayor-seguridad-para-la-ciudad-a-la-policia-metropolitana\/","name":"Concejo de Neiva, pide mayor seguridad para la ciudad a la Polic\u00eda Metropolitana -","isPartOf":{"@id":"https:\/\/luchonoticias.com\/editor\/#website"},"primaryImageOfPage":{"@id":"https:\/\/luchonoticias.com\/editor\/concejo-de-neiva-pide-mayor-seguridad-para-la-ciudad-a-la-policia-metropolitana\/#primaryimage"},"image":{"@id":"https:\/\/luchonoticias.com\/editor\/concejo-de-neiva-pide-mayor-seguridad-para-la-ciudad-a-la-policia-metropolitana\/#primaryimage"},"thumbnailUrl":"https:\/\/luchonoticias.com\/wp-content\/uploads\/2024\/02\/WhatsApp-Image-2024-02-03-at-1.55.05-PM-2-1024x683.jpeg","datePublished":"2024-02-04T10:43:50+00:00","dateModified":"2024-02-04T10:47:19+00:00","breadcrumb":{"@id":"https:\/\/luchonoticias.com\/editor\/concejo-de-neiva-pide-mayor-seguridad-para-la-ciudad-a-la-policia-metropolitana\/#breadcrumb"},"inLanguage":"es","potentialAction":[{"@type":"ReadAction","target":["https:\/\/luchonoticias.com\/editor\/concejo-de-neiva-pide-mayor-seguridad-para-la-ciudad-a-la-policia-metropolitana\/"]}]},{"@type":"ImageObject","inLanguage":"es","@id":"https:\/\/luchonoticias.com\/editor\/concejo-de-neiva-pide-mayor-seguridad-para-la-ciudad-a-la-policia-metropolitana\/#primaryimage","url":"https:\/\/luchonoticias.com\/wp-content\/uploads\/2024\/02\/WhatsApp-Image-2024-02-03-at-1.55.05-PM-2-1024x683.jpeg","contentUrl":"https:\/\/luchonoticias.com\/wp-content\/uploads\/2024\/02\/WhatsApp-Image-2024-02-03-at-1.55.05-PM-2-1024x683.jpeg"},{"@type":"BreadcrumbList","@id":"https:\/\/luchonoticias.com\/editor\/concejo-de-neiva-pide-mayor-seguridad-para-la-ciudad-a-la-policia-metropolitana\/#breadcrumb","itemListElement":[{"@type":"ListItem","position":1,"name":"Portada","item":"https:\/\/luchonoticias.com\/editor\/"},{"@type":"ListItem","position":2,"name":"Concejo de Neiva, pide mayor seguridad para la ciudad a la Polic\u00eda Metropolitana"}]},{"@type":"WebSite","@id":"https:\/\/luchonoticias.com\/editor\/#website","url":"https:\/\/luchonoticias.com\/editor\/","name":"","description":"","publisher":{"@id":"https:\/\/luchonoticias.com\/editor\/#\/schema\/person\/7a7fd911f58561fd056dbac7b55af9cd"},"potentialAction":[{"@type":"SearchAction","target":{"@type":"EntryPoint","urlTemplate":"https:\/\/luchonoticias.com\/editor\/?s={search_term_string}"},"query-input":{"@type":"PropertyValueSpecification","valueRequired":true,"valueName":"search_term_string"}}],"inLanguage":"es"},{"@type":["Person","Organization"],"@id":"https:\/\/luchonoticias.com\/editor\/#\/schema\/person\/7a7fd911f58561fd056dbac7b55af9cd","name":"admin","image":{"@type":"ImageObject","inLanguage":"es","@id":"https:\/\/luchonoticias.com\/editor\/#\/schema\/person\/image\/","url":"https:\/\/luchonoticias.com\/editor\/wp-content\/uploads\/2024\/02\/cropped-cropped-logolu.webp","contentUrl":"https:\/\/luchonoticias.com\/editor\/wp-content\/uploads\/2024\/02\/cropped-cropped-logolu.webp","width":382,"height":170,"caption":"admin"},"logo":{"@id":"https:\/\/luchonoticias.com\/editor\/#\/schema\/person\/image\/"},"sameAs":["https:\/\/www.facebook.com\/luchonoticiasneiva"]},{"@type":"Person","@id":"https:\/\/luchonoticias.com\/editor\/#\/schema\/person\/29217990ddf6f14e35912b2866d591fb","name":"Editor General","image":{"@type":"ImageObject","inLanguage":"es","@id":"https:\/\/luchonoticias.com\/editor\/#\/schema\/person\/image\/","url":"https:\/\/luchonoticias.com\/editor\/wp-content\/uploads\/2024\/02\/cropped-cropped-logolu-150x150.webp","contentUrl":"https:\/\/luchonoticias.com\/editor\/wp-content\/uploads\/2024\/02\/cropped-cropped-logolu-150x150.webp","caption":"Editor General"},"sameAs":["https:\/\/luchonoticias.com\/"],"url":"https:\/\/luchonoticias.com\/editor\/author\/editor-general\/"}]}},"_links":{"self":[{"href":"https:\/\/luchonoticias.com\/editor\/wp-json\/wp\/v2\/posts\/68046","targetHints":{"allow":["GET"]}}],"collection":[{"href":"https:\/\/luchonoticias.com\/editor\/wp-json\/wp\/v2\/posts"}],"about":[{"href":"https:\/\/luchonoticias.com\/editor\/wp-json\/wp\/v2\/types\/post"}],"author":[{"embeddable":true,"href":"https:\/\/luchonoticias.com\/editor\/wp-json\/wp\/v2\/users\/2"}],"replies":[{"embeddable":true,"href":"https:\/\/luchonoticias.com\/editor\/wp-json\/wp\/v2\/comments?post=68046"}],"version-history":[{"count":0,"href":"https:\/\/luchonoticias.com\/editor\/wp-json\/wp\/v2\/posts\/68046\/revisions"}],"wp:attachment":[{"href":"https:\/\/luchonoticias.com\/editor\/wp-json\/wp\/v2\/media?parent=68046"}],"wp:term":[{"taxonomy":"category","embeddable":true,"href":"https:\/\/luchonoticias.com\/editor\/wp-json\/wp\/v2\/categories?post=68046"},{"taxonomy":"post_tag","embeddable":true,"href":"https:\/\/luchonoticias.com\/editor\/wp-json\/wp\/v2\/tags?post=68046"}],"curies":[{"name":"wp","href":"https:\/\/api.w.org\/{rel}","templated":true}]}}