{"id":68126,"date":"2024-02-05T07:33:58","date_gmt":"2024-02-05T12:33:58","guid":{"rendered":"https:\/\/luchonoticias.com\/?p=68126"},"modified":"2024-02-05T07:33:59","modified_gmt":"2024-02-05T12:33:59","slug":"finaliza-nueva-ronda-de-negociaciones-entre-el-gobierno-nacional-y-el-eln","status":"publish","type":"post","link":"https:\/\/luchonoticias.com\/editor\/finaliza-nueva-ronda-de-negociaciones-entre-el-gobierno-nacional-y-el-eln\/","title":{"rendered":"Finaliza nueva ronda de negociaciones entre el gobierno nacional y el ELN"},"content":{"rendered":"\n<p>Hasta hoy cinco de febrero se prolong\u00f3 el cese al fuego entre la guerrilla del ELN, y el gobierno nacional,\u00a0quien espera concretar una pr\u00f3rroga\u00a0en las\u00a0venideras\u00a0mesas de dialogo\u00a0en Cuba.\u00a0Desde el\u00a0Congreso,\u00a0legisladores\u00a0se pronuncian frente\u00a0a las negociaciones y esperan el fin del conflicto como lo expres\u00f3 el senador del\u00a0Partido\u00a0Pacto Hist\u00f3rico,\u00a0Iv\u00e1n\u00a0Cepeda, quien manifest\u00f3 lo siguiente: \u201cEsperamos que este sexto ciclo reafirme\u00a0la pr\u00f3rroga del cese al fuego, existen nuevas condiciones como la suspensi\u00f3n de la pr\u00e1ctica del secuestro por parte del ELN\u201d.<\/p>\n\n\n\n<p>Sin embargo, denuncias&nbsp;sobre el alto al fuego que llegan de diferentes&nbsp;regiones del pa\u00eds, son otro punto de discusi\u00f3n en la mesa.&nbsp;Desde otra posici\u00f3n, la senadora Paloma Valencia, del Partido Centro Democr\u00e1tico,&nbsp;sostuvo que exist\u00eda una sistem\u00e1tica violaci\u00f3n del cese al fuego por parte del ELN, que incluye asesinato, reclutamiento de menores, secuestro de muchos colombianos y la extensi\u00f3n territorial del conflicto.&nbsp;<\/p>\n\n\n\n<p>En un tono similar, el senador del Centro Democr\u00e1tico, Jos\u00e9 Vicente Carre\u00f1o, se\u00f1al\u00f3 que exist\u00edan mas de 100 acciones terroristas; entre ellas 35 secuestros y 43 homicidios que nublaban la buena voluntad del grupo armado \u201cson unos sinverg\u00fcenzas que todos los d\u00edas hacen sufrir a las familias colombianas\u201d finaliz\u00f3&nbsp;el congresista. Por su parte el senador Antonio Correa, del Partido de la U, se\u00f1al\u00f3 que la mesa, no significaba que el gobierno tuviera que salvaguardar a esta guerrilla de otros grupos ilegales, menos aun cuando se siguen cometiendo por parte de ellos, actos de ilegalidad.<\/p>\n\n\n\n<p>Seg\u00fan cifras entregadas por el centro de recursos para el an\u00e1lisis de conflictos, pasaron 118 d\u00edas sin que existiera un atentado por parte del ELN, cabe destacar que el cese al fuego que firmaron el tres de agosto de 2023, ha sido el mas largo en 30 a\u00f1os de negociaciones entre el gobierno y este grupo al margen de la ley.<\/p>\n","protected":false},"excerpt":{"rendered":"<p>Hasta hoy cinco de febrero se prolong\u00f3 el cese al fuego entre la guerrilla del ELN, y el gobierno nacional,\u00a0quien espera concretar una pr\u00f3rroga\u00a0en las\u00a0venideras\u00a0mesas de dialogo\u00a0en Cuba.\u00a0Desde el\u00a0Congreso,\u00a0legisladores\u00a0se pronuncian frente\u00a0a las negociaciones y esperan el fin del conflicto como lo expres\u00f3 el senador del\u00a0Partido\u00a0Pacto Hist\u00f3rico,\u00a0Iv\u00e1n\u00a0Cepeda, quien manifest\u00f3 lo siguiente: \u201cEsperamos que este sexto ciclo [&hellip;]<\/p>\n","protected":false},"author":2,"featured_media":0,"comment_status":"open","ping_status":"open","sticky":false,"template":"","format":"standard","meta":{"footnotes":""},"categories":[28,36],"tags":[],"class_list":["post-68126","post","type-post","status-publish","format-standard","hentry","category-actualidad","category-destacado"],"yoast_head":"<!-- This site is optimized with the Yoast SEO plugin v26.6 - https:\/\/yoast.com\/wordpress\/plugins\/seo\/ -->\n<title>Finaliza nueva ronda de negociaciones entre el gobierno nacional y el ELN -<\/title>\n<meta name=\"robots\" content=\"index, follow, max-snippet:-1, max-image-preview:large, max-video-preview:-1\" \/>\n<link rel=\"canonical\" href=\"https:\/\/luchonoticias.com\/editor\/finaliza-nueva-ronda-de-negociaciones-entre-el-gobierno-nacional-y-el-eln\/\" \/>\n<meta property=\"og:locale\" content=\"es_ES\" \/>\n<meta property=\"og:type\" content=\"article\" \/>\n<meta property=\"og:title\" content=\"Finaliza nueva ronda de negociaciones entre el gobierno nacional y el ELN -\" \/>\n<meta property=\"og:url\" content=\"https:\/\/luchonoticias.com\/editor\/finaliza-nueva-ronda-de-negociaciones-entre-el-gobierno-nacional-y-el-eln\/\" \/>\n<meta property=\"article:publisher\" content=\"https:\/\/www.facebook.com\/luchonoticiasneiva\" \/>\n<meta property=\"article:published_time\" content=\"2024-02-05T12:33:58+00:00\" \/>\n<meta property=\"article:modified_time\" content=\"2024-02-05T12:33:59+00:00\" \/>\n<meta name=\"author\" content=\"Editor General\" \/>\n<meta name=\"twitter:card\" content=\"summary_large_image\" \/>\n<meta name=\"twitter:label1\" content=\"Escrito por\" \/>\n\t<meta name=\"twitter:data1\" content=\"Editor General\" \/>\n\t<meta name=\"twitter:label2\" content=\"Tiempo de lectura\" \/>\n\t<meta name=\"twitter:data2\" content=\"2 minutos\" \/>\n<script type=\"application\/ld+json\" class=\"yoast-schema-graph\">{\"@context\":\"https:\/\/schema.org\",\"@graph\":[{\"@type\":\"Article\",\"@id\":\"https:\/\/luchonoticias.com\/editor\/finaliza-nueva-ronda-de-negociaciones-entre-el-gobierno-nacional-y-el-eln\/#article\",\"isPartOf\":{\"@id\":\"https:\/\/luchonoticias.com\/editor\/finaliza-nueva-ronda-de-negociaciones-entre-el-gobierno-nacional-y-el-eln\/\"},\"author\":{\"name\":\"Editor General\",\"@id\":\"https:\/\/luchonoticias.com\/editor\/#\/schema\/person\/29217990ddf6f14e35912b2866d591fb\"},\"headline\":\"Finaliza nueva ronda de negociaciones entre el gobierno nacional y el ELN\",\"datePublished\":\"2024-02-05T12:33:58+00:00\",\"dateModified\":\"2024-02-05T12:33:59+00:00\",\"mainEntityOfPage\":{\"@id\":\"https:\/\/luchonoticias.com\/editor\/finaliza-nueva-ronda-de-negociaciones-entre-el-gobierno-nacional-y-el-eln\/\"},\"wordCount\":348,\"commentCount\":0,\"publisher\":{\"@id\":\"https:\/\/luchonoticias.com\/editor\/#\/schema\/person\/7a7fd911f58561fd056dbac7b55af9cd\"},\"articleSection\":[\"Actualidad\",\"Destacado\"],\"inLanguage\":\"es\",\"potentialAction\":[{\"@type\":\"CommentAction\",\"name\":\"Comment\",\"target\":[\"https:\/\/luchonoticias.com\/editor\/finaliza-nueva-ronda-de-negociaciones-entre-el-gobierno-nacional-y-el-eln\/#respond\"]}]},{\"@type\":\"WebPage\",\"@id\":\"https:\/\/luchonoticias.com\/editor\/finaliza-nueva-ronda-de-negociaciones-entre-el-gobierno-nacional-y-el-eln\/\",\"url\":\"https:\/\/luchonoticias.com\/editor\/finaliza-nueva-ronda-de-negociaciones-entre-el-gobierno-nacional-y-el-eln\/\",\"name\":\"Finaliza nueva ronda de negociaciones entre el gobierno nacional y el ELN -\",\"isPartOf\":{\"@id\":\"https:\/\/luchonoticias.com\/editor\/#website\"},\"datePublished\":\"2024-02-05T12:33:58+00:00\",\"dateModified\":\"2024-02-05T12:33:59+00:00\",\"breadcrumb\":{\"@id\":\"https:\/\/luchonoticias.com\/editor\/finaliza-nueva-ronda-de-negociaciones-entre-el-gobierno-nacional-y-el-eln\/#breadcrumb\"},\"inLanguage\":\"es\",\"potentialAction\":[{\"@type\":\"ReadAction\",\"target\":[\"https:\/\/luchonoticias.com\/editor\/finaliza-nueva-ronda-de-negociaciones-entre-el-gobierno-nacional-y-el-eln\/\"]}]},{\"@type\":\"BreadcrumbList\",\"@id\":\"https:\/\/luchonoticias.com\/editor\/finaliza-nueva-ronda-de-negociaciones-entre-el-gobierno-nacional-y-el-eln\/#breadcrumb\",\"itemListElement\":[{\"@type\":\"ListItem\",\"position\":1,\"name\":\"Portada\",\"item\":\"https:\/\/luchonoticias.com\/editor\/\"},{\"@type\":\"ListItem\",\"position\":2,\"name\":\"Finaliza nueva ronda de negociaciones entre el gobierno nacional y el ELN\"}]},{\"@type\":\"WebSite\",\"@id\":\"https:\/\/luchonoticias.com\/editor\/#website\",\"url\":\"https:\/\/luchonoticias.com\/editor\/\",\"name\":\"\",\"description\":\"\",\"publisher\":{\"@id\":\"https:\/\/luchonoticias.com\/editor\/#\/schema\/person\/7a7fd911f58561fd056dbac7b55af9cd\"},\"potentialAction\":[{\"@type\":\"SearchAction\",\"target\":{\"@type\":\"EntryPoint\",\"urlTemplate\":\"https:\/\/luchonoticias.com\/editor\/?s={search_term_string}\"},\"query-input\":{\"@type\":\"PropertyValueSpecification\",\"valueRequired\":true,\"valueName\":\"search_term_string\"}}],\"inLanguage\":\"es\"},{\"@type\":[\"Person\",\"Organization\"],\"@id\":\"https:\/\/luchonoticias.com\/editor\/#\/schema\/person\/7a7fd911f58561fd056dbac7b55af9cd\",\"name\":\"admin\",\"image\":{\"@type\":\"ImageObject\",\"inLanguage\":\"es\",\"@id\":\"https:\/\/luchonoticias.com\/editor\/#\/schema\/person\/image\/\",\"url\":\"https:\/\/luchonoticias.com\/editor\/wp-content\/uploads\/2024\/02\/cropped-cropped-logolu.webp\",\"contentUrl\":\"https:\/\/luchonoticias.com\/editor\/wp-content\/uploads\/2024\/02\/cropped-cropped-logolu.webp\",\"width\":382,\"height\":170,\"caption\":\"admin\"},\"logo\":{\"@id\":\"https:\/\/luchonoticias.com\/editor\/#\/schema\/person\/image\/\"},\"sameAs\":[\"https:\/\/www.facebook.com\/luchonoticiasneiva\"]},{\"@type\":\"Person\",\"@id\":\"https:\/\/luchonoticias.com\/editor\/#\/schema\/person\/29217990ddf6f14e35912b2866d591fb\",\"name\":\"Editor General\",\"image\":{\"@type\":\"ImageObject\",\"inLanguage\":\"es\",\"@id\":\"https:\/\/luchonoticias.com\/editor\/#\/schema\/person\/image\/\",\"url\":\"https:\/\/luchonoticias.com\/editor\/wp-content\/uploads\/2024\/02\/cropped-cropped-logolu-150x150.webp\",\"contentUrl\":\"https:\/\/luchonoticias.com\/editor\/wp-content\/uploads\/2024\/02\/cropped-cropped-logolu-150x150.webp\",\"caption\":\"Editor General\"},\"sameAs\":[\"https:\/\/luchonoticias.com\/\"],\"url\":\"https:\/\/luchonoticias.com\/editor\/author\/editor-general\/\"}]}<\/script>\n<!-- \/ Yoast SEO plugin. -->","yoast_head_json":{"title":"Finaliza nueva ronda de negociaciones entre el gobierno nacional y el ELN -","robots":{"index":"index","follow":"follow","max-snippet":"max-snippet:-1","max-image-preview":"max-image-preview:large","max-video-preview":"max-video-preview:-1"},"canonical":"https:\/\/luchonoticias.com\/editor\/finaliza-nueva-ronda-de-negociaciones-entre-el-gobierno-nacional-y-el-eln\/","og_locale":"es_ES","og_type":"article","og_title":"Finaliza nueva ronda de negociaciones entre el gobierno nacional y el ELN -","og_url":"https:\/\/luchonoticias.com\/editor\/finaliza-nueva-ronda-de-negociaciones-entre-el-gobierno-nacional-y-el-eln\/","article_publisher":"https:\/\/www.facebook.com\/luchonoticiasneiva","article_published_time":"2024-02-05T12:33:58+00:00","article_modified_time":"2024-02-05T12:33:59+00:00","author":"Editor General","twitter_card":"summary_large_image","twitter_misc":{"Escrito por":"Editor General","Tiempo de lectura":"2 minutos"},"schema":{"@context":"https:\/\/schema.org","@graph":[{"@type":"Article","@id":"https:\/\/luchonoticias.com\/editor\/finaliza-nueva-ronda-de-negociaciones-entre-el-gobierno-nacional-y-el-eln\/#article","isPartOf":{"@id":"https:\/\/luchonoticias.com\/editor\/finaliza-nueva-ronda-de-negociaciones-entre-el-gobierno-nacional-y-el-eln\/"},"author":{"name":"Editor General","@id":"https:\/\/luchonoticias.com\/editor\/#\/schema\/person\/29217990ddf6f14e35912b2866d591fb"},"headline":"Finaliza nueva ronda de negociaciones entre el gobierno nacional y el ELN","datePublished":"2024-02-05T12:33:58+00:00","dateModified":"2024-02-05T12:33:59+00:00","mainEntityOfPage":{"@id":"https:\/\/luchonoticias.com\/editor\/finaliza-nueva-ronda-de-negociaciones-entre-el-gobierno-nacional-y-el-eln\/"},"wordCount":348,"commentCount":0,"publisher":{"@id":"https:\/\/luchonoticias.com\/editor\/#\/schema\/person\/7a7fd911f58561fd056dbac7b55af9cd"},"articleSection":["Actualidad","Destacado"],"inLanguage":"es","potentialAction":[{"@type":"CommentAction","name":"Comment","target":["https:\/\/luchonoticias.com\/editor\/finaliza-nueva-ronda-de-negociaciones-entre-el-gobierno-nacional-y-el-eln\/#respond"]}]},{"@type":"WebPage","@id":"https:\/\/luchonoticias.com\/editor\/finaliza-nueva-ronda-de-negociaciones-entre-el-gobierno-nacional-y-el-eln\/","url":"https:\/\/luchonoticias.com\/editor\/finaliza-nueva-ronda-de-negociaciones-entre-el-gobierno-nacional-y-el-eln\/","name":"Finaliza nueva ronda de negociaciones entre el gobierno nacional y el ELN -","isPartOf":{"@id":"https:\/\/luchonoticias.com\/editor\/#website"},"datePublished":"2024-02-05T12:33:58+00:00","dateModified":"2024-02-05T12:33:59+00:00","breadcrumb":{"@id":"https:\/\/luchonoticias.com\/editor\/finaliza-nueva-ronda-de-negociaciones-entre-el-gobierno-nacional-y-el-eln\/#breadcrumb"},"inLanguage":"es","potentialAction":[{"@type":"ReadAction","target":["https:\/\/luchonoticias.com\/editor\/finaliza-nueva-ronda-de-negociaciones-entre-el-gobierno-nacional-y-el-eln\/"]}]},{"@type":"BreadcrumbList","@id":"https:\/\/luchonoticias.com\/editor\/finaliza-nueva-ronda-de-negociaciones-entre-el-gobierno-nacional-y-el-eln\/#breadcrumb","itemListElement":[{"@type":"ListItem","position":1,"name":"Portada","item":"https:\/\/luchonoticias.com\/editor\/"},{"@type":"ListItem","position":2,"name":"Finaliza nueva ronda de negociaciones entre el gobierno nacional y el ELN"}]},{"@type":"WebSite","@id":"https:\/\/luchonoticias.com\/editor\/#website","url":"https:\/\/luchonoticias.com\/editor\/","name":"","description":"","publisher":{"@id":"https:\/\/luchonoticias.com\/editor\/#\/schema\/person\/7a7fd911f58561fd056dbac7b55af9cd"},"potentialAction":[{"@type":"SearchAction","target":{"@type":"EntryPoint","urlTemplate":"https:\/\/luchonoticias.com\/editor\/?s={search_term_string}"},"query-input":{"@type":"PropertyValueSpecification","valueRequired":true,"valueName":"search_term_string"}}],"inLanguage":"es"},{"@type":["Person","Organization"],"@id":"https:\/\/luchonoticias.com\/editor\/#\/schema\/person\/7a7fd911f58561fd056dbac7b55af9cd","name":"admin","image":{"@type":"ImageObject","inLanguage":"es","@id":"https:\/\/luchonoticias.com\/editor\/#\/schema\/person\/image\/","url":"https:\/\/luchonoticias.com\/editor\/wp-content\/uploads\/2024\/02\/cropped-cropped-logolu.webp","contentUrl":"https:\/\/luchonoticias.com\/editor\/wp-content\/uploads\/2024\/02\/cropped-cropped-logolu.webp","width":382,"height":170,"caption":"admin"},"logo":{"@id":"https:\/\/luchonoticias.com\/editor\/#\/schema\/person\/image\/"},"sameAs":["https:\/\/www.facebook.com\/luchonoticiasneiva"]},{"@type":"Person","@id":"https:\/\/luchonoticias.com\/editor\/#\/schema\/person\/29217990ddf6f14e35912b2866d591fb","name":"Editor General","image":{"@type":"ImageObject","inLanguage":"es","@id":"https:\/\/luchonoticias.com\/editor\/#\/schema\/person\/image\/","url":"https:\/\/luchonoticias.com\/editor\/wp-content\/uploads\/2024\/02\/cropped-cropped-logolu-150x150.webp","contentUrl":"https:\/\/luchonoticias.com\/editor\/wp-content\/uploads\/2024\/02\/cropped-cropped-logolu-150x150.webp","caption":"Editor General"},"sameAs":["https:\/\/luchonoticias.com\/"],"url":"https:\/\/luchonoticias.com\/editor\/author\/editor-general\/"}]}},"_links":{"self":[{"href":"https:\/\/luchonoticias.com\/editor\/wp-json\/wp\/v2\/posts\/68126","targetHints":{"allow":["GET"]}}],"collection":[{"href":"https:\/\/luchonoticias.com\/editor\/wp-json\/wp\/v2\/posts"}],"about":[{"href":"https:\/\/luchonoticias.com\/editor\/wp-json\/wp\/v2\/types\/post"}],"author":[{"embeddable":true,"href":"https:\/\/luchonoticias.com\/editor\/wp-json\/wp\/v2\/users\/2"}],"replies":[{"embeddable":true,"href":"https:\/\/luchonoticias.com\/editor\/wp-json\/wp\/v2\/comments?post=68126"}],"version-history":[{"count":0,"href":"https:\/\/luchonoticias.com\/editor\/wp-json\/wp\/v2\/posts\/68126\/revisions"}],"wp:attachment":[{"href":"https:\/\/luchonoticias.com\/editor\/wp-json\/wp\/v2\/media?parent=68126"}],"wp:term":[{"taxonomy":"category","embeddable":true,"href":"https:\/\/luchonoticias.com\/editor\/wp-json\/wp\/v2\/categories?post=68126"},{"taxonomy":"post_tag","embeddable":true,"href":"https:\/\/luchonoticias.com\/editor\/wp-json\/wp\/v2\/tags?post=68126"}],"curies":[{"name":"wp","href":"https:\/\/api.w.org\/{rel}","templated":true}]}}